{"id":91040,"date":"2022-11-22T08:46:51","date_gmt":"2022-11-22T11:46:51","guid":{"rendered":"https:\/\/www.gaveanews.com\/?p=91040"},"modified":"2024-04-07T08:40:40","modified_gmt":"2024-04-07T11:40:40","slug":"fabricio-bruno-supera-inicio-complicado-no-flamengo-e-consegue-dar-volta-por-cima","status":"publish","type":"post","link":"https:\/\/www.gaveanews.com\/index.php\/2022\/11\/22\/fabricio-bruno-supera-inicio-complicado-no-flamengo-e-consegue-dar-volta-por-cima\/","title":{"rendered":"Fabr\u00edcio Bruno supera in\u00edcio complicado no Flamengo e consegue dar volta por cima"},"content":{"rendered":"\n<p>Fabr\u00edcio Bruno chegou ao Flamengo em fevereiro deste ano ap\u00f3s se destacar pelo RB Bragantino ao lado de L\u00e9o Ortiz. A temporada do zagueiro teve altos e baixos, mas no fim acabou tendo um saldo positivo.<\/p>\n\n\n\n<p>Mesmo jogando ao lado de outros defensores experientes, Paulo Sousa decidiu coloc\u00e1-lo na Supercopa, primeiro compromisso decisivo do ano. A atua\u00e7\u00e3o n\u00e3o convenceu, tendo em vista que Fabr\u00edcio Bruno falhou no segundo gol do Atl\u00e9tico-MG e ainda desperdi\u00e7ou uma cobran\u00e7a durante as penalidades.<\/p>\n\n\n\n<p>Os equ\u00edvocos do zagueiro de 26 anos na final n\u00e3o foram suficientes para Paulo Sousa parar de escal\u00e1-lo como titular. O jogador continuou sendo escalado pelo portugu\u00eas e conseguiu desempenhar uma sequ\u00eancia de atua\u00e7\u00f5es positivas, mas infelizmente esta boa fase durou pouco.<\/p>\n\n\n\n<p>Em maio, sofreu uma les\u00e3o rara no ligamento do ded\u00e3o do p\u00e9 e precisou realizar uma cirurgia para retirada de um fragmento \u00f3sseo. Pela gravidade da contus\u00e3o, precisou ficar afastado do time por dois meses.<\/p>\n\n\n\n<p>O jogador retornou para os gramados em julho, no jogo entre Corinthians e Flamengo, em S\u00e3o Paulo. Quatro jogos depois, Dorival J\u00fanior decidiu coloc\u00e1-lo como zagueiro titular do Brasileir\u00e3o ao lado de Pablo.<\/p>\n\n\n\n<p>A dupla de zaga ganhou entrosamento e conseguiu desempenhar atua\u00e7\u00f5es seguras na reta final do Brasileir\u00e3o. Esta solidez defensiva foi um dos fatores que corroboraram para evolu\u00e7\u00e3o da equipe rubro-negra na reta final da competi\u00e7\u00e3o.<\/p>\n\n\n\n<p>Com Fabr\u00edcio Bruno titular, o Flamengo disputou 11 jogos neste Brasileir\u00e3o e obteve 9 vit\u00f3rias e apenas duas derrotas. Estes n\u00fameros comprovam uma sequ\u00eancia positiva do defensor depois da les\u00e3o.<\/p>\n\n\n\n<h2 class=\"wp-block-heading\" id=\"h-jogos-do-flamengo-no-brasileirao-com-fabricio-bruno-como-titular\">Jogos do Flamengo no Brasileir\u00e3o com Fabr\u00edcio Bruno como titular<\/h2>\n\n\n\n<ul class=\"wp-block-list\">\n<li>Corinthians 1 x 0 Flamengo<\/li>\n\n\n\n<li>Ava\u00ed 1 x 2 Flamengo<\/li>\n\n\n\n<li>\u200bFlamengo 4 x 1 Atl\u00e9tico-GO<\/li>\n\n\n\n<li>\u200bS\u00e3o Paulo 0 x 2 Flamengo<\/li>\n\n\n\n<li>\u200bFlamengo 5 x 0 Athletico-PR<\/li>\n\n\n\n<li>\u200bBotafogo 0 x 1 Flamengo<\/li>\n\n\n\n<li>\u200bFlamengo 4 x 1 RB Bragantino<\/li>\n\n\n\n<li>\u200bCuiab\u00e1 1 x 2 Flamengo<\/li>\n\n\n\n<li>Flamengo 1 x 0 Atl\u00e9tico-MG<\/li>\n\n\n\n<li>Am\u00e9rica-MG 1 x 2 Flamengo<\/li>\n\n\n\n<li>Flamengo 1 x 2 Corinthians<\/li>\n<\/ul>\n\n\n\n<p>Fabr\u00edcio Bruno nunca escondeu ser rubro-negro e tem contrato no clube at\u00e9 dezembro de 2025. Pelo Flamengo, o zagueiro conquistou os t\u00edtulos da Copa do Brasil e Libertadores neste ano. Em virtude das boas atua\u00e7\u00f5es desempenhadas nesta reta final de ano, a tend\u00eancia \u00e9 que continue sendo utilizado por Dorival na pr\u00f3xima temporada.<\/p>\n\n\n\n<p>Retirado de: Lance<\/p>\n","protected":false},"excerpt":{"rendered":"<p>Fabr\u00edcio Bruno chegou ao Flamengo em fevereiro deste ano ap\u00f3s se destacar pelo RB Bragantino ao lado de L\u00e9o Ortiz. A temporada do zagueiro teve altos e baixos, mas no fim acabou tendo um saldo positivo. Mesmo jogando ao lado de outros defensores experientes, Paulo Sousa decidiu coloc\u00e1-lo na Supercopa, primeiro compromisso decisivo do ano. [&hellip;]<\/p>\n","protected":false},"author":1,"featured_media":76698,"comment_status":"open","ping_status":"closed","sticky":false,"template":"","format":"standard","meta":{"footnotes":""},"categories":[1],"tags":[186],"class_list":["post-91040","post","type-post","status-publish","format-standard","has-post-thumbnail","hentry","category-flamengo","tag-fabricio-bruno-soares-de-faria"],"yoast_head":"<!-- This site is optimized with the Yoast SEO Premium plugin v24.2 (Yoast SEO v26.9) - https:\/\/yoast.com\/product\/yoast-seo-premium-wordpress\/ -->\n<title>Fabr\u00edcio Bruno supera in\u00edcio complicado no Flamengo e consegue dar volta por cima<\/title>\n<meta name=\"robots\" content=\"index, follow, max-snippet:-1, max-image-preview:large, max-video-preview:-1\" \/>\n<link rel=\"canonical\" href=\"https:\/\/www.gaveanews.com\/index.php\/2022\/11\/22\/fabricio-bruno-supera-inicio-complicado-no-flamengo-e-consegue-dar-volta-por-cima\/\" \/>\n<meta property=\"og:locale\" content=\"pt_BR\" \/>\n<meta property=\"og:type\" content=\"article\" \/>\n<meta property=\"og:title\" content=\"Fabr\u00edcio Bruno supera in\u00edcio complicado no Flamengo e consegue dar volta por cima\" \/>\n<meta property=\"og:description\" content=\"Fabr\u00edcio Bruno chegou ao Flamengo em fevereiro deste ano ap\u00f3s se destacar pelo RB Bragantino ao lado de L\u00e9o Ortiz. A temporada do zagueiro teve altos e baixos, mas no fim acabou tendo um saldo positivo. Mesmo jogando ao lado de outros defensores experientes, Paulo Sousa decidiu coloc\u00e1-lo na Supercopa, primeiro compromisso decisivo do ano. [&hellip;]\" \/>\n<meta property=\"og:url\" content=\"https:\/\/www.gaveanews.com\/index.php\/2022\/11\/22\/fabricio-bruno-supera-inicio-complicado-no-flamengo-e-consegue-dar-volta-por-cima\/\" \/>\n<meta property=\"og:site_name\" content=\"G\u00e1vea News\" \/>\n<meta property=\"article:publisher\" content=\"https:\/\/facebook.com\/gaveaNews\/\" \/>\n<meta property=\"article:published_time\" content=\"2022-11-22T11:46:51+00:00\" \/>\n<meta property=\"article:modified_time\" content=\"2024-04-07T11:40:40+00:00\" \/>\n<meta property=\"og:image\" content=\"https:\/\/www.gaveanews.com\/wp-content\/uploads\/Fabricio-Bruno-estreia-pelo-Flamengo-em-partida-contra-o-Nova-Iguacu.webp\" \/>\n\t<meta property=\"og:image:width\" content=\"799\" \/>\n\t<meta property=\"og:image:height\" content=\"533\" \/>\n\t<meta property=\"og:image:type\" content=\"image\/jpeg\" \/>\n<meta name=\"author\" content=\"Equipe G\u00e1vea News\" \/>\n<meta name=\"twitter:card\" content=\"summary_large_image\" \/>\n<meta name=\"twitter:label1\" content=\"Escrito por\" \/>\n\t<meta name=\"twitter:data1\" content=\"Equipe G\u00e1vea News\" \/>\n\t<meta name=\"twitter:label2\" content=\"Est. tempo de leitura\" \/>\n\t<meta name=\"twitter:data2\" content=\"3 minutos\" \/>\n<script type=\"application\/ld+json\" class=\"yoast-schema-graph\">{\"@context\":\"https:\/\/schema.org\",\"@graph\":[{\"@type\":\"NewsArticle\",\"@id\":\"https:\/\/www.gaveanews.com\/index.php\/2022\/11\/22\/fabricio-bruno-supera-inicio-complicado-no-flamengo-e-consegue-dar-volta-por-cima\/#article\",\"isPartOf\":{\"@id\":\"https:\/\/www.gaveanews.com\/index.php\/2022\/11\/22\/fabricio-bruno-supera-inicio-complicado-no-flamengo-e-consegue-dar-volta-por-cima\/\"},\"author\":{\"name\":\"Equipe G\u00e1vea News\",\"@id\":\"https:\/\/www.gaveanews.com\/#\/schema\/person\/2ec14f73fb96be2caf28f91afb14749d\"},\"headline\":\"Fabr\u00edcio Bruno supera in\u00edcio complicado no Flamengo e consegue dar volta por cima\",\"datePublished\":\"2022-11-22T11:46:51+00:00\",\"dateModified\":\"2024-04-07T11:40:40+00:00\",\"mainEntityOfPage\":{\"@id\":\"https:\/\/www.gaveanews.com\/index.php\/2022\/11\/22\/fabricio-bruno-supera-inicio-complicado-no-flamengo-e-consegue-dar-volta-por-cima\/\"},\"wordCount\":409,\"commentCount\":0,\"image\":{\"@id\":\"https:\/\/www.gaveanews.com\/index.php\/2022\/11\/22\/fabricio-bruno-supera-inicio-complicado-no-flamengo-e-consegue-dar-volta-por-cima\/#primaryimage\"},\"thumbnailUrl\":\"https:\/\/www.gaveanews.com\/wp-content\/uploads\/Fabricio-Bruno-estreia-pelo-Flamengo-em-partida-contra-o-Nova-Iguacu.webp\",\"keywords\":[\"Fabr\u00edcio Bruno Soares de Faria\"],\"articleSection\":[\"Flamengo\"],\"inLanguage\":\"pt-BR\",\"potentialAction\":[{\"@type\":\"CommentAction\",\"name\":\"Comment\",\"target\":[\"https:\/\/www.gaveanews.com\/index.php\/2022\/11\/22\/fabricio-bruno-supera-inicio-complicado-no-flamengo-e-consegue-dar-volta-por-cima\/#respond\"]}],\"copyrightYear\":\"2022\",\"copyrightHolder\":{\"@id\":\"https:\/\/www.gaveanews.com\/#organization\"}},{\"@type\":\"WebPage\",\"@id\":\"https:\/\/www.gaveanews.com\/index.php\/2022\/11\/22\/fabricio-bruno-supera-inicio-complicado-no-flamengo-e-consegue-dar-volta-por-cima\/\",\"url\":\"https:\/\/www.gaveanews.com\/index.php\/2022\/11\/22\/fabricio-bruno-supera-inicio-complicado-no-flamengo-e-consegue-dar-volta-por-cima\/\",\"name\":\"Fabr\u00edcio Bruno supera in\u00edcio complicado no Flamengo e consegue dar volta por cima\",\"isPartOf\":{\"@id\":\"https:\/\/www.gaveanews.com\/#website\"},\"primaryImageOfPage\":{\"@id\":\"https:\/\/www.gaveanews.com\/index.php\/2022\/11\/22\/fabricio-bruno-supera-inicio-complicado-no-flamengo-e-consegue-dar-volta-por-cima\/#primaryimage\"},\"image\":{\"@id\":\"https:\/\/www.gaveanews.com\/index.php\/2022\/11\/22\/fabricio-bruno-supera-inicio-complicado-no-flamengo-e-consegue-dar-volta-por-cima\/#primaryimage\"},\"thumbnailUrl\":\"https:\/\/www.gaveanews.com\/wp-content\/uploads\/Fabricio-Bruno-estreia-pelo-Flamengo-em-partida-contra-o-Nova-Iguacu.webp\",\"datePublished\":\"2022-11-22T11:46:51+00:00\",\"dateModified\":\"2024-04-07T11:40:40+00:00\",\"author\":{\"@id\":\"https:\/\/www.gaveanews.com\/#\/schema\/person\/2ec14f73fb96be2caf28f91afb14749d\"},\"breadcrumb\":{\"@id\":\"https:\/\/www.gaveanews.com\/index.php\/2022\/11\/22\/fabricio-bruno-supera-inicio-complicado-no-flamengo-e-consegue-dar-volta-por-cima\/#breadcrumb\"},\"inLanguage\":\"pt-BR\",\"potentialAction\":[{\"@type\":\"ReadAction\",\"target\":[\"https:\/\/www.gaveanews.com\/index.php\/2022\/11\/22\/fabricio-bruno-supera-inicio-complicado-no-flamengo-e-consegue-dar-volta-por-cima\/\"]}]},{\"@type\":\"ImageObject\",\"inLanguage\":\"pt-BR\",\"@id\":\"https:\/\/www.gaveanews.com\/index.php\/2022\/11\/22\/fabricio-bruno-supera-inicio-complicado-no-flamengo-e-consegue-dar-volta-por-cima\/#primaryimage\",\"url\":\"https:\/\/www.gaveanews.com\/wp-content\/uploads\/Fabricio-Bruno-estreia-pelo-Flamengo-em-partida-contra-o-Nova-Iguacu.webp\",\"contentUrl\":\"https:\/\/www.gaveanews.com\/wp-content\/uploads\/Fabricio-Bruno-estreia-pelo-Flamengo-em-partida-contra-o-Nova-Iguacu.webp\",\"width\":799,\"height\":533,\"caption\":\"Fabr\u00edcio Bruno estreia pelo Flamengo em partida contra o Nova Igua\u00e7u (Foto: Marcelo Cortes\/Flamengo)\"},{\"@type\":\"BreadcrumbList\",\"@id\":\"https:\/\/www.gaveanews.com\/index.php\/2022\/11\/22\/fabricio-bruno-supera-inicio-complicado-no-flamengo-e-consegue-dar-volta-por-cima\/#breadcrumb\",\"itemListElement\":[{\"@type\":\"ListItem\",\"position\":1,\"name\":\"Home\",\"item\":\"https:\/\/www.gaveanews.com\/\"},{\"@type\":\"ListItem\",\"position\":2,\"name\":\"Fabr\u00edcio Bruno supera in\u00edcio complicado no Flamengo e consegue dar volta por cima\"}]},{\"@type\":\"WebSite\",\"@id\":\"https:\/\/www.gaveanews.com\/#website\",\"url\":\"https:\/\/www.gaveanews.com\/\",\"name\":\"G\u00e1vea News\",\"description\":\"Veja todas as not\u00edcias sobre o Flamengo: Contrata\u00e7\u00f5es, categorias de base, resultados das partidas, tabela de classifica\u00e7\u00e3o, pr\u00f3ximos jogos!\",\"potentialAction\":[{\"@type\":\"SearchAction\",\"target\":{\"@type\":\"EntryPoint\",\"urlTemplate\":\"https:\/\/www.gaveanews.com\/?s={search_term_string}\"},\"query-input\":{\"@type\":\"PropertyValueSpecification\",\"valueRequired\":true,\"valueName\":\"search_term_string\"}}],\"inLanguage\":\"pt-BR\"},{\"@type\":\"Person\",\"@id\":\"https:\/\/www.gaveanews.com\/#\/schema\/person\/2ec14f73fb96be2caf28f91afb14749d\",\"name\":\"Equipe G\u00e1vea News\",\"image\":{\"@type\":\"ImageObject\",\"inLanguage\":\"pt-BR\",\"@id\":\"https:\/\/www.gaveanews.com\/#\/schema\/person\/image\/\",\"url\":\"https:\/\/secure.gravatar.com\/avatar\/1e1956f1facbffd3f8fa53a326721950116b3b9dc9bd44939c01180fd4a745a9?s=96&d=mm&r=g\",\"contentUrl\":\"https:\/\/secure.gravatar.com\/avatar\/1e1956f1facbffd3f8fa53a326721950116b3b9dc9bd44939c01180fd4a745a9?s=96&d=mm&r=g\",\"caption\":\"Equipe G\u00e1vea News\"}}]}<\/script>\n<!-- \/ Yoast SEO Premium plugin. -->","yoast_head_json":{"title":"Fabr\u00edcio Bruno supera in\u00edcio complicado no Flamengo e consegue dar volta por cima","robots":{"index":"index","follow":"follow","max-snippet":"max-snippet:-1","max-image-preview":"max-image-preview:large","max-video-preview":"max-video-preview:-1"},"canonical":"https:\/\/www.gaveanews.com\/index.php\/2022\/11\/22\/fabricio-bruno-supera-inicio-complicado-no-flamengo-e-consegue-dar-volta-por-cima\/","og_locale":"pt_BR","og_type":"article","og_title":"Fabr\u00edcio Bruno supera in\u00edcio complicado no Flamengo e consegue dar volta por cima","og_description":"Fabr\u00edcio Bruno chegou ao Flamengo em fevereiro deste ano ap\u00f3s se destacar pelo RB Bragantino ao lado de L\u00e9o Ortiz. A temporada do zagueiro teve altos e baixos, mas no fim acabou tendo um saldo positivo. Mesmo jogando ao lado de outros defensores experientes, Paulo Sousa decidiu coloc\u00e1-lo na Supercopa, primeiro compromisso decisivo do ano. [&hellip;]","og_url":"https:\/\/www.gaveanews.com\/index.php\/2022\/11\/22\/fabricio-bruno-supera-inicio-complicado-no-flamengo-e-consegue-dar-volta-por-cima\/","og_site_name":"G\u00e1vea News","article_publisher":"https:\/\/facebook.com\/gaveaNews\/","article_published_time":"2022-11-22T11:46:51+00:00","article_modified_time":"2024-04-07T11:40:40+00:00","og_image":[{"width":799,"height":533,"url":"https:\/\/www.gaveanews.com\/wp-content\/uploads\/Fabricio-Bruno-estreia-pelo-Flamengo-em-partida-contra-o-Nova-Iguacu.webp","type":"image\/jpeg"}],"author":"Equipe G\u00e1vea News","twitter_card":"summary_large_image","twitter_misc":{"Escrito por":"Equipe G\u00e1vea News","Est. tempo de leitura":"3 minutos"},"schema":{"@context":"https:\/\/schema.org","@graph":[{"@type":"NewsArticle","@id":"https:\/\/www.gaveanews.com\/index.php\/2022\/11\/22\/fabricio-bruno-supera-inicio-complicado-no-flamengo-e-consegue-dar-volta-por-cima\/#article","isPartOf":{"@id":"https:\/\/www.gaveanews.com\/index.php\/2022\/11\/22\/fabricio-bruno-supera-inicio-complicado-no-flamengo-e-consegue-dar-volta-por-cima\/"},"author":{"name":"Equipe G\u00e1vea News","@id":"https:\/\/www.gaveanews.com\/#\/schema\/person\/2ec14f73fb96be2caf28f91afb14749d"},"headline":"Fabr\u00edcio Bruno supera in\u00edcio complicado no Flamengo e consegue dar volta por cima","datePublished":"2022-11-22T11:46:51+00:00","dateModified":"2024-04-07T11:40:40+00:00","mainEntityOfPage":{"@id":"https:\/\/www.gaveanews.com\/index.php\/2022\/11\/22\/fabricio-bruno-supera-inicio-complicado-no-flamengo-e-consegue-dar-volta-por-cima\/"},"wordCount":409,"commentCount":0,"image":{"@id":"https:\/\/www.gaveanews.com\/index.php\/2022\/11\/22\/fabricio-bruno-supera-inicio-complicado-no-flamengo-e-consegue-dar-volta-por-cima\/#primaryimage"},"thumbnailUrl":"https:\/\/www.gaveanews.com\/wp-content\/uploads\/Fabricio-Bruno-estreia-pelo-Flamengo-em-partida-contra-o-Nova-Iguacu.webp","keywords":["Fabr\u00edcio Bruno Soares de Faria"],"articleSection":["Flamengo"],"inLanguage":"pt-BR","potentialAction":[{"@type":"CommentAction","name":"Comment","target":["https:\/\/www.gaveanews.com\/index.php\/2022\/11\/22\/fabricio-bruno-supera-inicio-complicado-no-flamengo-e-consegue-dar-volta-por-cima\/#respond"]}],"copyrightYear":"2022","copyrightHolder":{"@id":"https:\/\/www.gaveanews.com\/#organization"}},{"@type":"WebPage","@id":"https:\/\/www.gaveanews.com\/index.php\/2022\/11\/22\/fabricio-bruno-supera-inicio-complicado-no-flamengo-e-consegue-dar-volta-por-cima\/","url":"https:\/\/www.gaveanews.com\/index.php\/2022\/11\/22\/fabricio-bruno-supera-inicio-complicado-no-flamengo-e-consegue-dar-volta-por-cima\/","name":"Fabr\u00edcio Bruno supera in\u00edcio complicado no Flamengo e consegue dar volta por cima","isPartOf":{"@id":"https:\/\/www.gaveanews.com\/#website"},"primaryImageOfPage":{"@id":"https:\/\/www.gaveanews.com\/index.php\/2022\/11\/22\/fabricio-bruno-supera-inicio-complicado-no-flamengo-e-consegue-dar-volta-por-cima\/#primaryimage"},"image":{"@id":"https:\/\/www.gaveanews.com\/index.php\/2022\/11\/22\/fabricio-bruno-supera-inicio-complicado-no-flamengo-e-consegue-dar-volta-por-cima\/#primaryimage"},"thumbnailUrl":"https:\/\/www.gaveanews.com\/wp-content\/uploads\/Fabricio-Bruno-estreia-pelo-Flamengo-em-partida-contra-o-Nova-Iguacu.webp","datePublished":"2022-11-22T11:46:51+00:00","dateModified":"2024-04-07T11:40:40+00:00","author":{"@id":"https:\/\/www.gaveanews.com\/#\/schema\/person\/2ec14f73fb96be2caf28f91afb14749d"},"breadcrumb":{"@id":"https:\/\/www.gaveanews.com\/index.php\/2022\/11\/22\/fabricio-bruno-supera-inicio-complicado-no-flamengo-e-consegue-dar-volta-por-cima\/#breadcrumb"},"inLanguage":"pt-BR","potentialAction":[{"@type":"ReadAction","target":["https:\/\/www.gaveanews.com\/index.php\/2022\/11\/22\/fabricio-bruno-supera-inicio-complicado-no-flamengo-e-consegue-dar-volta-por-cima\/"]}]},{"@type":"ImageObject","inLanguage":"pt-BR","@id":"https:\/\/www.gaveanews.com\/index.php\/2022\/11\/22\/fabricio-bruno-supera-inicio-complicado-no-flamengo-e-consegue-dar-volta-por-cima\/#primaryimage","url":"https:\/\/www.gaveanews.com\/wp-content\/uploads\/Fabricio-Bruno-estreia-pelo-Flamengo-em-partida-contra-o-Nova-Iguacu.webp","contentUrl":"https:\/\/www.gaveanews.com\/wp-content\/uploads\/Fabricio-Bruno-estreia-pelo-Flamengo-em-partida-contra-o-Nova-Iguacu.webp","width":799,"height":533,"caption":"Fabr\u00edcio Bruno estreia pelo Flamengo em partida contra o Nova Igua\u00e7u (Foto: Marcelo Cortes\/Flamengo)"},{"@type":"BreadcrumbList","@id":"https:\/\/www.gaveanews.com\/index.php\/2022\/11\/22\/fabricio-bruno-supera-inicio-complicado-no-flamengo-e-consegue-dar-volta-por-cima\/#breadcrumb","itemListElement":[{"@type":"ListItem","position":1,"name":"Home","item":"https:\/\/www.gaveanews.com\/"},{"@type":"ListItem","position":2,"name":"Fabr\u00edcio Bruno supera in\u00edcio complicado no Flamengo e consegue dar volta por cima"}]},{"@type":"WebSite","@id":"https:\/\/www.gaveanews.com\/#website","url":"https:\/\/www.gaveanews.com\/","name":"G\u00e1vea News","description":"Veja todas as not\u00edcias sobre o Flamengo: Contrata\u00e7\u00f5es, categorias de base, resultados das partidas, tabela de classifica\u00e7\u00e3o, pr\u00f3ximos jogos!","potentialAction":[{"@type":"SearchAction","target":{"@type":"EntryPoint","urlTemplate":"https:\/\/www.gaveanews.com\/?s={search_term_string}"},"query-input":{"@type":"PropertyValueSpecification","valueRequired":true,"valueName":"search_term_string"}}],"inLanguage":"pt-BR"},{"@type":"Person","@id":"https:\/\/www.gaveanews.com\/#\/schema\/person\/2ec14f73fb96be2caf28f91afb14749d","name":"Equipe G\u00e1vea News","image":{"@type":"ImageObject","inLanguage":"pt-BR","@id":"https:\/\/www.gaveanews.com\/#\/schema\/person\/image\/","url":"https:\/\/secure.gravatar.com\/avatar\/1e1956f1facbffd3f8fa53a326721950116b3b9dc9bd44939c01180fd4a745a9?s=96&d=mm&r=g","contentUrl":"https:\/\/secure.gravatar.com\/avatar\/1e1956f1facbffd3f8fa53a326721950116b3b9dc9bd44939c01180fd4a745a9?s=96&d=mm&r=g","caption":"Equipe G\u00e1vea News"}}]}},"_links":{"self":[{"href":"https:\/\/www.gaveanews.com\/index.php\/wp-json\/wp\/v2\/posts\/91040","targetHints":{"allow":["GET"]}}],"collection":[{"href":"https:\/\/www.gaveanews.com\/index.php\/wp-json\/wp\/v2\/posts"}],"about":[{"href":"https:\/\/www.gaveanews.com\/index.php\/wp-json\/wp\/v2\/types\/post"}],"author":[{"embeddable":true,"href":"https:\/\/www.gaveanews.com\/index.php\/wp-json\/wp\/v2\/users\/1"}],"replies":[{"embeddable":true,"href":"https:\/\/www.gaveanews.com\/index.php\/wp-json\/wp\/v2\/comments?post=91040"}],"version-history":[{"count":1,"href":"https:\/\/www.gaveanews.com\/index.php\/wp-json\/wp\/v2\/posts\/91040\/revisions"}],"predecessor-version":[{"id":136152,"href":"https:\/\/www.gaveanews.com\/index.php\/wp-json\/wp\/v2\/posts\/91040\/revisions\/136152"}],"wp:featuredmedia":[{"embeddable":true,"href":"https:\/\/www.gaveanews.com\/index.php\/wp-json\/wp\/v2\/media\/76698"}],"wp:attachment":[{"href":"https:\/\/www.gaveanews.com\/index.php\/wp-json\/wp\/v2\/media?parent=91040"}],"wp:term":[{"taxonomy":"category","embeddable":true,"href":"https:\/\/www.gaveanews.com\/index.php\/wp-json\/wp\/v2\/categories?post=91040"},{"taxonomy":"post_tag","embeddable":true,"href":"https:\/\/www.gaveanews.com\/index.php\/wp-json\/wp\/v2\/tags?post=91040"}],"curies":[{"name":"wp","href":"https:\/\/api.w.org\/{rel}","templated":true}]}}