{"id":91053,"date":"2022-11-22T13:20:13","date_gmt":"2022-11-22T16:20:13","guid":{"rendered":"https:\/\/www.gaveanews.com\/?p=91053"},"modified":"2022-11-22T13:20:17","modified_gmt":"2022-11-22T16:20:17","slug":"lembra-dele-internacional-e-santos-desejam-contratar-meio-campista-revelado-pelo-flamengo","status":"publish","type":"post","link":"https:\/\/www.gaveanews.com\/index.php\/2022\/11\/22\/lembra-dele-internacional-e-santos-desejam-contratar-meio-campista-revelado-pelo-flamengo\/","title":{"rendered":"Lembra dele? Internacional e Santos desejam contratar meio-campista revelado pelo Flamengo"},"content":{"rendered":"\n<p>A proximidade da abertura janela de transfer\u00eancias aumenta as especula\u00e7\u00f5es de clubes que buscam por refor\u00e7os para seus elencos. Enquanto o Flamengo se prepara para movimentar o mercado da bola, um ex-jogador do clube pode ser repatriado em breve.<\/p>\n\n\n\n<p>De acordo com o portal Mercado da Bola, Internacional e Santos est\u00e3o interessados na contrata\u00e7\u00e3o de Jean Lucas, revelado pelas categorias de base do Fla. O meia de 24 anos pertence ao M\u00f4naco, da Fran\u00e7a, onde n\u00e3o tem recebido muitas oportunidades.<\/p>\n\n\n\n<p>Sendo pouco utilizado pelo t\u00e9cnico Philppe Cl\u00e9ment, o jogador pode ser emprestado pelo clube franc\u00eas. Na atual temporada, o meia acumula apenas 369 minutos em campo ao longo de dez jogos, o que resulta na m\u00e9dia de 37 minutos por confronto.<\/p>\n\n\n\n<p>O jogador iniciou sua carreira como profissional no Flamengo, onde n\u00e3o teve o desempenho esperado e acabou sendo emprestado ao Santos. No clube paulista, o atleta conseguiu maior destaque e foi negociado aos franceses por 8 milh\u00f5es de euros.<\/p>\n\n\n\n<p>Como a ideia do M\u00f4naco \u00e9 de ceder Jean Lucas, o Flamengo n\u00e3o receberia nenhum valor com a transa\u00e7\u00e3o. Em caso de venda, no entanto, o Rubro-Negro receberia uma parte do montante. O atual contrato do meia com o clube europeu vai at\u00e9 junho de 2026.<\/p>\n","protected":false},"excerpt":{"rendered":"<p>A proximidade da abertura janela de transfer\u00eancias aumenta as especula\u00e7\u00f5es de clubes que buscam por refor\u00e7os para seus elencos. Enquanto o Flamengo se prepara para movimentar o mercado da bola, um ex-jogador do clube pode ser repatriado em breve. De acordo com o portal Mercado da Bola, Internacional e Santos est\u00e3o interessados na contrata\u00e7\u00e3o de [&hellip;]<\/p>\n","protected":false},"author":4,"featured_media":91054,"comment_status":"open","ping_status":"closed","sticky":false,"template":"","format":"standard","meta":{"footnotes":""},"categories":[48],"tags":[],"class_list":["post-91053","post","type-post","status-publish","format-standard","has-post-thumbnail","hentry","category-negociacoes"],"yoast_head":"<!-- This site is optimized with the Yoast SEO Premium plugin v24.2 (Yoast SEO v26.9) - https:\/\/yoast.com\/product\/yoast-seo-premium-wordpress\/ -->\n<title>Lembra dele? Internacional e Santos desejam contratar meio-campista revelado pelo Flamengo<\/title>\n<meta name=\"robots\" content=\"index, follow, max-snippet:-1, max-image-preview:large, max-video-preview:-1\" \/>\n<link rel=\"canonical\" href=\"https:\/\/www.gaveanews.com\/index.php\/2022\/11\/22\/lembra-dele-internacional-e-santos-desejam-contratar-meio-campista-revelado-pelo-flamengo\/\" \/>\n<meta property=\"og:locale\" content=\"pt_BR\" \/>\n<meta property=\"og:type\" content=\"article\" \/>\n<meta property=\"og:title\" content=\"Lembra dele? Internacional e Santos desejam contratar meio-campista revelado pelo Flamengo\" \/>\n<meta property=\"og:description\" content=\"A proximidade da abertura janela de transfer\u00eancias aumenta as especula\u00e7\u00f5es de clubes que buscam por refor\u00e7os para seus elencos. Enquanto o Flamengo se prepara para movimentar o mercado da bola, um ex-jogador do clube pode ser repatriado em breve. De acordo com o portal Mercado da Bola, Internacional e Santos est\u00e3o interessados na contrata\u00e7\u00e3o de [&hellip;]\" \/>\n<meta property=\"og:url\" content=\"https:\/\/www.gaveanews.com\/index.php\/2022\/11\/22\/lembra-dele-internacional-e-santos-desejam-contratar-meio-campista-revelado-pelo-flamengo\/\" \/>\n<meta property=\"og:site_name\" content=\"G\u00e1vea News\" \/>\n<meta property=\"article:publisher\" content=\"https:\/\/facebook.com\/gaveaNews\/\" \/>\n<meta property=\"article:published_time\" content=\"2022-11-22T16:20:13+00:00\" \/>\n<meta property=\"article:modified_time\" content=\"2022-11-22T16:20:17+00:00\" \/>\n<meta property=\"og:image\" content=\"https:\/\/www.gaveanews.com\/wp-content\/uploads\/jean-lucas-flamengo-monaco.webp\" \/>\n\t<meta property=\"og:image:width\" content=\"984\" \/>\n\t<meta property=\"og:image:height\" content=\"702\" \/>\n\t<meta property=\"og:image:type\" content=\"image\/webp\" \/>\n<meta name=\"author\" content=\"Let\u00edcia Gerheim\" \/>\n<meta name=\"twitter:card\" content=\"summary_large_image\" \/>\n<meta name=\"twitter:label1\" content=\"Escrito por\" \/>\n\t<meta name=\"twitter:data1\" content=\"Let\u00edcia Gerheim\" \/>\n\t<meta name=\"twitter:label2\" content=\"Est. tempo de leitura\" \/>\n\t<meta name=\"twitter:data2\" content=\"2 minutos\" \/>\n<script type=\"application\/ld+json\" class=\"yoast-schema-graph\">{\"@context\":\"https:\/\/schema.org\",\"@graph\":[{\"@type\":\"NewsArticle\",\"@id\":\"https:\/\/www.gaveanews.com\/index.php\/2022\/11\/22\/lembra-dele-internacional-e-santos-desejam-contratar-meio-campista-revelado-pelo-flamengo\/#article\",\"isPartOf\":{\"@id\":\"https:\/\/www.gaveanews.com\/index.php\/2022\/11\/22\/lembra-dele-internacional-e-santos-desejam-contratar-meio-campista-revelado-pelo-flamengo\/\"},\"author\":{\"name\":\"Let\u00edcia Gerheim\",\"@id\":\"https:\/\/www.gaveanews.com\/#\/schema\/person\/714c67050b836198af2450ba1c142a67\"},\"headline\":\"Lembra dele? Internacional e Santos desejam contratar meio-campista revelado pelo Flamengo\",\"datePublished\":\"2022-11-22T16:20:13+00:00\",\"dateModified\":\"2022-11-22T16:20:17+00:00\",\"mainEntityOfPage\":{\"@id\":\"https:\/\/www.gaveanews.com\/index.php\/2022\/11\/22\/lembra-dele-internacional-e-santos-desejam-contratar-meio-campista-revelado-pelo-flamengo\/\"},\"wordCount\":228,\"commentCount\":0,\"image\":{\"@id\":\"https:\/\/www.gaveanews.com\/index.php\/2022\/11\/22\/lembra-dele-internacional-e-santos-desejam-contratar-meio-campista-revelado-pelo-flamengo\/#primaryimage\"},\"thumbnailUrl\":\"https:\/\/www.gaveanews.com\/wp-content\/uploads\/jean-lucas-flamengo-monaco.webp\",\"articleSection\":[\"Negocia\u00e7\u00f5es\"],\"inLanguage\":\"pt-BR\",\"potentialAction\":[{\"@type\":\"CommentAction\",\"name\":\"Comment\",\"target\":[\"https:\/\/www.gaveanews.com\/index.php\/2022\/11\/22\/lembra-dele-internacional-e-santos-desejam-contratar-meio-campista-revelado-pelo-flamengo\/#respond\"]}],\"copyrightYear\":\"2022\",\"copyrightHolder\":{\"@id\":\"https:\/\/www.gaveanews.com\/#organization\"}},{\"@type\":\"WebPage\",\"@id\":\"https:\/\/www.gaveanews.com\/index.php\/2022\/11\/22\/lembra-dele-internacional-e-santos-desejam-contratar-meio-campista-revelado-pelo-flamengo\/\",\"url\":\"https:\/\/www.gaveanews.com\/index.php\/2022\/11\/22\/lembra-dele-internacional-e-santos-desejam-contratar-meio-campista-revelado-pelo-flamengo\/\",\"name\":\"Lembra dele? Internacional e Santos desejam contratar meio-campista revelado pelo Flamengo\",\"isPartOf\":{\"@id\":\"https:\/\/www.gaveanews.com\/#website\"},\"primaryImageOfPage\":{\"@id\":\"https:\/\/www.gaveanews.com\/index.php\/2022\/11\/22\/lembra-dele-internacional-e-santos-desejam-contratar-meio-campista-revelado-pelo-flamengo\/#primaryimage\"},\"image\":{\"@id\":\"https:\/\/www.gaveanews.com\/index.php\/2022\/11\/22\/lembra-dele-internacional-e-santos-desejam-contratar-meio-campista-revelado-pelo-flamengo\/#primaryimage\"},\"thumbnailUrl\":\"https:\/\/www.gaveanews.com\/wp-content\/uploads\/jean-lucas-flamengo-monaco.webp\",\"datePublished\":\"2022-11-22T16:20:13+00:00\",\"dateModified\":\"2022-11-22T16:20:17+00:00\",\"author\":{\"@id\":\"https:\/\/www.gaveanews.com\/#\/schema\/person\/714c67050b836198af2450ba1c142a67\"},\"breadcrumb\":{\"@id\":\"https:\/\/www.gaveanews.com\/index.php\/2022\/11\/22\/lembra-dele-internacional-e-santos-desejam-contratar-meio-campista-revelado-pelo-flamengo\/#breadcrumb\"},\"inLanguage\":\"pt-BR\",\"potentialAction\":[{\"@type\":\"ReadAction\",\"target\":[\"https:\/\/www.gaveanews.com\/index.php\/2022\/11\/22\/lembra-dele-internacional-e-santos-desejam-contratar-meio-campista-revelado-pelo-flamengo\/\"]}]},{\"@type\":\"ImageObject\",\"inLanguage\":\"pt-BR\",\"@id\":\"https:\/\/www.gaveanews.com\/index.php\/2022\/11\/22\/lembra-dele-internacional-e-santos-desejam-contratar-meio-campista-revelado-pelo-flamengo\/#primaryimage\",\"url\":\"https:\/\/www.gaveanews.com\/wp-content\/uploads\/jean-lucas-flamengo-monaco.webp\",\"contentUrl\":\"https:\/\/www.gaveanews.com\/wp-content\/uploads\/jean-lucas-flamengo-monaco.webp\",\"width\":984,\"height\":702,\"caption\":\"Jean Lucas em a\u00e7\u00e3o pelo M\u00f4naco (Foto: EFE)\"},{\"@type\":\"BreadcrumbList\",\"@id\":\"https:\/\/www.gaveanews.com\/index.php\/2022\/11\/22\/lembra-dele-internacional-e-santos-desejam-contratar-meio-campista-revelado-pelo-flamengo\/#breadcrumb\",\"itemListElement\":[{\"@type\":\"ListItem\",\"position\":1,\"name\":\"Home\",\"item\":\"https:\/\/www.gaveanews.com\/\"},{\"@type\":\"ListItem\",\"position\":2,\"name\":\"Lembra dele? Internacional e Santos desejam contratar meio-campista revelado pelo Flamengo\"}]},{\"@type\":\"WebSite\",\"@id\":\"https:\/\/www.gaveanews.com\/#website\",\"url\":\"https:\/\/www.gaveanews.com\/\",\"name\":\"G\u00e1vea News\",\"description\":\"Veja todas as not\u00edcias sobre o Flamengo: Contrata\u00e7\u00f5es, categorias de base, resultados das partidas, tabela de classifica\u00e7\u00e3o, pr\u00f3ximos jogos!\",\"potentialAction\":[{\"@type\":\"SearchAction\",\"target\":{\"@type\":\"EntryPoint\",\"urlTemplate\":\"https:\/\/www.gaveanews.com\/?s={search_term_string}\"},\"query-input\":{\"@type\":\"PropertyValueSpecification\",\"valueRequired\":true,\"valueName\":\"search_term_string\"}}],\"inLanguage\":\"pt-BR\"},{\"@type\":\"Person\",\"@id\":\"https:\/\/www.gaveanews.com\/#\/schema\/person\/714c67050b836198af2450ba1c142a67\",\"name\":\"Let\u00edcia Gerheim\",\"image\":{\"@type\":\"ImageObject\",\"inLanguage\":\"pt-BR\",\"@id\":\"https:\/\/www.gaveanews.com\/#\/schema\/person\/image\/\",\"url\":\"https:\/\/secure.gravatar.com\/avatar\/60734739c50fcebfbac509e2a826ccd0ff405c019bc73aab9354f19ecad1dcb4?s=96&d=mm&r=g\",\"contentUrl\":\"https:\/\/secure.gravatar.com\/avatar\/60734739c50fcebfbac509e2a826ccd0ff405c019bc73aab9354f19ecad1dcb4?s=96&d=mm&r=g\",\"caption\":\"Let\u00edcia Gerheim\"}}]}<\/script>\n<!-- \/ Yoast SEO Premium plugin. -->","yoast_head_json":{"title":"Lembra dele? Internacional e Santos desejam contratar meio-campista revelado pelo Flamengo","robots":{"index":"index","follow":"follow","max-snippet":"max-snippet:-1","max-image-preview":"max-image-preview:large","max-video-preview":"max-video-preview:-1"},"canonical":"https:\/\/www.gaveanews.com\/index.php\/2022\/11\/22\/lembra-dele-internacional-e-santos-desejam-contratar-meio-campista-revelado-pelo-flamengo\/","og_locale":"pt_BR","og_type":"article","og_title":"Lembra dele? Internacional e Santos desejam contratar meio-campista revelado pelo Flamengo","og_description":"A proximidade da abertura janela de transfer\u00eancias aumenta as especula\u00e7\u00f5es de clubes que buscam por refor\u00e7os para seus elencos. Enquanto o Flamengo se prepara para movimentar o mercado da bola, um ex-jogador do clube pode ser repatriado em breve. De acordo com o portal Mercado da Bola, Internacional e Santos est\u00e3o interessados na contrata\u00e7\u00e3o de [&hellip;]","og_url":"https:\/\/www.gaveanews.com\/index.php\/2022\/11\/22\/lembra-dele-internacional-e-santos-desejam-contratar-meio-campista-revelado-pelo-flamengo\/","og_site_name":"G\u00e1vea News","article_publisher":"https:\/\/facebook.com\/gaveaNews\/","article_published_time":"2022-11-22T16:20:13+00:00","article_modified_time":"2022-11-22T16:20:17+00:00","og_image":[{"width":984,"height":702,"url":"https:\/\/www.gaveanews.com\/wp-content\/uploads\/jean-lucas-flamengo-monaco.webp","type":"image\/webp"}],"author":"Let\u00edcia Gerheim","twitter_card":"summary_large_image","twitter_misc":{"Escrito por":"Let\u00edcia Gerheim","Est. tempo de leitura":"2 minutos"},"schema":{"@context":"https:\/\/schema.org","@graph":[{"@type":"NewsArticle","@id":"https:\/\/www.gaveanews.com\/index.php\/2022\/11\/22\/lembra-dele-internacional-e-santos-desejam-contratar-meio-campista-revelado-pelo-flamengo\/#article","isPartOf":{"@id":"https:\/\/www.gaveanews.com\/index.php\/2022\/11\/22\/lembra-dele-internacional-e-santos-desejam-contratar-meio-campista-revelado-pelo-flamengo\/"},"author":{"name":"Let\u00edcia Gerheim","@id":"https:\/\/www.gaveanews.com\/#\/schema\/person\/714c67050b836198af2450ba1c142a67"},"headline":"Lembra dele? Internacional e Santos desejam contratar meio-campista revelado pelo Flamengo","datePublished":"2022-11-22T16:20:13+00:00","dateModified":"2022-11-22T16:20:17+00:00","mainEntityOfPage":{"@id":"https:\/\/www.gaveanews.com\/index.php\/2022\/11\/22\/lembra-dele-internacional-e-santos-desejam-contratar-meio-campista-revelado-pelo-flamengo\/"},"wordCount":228,"commentCount":0,"image":{"@id":"https:\/\/www.gaveanews.com\/index.php\/2022\/11\/22\/lembra-dele-internacional-e-santos-desejam-contratar-meio-campista-revelado-pelo-flamengo\/#primaryimage"},"thumbnailUrl":"https:\/\/www.gaveanews.com\/wp-content\/uploads\/jean-lucas-flamengo-monaco.webp","articleSection":["Negocia\u00e7\u00f5es"],"inLanguage":"pt-BR","potentialAction":[{"@type":"CommentAction","name":"Comment","target":["https:\/\/www.gaveanews.com\/index.php\/2022\/11\/22\/lembra-dele-internacional-e-santos-desejam-contratar-meio-campista-revelado-pelo-flamengo\/#respond"]}],"copyrightYear":"2022","copyrightHolder":{"@id":"https:\/\/www.gaveanews.com\/#organization"}},{"@type":"WebPage","@id":"https:\/\/www.gaveanews.com\/index.php\/2022\/11\/22\/lembra-dele-internacional-e-santos-desejam-contratar-meio-campista-revelado-pelo-flamengo\/","url":"https:\/\/www.gaveanews.com\/index.php\/2022\/11\/22\/lembra-dele-internacional-e-santos-desejam-contratar-meio-campista-revelado-pelo-flamengo\/","name":"Lembra dele? Internacional e Santos desejam contratar meio-campista revelado pelo Flamengo","isPartOf":{"@id":"https:\/\/www.gaveanews.com\/#website"},"primaryImageOfPage":{"@id":"https:\/\/www.gaveanews.com\/index.php\/2022\/11\/22\/lembra-dele-internacional-e-santos-desejam-contratar-meio-campista-revelado-pelo-flamengo\/#primaryimage"},"image":{"@id":"https:\/\/www.gaveanews.com\/index.php\/2022\/11\/22\/lembra-dele-internacional-e-santos-desejam-contratar-meio-campista-revelado-pelo-flamengo\/#primaryimage"},"thumbnailUrl":"https:\/\/www.gaveanews.com\/wp-content\/uploads\/jean-lucas-flamengo-monaco.webp","datePublished":"2022-11-22T16:20:13+00:00","dateModified":"2022-11-22T16:20:17+00:00","author":{"@id":"https:\/\/www.gaveanews.com\/#\/schema\/person\/714c67050b836198af2450ba1c142a67"},"breadcrumb":{"@id":"https:\/\/www.gaveanews.com\/index.php\/2022\/11\/22\/lembra-dele-internacional-e-santos-desejam-contratar-meio-campista-revelado-pelo-flamengo\/#breadcrumb"},"inLanguage":"pt-BR","potentialAction":[{"@type":"ReadAction","target":["https:\/\/www.gaveanews.com\/index.php\/2022\/11\/22\/lembra-dele-internacional-e-santos-desejam-contratar-meio-campista-revelado-pelo-flamengo\/"]}]},{"@type":"ImageObject","inLanguage":"pt-BR","@id":"https:\/\/www.gaveanews.com\/index.php\/2022\/11\/22\/lembra-dele-internacional-e-santos-desejam-contratar-meio-campista-revelado-pelo-flamengo\/#primaryimage","url":"https:\/\/www.gaveanews.com\/wp-content\/uploads\/jean-lucas-flamengo-monaco.webp","contentUrl":"https:\/\/www.gaveanews.com\/wp-content\/uploads\/jean-lucas-flamengo-monaco.webp","width":984,"height":702,"caption":"Jean Lucas em a\u00e7\u00e3o pelo M\u00f4naco (Foto: EFE)"},{"@type":"BreadcrumbList","@id":"https:\/\/www.gaveanews.com\/index.php\/2022\/11\/22\/lembra-dele-internacional-e-santos-desejam-contratar-meio-campista-revelado-pelo-flamengo\/#breadcrumb","itemListElement":[{"@type":"ListItem","position":1,"name":"Home","item":"https:\/\/www.gaveanews.com\/"},{"@type":"ListItem","position":2,"name":"Lembra dele? Internacional e Santos desejam contratar meio-campista revelado pelo Flamengo"}]},{"@type":"WebSite","@id":"https:\/\/www.gaveanews.com\/#website","url":"https:\/\/www.gaveanews.com\/","name":"G\u00e1vea News","description":"Veja todas as not\u00edcias sobre o Flamengo: Contrata\u00e7\u00f5es, categorias de base, resultados das partidas, tabela de classifica\u00e7\u00e3o, pr\u00f3ximos jogos!","potentialAction":[{"@type":"SearchAction","target":{"@type":"EntryPoint","urlTemplate":"https:\/\/www.gaveanews.com\/?s={search_term_string}"},"query-input":{"@type":"PropertyValueSpecification","valueRequired":true,"valueName":"search_term_string"}}],"inLanguage":"pt-BR"},{"@type":"Person","@id":"https:\/\/www.gaveanews.com\/#\/schema\/person\/714c67050b836198af2450ba1c142a67","name":"Let\u00edcia Gerheim","image":{"@type":"ImageObject","inLanguage":"pt-BR","@id":"https:\/\/www.gaveanews.com\/#\/schema\/person\/image\/","url":"https:\/\/secure.gravatar.com\/avatar\/60734739c50fcebfbac509e2a826ccd0ff405c019bc73aab9354f19ecad1dcb4?s=96&d=mm&r=g","contentUrl":"https:\/\/secure.gravatar.com\/avatar\/60734739c50fcebfbac509e2a826ccd0ff405c019bc73aab9354f19ecad1dcb4?s=96&d=mm&r=g","caption":"Let\u00edcia Gerheim"}}]}},"_links":{"self":[{"href":"https:\/\/www.gaveanews.com\/index.php\/wp-json\/wp\/v2\/posts\/91053","targetHints":{"allow":["GET"]}}],"collection":[{"href":"https:\/\/www.gaveanews.com\/index.php\/wp-json\/wp\/v2\/posts"}],"about":[{"href":"https:\/\/www.gaveanews.com\/index.php\/wp-json\/wp\/v2\/types\/post"}],"author":[{"embeddable":true,"href":"https:\/\/www.gaveanews.com\/index.php\/wp-json\/wp\/v2\/users\/4"}],"replies":[{"embeddable":true,"href":"https:\/\/www.gaveanews.com\/index.php\/wp-json\/wp\/v2\/comments?post=91053"}],"version-history":[{"count":0,"href":"https:\/\/www.gaveanews.com\/index.php\/wp-json\/wp\/v2\/posts\/91053\/revisions"}],"wp:featuredmedia":[{"embeddable":true,"href":"https:\/\/www.gaveanews.com\/index.php\/wp-json\/wp\/v2\/media\/91054"}],"wp:attachment":[{"href":"https:\/\/www.gaveanews.com\/index.php\/wp-json\/wp\/v2\/media?parent=91053"}],"wp:term":[{"taxonomy":"category","embeddable":true,"href":"https:\/\/www.gaveanews.com\/index.php\/wp-json\/wp\/v2\/categories?post=91053"},{"taxonomy":"post_tag","embeddable":true,"href":"https:\/\/www.gaveanews.com\/index.php\/wp-json\/wp\/v2\/tags?post=91053"}],"curies":[{"name":"wp","href":"https:\/\/api.w.org\/{rel}","templated":true}]}}