{"id":91069,"date":"2022-11-22T19:23:11","date_gmt":"2022-11-22T22:23:11","guid":{"rendered":"https:\/\/www.gaveanews.com\/?p=91069"},"modified":"2022-11-22T19:23:14","modified_gmt":"2022-11-22T22:23:14","slug":"brasil-tera-time-inedito-na-estreia-da-copa-do-mundo-veja-a-escalacao","status":"publish","type":"post","link":"https:\/\/www.gaveanews.com\/index.php\/2022\/11\/22\/brasil-tera-time-inedito-na-estreia-da-copa-do-mundo-veja-a-escalacao\/","title":{"rendered":"Brasil ter\u00e1 time in\u00e9dito na estreia da Copa do Mundo; veja a escala\u00e7\u00e3o"},"content":{"rendered":"\n<p>A sele\u00e7\u00e3o brasileira ter\u00e1 uma escala\u00e7\u00e3o in\u00e9dita para a estreia na Copa do Mundo do Catar, nessa quinta-feira, contra a S\u00e9rvia, \u00e0s 16h (de Bras\u00edlia), no est\u00e1dio Lusail.<\/p>\n\n\n\n<p>O t\u00e9cnico Tite optou por escalar Vini Junior como titular da ponta esquerda do ataque e deslocar Lucas Paquet\u00e1 para o meio de campo, ao lado de Casemiro. Assim, Fred come\u00e7ar\u00e1 no banco de reservas. A forma\u00e7\u00e3o foi testada nos treinos de segunda e ter\u00e7a-feira, aos quais a imprensa n\u00e3o teve acesso.<\/p>\n\n\n\n<p>Tal escala\u00e7\u00e3o contempla quatro atacantes, sendo que Neymar desempenha um papel de mais cria\u00e7\u00e3o, tendo liberdade para recuar e ajudar a preparar as jogadas. Sem a bola, o camisa 10 tem menos obriga\u00e7\u00f5es defensivas.<\/p>\n\n\n\n<p>Se n\u00e3o ocorrer nenhuma surpresa de \u00faltima hora, o Brasil ir\u00e1 a campo contra a S\u00e9rvia com: Alisson, Danilo, Thiago Silva, Marquinhos e Alex Sandro; Casemiro e Lucas Paquet\u00e1; Raphinha, Richarlison, Neymar e Vini Junior.<\/p>\n\n\n\n<p>Na vit\u00f3ria por 3 a 0 sobre Gana, em setembro, Tite adotou equipe parecida, por\u00e9m com laterais diferentes. Na ocasi\u00e3o, \u00c9der Milit\u00e3o e Alex Telles foram os titulares.<\/p>\n\n\n\n<p>Ao longo da atual sequ\u00eancia de 15 jogos de invencibilidade, iniciada em setembro do ano passado, a Sele\u00e7\u00e3o teve Fred como titular na maioria das vezes &#8211; nove partidas. Por\u00e9m, o jogador virou reserva do Manchester United nessa temporada.<\/p>\n\n\n\n<p>J\u00e1 Lucas Paquet\u00e1 come\u00e7ou apenas duas partidas como segundo volante &#8211; a \u00faltima contra a Tun\u00edsia, em amistoso realizado em setembro. Na terceira rodada das Eliminat\u00f3rias, em novembro de 2020, ele atuou dessa forma no segundo tempo do jogo contra a Venezuela. O mesmo ocorreu na etapa final do duelo contra a Col\u00f4mbia, em novembro de 2021. Vale lembrar que o jogador desempenhou tal fun\u00e7\u00e3o no Flamengo e no Lyon.<\/p>\n\n\n\n<p>A forma\u00e7\u00e3o com dois atacantes pelos lados foi usada nesse per\u00edodo em seis ocasi\u00f5es, sendo que em cinco delas foram escalados Vini Junior e Raphinha &#8211; a exce\u00e7\u00e3o foi contra o Chile, quando Antony jogou. Por\u00e9m, em duas dessas vezes Neymar atuou como falso 9, o que est\u00e1 descartado por Tite por ora.<\/p>\n\n\n\n<p>Desde o in\u00edcio da prepara\u00e7\u00e3o para a Copa, na semana passada, a comiss\u00e3o t\u00e9cnica brasileira vinha dando ind\u00edcios que utilizaria dois pontas. Nos treinos, Paquet\u00e1 tamb\u00e9m atuou pelo centro, na mesma posi\u00e7\u00e3o em que concorrem Bruno Guimar\u00e3es e Fred. Por\u00e9m, em nenhum dos trabalhos abertos \u00e0 imprensa Tite mostrou a escala\u00e7\u00e3o.<\/p>\n\n\n\n<p>Nessa ter\u00e7a-feira, o t\u00e9cnico fechou o treino aos jornalistas. J\u00e1 na quarta, v\u00e9spera da partida, apenas o aquecimento poder\u00e1 ser assistido e filmado. Antes desse \u00faltimo trabalho, o t\u00e9cnico Tite e o zagueiro Thiago Silva conceder\u00e3o entrevistas coletivas, \u00e0s 9h30 (de Bras\u00edlia).<\/p>\n\n\n\n<p>Retirado de: Globo Esporte<\/p>\n","protected":false},"excerpt":{"rendered":"<p>A sele\u00e7\u00e3o brasileira ter\u00e1 uma escala\u00e7\u00e3o in\u00e9dita para a estreia na Copa do Mundo do Catar, nessa quinta-feira, contra a S\u00e9rvia, \u00e0s 16h (de Bras\u00edlia), no est\u00e1dio Lusail. O t\u00e9cnico Tite optou por escalar Vini Junior como titular da ponta esquerda do ataque e deslocar Lucas Paquet\u00e1 para o meio de campo, ao lado de [&hellip;]<\/p>\n","protected":false},"author":1,"featured_media":87049,"comment_status":"open","ping_status":"closed","sticky":false,"template":"","format":"standard","meta":{"footnotes":""},"categories":[1],"tags":[],"class_list":["post-91069","post","type-post","status-publish","format-standard","has-post-thumbnail","hentry","category-flamengo"],"yoast_head":"<!-- This site is optimized with the Yoast SEO Premium plugin v24.2 (Yoast SEO v26.9) - https:\/\/yoast.com\/product\/yoast-seo-premium-wordpress\/ -->\n<title>Brasil ter\u00e1 time in\u00e9dito na estreia da Copa do Mundo; veja a escala\u00e7\u00e3o<\/title>\n<meta name=\"robots\" content=\"index, follow, max-snippet:-1, max-image-preview:large, max-video-preview:-1\" \/>\n<link rel=\"canonical\" href=\"https:\/\/www.gaveanews.com\/index.php\/2022\/11\/22\/brasil-tera-time-inedito-na-estreia-da-copa-do-mundo-veja-a-escalacao\/\" \/>\n<meta property=\"og:locale\" content=\"pt_BR\" \/>\n<meta property=\"og:type\" content=\"article\" \/>\n<meta property=\"og:title\" content=\"Brasil ter\u00e1 time in\u00e9dito na estreia da Copa do Mundo; veja a escala\u00e7\u00e3o\" \/>\n<meta property=\"og:description\" content=\"A sele\u00e7\u00e3o brasileira ter\u00e1 uma escala\u00e7\u00e3o in\u00e9dita para a estreia na Copa do Mundo do Catar, nessa quinta-feira, contra a S\u00e9rvia, \u00e0s 16h (de Bras\u00edlia), no est\u00e1dio Lusail. O t\u00e9cnico Tite optou por escalar Vini Junior como titular da ponta esquerda do ataque e deslocar Lucas Paquet\u00e1 para o meio de campo, ao lado de [&hellip;]\" \/>\n<meta property=\"og:url\" content=\"https:\/\/www.gaveanews.com\/index.php\/2022\/11\/22\/brasil-tera-time-inedito-na-estreia-da-copa-do-mundo-veja-a-escalacao\/\" \/>\n<meta property=\"og:site_name\" content=\"G\u00e1vea News\" \/>\n<meta property=\"article:publisher\" content=\"https:\/\/facebook.com\/gaveaNews\/\" \/>\n<meta property=\"article:published_time\" content=\"2022-11-22T22:23:11+00:00\" \/>\n<meta property=\"article:modified_time\" content=\"2022-11-22T22:23:14+00:00\" \/>\n<meta property=\"og:image\" content=\"https:\/\/www.gaveanews.com\/wp-content\/uploads\/Tite-tecnico-da-Selecao-Brasileira-em-entrevista-coletiva.webp\" \/>\n\t<meta property=\"og:image:width\" content=\"600\" \/>\n\t<meta property=\"og:image:height\" content=\"400\" \/>\n\t<meta property=\"og:image:type\" content=\"image\/jpeg\" \/>\n<meta name=\"author\" content=\"Equipe G\u00e1vea News\" \/>\n<meta name=\"twitter:card\" content=\"summary_large_image\" \/>\n<meta name=\"twitter:label1\" content=\"Escrito por\" \/>\n\t<meta name=\"twitter:data1\" content=\"Equipe G\u00e1vea News\" \/>\n\t<meta name=\"twitter:label2\" content=\"Est. tempo de leitura\" \/>\n\t<meta name=\"twitter:data2\" content=\"3 minutos\" \/>\n<script type=\"application\/ld+json\" class=\"yoast-schema-graph\">{\"@context\":\"https:\/\/schema.org\",\"@graph\":[{\"@type\":\"NewsArticle\",\"@id\":\"https:\/\/www.gaveanews.com\/index.php\/2022\/11\/22\/brasil-tera-time-inedito-na-estreia-da-copa-do-mundo-veja-a-escalacao\/#article\",\"isPartOf\":{\"@id\":\"https:\/\/www.gaveanews.com\/index.php\/2022\/11\/22\/brasil-tera-time-inedito-na-estreia-da-copa-do-mundo-veja-a-escalacao\/\"},\"author\":{\"name\":\"Equipe G\u00e1vea News\",\"@id\":\"https:\/\/www.gaveanews.com\/#\/schema\/person\/2ec14f73fb96be2caf28f91afb14749d\"},\"headline\":\"Brasil ter\u00e1 time in\u00e9dito na estreia da Copa do Mundo; veja a escala\u00e7\u00e3o\",\"datePublished\":\"2022-11-22T22:23:11+00:00\",\"dateModified\":\"2022-11-22T22:23:14+00:00\",\"mainEntityOfPage\":{\"@id\":\"https:\/\/www.gaveanews.com\/index.php\/2022\/11\/22\/brasil-tera-time-inedito-na-estreia-da-copa-do-mundo-veja-a-escalacao\/\"},\"wordCount\":492,\"commentCount\":0,\"image\":{\"@id\":\"https:\/\/www.gaveanews.com\/index.php\/2022\/11\/22\/brasil-tera-time-inedito-na-estreia-da-copa-do-mundo-veja-a-escalacao\/#primaryimage\"},\"thumbnailUrl\":\"https:\/\/www.gaveanews.com\/wp-content\/uploads\/Tite-tecnico-da-Selecao-Brasileira-em-entrevista-coletiva.webp\",\"articleSection\":[\"Flamengo\"],\"inLanguage\":\"pt-BR\",\"potentialAction\":[{\"@type\":\"CommentAction\",\"name\":\"Comment\",\"target\":[\"https:\/\/www.gaveanews.com\/index.php\/2022\/11\/22\/brasil-tera-time-inedito-na-estreia-da-copa-do-mundo-veja-a-escalacao\/#respond\"]}],\"copyrightYear\":\"2022\",\"copyrightHolder\":{\"@id\":\"https:\/\/www.gaveanews.com\/#organization\"}},{\"@type\":\"WebPage\",\"@id\":\"https:\/\/www.gaveanews.com\/index.php\/2022\/11\/22\/brasil-tera-time-inedito-na-estreia-da-copa-do-mundo-veja-a-escalacao\/\",\"url\":\"https:\/\/www.gaveanews.com\/index.php\/2022\/11\/22\/brasil-tera-time-inedito-na-estreia-da-copa-do-mundo-veja-a-escalacao\/\",\"name\":\"Brasil ter\u00e1 time in\u00e9dito na estreia da Copa do Mundo; veja a escala\u00e7\u00e3o\",\"isPartOf\":{\"@id\":\"https:\/\/www.gaveanews.com\/#website\"},\"primaryImageOfPage\":{\"@id\":\"https:\/\/www.gaveanews.com\/index.php\/2022\/11\/22\/brasil-tera-time-inedito-na-estreia-da-copa-do-mundo-veja-a-escalacao\/#primaryimage\"},\"image\":{\"@id\":\"https:\/\/www.gaveanews.com\/index.php\/2022\/11\/22\/brasil-tera-time-inedito-na-estreia-da-copa-do-mundo-veja-a-escalacao\/#primaryimage\"},\"thumbnailUrl\":\"https:\/\/www.gaveanews.com\/wp-content\/uploads\/Tite-tecnico-da-Selecao-Brasileira-em-entrevista-coletiva.webp\",\"datePublished\":\"2022-11-22T22:23:11+00:00\",\"dateModified\":\"2022-11-22T22:23:14+00:00\",\"author\":{\"@id\":\"https:\/\/www.gaveanews.com\/#\/schema\/person\/2ec14f73fb96be2caf28f91afb14749d\"},\"breadcrumb\":{\"@id\":\"https:\/\/www.gaveanews.com\/index.php\/2022\/11\/22\/brasil-tera-time-inedito-na-estreia-da-copa-do-mundo-veja-a-escalacao\/#breadcrumb\"},\"inLanguage\":\"pt-BR\",\"potentialAction\":[{\"@type\":\"ReadAction\",\"target\":[\"https:\/\/www.gaveanews.com\/index.php\/2022\/11\/22\/brasil-tera-time-inedito-na-estreia-da-copa-do-mundo-veja-a-escalacao\/\"]}]},{\"@type\":\"ImageObject\",\"inLanguage\":\"pt-BR\",\"@id\":\"https:\/\/www.gaveanews.com\/index.php\/2022\/11\/22\/brasil-tera-time-inedito-na-estreia-da-copa-do-mundo-veja-a-escalacao\/#primaryimage\",\"url\":\"https:\/\/www.gaveanews.com\/wp-content\/uploads\/Tite-tecnico-da-Selecao-Brasileira-em-entrevista-coletiva.webp\",\"contentUrl\":\"https:\/\/www.gaveanews.com\/wp-content\/uploads\/Tite-tecnico-da-Selecao-Brasileira-em-entrevista-coletiva.webp\",\"width\":600,\"height\":400,\"caption\":\"Tite, ex-t\u00e9cnico da Sele\u00e7\u00e3o Brasileira, em entrevista coletiva (Foto: Lucas Figueiredo\/CBF)\"},{\"@type\":\"BreadcrumbList\",\"@id\":\"https:\/\/www.gaveanews.com\/index.php\/2022\/11\/22\/brasil-tera-time-inedito-na-estreia-da-copa-do-mundo-veja-a-escalacao\/#breadcrumb\",\"itemListElement\":[{\"@type\":\"ListItem\",\"position\":1,\"name\":\"Home\",\"item\":\"https:\/\/www.gaveanews.com\/\"},{\"@type\":\"ListItem\",\"position\":2,\"name\":\"Brasil ter\u00e1 time in\u00e9dito na estreia da Copa do Mundo; veja a escala\u00e7\u00e3o\"}]},{\"@type\":\"WebSite\",\"@id\":\"https:\/\/www.gaveanews.com\/#website\",\"url\":\"https:\/\/www.gaveanews.com\/\",\"name\":\"G\u00e1vea News\",\"description\":\"Veja todas as not\u00edcias sobre o Flamengo: Contrata\u00e7\u00f5es, categorias de base, resultados das partidas, tabela de classifica\u00e7\u00e3o, pr\u00f3ximos jogos!\",\"potentialAction\":[{\"@type\":\"SearchAction\",\"target\":{\"@type\":\"EntryPoint\",\"urlTemplate\":\"https:\/\/www.gaveanews.com\/?s={search_term_string}\"},\"query-input\":{\"@type\":\"PropertyValueSpecification\",\"valueRequired\":true,\"valueName\":\"search_term_string\"}}],\"inLanguage\":\"pt-BR\"},{\"@type\":\"Person\",\"@id\":\"https:\/\/www.gaveanews.com\/#\/schema\/person\/2ec14f73fb96be2caf28f91afb14749d\",\"name\":\"Equipe G\u00e1vea News\",\"image\":{\"@type\":\"ImageObject\",\"inLanguage\":\"pt-BR\",\"@id\":\"https:\/\/www.gaveanews.com\/#\/schema\/person\/image\/\",\"url\":\"https:\/\/secure.gravatar.com\/avatar\/1e1956f1facbffd3f8fa53a326721950116b3b9dc9bd44939c01180fd4a745a9?s=96&d=mm&r=g\",\"contentUrl\":\"https:\/\/secure.gravatar.com\/avatar\/1e1956f1facbffd3f8fa53a326721950116b3b9dc9bd44939c01180fd4a745a9?s=96&d=mm&r=g\",\"caption\":\"Equipe G\u00e1vea News\"}}]}<\/script>\n<!-- \/ Yoast SEO Premium plugin. -->","yoast_head_json":{"title":"Brasil ter\u00e1 time in\u00e9dito na estreia da Copa do Mundo; veja a escala\u00e7\u00e3o","robots":{"index":"index","follow":"follow","max-snippet":"max-snippet:-1","max-image-preview":"max-image-preview:large","max-video-preview":"max-video-preview:-1"},"canonical":"https:\/\/www.gaveanews.com\/index.php\/2022\/11\/22\/brasil-tera-time-inedito-na-estreia-da-copa-do-mundo-veja-a-escalacao\/","og_locale":"pt_BR","og_type":"article","og_title":"Brasil ter\u00e1 time in\u00e9dito na estreia da Copa do Mundo; veja a escala\u00e7\u00e3o","og_description":"A sele\u00e7\u00e3o brasileira ter\u00e1 uma escala\u00e7\u00e3o in\u00e9dita para a estreia na Copa do Mundo do Catar, nessa quinta-feira, contra a S\u00e9rvia, \u00e0s 16h (de Bras\u00edlia), no est\u00e1dio Lusail. O t\u00e9cnico Tite optou por escalar Vini Junior como titular da ponta esquerda do ataque e deslocar Lucas Paquet\u00e1 para o meio de campo, ao lado de [&hellip;]","og_url":"https:\/\/www.gaveanews.com\/index.php\/2022\/11\/22\/brasil-tera-time-inedito-na-estreia-da-copa-do-mundo-veja-a-escalacao\/","og_site_name":"G\u00e1vea News","article_publisher":"https:\/\/facebook.com\/gaveaNews\/","article_published_time":"2022-11-22T22:23:11+00:00","article_modified_time":"2022-11-22T22:23:14+00:00","og_image":[{"width":600,"height":400,"url":"https:\/\/www.gaveanews.com\/wp-content\/uploads\/Tite-tecnico-da-Selecao-Brasileira-em-entrevista-coletiva.webp","type":"image\/jpeg"}],"author":"Equipe G\u00e1vea News","twitter_card":"summary_large_image","twitter_misc":{"Escrito por":"Equipe G\u00e1vea News","Est. tempo de leitura":"3 minutos"},"schema":{"@context":"https:\/\/schema.org","@graph":[{"@type":"NewsArticle","@id":"https:\/\/www.gaveanews.com\/index.php\/2022\/11\/22\/brasil-tera-time-inedito-na-estreia-da-copa-do-mundo-veja-a-escalacao\/#article","isPartOf":{"@id":"https:\/\/www.gaveanews.com\/index.php\/2022\/11\/22\/brasil-tera-time-inedito-na-estreia-da-copa-do-mundo-veja-a-escalacao\/"},"author":{"name":"Equipe G\u00e1vea News","@id":"https:\/\/www.gaveanews.com\/#\/schema\/person\/2ec14f73fb96be2caf28f91afb14749d"},"headline":"Brasil ter\u00e1 time in\u00e9dito na estreia da Copa do Mundo; veja a escala\u00e7\u00e3o","datePublished":"2022-11-22T22:23:11+00:00","dateModified":"2022-11-22T22:23:14+00:00","mainEntityOfPage":{"@id":"https:\/\/www.gaveanews.com\/index.php\/2022\/11\/22\/brasil-tera-time-inedito-na-estreia-da-copa-do-mundo-veja-a-escalacao\/"},"wordCount":492,"commentCount":0,"image":{"@id":"https:\/\/www.gaveanews.com\/index.php\/2022\/11\/22\/brasil-tera-time-inedito-na-estreia-da-copa-do-mundo-veja-a-escalacao\/#primaryimage"},"thumbnailUrl":"https:\/\/www.gaveanews.com\/wp-content\/uploads\/Tite-tecnico-da-Selecao-Brasileira-em-entrevista-coletiva.webp","articleSection":["Flamengo"],"inLanguage":"pt-BR","potentialAction":[{"@type":"CommentAction","name":"Comment","target":["https:\/\/www.gaveanews.com\/index.php\/2022\/11\/22\/brasil-tera-time-inedito-na-estreia-da-copa-do-mundo-veja-a-escalacao\/#respond"]}],"copyrightYear":"2022","copyrightHolder":{"@id":"https:\/\/www.gaveanews.com\/#organization"}},{"@type":"WebPage","@id":"https:\/\/www.gaveanews.com\/index.php\/2022\/11\/22\/brasil-tera-time-inedito-na-estreia-da-copa-do-mundo-veja-a-escalacao\/","url":"https:\/\/www.gaveanews.com\/index.php\/2022\/11\/22\/brasil-tera-time-inedito-na-estreia-da-copa-do-mundo-veja-a-escalacao\/","name":"Brasil ter\u00e1 time in\u00e9dito na estreia da Copa do Mundo; veja a escala\u00e7\u00e3o","isPartOf":{"@id":"https:\/\/www.gaveanews.com\/#website"},"primaryImageOfPage":{"@id":"https:\/\/www.gaveanews.com\/index.php\/2022\/11\/22\/brasil-tera-time-inedito-na-estreia-da-copa-do-mundo-veja-a-escalacao\/#primaryimage"},"image":{"@id":"https:\/\/www.gaveanews.com\/index.php\/2022\/11\/22\/brasil-tera-time-inedito-na-estreia-da-copa-do-mundo-veja-a-escalacao\/#primaryimage"},"thumbnailUrl":"https:\/\/www.gaveanews.com\/wp-content\/uploads\/Tite-tecnico-da-Selecao-Brasileira-em-entrevista-coletiva.webp","datePublished":"2022-11-22T22:23:11+00:00","dateModified":"2022-11-22T22:23:14+00:00","author":{"@id":"https:\/\/www.gaveanews.com\/#\/schema\/person\/2ec14f73fb96be2caf28f91afb14749d"},"breadcrumb":{"@id":"https:\/\/www.gaveanews.com\/index.php\/2022\/11\/22\/brasil-tera-time-inedito-na-estreia-da-copa-do-mundo-veja-a-escalacao\/#breadcrumb"},"inLanguage":"pt-BR","potentialAction":[{"@type":"ReadAction","target":["https:\/\/www.gaveanews.com\/index.php\/2022\/11\/22\/brasil-tera-time-inedito-na-estreia-da-copa-do-mundo-veja-a-escalacao\/"]}]},{"@type":"ImageObject","inLanguage":"pt-BR","@id":"https:\/\/www.gaveanews.com\/index.php\/2022\/11\/22\/brasil-tera-time-inedito-na-estreia-da-copa-do-mundo-veja-a-escalacao\/#primaryimage","url":"https:\/\/www.gaveanews.com\/wp-content\/uploads\/Tite-tecnico-da-Selecao-Brasileira-em-entrevista-coletiva.webp","contentUrl":"https:\/\/www.gaveanews.com\/wp-content\/uploads\/Tite-tecnico-da-Selecao-Brasileira-em-entrevista-coletiva.webp","width":600,"height":400,"caption":"Tite, ex-t\u00e9cnico da Sele\u00e7\u00e3o Brasileira, em entrevista coletiva (Foto: Lucas Figueiredo\/CBF)"},{"@type":"BreadcrumbList","@id":"https:\/\/www.gaveanews.com\/index.php\/2022\/11\/22\/brasil-tera-time-inedito-na-estreia-da-copa-do-mundo-veja-a-escalacao\/#breadcrumb","itemListElement":[{"@type":"ListItem","position":1,"name":"Home","item":"https:\/\/www.gaveanews.com\/"},{"@type":"ListItem","position":2,"name":"Brasil ter\u00e1 time in\u00e9dito na estreia da Copa do Mundo; veja a escala\u00e7\u00e3o"}]},{"@type":"WebSite","@id":"https:\/\/www.gaveanews.com\/#website","url":"https:\/\/www.gaveanews.com\/","name":"G\u00e1vea News","description":"Veja todas as not\u00edcias sobre o Flamengo: Contrata\u00e7\u00f5es, categorias de base, resultados das partidas, tabela de classifica\u00e7\u00e3o, pr\u00f3ximos jogos!","potentialAction":[{"@type":"SearchAction","target":{"@type":"EntryPoint","urlTemplate":"https:\/\/www.gaveanews.com\/?s={search_term_string}"},"query-input":{"@type":"PropertyValueSpecification","valueRequired":true,"valueName":"search_term_string"}}],"inLanguage":"pt-BR"},{"@type":"Person","@id":"https:\/\/www.gaveanews.com\/#\/schema\/person\/2ec14f73fb96be2caf28f91afb14749d","name":"Equipe G\u00e1vea News","image":{"@type":"ImageObject","inLanguage":"pt-BR","@id":"https:\/\/www.gaveanews.com\/#\/schema\/person\/image\/","url":"https:\/\/secure.gravatar.com\/avatar\/1e1956f1facbffd3f8fa53a326721950116b3b9dc9bd44939c01180fd4a745a9?s=96&d=mm&r=g","contentUrl":"https:\/\/secure.gravatar.com\/avatar\/1e1956f1facbffd3f8fa53a326721950116b3b9dc9bd44939c01180fd4a745a9?s=96&d=mm&r=g","caption":"Equipe G\u00e1vea News"}}]}},"_links":{"self":[{"href":"https:\/\/www.gaveanews.com\/index.php\/wp-json\/wp\/v2\/posts\/91069","targetHints":{"allow":["GET"]}}],"collection":[{"href":"https:\/\/www.gaveanews.com\/index.php\/wp-json\/wp\/v2\/posts"}],"about":[{"href":"https:\/\/www.gaveanews.com\/index.php\/wp-json\/wp\/v2\/types\/post"}],"author":[{"embeddable":true,"href":"https:\/\/www.gaveanews.com\/index.php\/wp-json\/wp\/v2\/users\/1"}],"replies":[{"embeddable":true,"href":"https:\/\/www.gaveanews.com\/index.php\/wp-json\/wp\/v2\/comments?post=91069"}],"version-history":[{"count":0,"href":"https:\/\/www.gaveanews.com\/index.php\/wp-json\/wp\/v2\/posts\/91069\/revisions"}],"wp:featuredmedia":[{"embeddable":true,"href":"https:\/\/www.gaveanews.com\/index.php\/wp-json\/wp\/v2\/media\/87049"}],"wp:attachment":[{"href":"https:\/\/www.gaveanews.com\/index.php\/wp-json\/wp\/v2\/media?parent=91069"}],"wp:term":[{"taxonomy":"category","embeddable":true,"href":"https:\/\/www.gaveanews.com\/index.php\/wp-json\/wp\/v2\/categories?post=91069"},{"taxonomy":"post_tag","embeddable":true,"href":"https:\/\/www.gaveanews.com\/index.php\/wp-json\/wp\/v2\/tags?post=91069"}],"curies":[{"name":"wp","href":"https:\/\/api.w.org\/{rel}","templated":true}]}}