{"id":91086,"date":"2022-11-22T23:35:05","date_gmt":"2022-11-23T02:35:05","guid":{"rendered":"https:\/\/www.gaveanews.com\/?p=91086"},"modified":"2022-11-22T23:35:08","modified_gmt":"2022-11-23T02:35:08","slug":"paulo-sousa-vira-motivo-de-deboche-dentre-a-torcida-do-flamengo","status":"publish","type":"post","link":"https:\/\/www.gaveanews.com\/index.php\/2022\/11\/22\/paulo-sousa-vira-motivo-de-deboche-dentre-a-torcida-do-flamengo\/","title":{"rendered":"Paulo Sousa vira motivo de deboche dentre a torcida do Flamengo"},"content":{"rendered":"\n<p>O empate sem gols da Pol\u00f4nia com o M\u00e9xico, pelo Grupo C da Copa do Mundo do Qatar, fez alguns torcedores do Flamengo se lembrarem de forma bem-humorada do t\u00e9cnico Paulo Sousa. O portugu\u00eas deixou o comando da sele\u00e7\u00e3o polonesa para assumir o time rubro-negro, mas a passagem pela G\u00e1vea foi abaixo das expectativas. <\/p>\n\n\n\n<p>No duelo pelo Mundial, a sele\u00e7\u00e3o polonesa pouco conseguiu criar e ainda viu Lewandowski, astro do time, ter um p\u00eanalti defendido por Ochoa.<\/p>\n\n\n\n<p>&#8220;Minha solidariedade ao povo polon\u00eas por aguentar o tr\u00e1gico, triste e deprimente legado do sr. Paulo Sousa&#8221;, disse o usu\u00e1rio Wallace Borges, no Twitter. &#8220;Se a Pol\u00f4nia est\u00e1 na copa \u00e9 gra\u00e7as ao Flamengo. A gente ter tirado o Paulo Sousa de l\u00e1 garantiu a classifica\u00e7\u00e3o&#8221;, brincou o perfil &#8220;PoetasFla1&#8221;.<\/p>\n\n\n\n<p>Paulo Sousa foi anunciado em dezembro do ano passado, em acerto que s\u00f3 foi concretizado ap\u00f3s o treinador conseguir a ruptura de contrato com a federa\u00e7\u00e3o polonesa. Na ocasi\u00e3o, o adeus gerou cr\u00edticas, inclusive, de Lewandowski. O atacante disse que ficou &#8220;chocado e surpreso com a decis\u00e3o&#8221;.<\/p>\n\n\n\n<p>No Fla, por\u00e9m, os resultados n\u00e3o aconteceram. Ap\u00f3s a derrota para o Fluminense na final do Carioca, houve um forte protesto na porta do CT Ninho do Urubu. Em meio a uma oscila\u00e7\u00e3o da equipe em campo, iniciou-se um per\u00edodo de muita press\u00e3o, e que teve reflexos at\u00e9 mesmo na diretoria. O t\u00e9cnico acabou demitido em junho. Dorival J\u00fanior foi contratado pela vaga, e terminou a temporada com os t\u00edtulos da Copa do Brasil e Libertadores.<\/p>\n\n\n\n<p><strong>Veja abaixo algumas publica\u00e7\u00f5es:<\/strong><\/p>\n\n\n\n<figure class=\"wp-block-embed is-type-rich is-provider-twitter wp-block-embed-twitter\"><div class=\"wp-block-embed__wrapper\">\n<blockquote class=\"twitter-tweet\" data-width=\"550\" data-dnt=\"true\"><p lang=\"pt\" dir=\"ltr\">Minha solidariedade ao povo polon\u00eas por aguentar o tr\u00e1gico, triste e deprimente legado do sr Paulo Sousa.<\/p>&mdash; Wallace Borges (@wallace_borges9) <a href=\"https:\/\/twitter.com\/wallace_borges9\/status\/1595107232131448833?ref_src=twsrc%5Etfw\">November 22, 2022<\/a><\/blockquote><script async src=\"https:\/\/platform.twitter.com\/widgets.js\" charset=\"utf-8\"><\/script>\n<\/div><\/figure>\n\n\n\n<figure class=\"wp-block-embed is-type-rich is-provider-twitter wp-block-embed-twitter\"><div class=\"wp-block-embed__wrapper\">\n<blockquote class=\"twitter-tweet\" data-width=\"550\" data-dnt=\"true\"><p lang=\"pt\" dir=\"ltr\">Se a Pol\u00f4nia t\u00e1 na copa e gra\u00e7as ao Flamengo <br>A gente ter tirado o Paulo Sousa de l\u00e1 garantiu a classifica\u00e7\u00e3o<\/p>&mdash; Poetas (@poetasfla1) <a href=\"https:\/\/twitter.com\/poetasfla1\/status\/1595082913434959874?ref_src=twsrc%5Etfw\">November 22, 2022<\/a><\/blockquote><script async src=\"https:\/\/platform.twitter.com\/widgets.js\" charset=\"utf-8\"><\/script>\n<\/div><\/figure>\n\n\n\n<figure class=\"wp-block-embed is-type-rich is-provider-twitter wp-block-embed-twitter\"><div class=\"wp-block-embed__wrapper\">\n<blockquote class=\"twitter-tweet\" data-width=\"550\" data-dnt=\"true\"><p lang=\"pt\" dir=\"ltr\">Essa sele\u00e7\u00e3o da Pol\u00f4nia \u00e9 t\u00e3o ruim que parece que foi treinada pelo Paulo Sousa.<br>N\u00e3o, pera ae&#8230;pera ae&#8230;\ud83e\udd14<\/p>&mdash; RioFlaOcta \ud83c\udfc6 (@kleberl343) <a href=\"https:\/\/twitter.com\/kleberl343\/status\/1595111015825346561?ref_src=twsrc%5Etfw\">November 22, 2022<\/a><\/blockquote><script async src=\"https:\/\/platform.twitter.com\/widgets.js\" charset=\"utf-8\"><\/script>\n<\/div><\/figure>\n\n\n\n<figure class=\"wp-block-embed is-type-rich is-provider-twitter wp-block-embed-twitter\"><div class=\"wp-block-embed__wrapper\">\n<blockquote class=\"twitter-tweet\" data-width=\"550\" data-dnt=\"true\"><p lang=\"pt\" dir=\"ltr\">essa Pol\u00f4nia joga igual ao Flamengo de Paulo Sousa, parab\u00e9ns ao envolvido<\/p>&mdash; Evandro \ud83d\udd34\u26ab\ud83c\udfc6\ud83c\udfc6\ud83c\udfc6 (@Contreiras_Fla) <a href=\"https:\/\/twitter.com\/Contreiras_Fla\/status\/1595111276950454272?ref_src=twsrc%5Etfw\">November 22, 2022<\/a><\/blockquote><script async src=\"https:\/\/platform.twitter.com\/widgets.js\" charset=\"utf-8\"><\/script>\n<\/div><\/figure>\n\n\n\n<figure class=\"wp-block-embed is-type-rich is-provider-twitter wp-block-embed-twitter\"><div class=\"wp-block-embed__wrapper\">\nhttps:\/\/twitter.com\/fjunior\/status\/1595121382681034754\n<\/div><\/figure>\n\n\n\n<figure class=\"wp-block-embed is-type-rich is-provider-twitter wp-block-embed-twitter\"><div class=\"wp-block-embed__wrapper\">\n<blockquote class=\"twitter-tweet\" data-width=\"550\" data-dnt=\"true\"><p lang=\"pt\" dir=\"ltr\">Se o Paulo Sousa ainda fosse t\u00e9cnico da Pol\u00f4nia esse jogo seria diferente.<br><br>Estaria 3 a 0 M\u00e9xico<\/p>&mdash; Entre As Linhas \u26bd\ud83e\udd34\ud83c\udfff (@as_linhas) <a href=\"https:\/\/twitter.com\/as_linhas\/status\/1595112716930232320?ref_src=twsrc%5Etfw\">November 22, 2022<\/a><\/blockquote><script async src=\"https:\/\/platform.twitter.com\/widgets.js\" charset=\"utf-8\"><\/script>\n<\/div><\/figure>\n\n\n\n<figure class=\"wp-block-embed is-type-rich is-provider-twitter wp-block-embed-twitter\"><div class=\"wp-block-embed__wrapper\">\n<blockquote class=\"twitter-tweet\" data-width=\"550\" data-dnt=\"true\"><p lang=\"pt\" dir=\"ltr\">A sele\u00e7\u00e3o da Pol\u00f4nia \u00e9 muito ruim, mas lembrem-se, ela era treinada pelo Paulo Sousa, imagina a\u00ed.<\/p>&mdash; Raffa Silva (@Silv4Raffa) <a href=\"https:\/\/twitter.com\/Silv4Raffa\/status\/1595116136500457474?ref_src=twsrc%5Etfw\">November 22, 2022<\/a><\/blockquote><script async src=\"https:\/\/platform.twitter.com\/widgets.js\" charset=\"utf-8\"><\/script>\n<\/div><\/figure>\n\n\n\n<figure class=\"wp-block-embed is-type-rich is-provider-twitter wp-block-embed-twitter\"><div class=\"wp-block-embed__wrapper\">\n<blockquote class=\"twitter-tweet\" data-width=\"550\" data-dnt=\"true\"><p lang=\"pt\" dir=\"ltr\">Se a sele\u00e7\u00e3o polaca \u00e9 ruim assim imagina como era com professor Paulo Sousa<\/p>&mdash; Sidney (@Sihdney) <a href=\"https:\/\/twitter.com\/Sihdney\/status\/1595110293231013888?ref_src=twsrc%5Etfw\">November 22, 2022<\/a><\/blockquote><script async src=\"https:\/\/platform.twitter.com\/widgets.js\" charset=\"utf-8\"><\/script>\n<\/div><\/figure>\n\n\n\n<p>Retirado de: UOL<\/p>\n","protected":false},"excerpt":{"rendered":"<p>O empate sem gols da Pol\u00f4nia com o M\u00e9xico, pelo Grupo C da Copa do Mundo do Qatar, fez alguns torcedores do Flamengo se lembrarem de forma bem-humorada do t\u00e9cnico Paulo Sousa. O portugu\u00eas deixou o comando da sele\u00e7\u00e3o polonesa para assumir o time rubro-negro, mas a passagem pela G\u00e1vea foi abaixo das expectativas. No [&hellip;]<\/p>\n","protected":false},"author":1,"featured_media":81346,"comment_status":"open","ping_status":"closed","sticky":false,"template":"","format":"standard","meta":{"footnotes":""},"categories":[1],"tags":[],"class_list":["post-91086","post","type-post","status-publish","format-standard","has-post-thumbnail","hentry","category-flamengo"],"yoast_head":"<!-- This site is optimized with the Yoast SEO Premium plugin v24.2 (Yoast SEO v26.9) - https:\/\/yoast.com\/product\/yoast-seo-premium-wordpress\/ -->\n<title>Paulo Sousa vira motivo de deboche dentre a torcida do Flamengo<\/title>\n<meta name=\"robots\" content=\"index, follow, max-snippet:-1, max-image-preview:large, max-video-preview:-1\" \/>\n<link rel=\"canonical\" href=\"https:\/\/www.gaveanews.com\/index.php\/2022\/11\/22\/paulo-sousa-vira-motivo-de-deboche-dentre-a-torcida-do-flamengo\/\" \/>\n<meta property=\"og:locale\" content=\"pt_BR\" \/>\n<meta property=\"og:type\" content=\"article\" \/>\n<meta property=\"og:title\" content=\"Paulo Sousa vira motivo de deboche dentre a torcida do Flamengo\" \/>\n<meta property=\"og:description\" content=\"O empate sem gols da Pol\u00f4nia com o M\u00e9xico, pelo Grupo C da Copa do Mundo do Qatar, fez alguns torcedores do Flamengo se lembrarem de forma bem-humorada do t\u00e9cnico Paulo Sousa. O portugu\u00eas deixou o comando da sele\u00e7\u00e3o polonesa para assumir o time rubro-negro, mas a passagem pela G\u00e1vea foi abaixo das expectativas. No [&hellip;]\" \/>\n<meta property=\"og:url\" content=\"https:\/\/www.gaveanews.com\/index.php\/2022\/11\/22\/paulo-sousa-vira-motivo-de-deboche-dentre-a-torcida-do-flamengo\/\" \/>\n<meta property=\"og:site_name\" content=\"G\u00e1vea News\" \/>\n<meta property=\"article:publisher\" content=\"https:\/\/facebook.com\/gaveaNews\/\" \/>\n<meta property=\"article:published_time\" content=\"2022-11-23T02:35:05+00:00\" \/>\n<meta property=\"article:modified_time\" content=\"2022-11-23T02:35:08+00:00\" \/>\n<meta property=\"og:image\" content=\"https:\/\/www.gaveanews.com\/wp-content\/uploads\/Paulo-Sousa-e-Dr.-Marcio-Tannure-em-treino-do-Flamengo.webp\" \/>\n\t<meta property=\"og:image:width\" content=\"640\" \/>\n\t<meta property=\"og:image:height\" content=\"400\" \/>\n\t<meta property=\"og:image:type\" content=\"image\/webp\" \/>\n<meta name=\"author\" content=\"Equipe G\u00e1vea News\" \/>\n<meta name=\"twitter:card\" content=\"summary_large_image\" \/>\n<meta name=\"twitter:label1\" content=\"Escrito por\" \/>\n\t<meta name=\"twitter:data1\" content=\"Equipe G\u00e1vea News\" \/>\n\t<meta name=\"twitter:label2\" content=\"Est. tempo de leitura\" \/>\n\t<meta name=\"twitter:data2\" content=\"2 minutos\" \/>\n<script type=\"application\/ld+json\" class=\"yoast-schema-graph\">{\"@context\":\"https:\/\/schema.org\",\"@graph\":[{\"@type\":\"NewsArticle\",\"@id\":\"https:\/\/www.gaveanews.com\/index.php\/2022\/11\/22\/paulo-sousa-vira-motivo-de-deboche-dentre-a-torcida-do-flamengo\/#article\",\"isPartOf\":{\"@id\":\"https:\/\/www.gaveanews.com\/index.php\/2022\/11\/22\/paulo-sousa-vira-motivo-de-deboche-dentre-a-torcida-do-flamengo\/\"},\"author\":{\"name\":\"Equipe G\u00e1vea News\",\"@id\":\"https:\/\/www.gaveanews.com\/#\/schema\/person\/2ec14f73fb96be2caf28f91afb14749d\"},\"headline\":\"Paulo Sousa vira motivo de deboche dentre a torcida do Flamengo\",\"datePublished\":\"2022-11-23T02:35:05+00:00\",\"dateModified\":\"2022-11-23T02:35:08+00:00\",\"mainEntityOfPage\":{\"@id\":\"https:\/\/www.gaveanews.com\/index.php\/2022\/11\/22\/paulo-sousa-vira-motivo-de-deboche-dentre-a-torcida-do-flamengo\/\"},\"wordCount\":356,\"commentCount\":0,\"image\":{\"@id\":\"https:\/\/www.gaveanews.com\/index.php\/2022\/11\/22\/paulo-sousa-vira-motivo-de-deboche-dentre-a-torcida-do-flamengo\/#primaryimage\"},\"thumbnailUrl\":\"https:\/\/www.gaveanews.com\/wp-content\/uploads\/Paulo-Sousa-e-Dr.-Marcio-Tannure-em-treino-do-Flamengo.webp\",\"articleSection\":[\"Flamengo\"],\"inLanguage\":\"pt-BR\",\"potentialAction\":[{\"@type\":\"CommentAction\",\"name\":\"Comment\",\"target\":[\"https:\/\/www.gaveanews.com\/index.php\/2022\/11\/22\/paulo-sousa-vira-motivo-de-deboche-dentre-a-torcida-do-flamengo\/#respond\"]}],\"copyrightYear\":\"2022\",\"copyrightHolder\":{\"@id\":\"https:\/\/www.gaveanews.com\/#organization\"}},{\"@type\":\"WebPage\",\"@id\":\"https:\/\/www.gaveanews.com\/index.php\/2022\/11\/22\/paulo-sousa-vira-motivo-de-deboche-dentre-a-torcida-do-flamengo\/\",\"url\":\"https:\/\/www.gaveanews.com\/index.php\/2022\/11\/22\/paulo-sousa-vira-motivo-de-deboche-dentre-a-torcida-do-flamengo\/\",\"name\":\"Paulo Sousa vira motivo de deboche dentre a torcida do Flamengo\",\"isPartOf\":{\"@id\":\"https:\/\/www.gaveanews.com\/#website\"},\"primaryImageOfPage\":{\"@id\":\"https:\/\/www.gaveanews.com\/index.php\/2022\/11\/22\/paulo-sousa-vira-motivo-de-deboche-dentre-a-torcida-do-flamengo\/#primaryimage\"},\"image\":{\"@id\":\"https:\/\/www.gaveanews.com\/index.php\/2022\/11\/22\/paulo-sousa-vira-motivo-de-deboche-dentre-a-torcida-do-flamengo\/#primaryimage\"},\"thumbnailUrl\":\"https:\/\/www.gaveanews.com\/wp-content\/uploads\/Paulo-Sousa-e-Dr.-Marcio-Tannure-em-treino-do-Flamengo.webp\",\"datePublished\":\"2022-11-23T02:35:05+00:00\",\"dateModified\":\"2022-11-23T02:35:08+00:00\",\"author\":{\"@id\":\"https:\/\/www.gaveanews.com\/#\/schema\/person\/2ec14f73fb96be2caf28f91afb14749d\"},\"breadcrumb\":{\"@id\":\"https:\/\/www.gaveanews.com\/index.php\/2022\/11\/22\/paulo-sousa-vira-motivo-de-deboche-dentre-a-torcida-do-flamengo\/#breadcrumb\"},\"inLanguage\":\"pt-BR\",\"potentialAction\":[{\"@type\":\"ReadAction\",\"target\":[\"https:\/\/www.gaveanews.com\/index.php\/2022\/11\/22\/paulo-sousa-vira-motivo-de-deboche-dentre-a-torcida-do-flamengo\/\"]}]},{\"@type\":\"ImageObject\",\"inLanguage\":\"pt-BR\",\"@id\":\"https:\/\/www.gaveanews.com\/index.php\/2022\/11\/22\/paulo-sousa-vira-motivo-de-deboche-dentre-a-torcida-do-flamengo\/#primaryimage\",\"url\":\"https:\/\/www.gaveanews.com\/wp-content\/uploads\/Paulo-Sousa-e-Dr.-Marcio-Tannure-em-treino-do-Flamengo.webp\",\"contentUrl\":\"https:\/\/www.gaveanews.com\/wp-content\/uploads\/Paulo-Sousa-e-Dr.-Marcio-Tannure-em-treino-do-Flamengo.webp\",\"width\":640,\"height\":400,\"caption\":\"Paulo Sousa e Dr. Marcio Tannure em treino do Flamengo (Foto: Marcelo Cortes\/Flamengo)\"},{\"@type\":\"BreadcrumbList\",\"@id\":\"https:\/\/www.gaveanews.com\/index.php\/2022\/11\/22\/paulo-sousa-vira-motivo-de-deboche-dentre-a-torcida-do-flamengo\/#breadcrumb\",\"itemListElement\":[{\"@type\":\"ListItem\",\"position\":1,\"name\":\"Home\",\"item\":\"https:\/\/www.gaveanews.com\/\"},{\"@type\":\"ListItem\",\"position\":2,\"name\":\"Paulo Sousa vira motivo de deboche dentre a torcida do Flamengo\"}]},{\"@type\":\"WebSite\",\"@id\":\"https:\/\/www.gaveanews.com\/#website\",\"url\":\"https:\/\/www.gaveanews.com\/\",\"name\":\"G\u00e1vea News\",\"description\":\"Veja todas as not\u00edcias sobre o Flamengo: Contrata\u00e7\u00f5es, categorias de base, resultados das partidas, tabela de classifica\u00e7\u00e3o, pr\u00f3ximos jogos!\",\"potentialAction\":[{\"@type\":\"SearchAction\",\"target\":{\"@type\":\"EntryPoint\",\"urlTemplate\":\"https:\/\/www.gaveanews.com\/?s={search_term_string}\"},\"query-input\":{\"@type\":\"PropertyValueSpecification\",\"valueRequired\":true,\"valueName\":\"search_term_string\"}}],\"inLanguage\":\"pt-BR\"},{\"@type\":\"Person\",\"@id\":\"https:\/\/www.gaveanews.com\/#\/schema\/person\/2ec14f73fb96be2caf28f91afb14749d\",\"name\":\"Equipe G\u00e1vea News\",\"image\":{\"@type\":\"ImageObject\",\"inLanguage\":\"pt-BR\",\"@id\":\"https:\/\/www.gaveanews.com\/#\/schema\/person\/image\/\",\"url\":\"https:\/\/secure.gravatar.com\/avatar\/1e1956f1facbffd3f8fa53a326721950116b3b9dc9bd44939c01180fd4a745a9?s=96&d=mm&r=g\",\"contentUrl\":\"https:\/\/secure.gravatar.com\/avatar\/1e1956f1facbffd3f8fa53a326721950116b3b9dc9bd44939c01180fd4a745a9?s=96&d=mm&r=g\",\"caption\":\"Equipe G\u00e1vea News\"}}]}<\/script>\n<!-- \/ Yoast SEO Premium plugin. -->","yoast_head_json":{"title":"Paulo Sousa vira motivo de deboche dentre a torcida do Flamengo","robots":{"index":"index","follow":"follow","max-snippet":"max-snippet:-1","max-image-preview":"max-image-preview:large","max-video-preview":"max-video-preview:-1"},"canonical":"https:\/\/www.gaveanews.com\/index.php\/2022\/11\/22\/paulo-sousa-vira-motivo-de-deboche-dentre-a-torcida-do-flamengo\/","og_locale":"pt_BR","og_type":"article","og_title":"Paulo Sousa vira motivo de deboche dentre a torcida do Flamengo","og_description":"O empate sem gols da Pol\u00f4nia com o M\u00e9xico, pelo Grupo C da Copa do Mundo do Qatar, fez alguns torcedores do Flamengo se lembrarem de forma bem-humorada do t\u00e9cnico Paulo Sousa. O portugu\u00eas deixou o comando da sele\u00e7\u00e3o polonesa para assumir o time rubro-negro, mas a passagem pela G\u00e1vea foi abaixo das expectativas. No [&hellip;]","og_url":"https:\/\/www.gaveanews.com\/index.php\/2022\/11\/22\/paulo-sousa-vira-motivo-de-deboche-dentre-a-torcida-do-flamengo\/","og_site_name":"G\u00e1vea News","article_publisher":"https:\/\/facebook.com\/gaveaNews\/","article_published_time":"2022-11-23T02:35:05+00:00","article_modified_time":"2022-11-23T02:35:08+00:00","og_image":[{"width":640,"height":400,"url":"https:\/\/www.gaveanews.com\/wp-content\/uploads\/Paulo-Sousa-e-Dr.-Marcio-Tannure-em-treino-do-Flamengo.webp","type":"image\/webp"}],"author":"Equipe G\u00e1vea News","twitter_card":"summary_large_image","twitter_misc":{"Escrito por":"Equipe G\u00e1vea News","Est. tempo de leitura":"2 minutos"},"schema":{"@context":"https:\/\/schema.org","@graph":[{"@type":"NewsArticle","@id":"https:\/\/www.gaveanews.com\/index.php\/2022\/11\/22\/paulo-sousa-vira-motivo-de-deboche-dentre-a-torcida-do-flamengo\/#article","isPartOf":{"@id":"https:\/\/www.gaveanews.com\/index.php\/2022\/11\/22\/paulo-sousa-vira-motivo-de-deboche-dentre-a-torcida-do-flamengo\/"},"author":{"name":"Equipe G\u00e1vea News","@id":"https:\/\/www.gaveanews.com\/#\/schema\/person\/2ec14f73fb96be2caf28f91afb14749d"},"headline":"Paulo Sousa vira motivo de deboche dentre a torcida do Flamengo","datePublished":"2022-11-23T02:35:05+00:00","dateModified":"2022-11-23T02:35:08+00:00","mainEntityOfPage":{"@id":"https:\/\/www.gaveanews.com\/index.php\/2022\/11\/22\/paulo-sousa-vira-motivo-de-deboche-dentre-a-torcida-do-flamengo\/"},"wordCount":356,"commentCount":0,"image":{"@id":"https:\/\/www.gaveanews.com\/index.php\/2022\/11\/22\/paulo-sousa-vira-motivo-de-deboche-dentre-a-torcida-do-flamengo\/#primaryimage"},"thumbnailUrl":"https:\/\/www.gaveanews.com\/wp-content\/uploads\/Paulo-Sousa-e-Dr.-Marcio-Tannure-em-treino-do-Flamengo.webp","articleSection":["Flamengo"],"inLanguage":"pt-BR","potentialAction":[{"@type":"CommentAction","name":"Comment","target":["https:\/\/www.gaveanews.com\/index.php\/2022\/11\/22\/paulo-sousa-vira-motivo-de-deboche-dentre-a-torcida-do-flamengo\/#respond"]}],"copyrightYear":"2022","copyrightHolder":{"@id":"https:\/\/www.gaveanews.com\/#organization"}},{"@type":"WebPage","@id":"https:\/\/www.gaveanews.com\/index.php\/2022\/11\/22\/paulo-sousa-vira-motivo-de-deboche-dentre-a-torcida-do-flamengo\/","url":"https:\/\/www.gaveanews.com\/index.php\/2022\/11\/22\/paulo-sousa-vira-motivo-de-deboche-dentre-a-torcida-do-flamengo\/","name":"Paulo Sousa vira motivo de deboche dentre a torcida do Flamengo","isPartOf":{"@id":"https:\/\/www.gaveanews.com\/#website"},"primaryImageOfPage":{"@id":"https:\/\/www.gaveanews.com\/index.php\/2022\/11\/22\/paulo-sousa-vira-motivo-de-deboche-dentre-a-torcida-do-flamengo\/#primaryimage"},"image":{"@id":"https:\/\/www.gaveanews.com\/index.php\/2022\/11\/22\/paulo-sousa-vira-motivo-de-deboche-dentre-a-torcida-do-flamengo\/#primaryimage"},"thumbnailUrl":"https:\/\/www.gaveanews.com\/wp-content\/uploads\/Paulo-Sousa-e-Dr.-Marcio-Tannure-em-treino-do-Flamengo.webp","datePublished":"2022-11-23T02:35:05+00:00","dateModified":"2022-11-23T02:35:08+00:00","author":{"@id":"https:\/\/www.gaveanews.com\/#\/schema\/person\/2ec14f73fb96be2caf28f91afb14749d"},"breadcrumb":{"@id":"https:\/\/www.gaveanews.com\/index.php\/2022\/11\/22\/paulo-sousa-vira-motivo-de-deboche-dentre-a-torcida-do-flamengo\/#breadcrumb"},"inLanguage":"pt-BR","potentialAction":[{"@type":"ReadAction","target":["https:\/\/www.gaveanews.com\/index.php\/2022\/11\/22\/paulo-sousa-vira-motivo-de-deboche-dentre-a-torcida-do-flamengo\/"]}]},{"@type":"ImageObject","inLanguage":"pt-BR","@id":"https:\/\/www.gaveanews.com\/index.php\/2022\/11\/22\/paulo-sousa-vira-motivo-de-deboche-dentre-a-torcida-do-flamengo\/#primaryimage","url":"https:\/\/www.gaveanews.com\/wp-content\/uploads\/Paulo-Sousa-e-Dr.-Marcio-Tannure-em-treino-do-Flamengo.webp","contentUrl":"https:\/\/www.gaveanews.com\/wp-content\/uploads\/Paulo-Sousa-e-Dr.-Marcio-Tannure-em-treino-do-Flamengo.webp","width":640,"height":400,"caption":"Paulo Sousa e Dr. Marcio Tannure em treino do Flamengo (Foto: Marcelo Cortes\/Flamengo)"},{"@type":"BreadcrumbList","@id":"https:\/\/www.gaveanews.com\/index.php\/2022\/11\/22\/paulo-sousa-vira-motivo-de-deboche-dentre-a-torcida-do-flamengo\/#breadcrumb","itemListElement":[{"@type":"ListItem","position":1,"name":"Home","item":"https:\/\/www.gaveanews.com\/"},{"@type":"ListItem","position":2,"name":"Paulo Sousa vira motivo de deboche dentre a torcida do Flamengo"}]},{"@type":"WebSite","@id":"https:\/\/www.gaveanews.com\/#website","url":"https:\/\/www.gaveanews.com\/","name":"G\u00e1vea News","description":"Veja todas as not\u00edcias sobre o Flamengo: Contrata\u00e7\u00f5es, categorias de base, resultados das partidas, tabela de classifica\u00e7\u00e3o, pr\u00f3ximos jogos!","potentialAction":[{"@type":"SearchAction","target":{"@type":"EntryPoint","urlTemplate":"https:\/\/www.gaveanews.com\/?s={search_term_string}"},"query-input":{"@type":"PropertyValueSpecification","valueRequired":true,"valueName":"search_term_string"}}],"inLanguage":"pt-BR"},{"@type":"Person","@id":"https:\/\/www.gaveanews.com\/#\/schema\/person\/2ec14f73fb96be2caf28f91afb14749d","name":"Equipe G\u00e1vea News","image":{"@type":"ImageObject","inLanguage":"pt-BR","@id":"https:\/\/www.gaveanews.com\/#\/schema\/person\/image\/","url":"https:\/\/secure.gravatar.com\/avatar\/1e1956f1facbffd3f8fa53a326721950116b3b9dc9bd44939c01180fd4a745a9?s=96&d=mm&r=g","contentUrl":"https:\/\/secure.gravatar.com\/avatar\/1e1956f1facbffd3f8fa53a326721950116b3b9dc9bd44939c01180fd4a745a9?s=96&d=mm&r=g","caption":"Equipe G\u00e1vea News"}}]}},"_links":{"self":[{"href":"https:\/\/www.gaveanews.com\/index.php\/wp-json\/wp\/v2\/posts\/91086","targetHints":{"allow":["GET"]}}],"collection":[{"href":"https:\/\/www.gaveanews.com\/index.php\/wp-json\/wp\/v2\/posts"}],"about":[{"href":"https:\/\/www.gaveanews.com\/index.php\/wp-json\/wp\/v2\/types\/post"}],"author":[{"embeddable":true,"href":"https:\/\/www.gaveanews.com\/index.php\/wp-json\/wp\/v2\/users\/1"}],"replies":[{"embeddable":true,"href":"https:\/\/www.gaveanews.com\/index.php\/wp-json\/wp\/v2\/comments?post=91086"}],"version-history":[{"count":0,"href":"https:\/\/www.gaveanews.com\/index.php\/wp-json\/wp\/v2\/posts\/91086\/revisions"}],"wp:featuredmedia":[{"embeddable":true,"href":"https:\/\/www.gaveanews.com\/index.php\/wp-json\/wp\/v2\/media\/81346"}],"wp:attachment":[{"href":"https:\/\/www.gaveanews.com\/index.php\/wp-json\/wp\/v2\/media?parent=91086"}],"wp:term":[{"taxonomy":"category","embeddable":true,"href":"https:\/\/www.gaveanews.com\/index.php\/wp-json\/wp\/v2\/categories?post=91086"},{"taxonomy":"post_tag","embeddable":true,"href":"https:\/\/www.gaveanews.com\/index.php\/wp-json\/wp\/v2\/tags?post=91086"}],"curies":[{"name":"wp","href":"https:\/\/api.w.org\/{rel}","templated":true}]}}