{"id":91089,"date":"2022-11-22T23:38:18","date_gmt":"2022-11-23T02:38:18","guid":{"rendered":"https:\/\/www.gaveanews.com\/?p=91089"},"modified":"2022-11-22T23:38:27","modified_gmt":"2022-11-23T02:38:27","slug":"rodinei-brilha-no-flamengo-e-sera-protagonista-de-comercial-voltado-a-copa-do-mundo","status":"publish","type":"post","link":"https:\/\/www.gaveanews.com\/index.php\/2022\/11\/22\/rodinei-brilha-no-flamengo-e-sera-protagonista-de-comercial-voltado-a-copa-do-mundo\/","title":{"rendered":"Rodinei brilha no Flamengo e ser\u00e1 protagonista de comercial voltado para a Copa do Mundo"},"content":{"rendered":"\n<p>Rodinei teve um 2022 de destaque no Flamengo. As boas atua\u00e7\u00f5es nos t\u00edtulos da Libertadores e da Copa do Brasil lhe renderam elogios, uma vaga na pr\u00e9-lista da sele\u00e7\u00e3o brasileira para a Copa do Mundo e muitas sondagens de clubes do pa\u00eds e do exterior. Tanta exposi\u00e7\u00e3o na m\u00eddia despertou o interesse do mercado publicit\u00e1rio, que cobi\u00e7a o jogador para ser garoto-propaganda. O lateral direito j\u00e1 fechou com uma do ramo de fast food e engatilhou acordo com uma empresa do ramo de entretenimento. As demais est\u00e3o em negocia\u00e7\u00e3o.<\/p>\n\n\n\n<p>Rodinei estrelar\u00e1 a campanha da rede de comida \u00e1rabe &#8220;Habib&#8217;s&#8221; para a Copa do Qatar. A a\u00e7\u00e3o tem como gancho o fato de ele n\u00e3o ter ido para o Mundial, o que o far\u00e1 acompanhar a competi\u00e7\u00e3o em casa como os outros torcedores. Em cima disso, a empresa lan\u00e7ar\u00e1 esfihas exclusivas de pa\u00edses que n\u00e3o foram para o torneio.<\/p>\n\n\n\n<p><em>\u2014 Essa temporada posso considerar que foi uma das melhores da minha vida, tanto dentro de campo, quanto fora dele. Estou recebendo muitas propostas comerciais, j\u00e1 participei de algumas campanhas publicit\u00e1rias e fico muito feliz de ver o meu nome sendo valorizado pelas marcas<\/em>, disse Rodinei ao UOL Esporte.<\/p>\n\n\n\n<p>Al\u00e9m do destaque em campo, o lateral direito tem chamado a aten\u00e7\u00e3o do mercado publicit\u00e1rio por conta de seu estilo irreverente e a facilidade para dialogar com o p\u00fablico das redes sociais.<\/p>\n\n\n\n<p><em>\u2014 Ter a possibilidade de bater o p\u00eanalti decisivo da Copa do Brasil e de ter participado da campanha hist\u00f3rica da Libertadores foi muito marcante para mim. Tenho recebido um carinho grande de muitos torcedores, n\u00e3o s\u00f3 dos flamenguistas. E recebido muitos convites de marcas para estrelar comerciais e fazer publicidade. O convite do Habib&#8217;s \u00e9 uma oportunidade de juntar a minha torcida pelo Brasil com a minha paix\u00e3o por esfihas<\/em>, disse o lateral.<\/p>\n\n\n\n<p>Na campanha para a rede de fast food, Rodinei contou com o aux\u00edlio de sua assessoria de imprensa e comercial, a C2 Sports, e a CMB Assessoria &amp; Branding.<\/p>\n\n\n\n<h2 class=\"wp-block-heading\" id=\"h-saida-do-flamengo\">Sa\u00edda do Flamengo<\/h2>\n\n\n\n<p>Embora seus agentes j\u00e1 tenham conversado com o Flamengo sobre a possibilidade de renova\u00e7\u00e3o, a tend\u00eancia \u00e9 a de que Rodinei n\u00e3o fique no clube para 2023. Ele possui propostas do Brasil e do exterior, e tem analisado junto ao seu estafe as melhores possibilidades.<\/p>\n\n\n\n<p>Apesar de nutrir muito carinho por tudo o que viveu e conquistou no Rubro-Negro durante seis temporadas, Rodinei entende que \u00e9 a hora de &#8220;respirar novos ares&#8221; ap\u00f3s um desfecho emblem\u00e1tico com as conquistas recentes.<\/p>\n\n\n\n<p>Retirado de: UOL<\/p>\n","protected":false},"excerpt":{"rendered":"<p>Rodinei teve um 2022 de destaque no Flamengo. As boas atua\u00e7\u00f5es nos t\u00edtulos da Libertadores e da Copa do Brasil lhe renderam elogios, uma vaga na pr\u00e9-lista da sele\u00e7\u00e3o brasileira para a Copa do Mundo e muitas sondagens de clubes do pa\u00eds e do exterior. Tanta exposi\u00e7\u00e3o na m\u00eddia despertou o interesse do mercado publicit\u00e1rio, [&hellip;]<\/p>\n","protected":false},"author":1,"featured_media":84409,"comment_status":"open","ping_status":"closed","sticky":false,"template":"","format":"standard","meta":{"footnotes":""},"categories":[1],"tags":[],"class_list":["post-91089","post","type-post","status-publish","format-standard","has-post-thumbnail","hentry","category-flamengo"],"yoast_head":"<!-- This site is optimized with the Yoast SEO Premium plugin v24.2 (Yoast SEO v26.9) - https:\/\/yoast.com\/product\/yoast-seo-premium-wordpress\/ -->\n<title>Rodinei brilha no Flamengo e ser\u00e1 protagonista de comercial voltado para a Copa do Mundo<\/title>\n<meta name=\"robots\" content=\"index, follow, max-snippet:-1, max-image-preview:large, max-video-preview:-1\" \/>\n<link rel=\"canonical\" href=\"https:\/\/www.gaveanews.com\/index.php\/2022\/11\/22\/rodinei-brilha-no-flamengo-e-sera-protagonista-de-comercial-voltado-a-copa-do-mundo\/\" \/>\n<meta property=\"og:locale\" content=\"pt_BR\" \/>\n<meta property=\"og:type\" content=\"article\" \/>\n<meta property=\"og:title\" content=\"Rodinei brilha no Flamengo e ser\u00e1 protagonista de comercial voltado para a Copa do Mundo\" \/>\n<meta property=\"og:description\" content=\"Rodinei teve um 2022 de destaque no Flamengo. As boas atua\u00e7\u00f5es nos t\u00edtulos da Libertadores e da Copa do Brasil lhe renderam elogios, uma vaga na pr\u00e9-lista da sele\u00e7\u00e3o brasileira para a Copa do Mundo e muitas sondagens de clubes do pa\u00eds e do exterior. Tanta exposi\u00e7\u00e3o na m\u00eddia despertou o interesse do mercado publicit\u00e1rio, [&hellip;]\" \/>\n<meta property=\"og:url\" content=\"https:\/\/www.gaveanews.com\/index.php\/2022\/11\/22\/rodinei-brilha-no-flamengo-e-sera-protagonista-de-comercial-voltado-a-copa-do-mundo\/\" \/>\n<meta property=\"og:site_name\" content=\"G\u00e1vea News\" \/>\n<meta property=\"article:publisher\" content=\"https:\/\/facebook.com\/gaveaNews\/\" \/>\n<meta property=\"article:published_time\" content=\"2022-11-23T02:38:18+00:00\" \/>\n<meta property=\"article:modified_time\" content=\"2022-11-23T02:38:27+00:00\" \/>\n<meta property=\"og:image\" content=\"https:\/\/www.gaveanews.com\/wp-content\/uploads\/Rodinei-em-jogo-do-Flamengo-contra-o-Tolima-pela-Libertadores.webp\" \/>\n\t<meta property=\"og:image:width\" content=\"800\" \/>\n\t<meta property=\"og:image:height\" content=\"533\" \/>\n\t<meta property=\"og:image:type\" content=\"image\/jpeg\" \/>\n<meta name=\"author\" content=\"Equipe G\u00e1vea News\" \/>\n<meta name=\"twitter:card\" content=\"summary_large_image\" \/>\n<meta name=\"twitter:label1\" content=\"Escrito por\" \/>\n\t<meta name=\"twitter:data1\" content=\"Equipe G\u00e1vea News\" \/>\n\t<meta name=\"twitter:label2\" content=\"Est. tempo de leitura\" \/>\n\t<meta name=\"twitter:data2\" content=\"3 minutos\" \/>\n<script type=\"application\/ld+json\" class=\"yoast-schema-graph\">{\"@context\":\"https:\/\/schema.org\",\"@graph\":[{\"@type\":\"NewsArticle\",\"@id\":\"https:\/\/www.gaveanews.com\/index.php\/2022\/11\/22\/rodinei-brilha-no-flamengo-e-sera-protagonista-de-comercial-voltado-a-copa-do-mundo\/#article\",\"isPartOf\":{\"@id\":\"https:\/\/www.gaveanews.com\/index.php\/2022\/11\/22\/rodinei-brilha-no-flamengo-e-sera-protagonista-de-comercial-voltado-a-copa-do-mundo\/\"},\"author\":{\"name\":\"Equipe G\u00e1vea News\",\"@id\":\"https:\/\/www.gaveanews.com\/#\/schema\/person\/2ec14f73fb96be2caf28f91afb14749d\"},\"headline\":\"Rodinei brilha no Flamengo e ser\u00e1 protagonista de comercial voltado para a Copa do Mundo\",\"datePublished\":\"2022-11-23T02:38:18+00:00\",\"dateModified\":\"2022-11-23T02:38:27+00:00\",\"mainEntityOfPage\":{\"@id\":\"https:\/\/www.gaveanews.com\/index.php\/2022\/11\/22\/rodinei-brilha-no-flamengo-e-sera-protagonista-de-comercial-voltado-a-copa-do-mundo\/\"},\"wordCount\":461,\"commentCount\":0,\"image\":{\"@id\":\"https:\/\/www.gaveanews.com\/index.php\/2022\/11\/22\/rodinei-brilha-no-flamengo-e-sera-protagonista-de-comercial-voltado-a-copa-do-mundo\/#primaryimage\"},\"thumbnailUrl\":\"https:\/\/www.gaveanews.com\/wp-content\/uploads\/Rodinei-em-jogo-do-Flamengo-contra-o-Tolima-pela-Libertadores.webp\",\"articleSection\":[\"Flamengo\"],\"inLanguage\":\"pt-BR\",\"potentialAction\":[{\"@type\":\"CommentAction\",\"name\":\"Comment\",\"target\":[\"https:\/\/www.gaveanews.com\/index.php\/2022\/11\/22\/rodinei-brilha-no-flamengo-e-sera-protagonista-de-comercial-voltado-a-copa-do-mundo\/#respond\"]}],\"copyrightYear\":\"2022\",\"copyrightHolder\":{\"@id\":\"https:\/\/www.gaveanews.com\/#organization\"}},{\"@type\":\"WebPage\",\"@id\":\"https:\/\/www.gaveanews.com\/index.php\/2022\/11\/22\/rodinei-brilha-no-flamengo-e-sera-protagonista-de-comercial-voltado-a-copa-do-mundo\/\",\"url\":\"https:\/\/www.gaveanews.com\/index.php\/2022\/11\/22\/rodinei-brilha-no-flamengo-e-sera-protagonista-de-comercial-voltado-a-copa-do-mundo\/\",\"name\":\"Rodinei brilha no Flamengo e ser\u00e1 protagonista de comercial voltado para a Copa do Mundo\",\"isPartOf\":{\"@id\":\"https:\/\/www.gaveanews.com\/#website\"},\"primaryImageOfPage\":{\"@id\":\"https:\/\/www.gaveanews.com\/index.php\/2022\/11\/22\/rodinei-brilha-no-flamengo-e-sera-protagonista-de-comercial-voltado-a-copa-do-mundo\/#primaryimage\"},\"image\":{\"@id\":\"https:\/\/www.gaveanews.com\/index.php\/2022\/11\/22\/rodinei-brilha-no-flamengo-e-sera-protagonista-de-comercial-voltado-a-copa-do-mundo\/#primaryimage\"},\"thumbnailUrl\":\"https:\/\/www.gaveanews.com\/wp-content\/uploads\/Rodinei-em-jogo-do-Flamengo-contra-o-Tolima-pela-Libertadores.webp\",\"datePublished\":\"2022-11-23T02:38:18+00:00\",\"dateModified\":\"2022-11-23T02:38:27+00:00\",\"author\":{\"@id\":\"https:\/\/www.gaveanews.com\/#\/schema\/person\/2ec14f73fb96be2caf28f91afb14749d\"},\"breadcrumb\":{\"@id\":\"https:\/\/www.gaveanews.com\/index.php\/2022\/11\/22\/rodinei-brilha-no-flamengo-e-sera-protagonista-de-comercial-voltado-a-copa-do-mundo\/#breadcrumb\"},\"inLanguage\":\"pt-BR\",\"potentialAction\":[{\"@type\":\"ReadAction\",\"target\":[\"https:\/\/www.gaveanews.com\/index.php\/2022\/11\/22\/rodinei-brilha-no-flamengo-e-sera-protagonista-de-comercial-voltado-a-copa-do-mundo\/\"]}]},{\"@type\":\"ImageObject\",\"inLanguage\":\"pt-BR\",\"@id\":\"https:\/\/www.gaveanews.com\/index.php\/2022\/11\/22\/rodinei-brilha-no-flamengo-e-sera-protagonista-de-comercial-voltado-a-copa-do-mundo\/#primaryimage\",\"url\":\"https:\/\/www.gaveanews.com\/wp-content\/uploads\/Rodinei-em-jogo-do-Flamengo-contra-o-Tolima-pela-Libertadores.webp\",\"contentUrl\":\"https:\/\/www.gaveanews.com\/wp-content\/uploads\/Rodinei-em-jogo-do-Flamengo-contra-o-Tolima-pela-Libertadores.webp\",\"width\":800,\"height\":533,\"caption\":\"Rodinei em jogo do Flamengo contra o Tolima pela Libertadores (Foto: Marcelo Cortes\/Flamengo)\"},{\"@type\":\"BreadcrumbList\",\"@id\":\"https:\/\/www.gaveanews.com\/index.php\/2022\/11\/22\/rodinei-brilha-no-flamengo-e-sera-protagonista-de-comercial-voltado-a-copa-do-mundo\/#breadcrumb\",\"itemListElement\":[{\"@type\":\"ListItem\",\"position\":1,\"name\":\"Home\",\"item\":\"https:\/\/www.gaveanews.com\/\"},{\"@type\":\"ListItem\",\"position\":2,\"name\":\"Rodinei brilha no Flamengo e ser\u00e1 protagonista de comercial voltado para a Copa do Mundo\"}]},{\"@type\":\"WebSite\",\"@id\":\"https:\/\/www.gaveanews.com\/#website\",\"url\":\"https:\/\/www.gaveanews.com\/\",\"name\":\"G\u00e1vea News\",\"description\":\"Veja todas as not\u00edcias sobre o Flamengo: Contrata\u00e7\u00f5es, categorias de base, resultados das partidas, tabela de classifica\u00e7\u00e3o, pr\u00f3ximos jogos!\",\"potentialAction\":[{\"@type\":\"SearchAction\",\"target\":{\"@type\":\"EntryPoint\",\"urlTemplate\":\"https:\/\/www.gaveanews.com\/?s={search_term_string}\"},\"query-input\":{\"@type\":\"PropertyValueSpecification\",\"valueRequired\":true,\"valueName\":\"search_term_string\"}}],\"inLanguage\":\"pt-BR\"},{\"@type\":\"Person\",\"@id\":\"https:\/\/www.gaveanews.com\/#\/schema\/person\/2ec14f73fb96be2caf28f91afb14749d\",\"name\":\"Equipe G\u00e1vea News\",\"image\":{\"@type\":\"ImageObject\",\"inLanguage\":\"pt-BR\",\"@id\":\"https:\/\/www.gaveanews.com\/#\/schema\/person\/image\/\",\"url\":\"https:\/\/secure.gravatar.com\/avatar\/1e1956f1facbffd3f8fa53a326721950116b3b9dc9bd44939c01180fd4a745a9?s=96&d=mm&r=g\",\"contentUrl\":\"https:\/\/secure.gravatar.com\/avatar\/1e1956f1facbffd3f8fa53a326721950116b3b9dc9bd44939c01180fd4a745a9?s=96&d=mm&r=g\",\"caption\":\"Equipe G\u00e1vea News\"}}]}<\/script>\n<!-- \/ Yoast SEO Premium plugin. -->","yoast_head_json":{"title":"Rodinei brilha no Flamengo e ser\u00e1 protagonista de comercial voltado para a Copa do Mundo","robots":{"index":"index","follow":"follow","max-snippet":"max-snippet:-1","max-image-preview":"max-image-preview:large","max-video-preview":"max-video-preview:-1"},"canonical":"https:\/\/www.gaveanews.com\/index.php\/2022\/11\/22\/rodinei-brilha-no-flamengo-e-sera-protagonista-de-comercial-voltado-a-copa-do-mundo\/","og_locale":"pt_BR","og_type":"article","og_title":"Rodinei brilha no Flamengo e ser\u00e1 protagonista de comercial voltado para a Copa do Mundo","og_description":"Rodinei teve um 2022 de destaque no Flamengo. As boas atua\u00e7\u00f5es nos t\u00edtulos da Libertadores e da Copa do Brasil lhe renderam elogios, uma vaga na pr\u00e9-lista da sele\u00e7\u00e3o brasileira para a Copa do Mundo e muitas sondagens de clubes do pa\u00eds e do exterior. Tanta exposi\u00e7\u00e3o na m\u00eddia despertou o interesse do mercado publicit\u00e1rio, [&hellip;]","og_url":"https:\/\/www.gaveanews.com\/index.php\/2022\/11\/22\/rodinei-brilha-no-flamengo-e-sera-protagonista-de-comercial-voltado-a-copa-do-mundo\/","og_site_name":"G\u00e1vea News","article_publisher":"https:\/\/facebook.com\/gaveaNews\/","article_published_time":"2022-11-23T02:38:18+00:00","article_modified_time":"2022-11-23T02:38:27+00:00","og_image":[{"width":800,"height":533,"url":"https:\/\/www.gaveanews.com\/wp-content\/uploads\/Rodinei-em-jogo-do-Flamengo-contra-o-Tolima-pela-Libertadores.webp","type":"image\/jpeg"}],"author":"Equipe G\u00e1vea News","twitter_card":"summary_large_image","twitter_misc":{"Escrito por":"Equipe G\u00e1vea News","Est. tempo de leitura":"3 minutos"},"schema":{"@context":"https:\/\/schema.org","@graph":[{"@type":"NewsArticle","@id":"https:\/\/www.gaveanews.com\/index.php\/2022\/11\/22\/rodinei-brilha-no-flamengo-e-sera-protagonista-de-comercial-voltado-a-copa-do-mundo\/#article","isPartOf":{"@id":"https:\/\/www.gaveanews.com\/index.php\/2022\/11\/22\/rodinei-brilha-no-flamengo-e-sera-protagonista-de-comercial-voltado-a-copa-do-mundo\/"},"author":{"name":"Equipe G\u00e1vea News","@id":"https:\/\/www.gaveanews.com\/#\/schema\/person\/2ec14f73fb96be2caf28f91afb14749d"},"headline":"Rodinei brilha no Flamengo e ser\u00e1 protagonista de comercial voltado para a Copa do Mundo","datePublished":"2022-11-23T02:38:18+00:00","dateModified":"2022-11-23T02:38:27+00:00","mainEntityOfPage":{"@id":"https:\/\/www.gaveanews.com\/index.php\/2022\/11\/22\/rodinei-brilha-no-flamengo-e-sera-protagonista-de-comercial-voltado-a-copa-do-mundo\/"},"wordCount":461,"commentCount":0,"image":{"@id":"https:\/\/www.gaveanews.com\/index.php\/2022\/11\/22\/rodinei-brilha-no-flamengo-e-sera-protagonista-de-comercial-voltado-a-copa-do-mundo\/#primaryimage"},"thumbnailUrl":"https:\/\/www.gaveanews.com\/wp-content\/uploads\/Rodinei-em-jogo-do-Flamengo-contra-o-Tolima-pela-Libertadores.webp","articleSection":["Flamengo"],"inLanguage":"pt-BR","potentialAction":[{"@type":"CommentAction","name":"Comment","target":["https:\/\/www.gaveanews.com\/index.php\/2022\/11\/22\/rodinei-brilha-no-flamengo-e-sera-protagonista-de-comercial-voltado-a-copa-do-mundo\/#respond"]}],"copyrightYear":"2022","copyrightHolder":{"@id":"https:\/\/www.gaveanews.com\/#organization"}},{"@type":"WebPage","@id":"https:\/\/www.gaveanews.com\/index.php\/2022\/11\/22\/rodinei-brilha-no-flamengo-e-sera-protagonista-de-comercial-voltado-a-copa-do-mundo\/","url":"https:\/\/www.gaveanews.com\/index.php\/2022\/11\/22\/rodinei-brilha-no-flamengo-e-sera-protagonista-de-comercial-voltado-a-copa-do-mundo\/","name":"Rodinei brilha no Flamengo e ser\u00e1 protagonista de comercial voltado para a Copa do Mundo","isPartOf":{"@id":"https:\/\/www.gaveanews.com\/#website"},"primaryImageOfPage":{"@id":"https:\/\/www.gaveanews.com\/index.php\/2022\/11\/22\/rodinei-brilha-no-flamengo-e-sera-protagonista-de-comercial-voltado-a-copa-do-mundo\/#primaryimage"},"image":{"@id":"https:\/\/www.gaveanews.com\/index.php\/2022\/11\/22\/rodinei-brilha-no-flamengo-e-sera-protagonista-de-comercial-voltado-a-copa-do-mundo\/#primaryimage"},"thumbnailUrl":"https:\/\/www.gaveanews.com\/wp-content\/uploads\/Rodinei-em-jogo-do-Flamengo-contra-o-Tolima-pela-Libertadores.webp","datePublished":"2022-11-23T02:38:18+00:00","dateModified":"2022-11-23T02:38:27+00:00","author":{"@id":"https:\/\/www.gaveanews.com\/#\/schema\/person\/2ec14f73fb96be2caf28f91afb14749d"},"breadcrumb":{"@id":"https:\/\/www.gaveanews.com\/index.php\/2022\/11\/22\/rodinei-brilha-no-flamengo-e-sera-protagonista-de-comercial-voltado-a-copa-do-mundo\/#breadcrumb"},"inLanguage":"pt-BR","potentialAction":[{"@type":"ReadAction","target":["https:\/\/www.gaveanews.com\/index.php\/2022\/11\/22\/rodinei-brilha-no-flamengo-e-sera-protagonista-de-comercial-voltado-a-copa-do-mundo\/"]}]},{"@type":"ImageObject","inLanguage":"pt-BR","@id":"https:\/\/www.gaveanews.com\/index.php\/2022\/11\/22\/rodinei-brilha-no-flamengo-e-sera-protagonista-de-comercial-voltado-a-copa-do-mundo\/#primaryimage","url":"https:\/\/www.gaveanews.com\/wp-content\/uploads\/Rodinei-em-jogo-do-Flamengo-contra-o-Tolima-pela-Libertadores.webp","contentUrl":"https:\/\/www.gaveanews.com\/wp-content\/uploads\/Rodinei-em-jogo-do-Flamengo-contra-o-Tolima-pela-Libertadores.webp","width":800,"height":533,"caption":"Rodinei em jogo do Flamengo contra o Tolima pela Libertadores (Foto: Marcelo Cortes\/Flamengo)"},{"@type":"BreadcrumbList","@id":"https:\/\/www.gaveanews.com\/index.php\/2022\/11\/22\/rodinei-brilha-no-flamengo-e-sera-protagonista-de-comercial-voltado-a-copa-do-mundo\/#breadcrumb","itemListElement":[{"@type":"ListItem","position":1,"name":"Home","item":"https:\/\/www.gaveanews.com\/"},{"@type":"ListItem","position":2,"name":"Rodinei brilha no Flamengo e ser\u00e1 protagonista de comercial voltado para a Copa do Mundo"}]},{"@type":"WebSite","@id":"https:\/\/www.gaveanews.com\/#website","url":"https:\/\/www.gaveanews.com\/","name":"G\u00e1vea News","description":"Veja todas as not\u00edcias sobre o Flamengo: Contrata\u00e7\u00f5es, categorias de base, resultados das partidas, tabela de classifica\u00e7\u00e3o, pr\u00f3ximos jogos!","potentialAction":[{"@type":"SearchAction","target":{"@type":"EntryPoint","urlTemplate":"https:\/\/www.gaveanews.com\/?s={search_term_string}"},"query-input":{"@type":"PropertyValueSpecification","valueRequired":true,"valueName":"search_term_string"}}],"inLanguage":"pt-BR"},{"@type":"Person","@id":"https:\/\/www.gaveanews.com\/#\/schema\/person\/2ec14f73fb96be2caf28f91afb14749d","name":"Equipe G\u00e1vea News","image":{"@type":"ImageObject","inLanguage":"pt-BR","@id":"https:\/\/www.gaveanews.com\/#\/schema\/person\/image\/","url":"https:\/\/secure.gravatar.com\/avatar\/1e1956f1facbffd3f8fa53a326721950116b3b9dc9bd44939c01180fd4a745a9?s=96&d=mm&r=g","contentUrl":"https:\/\/secure.gravatar.com\/avatar\/1e1956f1facbffd3f8fa53a326721950116b3b9dc9bd44939c01180fd4a745a9?s=96&d=mm&r=g","caption":"Equipe G\u00e1vea News"}}]}},"_links":{"self":[{"href":"https:\/\/www.gaveanews.com\/index.php\/wp-json\/wp\/v2\/posts\/91089","targetHints":{"allow":["GET"]}}],"collection":[{"href":"https:\/\/www.gaveanews.com\/index.php\/wp-json\/wp\/v2\/posts"}],"about":[{"href":"https:\/\/www.gaveanews.com\/index.php\/wp-json\/wp\/v2\/types\/post"}],"author":[{"embeddable":true,"href":"https:\/\/www.gaveanews.com\/index.php\/wp-json\/wp\/v2\/users\/1"}],"replies":[{"embeddable":true,"href":"https:\/\/www.gaveanews.com\/index.php\/wp-json\/wp\/v2\/comments?post=91089"}],"version-history":[{"count":0,"href":"https:\/\/www.gaveanews.com\/index.php\/wp-json\/wp\/v2\/posts\/91089\/revisions"}],"wp:featuredmedia":[{"embeddable":true,"href":"https:\/\/www.gaveanews.com\/index.php\/wp-json\/wp\/v2\/media\/84409"}],"wp:attachment":[{"href":"https:\/\/www.gaveanews.com\/index.php\/wp-json\/wp\/v2\/media?parent=91089"}],"wp:term":[{"taxonomy":"category","embeddable":true,"href":"https:\/\/www.gaveanews.com\/index.php\/wp-json\/wp\/v2\/categories?post=91089"},{"taxonomy":"post_tag","embeddable":true,"href":"https:\/\/www.gaveanews.com\/index.php\/wp-json\/wp\/v2\/tags?post=91089"}],"curies":[{"name":"wp","href":"https:\/\/api.w.org\/{rel}","templated":true}]}}