{"id":91096,"date":"2022-11-23T04:37:19","date_gmt":"2022-11-23T07:37:19","guid":{"rendered":"https:\/\/www.gaveanews.com\/?p=91096"},"modified":"2022-11-23T04:37:21","modified_gmt":"2022-11-23T07:37:21","slug":"jogadores-do-flamengo-queriam-mais-ferias-diretoria-define-data-de-apresentacao","status":"publish","type":"post","link":"https:\/\/www.gaveanews.com\/index.php\/2022\/11\/23\/jogadores-do-flamengo-queriam-mais-ferias-diretoria-define-data-de-apresentacao\/","title":{"rendered":"Jogadores do Flamengo queriam mais f\u00e9rias; diretoria define data de apresenta\u00e7\u00e3o"},"content":{"rendered":"\n<p>Depois de semanas de conversas que se iniciaram logo ap\u00f3s a conquista da Libertadores, o martelo foi batido sobre a retorno \u00e0s atividades. O Flamengo informou na manh\u00e3 de ter\u00e7a-feira aos jogadores do grupo principal que a representa\u00e7\u00e3o est\u00e1 marcada para o dia 26 de dezembro, \u00e0s 15h, no Ninho do Urubu.<\/p>\n\n\n\n<p>A data foi divulgada primeiramente pelo jornal &#8220;O Dia&#8221;. O grupo preferia que o retorno \u00e0s atividades presenciais se desse em 2 de janeiro, como acontecer\u00e1 com Palmeiras e Fluminense, por exemplo. Com a informa\u00e7\u00e3o a respeito dos rivais, parte do elenco esperava uma flexibiliza\u00e7\u00e3o em rela\u00e7\u00e3o a isso.<\/p>\n\n\n\n<p>O atual elenco tem apenas cinco cariocas: Hugo, Jo\u00e3o Gomes, Matheus Fran\u00e7a, Victor Hugo e Pedro. A grande maioria viaja para passar a festas de fim de ano com seus familiares.<\/p>\n\n\n\n<p>Al\u00e9m de ter consigo a informa\u00e7\u00e3o de que outros clubes voltar\u00e3o aos trabalhos presenciais em 2 de janeiro, parte do elenco vive a expectativa de ter folga no fim de semana do R\u00e9veillon. Dessa forma, o grupo trabalharia no m\u00e1ximo cinco dias dentro da \u00faltima semana de dezembro, do 26 a 30.<\/p>\n\n\n\n<p>A demora para a escolha da data de reapresenta\u00e7\u00e3o tamb\u00e9m teve a ver com indefini\u00e7\u00f5es a respeito do calend\u00e1rio rubro-negro. O Flamengo trabalha com a disputa da Supercopa do Brasil &#8211; ainda com local a ser definido &#8211; no dia 28 de janeiro e a do Mundial de Clubes entre 1\u00ba e 12 de fevereiro. Dessa forma, a Recopa Sul-Americana tamb\u00e9m segue com pend\u00eancias.<\/p>\n\n\n\n<h2 class=\"wp-block-heading\" id=\"h-sub-20-se-reapresenta-em-13-de-dezembro\">Sub-20 se reapresenta em 13 de dezembro<\/h2>\n\n\n\n<p>A exemplo do que vem realizando nas \u00faltimas temporadas, o Flamengo deve iniciar o Campeonato Estadual com uma equipe majoritariamente formada por jogadores da categoria j\u00fanior. O regulamento da Ferj permite que os grandes utilizem times alternativos nas tr\u00eas primeiras rodadas.<\/p>\n\n\n\n<p>Nos tr\u00eas primeiros compromissos do Flamengo no estadual, previstos para acontecerem entre 14 e 22 de janeiro, os rivais ser\u00e3o Portuguesa, Madureira e Nova Igua\u00e7u. Os cl\u00e1ssicos est\u00e3o marcados para \u00faltimas tr\u00eas rodadas da Ta\u00e7a Guanabara. Botafogo na nona, Vasco na 10\u00aa e o Fluminense na 11\u00aa.<\/p>\n\n\n\n<p>Retirado de: Globo Esporte<\/p>\n","protected":false},"excerpt":{"rendered":"<p>Depois de semanas de conversas que se iniciaram logo ap\u00f3s a conquista da Libertadores, o martelo foi batido sobre a retorno \u00e0s atividades. O Flamengo informou na manh\u00e3 de ter\u00e7a-feira aos jogadores do grupo principal que a representa\u00e7\u00e3o est\u00e1 marcada para o dia 26 de dezembro, \u00e0s 15h, no Ninho do Urubu. A data foi [&hellip;]<\/p>\n","protected":false},"author":1,"featured_media":83802,"comment_status":"open","ping_status":"closed","sticky":false,"template":"","format":"standard","meta":{"footnotes":""},"categories":[1],"tags":[],"class_list":["post-91096","post","type-post","status-publish","format-standard","has-post-thumbnail","hentry","category-flamengo"],"yoast_head":"<!-- This site is optimized with the Yoast SEO Premium plugin v24.2 (Yoast SEO v26.9) - https:\/\/yoast.com\/product\/yoast-seo-premium-wordpress\/ -->\n<title>Jogadores do Flamengo queriam mais f\u00e9rias; diretoria define data de apresenta\u00e7\u00e3o<\/title>\n<meta name=\"robots\" content=\"index, follow, max-snippet:-1, max-image-preview:large, max-video-preview:-1\" \/>\n<link rel=\"canonical\" href=\"https:\/\/www.gaveanews.com\/index.php\/2022\/11\/23\/jogadores-do-flamengo-queriam-mais-ferias-diretoria-define-data-de-apresentacao\/\" \/>\n<meta property=\"og:locale\" content=\"pt_BR\" \/>\n<meta property=\"og:type\" content=\"article\" \/>\n<meta property=\"og:title\" content=\"Jogadores do Flamengo queriam mais f\u00e9rias; diretoria define data de apresenta\u00e7\u00e3o\" \/>\n<meta property=\"og:description\" content=\"Depois de semanas de conversas que se iniciaram logo ap\u00f3s a conquista da Libertadores, o martelo foi batido sobre a retorno \u00e0s atividades. O Flamengo informou na manh\u00e3 de ter\u00e7a-feira aos jogadores do grupo principal que a representa\u00e7\u00e3o est\u00e1 marcada para o dia 26 de dezembro, \u00e0s 15h, no Ninho do Urubu. A data foi [&hellip;]\" \/>\n<meta property=\"og:url\" content=\"https:\/\/www.gaveanews.com\/index.php\/2022\/11\/23\/jogadores-do-flamengo-queriam-mais-ferias-diretoria-define-data-de-apresentacao\/\" \/>\n<meta property=\"og:site_name\" content=\"G\u00e1vea News\" \/>\n<meta property=\"article:publisher\" content=\"https:\/\/facebook.com\/gaveaNews\/\" \/>\n<meta property=\"article:published_time\" content=\"2022-11-23T07:37:19+00:00\" \/>\n<meta property=\"article:modified_time\" content=\"2022-11-23T07:37:21+00:00\" \/>\n<meta property=\"og:image\" content=\"https:\/\/www.gaveanews.com\/wp-content\/uploads\/Elenco-do-Flamengo-antes-de-partida-contra-o-America-MG.webp\" \/>\n\t<meta property=\"og:image:width\" content=\"800\" \/>\n\t<meta property=\"og:image:height\" content=\"533\" \/>\n\t<meta property=\"og:image:type\" content=\"image\/jpeg\" \/>\n<meta name=\"author\" content=\"Equipe G\u00e1vea News\" \/>\n<meta name=\"twitter:card\" content=\"summary_large_image\" \/>\n<meta name=\"twitter:label1\" content=\"Escrito por\" \/>\n\t<meta name=\"twitter:data1\" content=\"Equipe G\u00e1vea News\" \/>\n\t<meta name=\"twitter:label2\" content=\"Est. tempo de leitura\" \/>\n\t<meta name=\"twitter:data2\" content=\"2 minutos\" \/>\n<script type=\"application\/ld+json\" class=\"yoast-schema-graph\">{\"@context\":\"https:\/\/schema.org\",\"@graph\":[{\"@type\":\"NewsArticle\",\"@id\":\"https:\/\/www.gaveanews.com\/index.php\/2022\/11\/23\/jogadores-do-flamengo-queriam-mais-ferias-diretoria-define-data-de-apresentacao\/#article\",\"isPartOf\":{\"@id\":\"https:\/\/www.gaveanews.com\/index.php\/2022\/11\/23\/jogadores-do-flamengo-queriam-mais-ferias-diretoria-define-data-de-apresentacao\/\"},\"author\":{\"name\":\"Equipe G\u00e1vea News\",\"@id\":\"https:\/\/www.gaveanews.com\/#\/schema\/person\/2ec14f73fb96be2caf28f91afb14749d\"},\"headline\":\"Jogadores do Flamengo queriam mais f\u00e9rias; diretoria define data de apresenta\u00e7\u00e3o\",\"datePublished\":\"2022-11-23T07:37:19+00:00\",\"dateModified\":\"2022-11-23T07:37:21+00:00\",\"mainEntityOfPage\":{\"@id\":\"https:\/\/www.gaveanews.com\/index.php\/2022\/11\/23\/jogadores-do-flamengo-queriam-mais-ferias-diretoria-define-data-de-apresentacao\/\"},\"wordCount\":375,\"commentCount\":0,\"image\":{\"@id\":\"https:\/\/www.gaveanews.com\/index.php\/2022\/11\/23\/jogadores-do-flamengo-queriam-mais-ferias-diretoria-define-data-de-apresentacao\/#primaryimage\"},\"thumbnailUrl\":\"https:\/\/www.gaveanews.com\/wp-content\/uploads\/Elenco-do-Flamengo-antes-de-partida-contra-o-America-MG.webp\",\"articleSection\":[\"Flamengo\"],\"inLanguage\":\"pt-BR\",\"potentialAction\":[{\"@type\":\"CommentAction\",\"name\":\"Comment\",\"target\":[\"https:\/\/www.gaveanews.com\/index.php\/2022\/11\/23\/jogadores-do-flamengo-queriam-mais-ferias-diretoria-define-data-de-apresentacao\/#respond\"]}],\"copyrightYear\":\"2022\",\"copyrightHolder\":{\"@id\":\"https:\/\/www.gaveanews.com\/#organization\"}},{\"@type\":\"WebPage\",\"@id\":\"https:\/\/www.gaveanews.com\/index.php\/2022\/11\/23\/jogadores-do-flamengo-queriam-mais-ferias-diretoria-define-data-de-apresentacao\/\",\"url\":\"https:\/\/www.gaveanews.com\/index.php\/2022\/11\/23\/jogadores-do-flamengo-queriam-mais-ferias-diretoria-define-data-de-apresentacao\/\",\"name\":\"Jogadores do Flamengo queriam mais f\u00e9rias; diretoria define data de apresenta\u00e7\u00e3o\",\"isPartOf\":{\"@id\":\"https:\/\/www.gaveanews.com\/#website\"},\"primaryImageOfPage\":{\"@id\":\"https:\/\/www.gaveanews.com\/index.php\/2022\/11\/23\/jogadores-do-flamengo-queriam-mais-ferias-diretoria-define-data-de-apresentacao\/#primaryimage\"},\"image\":{\"@id\":\"https:\/\/www.gaveanews.com\/index.php\/2022\/11\/23\/jogadores-do-flamengo-queriam-mais-ferias-diretoria-define-data-de-apresentacao\/#primaryimage\"},\"thumbnailUrl\":\"https:\/\/www.gaveanews.com\/wp-content\/uploads\/Elenco-do-Flamengo-antes-de-partida-contra-o-America-MG.webp\",\"datePublished\":\"2022-11-23T07:37:19+00:00\",\"dateModified\":\"2022-11-23T07:37:21+00:00\",\"author\":{\"@id\":\"https:\/\/www.gaveanews.com\/#\/schema\/person\/2ec14f73fb96be2caf28f91afb14749d\"},\"breadcrumb\":{\"@id\":\"https:\/\/www.gaveanews.com\/index.php\/2022\/11\/23\/jogadores-do-flamengo-queriam-mais-ferias-diretoria-define-data-de-apresentacao\/#breadcrumb\"},\"inLanguage\":\"pt-BR\",\"potentialAction\":[{\"@type\":\"ReadAction\",\"target\":[\"https:\/\/www.gaveanews.com\/index.php\/2022\/11\/23\/jogadores-do-flamengo-queriam-mais-ferias-diretoria-define-data-de-apresentacao\/\"]}]},{\"@type\":\"ImageObject\",\"inLanguage\":\"pt-BR\",\"@id\":\"https:\/\/www.gaveanews.com\/index.php\/2022\/11\/23\/jogadores-do-flamengo-queriam-mais-ferias-diretoria-define-data-de-apresentacao\/#primaryimage\",\"url\":\"https:\/\/www.gaveanews.com\/wp-content\/uploads\/Elenco-do-Flamengo-antes-de-partida-contra-o-America-MG.webp\",\"contentUrl\":\"https:\/\/www.gaveanews.com\/wp-content\/uploads\/Elenco-do-Flamengo-antes-de-partida-contra-o-America-MG.webp\",\"width\":800,\"height\":533,\"caption\":\"Elenco do Flamengo antes da partida contra o Am\u00e9rica-MG (Foto: Paula Reis\/Flamengo)\"},{\"@type\":\"BreadcrumbList\",\"@id\":\"https:\/\/www.gaveanews.com\/index.php\/2022\/11\/23\/jogadores-do-flamengo-queriam-mais-ferias-diretoria-define-data-de-apresentacao\/#breadcrumb\",\"itemListElement\":[{\"@type\":\"ListItem\",\"position\":1,\"name\":\"Home\",\"item\":\"https:\/\/www.gaveanews.com\/\"},{\"@type\":\"ListItem\",\"position\":2,\"name\":\"Jogadores do Flamengo queriam mais f\u00e9rias; diretoria define data de apresenta\u00e7\u00e3o\"}]},{\"@type\":\"WebSite\",\"@id\":\"https:\/\/www.gaveanews.com\/#website\",\"url\":\"https:\/\/www.gaveanews.com\/\",\"name\":\"G\u00e1vea News\",\"description\":\"Veja todas as not\u00edcias sobre o Flamengo: Contrata\u00e7\u00f5es, categorias de base, resultados das partidas, tabela de classifica\u00e7\u00e3o, pr\u00f3ximos jogos!\",\"potentialAction\":[{\"@type\":\"SearchAction\",\"target\":{\"@type\":\"EntryPoint\",\"urlTemplate\":\"https:\/\/www.gaveanews.com\/?s={search_term_string}\"},\"query-input\":{\"@type\":\"PropertyValueSpecification\",\"valueRequired\":true,\"valueName\":\"search_term_string\"}}],\"inLanguage\":\"pt-BR\"},{\"@type\":\"Person\",\"@id\":\"https:\/\/www.gaveanews.com\/#\/schema\/person\/2ec14f73fb96be2caf28f91afb14749d\",\"name\":\"Equipe G\u00e1vea News\",\"image\":{\"@type\":\"ImageObject\",\"inLanguage\":\"pt-BR\",\"@id\":\"https:\/\/www.gaveanews.com\/#\/schema\/person\/image\/\",\"url\":\"https:\/\/secure.gravatar.com\/avatar\/1e1956f1facbffd3f8fa53a326721950116b3b9dc9bd44939c01180fd4a745a9?s=96&d=mm&r=g\",\"contentUrl\":\"https:\/\/secure.gravatar.com\/avatar\/1e1956f1facbffd3f8fa53a326721950116b3b9dc9bd44939c01180fd4a745a9?s=96&d=mm&r=g\",\"caption\":\"Equipe G\u00e1vea News\"}}]}<\/script>\n<!-- \/ Yoast SEO Premium plugin. -->","yoast_head_json":{"title":"Jogadores do Flamengo queriam mais f\u00e9rias; diretoria define data de apresenta\u00e7\u00e3o","robots":{"index":"index","follow":"follow","max-snippet":"max-snippet:-1","max-image-preview":"max-image-preview:large","max-video-preview":"max-video-preview:-1"},"canonical":"https:\/\/www.gaveanews.com\/index.php\/2022\/11\/23\/jogadores-do-flamengo-queriam-mais-ferias-diretoria-define-data-de-apresentacao\/","og_locale":"pt_BR","og_type":"article","og_title":"Jogadores do Flamengo queriam mais f\u00e9rias; diretoria define data de apresenta\u00e7\u00e3o","og_description":"Depois de semanas de conversas que se iniciaram logo ap\u00f3s a conquista da Libertadores, o martelo foi batido sobre a retorno \u00e0s atividades. O Flamengo informou na manh\u00e3 de ter\u00e7a-feira aos jogadores do grupo principal que a representa\u00e7\u00e3o est\u00e1 marcada para o dia 26 de dezembro, \u00e0s 15h, no Ninho do Urubu. A data foi [&hellip;]","og_url":"https:\/\/www.gaveanews.com\/index.php\/2022\/11\/23\/jogadores-do-flamengo-queriam-mais-ferias-diretoria-define-data-de-apresentacao\/","og_site_name":"G\u00e1vea News","article_publisher":"https:\/\/facebook.com\/gaveaNews\/","article_published_time":"2022-11-23T07:37:19+00:00","article_modified_time":"2022-11-23T07:37:21+00:00","og_image":[{"width":800,"height":533,"url":"https:\/\/www.gaveanews.com\/wp-content\/uploads\/Elenco-do-Flamengo-antes-de-partida-contra-o-America-MG.webp","type":"image\/jpeg"}],"author":"Equipe G\u00e1vea News","twitter_card":"summary_large_image","twitter_misc":{"Escrito por":"Equipe G\u00e1vea News","Est. tempo de leitura":"2 minutos"},"schema":{"@context":"https:\/\/schema.org","@graph":[{"@type":"NewsArticle","@id":"https:\/\/www.gaveanews.com\/index.php\/2022\/11\/23\/jogadores-do-flamengo-queriam-mais-ferias-diretoria-define-data-de-apresentacao\/#article","isPartOf":{"@id":"https:\/\/www.gaveanews.com\/index.php\/2022\/11\/23\/jogadores-do-flamengo-queriam-mais-ferias-diretoria-define-data-de-apresentacao\/"},"author":{"name":"Equipe G\u00e1vea News","@id":"https:\/\/www.gaveanews.com\/#\/schema\/person\/2ec14f73fb96be2caf28f91afb14749d"},"headline":"Jogadores do Flamengo queriam mais f\u00e9rias; diretoria define data de apresenta\u00e7\u00e3o","datePublished":"2022-11-23T07:37:19+00:00","dateModified":"2022-11-23T07:37:21+00:00","mainEntityOfPage":{"@id":"https:\/\/www.gaveanews.com\/index.php\/2022\/11\/23\/jogadores-do-flamengo-queriam-mais-ferias-diretoria-define-data-de-apresentacao\/"},"wordCount":375,"commentCount":0,"image":{"@id":"https:\/\/www.gaveanews.com\/index.php\/2022\/11\/23\/jogadores-do-flamengo-queriam-mais-ferias-diretoria-define-data-de-apresentacao\/#primaryimage"},"thumbnailUrl":"https:\/\/www.gaveanews.com\/wp-content\/uploads\/Elenco-do-Flamengo-antes-de-partida-contra-o-America-MG.webp","articleSection":["Flamengo"],"inLanguage":"pt-BR","potentialAction":[{"@type":"CommentAction","name":"Comment","target":["https:\/\/www.gaveanews.com\/index.php\/2022\/11\/23\/jogadores-do-flamengo-queriam-mais-ferias-diretoria-define-data-de-apresentacao\/#respond"]}],"copyrightYear":"2022","copyrightHolder":{"@id":"https:\/\/www.gaveanews.com\/#organization"}},{"@type":"WebPage","@id":"https:\/\/www.gaveanews.com\/index.php\/2022\/11\/23\/jogadores-do-flamengo-queriam-mais-ferias-diretoria-define-data-de-apresentacao\/","url":"https:\/\/www.gaveanews.com\/index.php\/2022\/11\/23\/jogadores-do-flamengo-queriam-mais-ferias-diretoria-define-data-de-apresentacao\/","name":"Jogadores do Flamengo queriam mais f\u00e9rias; diretoria define data de apresenta\u00e7\u00e3o","isPartOf":{"@id":"https:\/\/www.gaveanews.com\/#website"},"primaryImageOfPage":{"@id":"https:\/\/www.gaveanews.com\/index.php\/2022\/11\/23\/jogadores-do-flamengo-queriam-mais-ferias-diretoria-define-data-de-apresentacao\/#primaryimage"},"image":{"@id":"https:\/\/www.gaveanews.com\/index.php\/2022\/11\/23\/jogadores-do-flamengo-queriam-mais-ferias-diretoria-define-data-de-apresentacao\/#primaryimage"},"thumbnailUrl":"https:\/\/www.gaveanews.com\/wp-content\/uploads\/Elenco-do-Flamengo-antes-de-partida-contra-o-America-MG.webp","datePublished":"2022-11-23T07:37:19+00:00","dateModified":"2022-11-23T07:37:21+00:00","author":{"@id":"https:\/\/www.gaveanews.com\/#\/schema\/person\/2ec14f73fb96be2caf28f91afb14749d"},"breadcrumb":{"@id":"https:\/\/www.gaveanews.com\/index.php\/2022\/11\/23\/jogadores-do-flamengo-queriam-mais-ferias-diretoria-define-data-de-apresentacao\/#breadcrumb"},"inLanguage":"pt-BR","potentialAction":[{"@type":"ReadAction","target":["https:\/\/www.gaveanews.com\/index.php\/2022\/11\/23\/jogadores-do-flamengo-queriam-mais-ferias-diretoria-define-data-de-apresentacao\/"]}]},{"@type":"ImageObject","inLanguage":"pt-BR","@id":"https:\/\/www.gaveanews.com\/index.php\/2022\/11\/23\/jogadores-do-flamengo-queriam-mais-ferias-diretoria-define-data-de-apresentacao\/#primaryimage","url":"https:\/\/www.gaveanews.com\/wp-content\/uploads\/Elenco-do-Flamengo-antes-de-partida-contra-o-America-MG.webp","contentUrl":"https:\/\/www.gaveanews.com\/wp-content\/uploads\/Elenco-do-Flamengo-antes-de-partida-contra-o-America-MG.webp","width":800,"height":533,"caption":"Elenco do Flamengo antes da partida contra o Am\u00e9rica-MG (Foto: Paula Reis\/Flamengo)"},{"@type":"BreadcrumbList","@id":"https:\/\/www.gaveanews.com\/index.php\/2022\/11\/23\/jogadores-do-flamengo-queriam-mais-ferias-diretoria-define-data-de-apresentacao\/#breadcrumb","itemListElement":[{"@type":"ListItem","position":1,"name":"Home","item":"https:\/\/www.gaveanews.com\/"},{"@type":"ListItem","position":2,"name":"Jogadores do Flamengo queriam mais f\u00e9rias; diretoria define data de apresenta\u00e7\u00e3o"}]},{"@type":"WebSite","@id":"https:\/\/www.gaveanews.com\/#website","url":"https:\/\/www.gaveanews.com\/","name":"G\u00e1vea News","description":"Veja todas as not\u00edcias sobre o Flamengo: Contrata\u00e7\u00f5es, categorias de base, resultados das partidas, tabela de classifica\u00e7\u00e3o, pr\u00f3ximos jogos!","potentialAction":[{"@type":"SearchAction","target":{"@type":"EntryPoint","urlTemplate":"https:\/\/www.gaveanews.com\/?s={search_term_string}"},"query-input":{"@type":"PropertyValueSpecification","valueRequired":true,"valueName":"search_term_string"}}],"inLanguage":"pt-BR"},{"@type":"Person","@id":"https:\/\/www.gaveanews.com\/#\/schema\/person\/2ec14f73fb96be2caf28f91afb14749d","name":"Equipe G\u00e1vea News","image":{"@type":"ImageObject","inLanguage":"pt-BR","@id":"https:\/\/www.gaveanews.com\/#\/schema\/person\/image\/","url":"https:\/\/secure.gravatar.com\/avatar\/1e1956f1facbffd3f8fa53a326721950116b3b9dc9bd44939c01180fd4a745a9?s=96&d=mm&r=g","contentUrl":"https:\/\/secure.gravatar.com\/avatar\/1e1956f1facbffd3f8fa53a326721950116b3b9dc9bd44939c01180fd4a745a9?s=96&d=mm&r=g","caption":"Equipe G\u00e1vea News"}}]}},"_links":{"self":[{"href":"https:\/\/www.gaveanews.com\/index.php\/wp-json\/wp\/v2\/posts\/91096","targetHints":{"allow":["GET"]}}],"collection":[{"href":"https:\/\/www.gaveanews.com\/index.php\/wp-json\/wp\/v2\/posts"}],"about":[{"href":"https:\/\/www.gaveanews.com\/index.php\/wp-json\/wp\/v2\/types\/post"}],"author":[{"embeddable":true,"href":"https:\/\/www.gaveanews.com\/index.php\/wp-json\/wp\/v2\/users\/1"}],"replies":[{"embeddable":true,"href":"https:\/\/www.gaveanews.com\/index.php\/wp-json\/wp\/v2\/comments?post=91096"}],"version-history":[{"count":0,"href":"https:\/\/www.gaveanews.com\/index.php\/wp-json\/wp\/v2\/posts\/91096\/revisions"}],"wp:featuredmedia":[{"embeddable":true,"href":"https:\/\/www.gaveanews.com\/index.php\/wp-json\/wp\/v2\/media\/83802"}],"wp:attachment":[{"href":"https:\/\/www.gaveanews.com\/index.php\/wp-json\/wp\/v2\/media?parent=91096"}],"wp:term":[{"taxonomy":"category","embeddable":true,"href":"https:\/\/www.gaveanews.com\/index.php\/wp-json\/wp\/v2\/categories?post=91096"},{"taxonomy":"post_tag","embeddable":true,"href":"https:\/\/www.gaveanews.com\/index.php\/wp-json\/wp\/v2\/tags?post=91096"}],"curies":[{"name":"wp","href":"https:\/\/api.w.org\/{rel}","templated":true}]}}