{"id":91111,"date":"2022-11-23T09:03:25","date_gmt":"2022-11-23T12:03:25","guid":{"rendered":"https:\/\/www.gaveanews.com\/?p=91111"},"modified":"2024-04-07T09:50:35","modified_gmt":"2024-04-07T12:50:35","slug":"romario-lamenta-ausencia-de-gabigol-do-flamengo-na-copa-do-mundo","status":"publish","type":"post","link":"https:\/\/www.gaveanews.com\/index.php\/2022\/11\/23\/romario-lamenta-ausencia-de-gabigol-do-flamengo-na-copa-do-mundo\/","title":{"rendered":"Rom\u00e1rio lamenta aus\u00eancia de Gabigol, do Flamengo, na Copa do Mundo"},"content":{"rendered":"\n<p>Uma das aus\u00eancias mais sentidas na Copa do Mundo 2022 por parte da sele\u00e7\u00e3o brasileira foi a de Gabigol, decisivo em mais um t\u00edtulo da Copa Libertadores da Am\u00e9rica para o Flamengo. Tite optou por deixar o agora camisa 10 rubro-negro de fora, decis\u00e3o que o \u201cBaixinho\u201d Rom\u00e1rio discorda.<\/p>\n\n\n\n<p><em>\u2014 Pedro faz gol. Inclusive, o Pedro foi convocado agora, parab\u00e9ns para o Tite, parab\u00e9ns ao Pedro, mas acho que o Tite podia levar tamb\u00e9m o Gabigol, acho que cabe os dois na sele\u00e7\u00e3o<\/em>, declarou Rom\u00e1rio ao podcast \u201cFala, Bras\u00f3lho!\u201d, de Fred, do canal Desimpedidos.<\/p>\n\n\n\n<p>A opini\u00e3o do campe\u00e3o mundial de 1994 vai de acordo com algumas personalidades da imprensa nacional. Neto, por exemplo, sempre defendeu o ex-Santos: <\/p>\n\n\n\n<p><em>\u2014 Convocar o (Gabriel) Martinelli e n\u00e3o convocar o Gabigol \u00e9 uma heresia, \u00e9 uma falta de respeito. Maior vergonha de todas as convoca\u00e7\u00f5es. Mostra que o Tite n\u00e3o deveria exercer o cargo que exerce, porque n\u00e3o \u00e9 justo<\/em>, disparou o \u00eddolo do Corinthians e apresentador da TV Band.<\/p>\n\n\n\n<p>Fato \u00e9 que o Brasil estreia na Copa do Mundo 2022 no Catar nesta quinta-feira (24), contra a S\u00e9rvia. Rom\u00e1rio mandou um longo recado para Neymar e aconselhou o camisa 10 da sele\u00e7\u00e3o brasileira:<\/p>\n\n\n\n<p><em>\u2014 Eu, Rom\u00e1rio, sei perfeitamente o que voc\u00ea est\u00e1 sentindo. Ah, claro, todo mundo gosta de dizer que o Baixinho \u00e9 isso, que foi aquilo ou que eu sou o cara. Mas a verdade, parceiro, \u00e9 que at\u00e9 1993 tinha muita gente que falava mal pra c**** de mim. N\u00e3o t\u00f4 de ca\u00f4 (mentira), n\u00e3o. \u00c9 s\u00e9rio!<\/em>, diz Rom\u00e1rio em um trecho ao \u201cThe Players\u2019 Tribune\u201d.<\/p>\n\n\n\n<p><em>\u2014 Fa\u00e7a a sua parte dentro de campo e tente esquecer o resto, todo esse barulho que vem de fora. \u00c9 o que sempre falo: quem precisa ter boa imagem \u00e9 aparelho de TV. Continue n\u00e3o dando import\u00e2ncia para o que os outros v\u00e3o comentar sobre voc\u00ea. A torcida brasileira, muitas vezes, n\u00e3o sabe como \u00e9 dif\u00edcil disputar em alto n\u00edvel uma Copa, um torneio que n\u00e3o d\u00e1 chance pra erro<\/em>, aconselha Rom\u00e1rio.<\/p>\n\n\n\n<figure class=\"wp-block-image size-large\"><img decoding=\"async\" src=\"https:\/\/static-wp-tor15-prd.torcedores.com\/wp-content\/uploads\/2022\/11\/romario-gabigol-flamengo.webp\" alt=\"\"\/><figcaption class=\"wp-element-caption\">Gabigol e Rom\u00e1rio<\/figcaption><\/figure>\n\n\n\n<p>Retirado de: Torcedores<\/p>\n","protected":false},"excerpt":{"rendered":"<p>Uma das aus\u00eancias mais sentidas na Copa do Mundo 2022 por parte da sele\u00e7\u00e3o brasileira foi a de Gabigol, decisivo em mais um t\u00edtulo da Copa Libertadores da Am\u00e9rica para o Flamengo. Tite optou por deixar o agora camisa 10 rubro-negro de fora, decis\u00e3o que o \u201cBaixinho\u201d Rom\u00e1rio discorda. \u2014 Pedro faz gol. Inclusive, o [&hellip;]<\/p>\n","protected":false},"author":1,"featured_media":89329,"comment_status":"open","ping_status":"closed","sticky":false,"template":"","format":"standard","meta":{"footnotes":""},"categories":[1],"tags":[209],"class_list":["post-91111","post","type-post","status-publish","format-standard","has-post-thumbnail","hentry","category-flamengo","tag-romario"],"yoast_head":"<!-- This site is optimized with the Yoast SEO Premium plugin v24.2 (Yoast SEO v26.9) - https:\/\/yoast.com\/product\/yoast-seo-premium-wordpress\/ -->\n<title>Rom\u00e1rio lamenta aus\u00eancia de Gabigol, do Flamengo, na Copa do Mundo<\/title>\n<meta name=\"robots\" content=\"index, follow, max-snippet:-1, max-image-preview:large, max-video-preview:-1\" \/>\n<link rel=\"canonical\" href=\"https:\/\/www.gaveanews.com\/index.php\/2022\/11\/23\/romario-lamenta-ausencia-de-gabigol-do-flamengo-na-copa-do-mundo\/\" \/>\n<meta property=\"og:locale\" content=\"pt_BR\" \/>\n<meta property=\"og:type\" content=\"article\" \/>\n<meta property=\"og:title\" content=\"Rom\u00e1rio lamenta aus\u00eancia de Gabigol, do Flamengo, na Copa do Mundo\" \/>\n<meta property=\"og:description\" content=\"Uma das aus\u00eancias mais sentidas na Copa do Mundo 2022 por parte da sele\u00e7\u00e3o brasileira foi a de Gabigol, decisivo em mais um t\u00edtulo da Copa Libertadores da Am\u00e9rica para o Flamengo. Tite optou por deixar o agora camisa 10 rubro-negro de fora, decis\u00e3o que o \u201cBaixinho\u201d Rom\u00e1rio discorda. \u2014 Pedro faz gol. Inclusive, o [&hellip;]\" \/>\n<meta property=\"og:url\" content=\"https:\/\/www.gaveanews.com\/index.php\/2022\/11\/23\/romario-lamenta-ausencia-de-gabigol-do-flamengo-na-copa-do-mundo\/\" \/>\n<meta property=\"og:site_name\" content=\"G\u00e1vea News\" \/>\n<meta property=\"article:publisher\" content=\"https:\/\/facebook.com\/gaveaNews\/\" \/>\n<meta property=\"article:published_time\" content=\"2022-11-23T12:03:25+00:00\" \/>\n<meta property=\"article:modified_time\" content=\"2024-04-07T12:50:35+00:00\" \/>\n<meta property=\"og:image\" content=\"https:\/\/www.gaveanews.com\/wp-content\/uploads\/Gabigol-pelo-Flamengo-na-final-da-Copa-do-Brasil.webp\" \/>\n\t<meta property=\"og:image:width\" content=\"800\" \/>\n\t<meta property=\"og:image:height\" content=\"532\" \/>\n\t<meta property=\"og:image:type\" content=\"image\/jpeg\" \/>\n<meta name=\"author\" content=\"Equipe G\u00e1vea News\" \/>\n<meta name=\"twitter:card\" content=\"summary_large_image\" \/>\n<meta name=\"twitter:label1\" content=\"Escrito por\" \/>\n\t<meta name=\"twitter:data1\" content=\"Equipe G\u00e1vea News\" \/>\n\t<meta name=\"twitter:label2\" content=\"Est. tempo de leitura\" \/>\n\t<meta name=\"twitter:data2\" content=\"3 minutos\" \/>\n<script type=\"application\/ld+json\" class=\"yoast-schema-graph\">{\"@context\":\"https:\/\/schema.org\",\"@graph\":[{\"@type\":\"NewsArticle\",\"@id\":\"https:\/\/www.gaveanews.com\/index.php\/2022\/11\/23\/romario-lamenta-ausencia-de-gabigol-do-flamengo-na-copa-do-mundo\/#article\",\"isPartOf\":{\"@id\":\"https:\/\/www.gaveanews.com\/index.php\/2022\/11\/23\/romario-lamenta-ausencia-de-gabigol-do-flamengo-na-copa-do-mundo\/\"},\"author\":{\"name\":\"Equipe G\u00e1vea News\",\"@id\":\"https:\/\/www.gaveanews.com\/#\/schema\/person\/2ec14f73fb96be2caf28f91afb14749d\"},\"headline\":\"Rom\u00e1rio lamenta aus\u00eancia de Gabigol, do Flamengo, na Copa do Mundo\",\"datePublished\":\"2022-11-23T12:03:25+00:00\",\"dateModified\":\"2024-04-07T12:50:35+00:00\",\"mainEntityOfPage\":{\"@id\":\"https:\/\/www.gaveanews.com\/index.php\/2022\/11\/23\/romario-lamenta-ausencia-de-gabigol-do-flamengo-na-copa-do-mundo\/\"},\"wordCount\":373,\"commentCount\":0,\"image\":{\"@id\":\"https:\/\/www.gaveanews.com\/index.php\/2022\/11\/23\/romario-lamenta-ausencia-de-gabigol-do-flamengo-na-copa-do-mundo\/#primaryimage\"},\"thumbnailUrl\":\"https:\/\/www.gaveanews.com\/wp-content\/uploads\/Gabigol-pelo-Flamengo-na-final-da-Copa-do-Brasil.webp\",\"keywords\":[\"Rom\u00e1rio\"],\"articleSection\":[\"Flamengo\"],\"inLanguage\":\"pt-BR\",\"potentialAction\":[{\"@type\":\"CommentAction\",\"name\":\"Comment\",\"target\":[\"https:\/\/www.gaveanews.com\/index.php\/2022\/11\/23\/romario-lamenta-ausencia-de-gabigol-do-flamengo-na-copa-do-mundo\/#respond\"]}],\"copyrightYear\":\"2022\",\"copyrightHolder\":{\"@id\":\"https:\/\/www.gaveanews.com\/#organization\"}},{\"@type\":\"WebPage\",\"@id\":\"https:\/\/www.gaveanews.com\/index.php\/2022\/11\/23\/romario-lamenta-ausencia-de-gabigol-do-flamengo-na-copa-do-mundo\/\",\"url\":\"https:\/\/www.gaveanews.com\/index.php\/2022\/11\/23\/romario-lamenta-ausencia-de-gabigol-do-flamengo-na-copa-do-mundo\/\",\"name\":\"Rom\u00e1rio lamenta aus\u00eancia de Gabigol, do Flamengo, na Copa do Mundo\",\"isPartOf\":{\"@id\":\"https:\/\/www.gaveanews.com\/#website\"},\"primaryImageOfPage\":{\"@id\":\"https:\/\/www.gaveanews.com\/index.php\/2022\/11\/23\/romario-lamenta-ausencia-de-gabigol-do-flamengo-na-copa-do-mundo\/#primaryimage\"},\"image\":{\"@id\":\"https:\/\/www.gaveanews.com\/index.php\/2022\/11\/23\/romario-lamenta-ausencia-de-gabigol-do-flamengo-na-copa-do-mundo\/#primaryimage\"},\"thumbnailUrl\":\"https:\/\/www.gaveanews.com\/wp-content\/uploads\/Gabigol-pelo-Flamengo-na-final-da-Copa-do-Brasil.webp\",\"datePublished\":\"2022-11-23T12:03:25+00:00\",\"dateModified\":\"2024-04-07T12:50:35+00:00\",\"author\":{\"@id\":\"https:\/\/www.gaveanews.com\/#\/schema\/person\/2ec14f73fb96be2caf28f91afb14749d\"},\"breadcrumb\":{\"@id\":\"https:\/\/www.gaveanews.com\/index.php\/2022\/11\/23\/romario-lamenta-ausencia-de-gabigol-do-flamengo-na-copa-do-mundo\/#breadcrumb\"},\"inLanguage\":\"pt-BR\",\"potentialAction\":[{\"@type\":\"ReadAction\",\"target\":[\"https:\/\/www.gaveanews.com\/index.php\/2022\/11\/23\/romario-lamenta-ausencia-de-gabigol-do-flamengo-na-copa-do-mundo\/\"]}]},{\"@type\":\"ImageObject\",\"inLanguage\":\"pt-BR\",\"@id\":\"https:\/\/www.gaveanews.com\/index.php\/2022\/11\/23\/romario-lamenta-ausencia-de-gabigol-do-flamengo-na-copa-do-mundo\/#primaryimage\",\"url\":\"https:\/\/www.gaveanews.com\/wp-content\/uploads\/Gabigol-pelo-Flamengo-na-final-da-Copa-do-Brasil.webp\",\"contentUrl\":\"https:\/\/www.gaveanews.com\/wp-content\/uploads\/Gabigol-pelo-Flamengo-na-final-da-Copa-do-Brasil.webp\",\"width\":800,\"height\":532,\"caption\":\"Gabigol na disputa de p\u00eanaltis pela final da Copa do Brasil (Foto: Marcelo Cortes\/Flamengo)\"},{\"@type\":\"BreadcrumbList\",\"@id\":\"https:\/\/www.gaveanews.com\/index.php\/2022\/11\/23\/romario-lamenta-ausencia-de-gabigol-do-flamengo-na-copa-do-mundo\/#breadcrumb\",\"itemListElement\":[{\"@type\":\"ListItem\",\"position\":1,\"name\":\"Home\",\"item\":\"https:\/\/www.gaveanews.com\/\"},{\"@type\":\"ListItem\",\"position\":2,\"name\":\"Rom\u00e1rio lamenta aus\u00eancia de Gabigol, do Flamengo, na Copa do Mundo\"}]},{\"@type\":\"WebSite\",\"@id\":\"https:\/\/www.gaveanews.com\/#website\",\"url\":\"https:\/\/www.gaveanews.com\/\",\"name\":\"G\u00e1vea News\",\"description\":\"Veja todas as not\u00edcias sobre o Flamengo: Contrata\u00e7\u00f5es, categorias de base, resultados das partidas, tabela de classifica\u00e7\u00e3o, pr\u00f3ximos jogos!\",\"potentialAction\":[{\"@type\":\"SearchAction\",\"target\":{\"@type\":\"EntryPoint\",\"urlTemplate\":\"https:\/\/www.gaveanews.com\/?s={search_term_string}\"},\"query-input\":{\"@type\":\"PropertyValueSpecification\",\"valueRequired\":true,\"valueName\":\"search_term_string\"}}],\"inLanguage\":\"pt-BR\"},{\"@type\":\"Person\",\"@id\":\"https:\/\/www.gaveanews.com\/#\/schema\/person\/2ec14f73fb96be2caf28f91afb14749d\",\"name\":\"Equipe G\u00e1vea News\",\"image\":{\"@type\":\"ImageObject\",\"inLanguage\":\"pt-BR\",\"@id\":\"https:\/\/www.gaveanews.com\/#\/schema\/person\/image\/\",\"url\":\"https:\/\/secure.gravatar.com\/avatar\/1e1956f1facbffd3f8fa53a326721950116b3b9dc9bd44939c01180fd4a745a9?s=96&d=mm&r=g\",\"contentUrl\":\"https:\/\/secure.gravatar.com\/avatar\/1e1956f1facbffd3f8fa53a326721950116b3b9dc9bd44939c01180fd4a745a9?s=96&d=mm&r=g\",\"caption\":\"Equipe G\u00e1vea News\"}}]}<\/script>\n<!-- \/ Yoast SEO Premium plugin. -->","yoast_head_json":{"title":"Rom\u00e1rio lamenta aus\u00eancia de Gabigol, do Flamengo, na Copa do Mundo","robots":{"index":"index","follow":"follow","max-snippet":"max-snippet:-1","max-image-preview":"max-image-preview:large","max-video-preview":"max-video-preview:-1"},"canonical":"https:\/\/www.gaveanews.com\/index.php\/2022\/11\/23\/romario-lamenta-ausencia-de-gabigol-do-flamengo-na-copa-do-mundo\/","og_locale":"pt_BR","og_type":"article","og_title":"Rom\u00e1rio lamenta aus\u00eancia de Gabigol, do Flamengo, na Copa do Mundo","og_description":"Uma das aus\u00eancias mais sentidas na Copa do Mundo 2022 por parte da sele\u00e7\u00e3o brasileira foi a de Gabigol, decisivo em mais um t\u00edtulo da Copa Libertadores da Am\u00e9rica para o Flamengo. Tite optou por deixar o agora camisa 10 rubro-negro de fora, decis\u00e3o que o \u201cBaixinho\u201d Rom\u00e1rio discorda. \u2014 Pedro faz gol. Inclusive, o [&hellip;]","og_url":"https:\/\/www.gaveanews.com\/index.php\/2022\/11\/23\/romario-lamenta-ausencia-de-gabigol-do-flamengo-na-copa-do-mundo\/","og_site_name":"G\u00e1vea News","article_publisher":"https:\/\/facebook.com\/gaveaNews\/","article_published_time":"2022-11-23T12:03:25+00:00","article_modified_time":"2024-04-07T12:50:35+00:00","og_image":[{"width":800,"height":532,"url":"https:\/\/www.gaveanews.com\/wp-content\/uploads\/Gabigol-pelo-Flamengo-na-final-da-Copa-do-Brasil.webp","type":"image\/jpeg"}],"author":"Equipe G\u00e1vea News","twitter_card":"summary_large_image","twitter_misc":{"Escrito por":"Equipe G\u00e1vea News","Est. tempo de leitura":"3 minutos"},"schema":{"@context":"https:\/\/schema.org","@graph":[{"@type":"NewsArticle","@id":"https:\/\/www.gaveanews.com\/index.php\/2022\/11\/23\/romario-lamenta-ausencia-de-gabigol-do-flamengo-na-copa-do-mundo\/#article","isPartOf":{"@id":"https:\/\/www.gaveanews.com\/index.php\/2022\/11\/23\/romario-lamenta-ausencia-de-gabigol-do-flamengo-na-copa-do-mundo\/"},"author":{"name":"Equipe G\u00e1vea News","@id":"https:\/\/www.gaveanews.com\/#\/schema\/person\/2ec14f73fb96be2caf28f91afb14749d"},"headline":"Rom\u00e1rio lamenta aus\u00eancia de Gabigol, do Flamengo, na Copa do Mundo","datePublished":"2022-11-23T12:03:25+00:00","dateModified":"2024-04-07T12:50:35+00:00","mainEntityOfPage":{"@id":"https:\/\/www.gaveanews.com\/index.php\/2022\/11\/23\/romario-lamenta-ausencia-de-gabigol-do-flamengo-na-copa-do-mundo\/"},"wordCount":373,"commentCount":0,"image":{"@id":"https:\/\/www.gaveanews.com\/index.php\/2022\/11\/23\/romario-lamenta-ausencia-de-gabigol-do-flamengo-na-copa-do-mundo\/#primaryimage"},"thumbnailUrl":"https:\/\/www.gaveanews.com\/wp-content\/uploads\/Gabigol-pelo-Flamengo-na-final-da-Copa-do-Brasil.webp","keywords":["Rom\u00e1rio"],"articleSection":["Flamengo"],"inLanguage":"pt-BR","potentialAction":[{"@type":"CommentAction","name":"Comment","target":["https:\/\/www.gaveanews.com\/index.php\/2022\/11\/23\/romario-lamenta-ausencia-de-gabigol-do-flamengo-na-copa-do-mundo\/#respond"]}],"copyrightYear":"2022","copyrightHolder":{"@id":"https:\/\/www.gaveanews.com\/#organization"}},{"@type":"WebPage","@id":"https:\/\/www.gaveanews.com\/index.php\/2022\/11\/23\/romario-lamenta-ausencia-de-gabigol-do-flamengo-na-copa-do-mundo\/","url":"https:\/\/www.gaveanews.com\/index.php\/2022\/11\/23\/romario-lamenta-ausencia-de-gabigol-do-flamengo-na-copa-do-mundo\/","name":"Rom\u00e1rio lamenta aus\u00eancia de Gabigol, do Flamengo, na Copa do Mundo","isPartOf":{"@id":"https:\/\/www.gaveanews.com\/#website"},"primaryImageOfPage":{"@id":"https:\/\/www.gaveanews.com\/index.php\/2022\/11\/23\/romario-lamenta-ausencia-de-gabigol-do-flamengo-na-copa-do-mundo\/#primaryimage"},"image":{"@id":"https:\/\/www.gaveanews.com\/index.php\/2022\/11\/23\/romario-lamenta-ausencia-de-gabigol-do-flamengo-na-copa-do-mundo\/#primaryimage"},"thumbnailUrl":"https:\/\/www.gaveanews.com\/wp-content\/uploads\/Gabigol-pelo-Flamengo-na-final-da-Copa-do-Brasil.webp","datePublished":"2022-11-23T12:03:25+00:00","dateModified":"2024-04-07T12:50:35+00:00","author":{"@id":"https:\/\/www.gaveanews.com\/#\/schema\/person\/2ec14f73fb96be2caf28f91afb14749d"},"breadcrumb":{"@id":"https:\/\/www.gaveanews.com\/index.php\/2022\/11\/23\/romario-lamenta-ausencia-de-gabigol-do-flamengo-na-copa-do-mundo\/#breadcrumb"},"inLanguage":"pt-BR","potentialAction":[{"@type":"ReadAction","target":["https:\/\/www.gaveanews.com\/index.php\/2022\/11\/23\/romario-lamenta-ausencia-de-gabigol-do-flamengo-na-copa-do-mundo\/"]}]},{"@type":"ImageObject","inLanguage":"pt-BR","@id":"https:\/\/www.gaveanews.com\/index.php\/2022\/11\/23\/romario-lamenta-ausencia-de-gabigol-do-flamengo-na-copa-do-mundo\/#primaryimage","url":"https:\/\/www.gaveanews.com\/wp-content\/uploads\/Gabigol-pelo-Flamengo-na-final-da-Copa-do-Brasil.webp","contentUrl":"https:\/\/www.gaveanews.com\/wp-content\/uploads\/Gabigol-pelo-Flamengo-na-final-da-Copa-do-Brasil.webp","width":800,"height":532,"caption":"Gabigol na disputa de p\u00eanaltis pela final da Copa do Brasil (Foto: Marcelo Cortes\/Flamengo)"},{"@type":"BreadcrumbList","@id":"https:\/\/www.gaveanews.com\/index.php\/2022\/11\/23\/romario-lamenta-ausencia-de-gabigol-do-flamengo-na-copa-do-mundo\/#breadcrumb","itemListElement":[{"@type":"ListItem","position":1,"name":"Home","item":"https:\/\/www.gaveanews.com\/"},{"@type":"ListItem","position":2,"name":"Rom\u00e1rio lamenta aus\u00eancia de Gabigol, do Flamengo, na Copa do Mundo"}]},{"@type":"WebSite","@id":"https:\/\/www.gaveanews.com\/#website","url":"https:\/\/www.gaveanews.com\/","name":"G\u00e1vea News","description":"Veja todas as not\u00edcias sobre o Flamengo: Contrata\u00e7\u00f5es, categorias de base, resultados das partidas, tabela de classifica\u00e7\u00e3o, pr\u00f3ximos jogos!","potentialAction":[{"@type":"SearchAction","target":{"@type":"EntryPoint","urlTemplate":"https:\/\/www.gaveanews.com\/?s={search_term_string}"},"query-input":{"@type":"PropertyValueSpecification","valueRequired":true,"valueName":"search_term_string"}}],"inLanguage":"pt-BR"},{"@type":"Person","@id":"https:\/\/www.gaveanews.com\/#\/schema\/person\/2ec14f73fb96be2caf28f91afb14749d","name":"Equipe G\u00e1vea News","image":{"@type":"ImageObject","inLanguage":"pt-BR","@id":"https:\/\/www.gaveanews.com\/#\/schema\/person\/image\/","url":"https:\/\/secure.gravatar.com\/avatar\/1e1956f1facbffd3f8fa53a326721950116b3b9dc9bd44939c01180fd4a745a9?s=96&d=mm&r=g","contentUrl":"https:\/\/secure.gravatar.com\/avatar\/1e1956f1facbffd3f8fa53a326721950116b3b9dc9bd44939c01180fd4a745a9?s=96&d=mm&r=g","caption":"Equipe G\u00e1vea News"}}]}},"_links":{"self":[{"href":"https:\/\/www.gaveanews.com\/index.php\/wp-json\/wp\/v2\/posts\/91111","targetHints":{"allow":["GET"]}}],"collection":[{"href":"https:\/\/www.gaveanews.com\/index.php\/wp-json\/wp\/v2\/posts"}],"about":[{"href":"https:\/\/www.gaveanews.com\/index.php\/wp-json\/wp\/v2\/types\/post"}],"author":[{"embeddable":true,"href":"https:\/\/www.gaveanews.com\/index.php\/wp-json\/wp\/v2\/users\/1"}],"replies":[{"embeddable":true,"href":"https:\/\/www.gaveanews.com\/index.php\/wp-json\/wp\/v2\/comments?post=91111"}],"version-history":[{"count":1,"href":"https:\/\/www.gaveanews.com\/index.php\/wp-json\/wp\/v2\/posts\/91111\/revisions"}],"predecessor-version":[{"id":137180,"href":"https:\/\/www.gaveanews.com\/index.php\/wp-json\/wp\/v2\/posts\/91111\/revisions\/137180"}],"wp:featuredmedia":[{"embeddable":true,"href":"https:\/\/www.gaveanews.com\/index.php\/wp-json\/wp\/v2\/media\/89329"}],"wp:attachment":[{"href":"https:\/\/www.gaveanews.com\/index.php\/wp-json\/wp\/v2\/media?parent=91111"}],"wp:term":[{"taxonomy":"category","embeddable":true,"href":"https:\/\/www.gaveanews.com\/index.php\/wp-json\/wp\/v2\/categories?post=91111"},{"taxonomy":"post_tag","embeddable":true,"href":"https:\/\/www.gaveanews.com\/index.php\/wp-json\/wp\/v2\/tags?post=91111"}],"curies":[{"name":"wp","href":"https:\/\/api.w.org\/{rel}","templated":true}]}}