{"id":91118,"date":"2022-11-23T11:38:24","date_gmt":"2022-11-23T14:38:24","guid":{"rendered":"https:\/\/www.gaveanews.com\/?p=91118"},"modified":"2022-11-23T11:38:25","modified_gmt":"2022-11-23T14:38:25","slug":"flamengo-figura-em-ranking-ao-lado-de-psg-liverpool-e-arsenal","status":"publish","type":"post","link":"https:\/\/www.gaveanews.com\/index.php\/2022\/11\/23\/flamengo-figura-em-ranking-ao-lado-de-psg-liverpool-e-arsenal\/","title":{"rendered":"Flamengo figura em ranking ao lado de PSG, Liverpool e Arsenal"},"content":{"rendered":"\n<p>\u00c9 amanh\u00e3! Ap\u00f3s pouco mais de uma semana de atividades na It\u00e1lia e no Qatar, a Sele\u00e7\u00e3o Brasileira estrear\u00e1 na Copa do Mundo nesta quinta-feira (24). O primeiro advers\u00e1rio ser\u00e1 a S\u00e9rvia, que encontra a Canarinho \u00e0s 16h (hor\u00e1rio de Bras\u00edlia) pela primeira rodada do Grupo G.<\/p>\n\n\n\n<p>Embora n\u00e3o estejam entre os prov\u00e1veis titulares para a partida, Everton Ribeiro e Pedro certamente estar\u00e3o entre os relacionados, podendo serem acionados no decorrer do duelo. E por falar na dupla, ela \u00e9 respons\u00e1vel por colocar o Flamengo entre os clubes que mais cederam jogadores para a Sele\u00e7\u00e3o Brasileira.<\/p>\n\n\n\n<p>Assim como o Fla, PSG, Liverpool e Arsenal tamb\u00e9m possuem dois representantes na Canarinho. Acima deles est\u00e3o apenas Real Madrid, Juventus e Manchester United, que tiveram de liberar tr\u00eas atletas para defenderem o Brasil.<\/p>\n\n\n\n<h2 class=\"wp-block-heading\" id=\"h-clubes-com-jogadores-cedidos-para-a-selecao-brasileira\">Clubes com jogadores cedidos para a Sele\u00e7\u00e3o Brasileira:<\/h2>\n\n\n\n<ul class=\"wp-block-list\">\n<li><strong>Tr\u00eas jogadores:<\/strong> Real Madrid (ESP), Juventus (ITA) e Manchester United (ING);<\/li>\n\n\n\n<li><strong>Dois jogadores:<\/strong>\u00a0Flamengo, PSG (FRA), Liverpool (ING), Arsenal (ING);<\/li>\n\n\n\n<li><strong>Um jogador:<\/strong> Manchester City (ING), Palmeiras, Sevilla (ESP), Chelsea (ING), Newcastle (ING), West Ham (ING), Barcelona (ESP), Tottenham (ING) e Pumas (MEX).<\/li>\n<\/ul>\n\n\n\n<p>Vale lembrar ainda que o Flamengo tem outros dois representantes na Copa do Mundo. Arrascaeta e Varela est\u00e3o a servi\u00e7o do Uruguai e estrear\u00e3o na mesma data que o Brasil.<\/p>\n\n\n\n<h2 class=\"wp-block-heading\">Jogos do Brasil na fase de grupos:<\/h2>\n\n\n\n<ul class=\"wp-block-list\">\n<li>24\/11 \u2013 Brasil x S\u00e9rvia \u2013 16h (quinta-feira)<\/li>\n\n\n\n<li>28\/11 \u2013 Brasil x Su\u00ed\u00e7a \u2013 13h (segunda-feira)<\/li>\n\n\n\n<li>02\/12 \u2013 Camar\u00f5es x Brasil \u2013 16h (sexta-feira)<\/li>\n<\/ul>\n\n\n\n<h2 class=\"wp-block-heading\" id=\"h-jogos-do-uruguai-na-fase-de-grupos\">Jogos do Uruguai na fase de grupos:<\/h2>\n\n\n\n<ul class=\"wp-block-list\">\n<li>24\/11 \u2013 Uruguai x Coreia do Sul \u2013 10h (quinta-feira)<\/li>\n\n\n\n<li>28\/11 \u2013 Portugal x Uruguai \u2013 16h (segunda-feira)<\/li>\n\n\n\n<li>02\/11 \u2013 Gana x Uruguai \u2013 12h (sexta-feira)<\/li>\n<\/ul>\n\n\n\n<p><em>Obs.: todos os hor\u00e1rios mencionados levam em conta o fuso de Bras\u00edlia.<\/em><\/p>\n","protected":false},"excerpt":{"rendered":"<p>\u00c9 amanh\u00e3! Ap\u00f3s pouco mais de uma semana de atividades na It\u00e1lia e no Qatar, a Sele\u00e7\u00e3o Brasileira estrear\u00e1 na Copa do Mundo nesta quinta-feira (24). O primeiro advers\u00e1rio ser\u00e1 a S\u00e9rvia, que encontra a Canarinho \u00e0s 16h (hor\u00e1rio de Bras\u00edlia) pela primeira rodada do Grupo G. Embora n\u00e3o estejam entre os prov\u00e1veis titulares para [&hellip;]<\/p>\n","protected":false},"author":4,"featured_media":91119,"comment_status":"open","ping_status":"closed","sticky":false,"template":"","format":"standard","meta":{"footnotes":""},"categories":[1],"tags":[],"class_list":["post-91118","post","type-post","status-publish","format-standard","has-post-thumbnail","hentry","category-flamengo"],"yoast_head":"<!-- This site is optimized with the Yoast SEO Premium plugin v24.2 (Yoast SEO v26.9) - https:\/\/yoast.com\/product\/yoast-seo-premium-wordpress\/ -->\n<title>Flamengo figura em ranking ao lado de PSG, Liverpool e Arsenal<\/title>\n<meta name=\"robots\" content=\"index, follow, max-snippet:-1, max-image-preview:large, max-video-preview:-1\" \/>\n<link rel=\"canonical\" href=\"https:\/\/www.gaveanews.com\/index.php\/2022\/11\/23\/flamengo-figura-em-ranking-ao-lado-de-psg-liverpool-e-arsenal\/\" \/>\n<meta property=\"og:locale\" content=\"pt_BR\" \/>\n<meta property=\"og:type\" content=\"article\" \/>\n<meta property=\"og:title\" content=\"Flamengo figura em ranking ao lado de PSG, Liverpool e Arsenal\" \/>\n<meta property=\"og:description\" content=\"\u00c9 amanh\u00e3! Ap\u00f3s pouco mais de uma semana de atividades na It\u00e1lia e no Qatar, a Sele\u00e7\u00e3o Brasileira estrear\u00e1 na Copa do Mundo nesta quinta-feira (24). O primeiro advers\u00e1rio ser\u00e1 a S\u00e9rvia, que encontra a Canarinho \u00e0s 16h (hor\u00e1rio de Bras\u00edlia) pela primeira rodada do Grupo G. Embora n\u00e3o estejam entre os prov\u00e1veis titulares para [&hellip;]\" \/>\n<meta property=\"og:url\" content=\"https:\/\/www.gaveanews.com\/index.php\/2022\/11\/23\/flamengo-figura-em-ranking-ao-lado-de-psg-liverpool-e-arsenal\/\" \/>\n<meta property=\"og:site_name\" content=\"G\u00e1vea News\" \/>\n<meta property=\"article:publisher\" content=\"https:\/\/facebook.com\/gaveaNews\/\" \/>\n<meta property=\"article:published_time\" content=\"2022-11-23T14:38:24+00:00\" \/>\n<meta property=\"article:modified_time\" content=\"2022-11-23T14:38:25+00:00\" \/>\n<meta property=\"og:image\" content=\"https:\/\/www.gaveanews.com\/wp-content\/uploads\/pedro-everton-ribeiro-flamengo-selecao-brasileira.webp\" \/>\n\t<meta property=\"og:image:width\" content=\"640\" \/>\n\t<meta property=\"og:image:height\" content=\"400\" \/>\n\t<meta property=\"og:image:type\" content=\"image\/webp\" \/>\n<meta name=\"author\" content=\"Let\u00edcia Gerheim\" \/>\n<meta name=\"twitter:card\" content=\"summary_large_image\" \/>\n<meta name=\"twitter:label1\" content=\"Escrito por\" \/>\n\t<meta name=\"twitter:data1\" content=\"Let\u00edcia Gerheim\" \/>\n\t<meta name=\"twitter:label2\" content=\"Est. tempo de leitura\" \/>\n\t<meta name=\"twitter:data2\" content=\"2 minutos\" \/>\n<script type=\"application\/ld+json\" class=\"yoast-schema-graph\">{\"@context\":\"https:\/\/schema.org\",\"@graph\":[{\"@type\":\"NewsArticle\",\"@id\":\"https:\/\/www.gaveanews.com\/index.php\/2022\/11\/23\/flamengo-figura-em-ranking-ao-lado-de-psg-liverpool-e-arsenal\/#article\",\"isPartOf\":{\"@id\":\"https:\/\/www.gaveanews.com\/index.php\/2022\/11\/23\/flamengo-figura-em-ranking-ao-lado-de-psg-liverpool-e-arsenal\/\"},\"author\":{\"name\":\"Let\u00edcia Gerheim\",\"@id\":\"https:\/\/www.gaveanews.com\/#\/schema\/person\/714c67050b836198af2450ba1c142a67\"},\"headline\":\"Flamengo figura em ranking ao lado de PSG, Liverpool e Arsenal\",\"datePublished\":\"2022-11-23T14:38:24+00:00\",\"dateModified\":\"2022-11-23T14:38:25+00:00\",\"mainEntityOfPage\":{\"@id\":\"https:\/\/www.gaveanews.com\/index.php\/2022\/11\/23\/flamengo-figura-em-ranking-ao-lado-de-psg-liverpool-e-arsenal\/\"},\"wordCount\":301,\"commentCount\":0,\"image\":{\"@id\":\"https:\/\/www.gaveanews.com\/index.php\/2022\/11\/23\/flamengo-figura-em-ranking-ao-lado-de-psg-liverpool-e-arsenal\/#primaryimage\"},\"thumbnailUrl\":\"https:\/\/www.gaveanews.com\/wp-content\/uploads\/pedro-everton-ribeiro-flamengo-selecao-brasileira.webp\",\"articleSection\":[\"Flamengo\"],\"inLanguage\":\"pt-BR\",\"potentialAction\":[{\"@type\":\"CommentAction\",\"name\":\"Comment\",\"target\":[\"https:\/\/www.gaveanews.com\/index.php\/2022\/11\/23\/flamengo-figura-em-ranking-ao-lado-de-psg-liverpool-e-arsenal\/#respond\"]}],\"copyrightYear\":\"2022\",\"copyrightHolder\":{\"@id\":\"https:\/\/www.gaveanews.com\/#organization\"}},{\"@type\":\"WebPage\",\"@id\":\"https:\/\/www.gaveanews.com\/index.php\/2022\/11\/23\/flamengo-figura-em-ranking-ao-lado-de-psg-liverpool-e-arsenal\/\",\"url\":\"https:\/\/www.gaveanews.com\/index.php\/2022\/11\/23\/flamengo-figura-em-ranking-ao-lado-de-psg-liverpool-e-arsenal\/\",\"name\":\"Flamengo figura em ranking ao lado de PSG, Liverpool e Arsenal\",\"isPartOf\":{\"@id\":\"https:\/\/www.gaveanews.com\/#website\"},\"primaryImageOfPage\":{\"@id\":\"https:\/\/www.gaveanews.com\/index.php\/2022\/11\/23\/flamengo-figura-em-ranking-ao-lado-de-psg-liverpool-e-arsenal\/#primaryimage\"},\"image\":{\"@id\":\"https:\/\/www.gaveanews.com\/index.php\/2022\/11\/23\/flamengo-figura-em-ranking-ao-lado-de-psg-liverpool-e-arsenal\/#primaryimage\"},\"thumbnailUrl\":\"https:\/\/www.gaveanews.com\/wp-content\/uploads\/pedro-everton-ribeiro-flamengo-selecao-brasileira.webp\",\"datePublished\":\"2022-11-23T14:38:24+00:00\",\"dateModified\":\"2022-11-23T14:38:25+00:00\",\"author\":{\"@id\":\"https:\/\/www.gaveanews.com\/#\/schema\/person\/714c67050b836198af2450ba1c142a67\"},\"breadcrumb\":{\"@id\":\"https:\/\/www.gaveanews.com\/index.php\/2022\/11\/23\/flamengo-figura-em-ranking-ao-lado-de-psg-liverpool-e-arsenal\/#breadcrumb\"},\"inLanguage\":\"pt-BR\",\"potentialAction\":[{\"@type\":\"ReadAction\",\"target\":[\"https:\/\/www.gaveanews.com\/index.php\/2022\/11\/23\/flamengo-figura-em-ranking-ao-lado-de-psg-liverpool-e-arsenal\/\"]}]},{\"@type\":\"ImageObject\",\"inLanguage\":\"pt-BR\",\"@id\":\"https:\/\/www.gaveanews.com\/index.php\/2022\/11\/23\/flamengo-figura-em-ranking-ao-lado-de-psg-liverpool-e-arsenal\/#primaryimage\",\"url\":\"https:\/\/www.gaveanews.com\/wp-content\/uploads\/pedro-everton-ribeiro-flamengo-selecao-brasileira.webp\",\"contentUrl\":\"https:\/\/www.gaveanews.com\/wp-content\/uploads\/pedro-everton-ribeiro-flamengo-selecao-brasileira.webp\",\"width\":640,\"height\":400,\"caption\":\"Pedro e Everton Ribeiro em treino da Sele\u00e7\u00e3o Brasileira (Foto: Lucas Figueiredo\/CBF)\"},{\"@type\":\"BreadcrumbList\",\"@id\":\"https:\/\/www.gaveanews.com\/index.php\/2022\/11\/23\/flamengo-figura-em-ranking-ao-lado-de-psg-liverpool-e-arsenal\/#breadcrumb\",\"itemListElement\":[{\"@type\":\"ListItem\",\"position\":1,\"name\":\"Home\",\"item\":\"https:\/\/www.gaveanews.com\/\"},{\"@type\":\"ListItem\",\"position\":2,\"name\":\"Flamengo figura em ranking ao lado de PSG, Liverpool e Arsenal\"}]},{\"@type\":\"WebSite\",\"@id\":\"https:\/\/www.gaveanews.com\/#website\",\"url\":\"https:\/\/www.gaveanews.com\/\",\"name\":\"G\u00e1vea News\",\"description\":\"Veja todas as not\u00edcias sobre o Flamengo: Contrata\u00e7\u00f5es, categorias de base, resultados das partidas, tabela de classifica\u00e7\u00e3o, pr\u00f3ximos jogos!\",\"potentialAction\":[{\"@type\":\"SearchAction\",\"target\":{\"@type\":\"EntryPoint\",\"urlTemplate\":\"https:\/\/www.gaveanews.com\/?s={search_term_string}\"},\"query-input\":{\"@type\":\"PropertyValueSpecification\",\"valueRequired\":true,\"valueName\":\"search_term_string\"}}],\"inLanguage\":\"pt-BR\"},{\"@type\":\"Person\",\"@id\":\"https:\/\/www.gaveanews.com\/#\/schema\/person\/714c67050b836198af2450ba1c142a67\",\"name\":\"Let\u00edcia Gerheim\",\"image\":{\"@type\":\"ImageObject\",\"inLanguage\":\"pt-BR\",\"@id\":\"https:\/\/www.gaveanews.com\/#\/schema\/person\/image\/\",\"url\":\"https:\/\/secure.gravatar.com\/avatar\/60734739c50fcebfbac509e2a826ccd0ff405c019bc73aab9354f19ecad1dcb4?s=96&d=mm&r=g\",\"contentUrl\":\"https:\/\/secure.gravatar.com\/avatar\/60734739c50fcebfbac509e2a826ccd0ff405c019bc73aab9354f19ecad1dcb4?s=96&d=mm&r=g\",\"caption\":\"Let\u00edcia Gerheim\"}}]}<\/script>\n<!-- \/ Yoast SEO Premium plugin. -->","yoast_head_json":{"title":"Flamengo figura em ranking ao lado de PSG, Liverpool e Arsenal","robots":{"index":"index","follow":"follow","max-snippet":"max-snippet:-1","max-image-preview":"max-image-preview:large","max-video-preview":"max-video-preview:-1"},"canonical":"https:\/\/www.gaveanews.com\/index.php\/2022\/11\/23\/flamengo-figura-em-ranking-ao-lado-de-psg-liverpool-e-arsenal\/","og_locale":"pt_BR","og_type":"article","og_title":"Flamengo figura em ranking ao lado de PSG, Liverpool e Arsenal","og_description":"\u00c9 amanh\u00e3! Ap\u00f3s pouco mais de uma semana de atividades na It\u00e1lia e no Qatar, a Sele\u00e7\u00e3o Brasileira estrear\u00e1 na Copa do Mundo nesta quinta-feira (24). O primeiro advers\u00e1rio ser\u00e1 a S\u00e9rvia, que encontra a Canarinho \u00e0s 16h (hor\u00e1rio de Bras\u00edlia) pela primeira rodada do Grupo G. Embora n\u00e3o estejam entre os prov\u00e1veis titulares para [&hellip;]","og_url":"https:\/\/www.gaveanews.com\/index.php\/2022\/11\/23\/flamengo-figura-em-ranking-ao-lado-de-psg-liverpool-e-arsenal\/","og_site_name":"G\u00e1vea News","article_publisher":"https:\/\/facebook.com\/gaveaNews\/","article_published_time":"2022-11-23T14:38:24+00:00","article_modified_time":"2022-11-23T14:38:25+00:00","og_image":[{"width":640,"height":400,"url":"https:\/\/www.gaveanews.com\/wp-content\/uploads\/pedro-everton-ribeiro-flamengo-selecao-brasileira.webp","type":"image\/webp"}],"author":"Let\u00edcia Gerheim","twitter_card":"summary_large_image","twitter_misc":{"Escrito por":"Let\u00edcia Gerheim","Est. tempo de leitura":"2 minutos"},"schema":{"@context":"https:\/\/schema.org","@graph":[{"@type":"NewsArticle","@id":"https:\/\/www.gaveanews.com\/index.php\/2022\/11\/23\/flamengo-figura-em-ranking-ao-lado-de-psg-liverpool-e-arsenal\/#article","isPartOf":{"@id":"https:\/\/www.gaveanews.com\/index.php\/2022\/11\/23\/flamengo-figura-em-ranking-ao-lado-de-psg-liverpool-e-arsenal\/"},"author":{"name":"Let\u00edcia Gerheim","@id":"https:\/\/www.gaveanews.com\/#\/schema\/person\/714c67050b836198af2450ba1c142a67"},"headline":"Flamengo figura em ranking ao lado de PSG, Liverpool e Arsenal","datePublished":"2022-11-23T14:38:24+00:00","dateModified":"2022-11-23T14:38:25+00:00","mainEntityOfPage":{"@id":"https:\/\/www.gaveanews.com\/index.php\/2022\/11\/23\/flamengo-figura-em-ranking-ao-lado-de-psg-liverpool-e-arsenal\/"},"wordCount":301,"commentCount":0,"image":{"@id":"https:\/\/www.gaveanews.com\/index.php\/2022\/11\/23\/flamengo-figura-em-ranking-ao-lado-de-psg-liverpool-e-arsenal\/#primaryimage"},"thumbnailUrl":"https:\/\/www.gaveanews.com\/wp-content\/uploads\/pedro-everton-ribeiro-flamengo-selecao-brasileira.webp","articleSection":["Flamengo"],"inLanguage":"pt-BR","potentialAction":[{"@type":"CommentAction","name":"Comment","target":["https:\/\/www.gaveanews.com\/index.php\/2022\/11\/23\/flamengo-figura-em-ranking-ao-lado-de-psg-liverpool-e-arsenal\/#respond"]}],"copyrightYear":"2022","copyrightHolder":{"@id":"https:\/\/www.gaveanews.com\/#organization"}},{"@type":"WebPage","@id":"https:\/\/www.gaveanews.com\/index.php\/2022\/11\/23\/flamengo-figura-em-ranking-ao-lado-de-psg-liverpool-e-arsenal\/","url":"https:\/\/www.gaveanews.com\/index.php\/2022\/11\/23\/flamengo-figura-em-ranking-ao-lado-de-psg-liverpool-e-arsenal\/","name":"Flamengo figura em ranking ao lado de PSG, Liverpool e Arsenal","isPartOf":{"@id":"https:\/\/www.gaveanews.com\/#website"},"primaryImageOfPage":{"@id":"https:\/\/www.gaveanews.com\/index.php\/2022\/11\/23\/flamengo-figura-em-ranking-ao-lado-de-psg-liverpool-e-arsenal\/#primaryimage"},"image":{"@id":"https:\/\/www.gaveanews.com\/index.php\/2022\/11\/23\/flamengo-figura-em-ranking-ao-lado-de-psg-liverpool-e-arsenal\/#primaryimage"},"thumbnailUrl":"https:\/\/www.gaveanews.com\/wp-content\/uploads\/pedro-everton-ribeiro-flamengo-selecao-brasileira.webp","datePublished":"2022-11-23T14:38:24+00:00","dateModified":"2022-11-23T14:38:25+00:00","author":{"@id":"https:\/\/www.gaveanews.com\/#\/schema\/person\/714c67050b836198af2450ba1c142a67"},"breadcrumb":{"@id":"https:\/\/www.gaveanews.com\/index.php\/2022\/11\/23\/flamengo-figura-em-ranking-ao-lado-de-psg-liverpool-e-arsenal\/#breadcrumb"},"inLanguage":"pt-BR","potentialAction":[{"@type":"ReadAction","target":["https:\/\/www.gaveanews.com\/index.php\/2022\/11\/23\/flamengo-figura-em-ranking-ao-lado-de-psg-liverpool-e-arsenal\/"]}]},{"@type":"ImageObject","inLanguage":"pt-BR","@id":"https:\/\/www.gaveanews.com\/index.php\/2022\/11\/23\/flamengo-figura-em-ranking-ao-lado-de-psg-liverpool-e-arsenal\/#primaryimage","url":"https:\/\/www.gaveanews.com\/wp-content\/uploads\/pedro-everton-ribeiro-flamengo-selecao-brasileira.webp","contentUrl":"https:\/\/www.gaveanews.com\/wp-content\/uploads\/pedro-everton-ribeiro-flamengo-selecao-brasileira.webp","width":640,"height":400,"caption":"Pedro e Everton Ribeiro em treino da Sele\u00e7\u00e3o Brasileira (Foto: Lucas Figueiredo\/CBF)"},{"@type":"BreadcrumbList","@id":"https:\/\/www.gaveanews.com\/index.php\/2022\/11\/23\/flamengo-figura-em-ranking-ao-lado-de-psg-liverpool-e-arsenal\/#breadcrumb","itemListElement":[{"@type":"ListItem","position":1,"name":"Home","item":"https:\/\/www.gaveanews.com\/"},{"@type":"ListItem","position":2,"name":"Flamengo figura em ranking ao lado de PSG, Liverpool e Arsenal"}]},{"@type":"WebSite","@id":"https:\/\/www.gaveanews.com\/#website","url":"https:\/\/www.gaveanews.com\/","name":"G\u00e1vea News","description":"Veja todas as not\u00edcias sobre o Flamengo: Contrata\u00e7\u00f5es, categorias de base, resultados das partidas, tabela de classifica\u00e7\u00e3o, pr\u00f3ximos jogos!","potentialAction":[{"@type":"SearchAction","target":{"@type":"EntryPoint","urlTemplate":"https:\/\/www.gaveanews.com\/?s={search_term_string}"},"query-input":{"@type":"PropertyValueSpecification","valueRequired":true,"valueName":"search_term_string"}}],"inLanguage":"pt-BR"},{"@type":"Person","@id":"https:\/\/www.gaveanews.com\/#\/schema\/person\/714c67050b836198af2450ba1c142a67","name":"Let\u00edcia Gerheim","image":{"@type":"ImageObject","inLanguage":"pt-BR","@id":"https:\/\/www.gaveanews.com\/#\/schema\/person\/image\/","url":"https:\/\/secure.gravatar.com\/avatar\/60734739c50fcebfbac509e2a826ccd0ff405c019bc73aab9354f19ecad1dcb4?s=96&d=mm&r=g","contentUrl":"https:\/\/secure.gravatar.com\/avatar\/60734739c50fcebfbac509e2a826ccd0ff405c019bc73aab9354f19ecad1dcb4?s=96&d=mm&r=g","caption":"Let\u00edcia Gerheim"}}]}},"_links":{"self":[{"href":"https:\/\/www.gaveanews.com\/index.php\/wp-json\/wp\/v2\/posts\/91118","targetHints":{"allow":["GET"]}}],"collection":[{"href":"https:\/\/www.gaveanews.com\/index.php\/wp-json\/wp\/v2\/posts"}],"about":[{"href":"https:\/\/www.gaveanews.com\/index.php\/wp-json\/wp\/v2\/types\/post"}],"author":[{"embeddable":true,"href":"https:\/\/www.gaveanews.com\/index.php\/wp-json\/wp\/v2\/users\/4"}],"replies":[{"embeddable":true,"href":"https:\/\/www.gaveanews.com\/index.php\/wp-json\/wp\/v2\/comments?post=91118"}],"version-history":[{"count":0,"href":"https:\/\/www.gaveanews.com\/index.php\/wp-json\/wp\/v2\/posts\/91118\/revisions"}],"wp:featuredmedia":[{"embeddable":true,"href":"https:\/\/www.gaveanews.com\/index.php\/wp-json\/wp\/v2\/media\/91119"}],"wp:attachment":[{"href":"https:\/\/www.gaveanews.com\/index.php\/wp-json\/wp\/v2\/media?parent=91118"}],"wp:term":[{"taxonomy":"category","embeddable":true,"href":"https:\/\/www.gaveanews.com\/index.php\/wp-json\/wp\/v2\/categories?post=91118"},{"taxonomy":"post_tag","embeddable":true,"href":"https:\/\/www.gaveanews.com\/index.php\/wp-json\/wp\/v2\/tags?post=91118"}],"curies":[{"name":"wp","href":"https:\/\/api.w.org\/{rel}","templated":true}]}}