{"id":91220,"date":"2022-11-25T14:05:47","date_gmt":"2022-11-25T17:05:47","guid":{"rendered":"https:\/\/www.gaveanews.com\/?p=91220"},"modified":"2024-04-06T23:21:14","modified_gmt":"2024-04-07T02:21:14","slug":"ventilado-no-flamengo-tite-recebe-salario-astronomico-da-cbf-veja-os-valores","status":"publish","type":"post","link":"https:\/\/www.gaveanews.com\/index.php\/2022\/11\/25\/ventilado-no-flamengo-tite-recebe-salario-astronomico-da-cbf-veja-os-valores\/","title":{"rendered":"Ventilado no Flamengo, Tite recebe sal\u00e1rio astron\u00f4mico da CBF; veja os valores"},"content":{"rendered":"\n<p>O Flamengo se mant\u00e9m atento \u00e0s movimenta\u00e7\u00f5es no mercado da bola e se prepara para a possibilidade de perder pe\u00e7as em 2023. Dentre os membros da equipe que est\u00e3o sofrendo ass\u00e9dio externo, o clube trabalha nos bastidores para poder renovar seu v\u00ednculo com Dorival J\u00fanior.<\/p>\n\n\n\n<p>O t\u00e9cnico j\u00e1 deixou claro que seu compromisso \u00e9 com o Flamengo e de que deseja dar continuidade no trabalho feito com o elenco. Contudo, o Mais Querido precisa se certificar de que ter\u00e1 um comandante para o time caso Dorival mude de ideia.<\/p>\n\n\n\n<p><a href=\"https:\/\/www.gaveanews.com\/index.php\/2022\/11\/25\/jornalista-revela-quem-o-flamengo-ira-tentar-contratar-se-perder-dorival-jr-para-a-selecao-brasileira\/\">Um dos nomes ventilados como segunda op\u00e7\u00e3o \u00e9 Tite,<\/a> que est\u00e1 \u00e0 frente da Sele\u00e7\u00e3o Brasileira atualmente. No entanto, um fator pode tornar a contrata\u00e7\u00e3o invi\u00e1vel.<\/p>\n\n\n\n<p>Tite \u00e9 o terceiro treinador mais bem pago no mundo. O profissional recebe 3,9 milh\u00f5es de euros por temporada, o que em reais d\u00e1 cerca de R$ 22 milh\u00f5es. Para arcar com os vencimentos do t\u00e9cnico, o Flamengo teria que desembolsar R$ 1,8 milh\u00e3o por m\u00eas.<\/p>\n\n\n\n<p>Contudo, em 2015, Tite afirmou que tinha o desejo de comandar um time carioca em algum momento de sua carreira. A vontade do t\u00e9cnico, \u00e9 claro, pode falar mais alto do que a pretens\u00e3o financeira.<\/p>\n\n\n\n<p><em>\u2014 Mais do que um desafio \u00e9 um objetivo pessoal. Eu quero ir para o Rio. Terminar minha etapa aqui e trabalhar l\u00e1. Quando, eu n\u00e3o sei.<\/em><\/p>\n","protected":false},"excerpt":{"rendered":"<p>O Flamengo se mant\u00e9m atento \u00e0s movimenta\u00e7\u00f5es no mercado da bola e se prepara para a possibilidade de perder pe\u00e7as em 2023. Dentre os membros da equipe que est\u00e3o sofrendo ass\u00e9dio externo, o clube trabalha nos bastidores para poder renovar seu v\u00ednculo com Dorival J\u00fanior. O t\u00e9cnico j\u00e1 deixou claro que seu compromisso \u00e9 com [&hellip;]<\/p>\n","protected":false},"author":4,"featured_media":91221,"comment_status":"open","ping_status":"closed","sticky":false,"template":"","format":"standard","meta":{"footnotes":""},"categories":[1],"tags":[171],"class_list":["post-91220","post","type-post","status-publish","format-standard","has-post-thumbnail","hentry","category-flamengo","tag-adenor-leonardo-bachi-tite"],"yoast_head":"<!-- This site is optimized with the Yoast SEO Premium plugin v24.2 (Yoast SEO v26.9) - https:\/\/yoast.com\/product\/yoast-seo-premium-wordpress\/ -->\n<title>Ventilado no Flamengo, Tite recebe sal\u00e1rio astron\u00f4mico da CBF; veja os valores<\/title>\n<meta name=\"robots\" content=\"index, follow, max-snippet:-1, max-image-preview:large, max-video-preview:-1\" \/>\n<link rel=\"canonical\" href=\"https:\/\/www.gaveanews.com\/index.php\/2022\/11\/25\/ventilado-no-flamengo-tite-recebe-salario-astronomico-da-cbf-veja-os-valores\/\" \/>\n<meta property=\"og:locale\" content=\"pt_BR\" \/>\n<meta property=\"og:type\" content=\"article\" \/>\n<meta property=\"og:title\" content=\"Ventilado no Flamengo, Tite recebe sal\u00e1rio astron\u00f4mico da CBF; veja os valores\" \/>\n<meta property=\"og:description\" content=\"O Flamengo se mant\u00e9m atento \u00e0s movimenta\u00e7\u00f5es no mercado da bola e se prepara para a possibilidade de perder pe\u00e7as em 2023. Dentre os membros da equipe que est\u00e3o sofrendo ass\u00e9dio externo, o clube trabalha nos bastidores para poder renovar seu v\u00ednculo com Dorival J\u00fanior. O t\u00e9cnico j\u00e1 deixou claro que seu compromisso \u00e9 com [&hellip;]\" \/>\n<meta property=\"og:url\" content=\"https:\/\/www.gaveanews.com\/index.php\/2022\/11\/25\/ventilado-no-flamengo-tite-recebe-salario-astronomico-da-cbf-veja-os-valores\/\" \/>\n<meta property=\"og:site_name\" content=\"G\u00e1vea News\" \/>\n<meta property=\"article:publisher\" content=\"https:\/\/facebook.com\/gaveaNews\/\" \/>\n<meta property=\"article:published_time\" content=\"2022-11-25T17:05:47+00:00\" \/>\n<meta property=\"article:modified_time\" content=\"2024-04-07T02:21:14+00:00\" \/>\n<meta property=\"og:image\" content=\"https:\/\/www.gaveanews.com\/wp-content\/uploads\/tite-selecao-brasileira-copa-do-mundo-qatar.webp\" \/>\n\t<meta property=\"og:image:width\" content=\"799\" \/>\n\t<meta property=\"og:image:height\" content=\"533\" \/>\n\t<meta property=\"og:image:type\" content=\"image\/jpeg\" \/>\n<meta name=\"author\" content=\"Let\u00edcia Gerheim\" \/>\n<meta name=\"twitter:card\" content=\"summary_large_image\" \/>\n<meta name=\"twitter:label1\" content=\"Escrito por\" \/>\n\t<meta name=\"twitter:data1\" content=\"Let\u00edcia Gerheim\" \/>\n\t<meta name=\"twitter:label2\" content=\"Est. tempo de leitura\" \/>\n\t<meta name=\"twitter:data2\" content=\"2 minutos\" \/>\n<script type=\"application\/ld+json\" class=\"yoast-schema-graph\">{\"@context\":\"https:\/\/schema.org\",\"@graph\":[{\"@type\":\"NewsArticle\",\"@id\":\"https:\/\/www.gaveanews.com\/index.php\/2022\/11\/25\/ventilado-no-flamengo-tite-recebe-salario-astronomico-da-cbf-veja-os-valores\/#article\",\"isPartOf\":{\"@id\":\"https:\/\/www.gaveanews.com\/index.php\/2022\/11\/25\/ventilado-no-flamengo-tite-recebe-salario-astronomico-da-cbf-veja-os-valores\/\"},\"author\":{\"name\":\"Let\u00edcia Gerheim\",\"@id\":\"https:\/\/www.gaveanews.com\/#\/schema\/person\/714c67050b836198af2450ba1c142a67\"},\"headline\":\"Ventilado no Flamengo, Tite recebe sal\u00e1rio astron\u00f4mico da CBF; veja os valores\",\"datePublished\":\"2022-11-25T17:05:47+00:00\",\"dateModified\":\"2024-04-07T02:21:14+00:00\",\"mainEntityOfPage\":{\"@id\":\"https:\/\/www.gaveanews.com\/index.php\/2022\/11\/25\/ventilado-no-flamengo-tite-recebe-salario-astronomico-da-cbf-veja-os-valores\/\"},\"wordCount\":245,\"commentCount\":0,\"image\":{\"@id\":\"https:\/\/www.gaveanews.com\/index.php\/2022\/11\/25\/ventilado-no-flamengo-tite-recebe-salario-astronomico-da-cbf-veja-os-valores\/#primaryimage\"},\"thumbnailUrl\":\"https:\/\/www.gaveanews.com\/wp-content\/uploads\/tite-selecao-brasileira-copa-do-mundo-qatar.webp\",\"keywords\":[\"Adenor Leonardo Bachi\"],\"articleSection\":[\"Flamengo\"],\"inLanguage\":\"pt-BR\",\"potentialAction\":[{\"@type\":\"CommentAction\",\"name\":\"Comment\",\"target\":[\"https:\/\/www.gaveanews.com\/index.php\/2022\/11\/25\/ventilado-no-flamengo-tite-recebe-salario-astronomico-da-cbf-veja-os-valores\/#respond\"]}],\"copyrightYear\":\"2022\",\"copyrightHolder\":{\"@id\":\"https:\/\/www.gaveanews.com\/#organization\"}},{\"@type\":\"WebPage\",\"@id\":\"https:\/\/www.gaveanews.com\/index.php\/2022\/11\/25\/ventilado-no-flamengo-tite-recebe-salario-astronomico-da-cbf-veja-os-valores\/\",\"url\":\"https:\/\/www.gaveanews.com\/index.php\/2022\/11\/25\/ventilado-no-flamengo-tite-recebe-salario-astronomico-da-cbf-veja-os-valores\/\",\"name\":\"Ventilado no Flamengo, Tite recebe sal\u00e1rio astron\u00f4mico da CBF; veja os valores\",\"isPartOf\":{\"@id\":\"https:\/\/www.gaveanews.com\/#website\"},\"primaryImageOfPage\":{\"@id\":\"https:\/\/www.gaveanews.com\/index.php\/2022\/11\/25\/ventilado-no-flamengo-tite-recebe-salario-astronomico-da-cbf-veja-os-valores\/#primaryimage\"},\"image\":{\"@id\":\"https:\/\/www.gaveanews.com\/index.php\/2022\/11\/25\/ventilado-no-flamengo-tite-recebe-salario-astronomico-da-cbf-veja-os-valores\/#primaryimage\"},\"thumbnailUrl\":\"https:\/\/www.gaveanews.com\/wp-content\/uploads\/tite-selecao-brasileira-copa-do-mundo-qatar.webp\",\"datePublished\":\"2022-11-25T17:05:47+00:00\",\"dateModified\":\"2024-04-07T02:21:14+00:00\",\"author\":{\"@id\":\"https:\/\/www.gaveanews.com\/#\/schema\/person\/714c67050b836198af2450ba1c142a67\"},\"breadcrumb\":{\"@id\":\"https:\/\/www.gaveanews.com\/index.php\/2022\/11\/25\/ventilado-no-flamengo-tite-recebe-salario-astronomico-da-cbf-veja-os-valores\/#breadcrumb\"},\"inLanguage\":\"pt-BR\",\"potentialAction\":[{\"@type\":\"ReadAction\",\"target\":[\"https:\/\/www.gaveanews.com\/index.php\/2022\/11\/25\/ventilado-no-flamengo-tite-recebe-salario-astronomico-da-cbf-veja-os-valores\/\"]}]},{\"@type\":\"ImageObject\",\"inLanguage\":\"pt-BR\",\"@id\":\"https:\/\/www.gaveanews.com\/index.php\/2022\/11\/25\/ventilado-no-flamengo-tite-recebe-salario-astronomico-da-cbf-veja-os-valores\/#primaryimage\",\"url\":\"https:\/\/www.gaveanews.com\/wp-content\/uploads\/tite-selecao-brasileira-copa-do-mundo-qatar.webp\",\"contentUrl\":\"https:\/\/www.gaveanews.com\/wp-content\/uploads\/tite-selecao-brasileira-copa-do-mundo-qatar.webp\",\"width\":799,\"height\":533,\"caption\":\"Tite antes de estreia do Brasil na Copa do Mundo do Qatar (Foto: Lucas Figueiredo\/CBF)\"},{\"@type\":\"BreadcrumbList\",\"@id\":\"https:\/\/www.gaveanews.com\/index.php\/2022\/11\/25\/ventilado-no-flamengo-tite-recebe-salario-astronomico-da-cbf-veja-os-valores\/#breadcrumb\",\"itemListElement\":[{\"@type\":\"ListItem\",\"position\":1,\"name\":\"Home\",\"item\":\"https:\/\/www.gaveanews.com\/\"},{\"@type\":\"ListItem\",\"position\":2,\"name\":\"Ventilado no Flamengo, Tite recebe sal\u00e1rio astron\u00f4mico da CBF; veja os valores\"}]},{\"@type\":\"WebSite\",\"@id\":\"https:\/\/www.gaveanews.com\/#website\",\"url\":\"https:\/\/www.gaveanews.com\/\",\"name\":\"G\u00e1vea News\",\"description\":\"Veja todas as not\u00edcias sobre o Flamengo: Contrata\u00e7\u00f5es, categorias de base, resultados das partidas, tabela de classifica\u00e7\u00e3o, pr\u00f3ximos jogos!\",\"potentialAction\":[{\"@type\":\"SearchAction\",\"target\":{\"@type\":\"EntryPoint\",\"urlTemplate\":\"https:\/\/www.gaveanews.com\/?s={search_term_string}\"},\"query-input\":{\"@type\":\"PropertyValueSpecification\",\"valueRequired\":true,\"valueName\":\"search_term_string\"}}],\"inLanguage\":\"pt-BR\"},{\"@type\":\"Person\",\"@id\":\"https:\/\/www.gaveanews.com\/#\/schema\/person\/714c67050b836198af2450ba1c142a67\",\"name\":\"Let\u00edcia Gerheim\",\"image\":{\"@type\":\"ImageObject\",\"inLanguage\":\"pt-BR\",\"@id\":\"https:\/\/www.gaveanews.com\/#\/schema\/person\/image\/\",\"url\":\"https:\/\/secure.gravatar.com\/avatar\/60734739c50fcebfbac509e2a826ccd0ff405c019bc73aab9354f19ecad1dcb4?s=96&d=mm&r=g\",\"contentUrl\":\"https:\/\/secure.gravatar.com\/avatar\/60734739c50fcebfbac509e2a826ccd0ff405c019bc73aab9354f19ecad1dcb4?s=96&d=mm&r=g\",\"caption\":\"Let\u00edcia Gerheim\"}}]}<\/script>\n<!-- \/ Yoast SEO Premium plugin. -->","yoast_head_json":{"title":"Ventilado no Flamengo, Tite recebe sal\u00e1rio astron\u00f4mico da CBF; veja os valores","robots":{"index":"index","follow":"follow","max-snippet":"max-snippet:-1","max-image-preview":"max-image-preview:large","max-video-preview":"max-video-preview:-1"},"canonical":"https:\/\/www.gaveanews.com\/index.php\/2022\/11\/25\/ventilado-no-flamengo-tite-recebe-salario-astronomico-da-cbf-veja-os-valores\/","og_locale":"pt_BR","og_type":"article","og_title":"Ventilado no Flamengo, Tite recebe sal\u00e1rio astron\u00f4mico da CBF; veja os valores","og_description":"O Flamengo se mant\u00e9m atento \u00e0s movimenta\u00e7\u00f5es no mercado da bola e se prepara para a possibilidade de perder pe\u00e7as em 2023. Dentre os membros da equipe que est\u00e3o sofrendo ass\u00e9dio externo, o clube trabalha nos bastidores para poder renovar seu v\u00ednculo com Dorival J\u00fanior. O t\u00e9cnico j\u00e1 deixou claro que seu compromisso \u00e9 com [&hellip;]","og_url":"https:\/\/www.gaveanews.com\/index.php\/2022\/11\/25\/ventilado-no-flamengo-tite-recebe-salario-astronomico-da-cbf-veja-os-valores\/","og_site_name":"G\u00e1vea News","article_publisher":"https:\/\/facebook.com\/gaveaNews\/","article_published_time":"2022-11-25T17:05:47+00:00","article_modified_time":"2024-04-07T02:21:14+00:00","og_image":[{"width":799,"height":533,"url":"https:\/\/www.gaveanews.com\/wp-content\/uploads\/tite-selecao-brasileira-copa-do-mundo-qatar.webp","type":"image\/jpeg"}],"author":"Let\u00edcia Gerheim","twitter_card":"summary_large_image","twitter_misc":{"Escrito por":"Let\u00edcia Gerheim","Est. tempo de leitura":"2 minutos"},"schema":{"@context":"https:\/\/schema.org","@graph":[{"@type":"NewsArticle","@id":"https:\/\/www.gaveanews.com\/index.php\/2022\/11\/25\/ventilado-no-flamengo-tite-recebe-salario-astronomico-da-cbf-veja-os-valores\/#article","isPartOf":{"@id":"https:\/\/www.gaveanews.com\/index.php\/2022\/11\/25\/ventilado-no-flamengo-tite-recebe-salario-astronomico-da-cbf-veja-os-valores\/"},"author":{"name":"Let\u00edcia Gerheim","@id":"https:\/\/www.gaveanews.com\/#\/schema\/person\/714c67050b836198af2450ba1c142a67"},"headline":"Ventilado no Flamengo, Tite recebe sal\u00e1rio astron\u00f4mico da CBF; veja os valores","datePublished":"2022-11-25T17:05:47+00:00","dateModified":"2024-04-07T02:21:14+00:00","mainEntityOfPage":{"@id":"https:\/\/www.gaveanews.com\/index.php\/2022\/11\/25\/ventilado-no-flamengo-tite-recebe-salario-astronomico-da-cbf-veja-os-valores\/"},"wordCount":245,"commentCount":0,"image":{"@id":"https:\/\/www.gaveanews.com\/index.php\/2022\/11\/25\/ventilado-no-flamengo-tite-recebe-salario-astronomico-da-cbf-veja-os-valores\/#primaryimage"},"thumbnailUrl":"https:\/\/www.gaveanews.com\/wp-content\/uploads\/tite-selecao-brasileira-copa-do-mundo-qatar.webp","keywords":["Adenor Leonardo Bachi"],"articleSection":["Flamengo"],"inLanguage":"pt-BR","potentialAction":[{"@type":"CommentAction","name":"Comment","target":["https:\/\/www.gaveanews.com\/index.php\/2022\/11\/25\/ventilado-no-flamengo-tite-recebe-salario-astronomico-da-cbf-veja-os-valores\/#respond"]}],"copyrightYear":"2022","copyrightHolder":{"@id":"https:\/\/www.gaveanews.com\/#organization"}},{"@type":"WebPage","@id":"https:\/\/www.gaveanews.com\/index.php\/2022\/11\/25\/ventilado-no-flamengo-tite-recebe-salario-astronomico-da-cbf-veja-os-valores\/","url":"https:\/\/www.gaveanews.com\/index.php\/2022\/11\/25\/ventilado-no-flamengo-tite-recebe-salario-astronomico-da-cbf-veja-os-valores\/","name":"Ventilado no Flamengo, Tite recebe sal\u00e1rio astron\u00f4mico da CBF; veja os valores","isPartOf":{"@id":"https:\/\/www.gaveanews.com\/#website"},"primaryImageOfPage":{"@id":"https:\/\/www.gaveanews.com\/index.php\/2022\/11\/25\/ventilado-no-flamengo-tite-recebe-salario-astronomico-da-cbf-veja-os-valores\/#primaryimage"},"image":{"@id":"https:\/\/www.gaveanews.com\/index.php\/2022\/11\/25\/ventilado-no-flamengo-tite-recebe-salario-astronomico-da-cbf-veja-os-valores\/#primaryimage"},"thumbnailUrl":"https:\/\/www.gaveanews.com\/wp-content\/uploads\/tite-selecao-brasileira-copa-do-mundo-qatar.webp","datePublished":"2022-11-25T17:05:47+00:00","dateModified":"2024-04-07T02:21:14+00:00","author":{"@id":"https:\/\/www.gaveanews.com\/#\/schema\/person\/714c67050b836198af2450ba1c142a67"},"breadcrumb":{"@id":"https:\/\/www.gaveanews.com\/index.php\/2022\/11\/25\/ventilado-no-flamengo-tite-recebe-salario-astronomico-da-cbf-veja-os-valores\/#breadcrumb"},"inLanguage":"pt-BR","potentialAction":[{"@type":"ReadAction","target":["https:\/\/www.gaveanews.com\/index.php\/2022\/11\/25\/ventilado-no-flamengo-tite-recebe-salario-astronomico-da-cbf-veja-os-valores\/"]}]},{"@type":"ImageObject","inLanguage":"pt-BR","@id":"https:\/\/www.gaveanews.com\/index.php\/2022\/11\/25\/ventilado-no-flamengo-tite-recebe-salario-astronomico-da-cbf-veja-os-valores\/#primaryimage","url":"https:\/\/www.gaveanews.com\/wp-content\/uploads\/tite-selecao-brasileira-copa-do-mundo-qatar.webp","contentUrl":"https:\/\/www.gaveanews.com\/wp-content\/uploads\/tite-selecao-brasileira-copa-do-mundo-qatar.webp","width":799,"height":533,"caption":"Tite antes de estreia do Brasil na Copa do Mundo do Qatar (Foto: Lucas Figueiredo\/CBF)"},{"@type":"BreadcrumbList","@id":"https:\/\/www.gaveanews.com\/index.php\/2022\/11\/25\/ventilado-no-flamengo-tite-recebe-salario-astronomico-da-cbf-veja-os-valores\/#breadcrumb","itemListElement":[{"@type":"ListItem","position":1,"name":"Home","item":"https:\/\/www.gaveanews.com\/"},{"@type":"ListItem","position":2,"name":"Ventilado no Flamengo, Tite recebe sal\u00e1rio astron\u00f4mico da CBF; veja os valores"}]},{"@type":"WebSite","@id":"https:\/\/www.gaveanews.com\/#website","url":"https:\/\/www.gaveanews.com\/","name":"G\u00e1vea News","description":"Veja todas as not\u00edcias sobre o Flamengo: Contrata\u00e7\u00f5es, categorias de base, resultados das partidas, tabela de classifica\u00e7\u00e3o, pr\u00f3ximos jogos!","potentialAction":[{"@type":"SearchAction","target":{"@type":"EntryPoint","urlTemplate":"https:\/\/www.gaveanews.com\/?s={search_term_string}"},"query-input":{"@type":"PropertyValueSpecification","valueRequired":true,"valueName":"search_term_string"}}],"inLanguage":"pt-BR"},{"@type":"Person","@id":"https:\/\/www.gaveanews.com\/#\/schema\/person\/714c67050b836198af2450ba1c142a67","name":"Let\u00edcia Gerheim","image":{"@type":"ImageObject","inLanguage":"pt-BR","@id":"https:\/\/www.gaveanews.com\/#\/schema\/person\/image\/","url":"https:\/\/secure.gravatar.com\/avatar\/60734739c50fcebfbac509e2a826ccd0ff405c019bc73aab9354f19ecad1dcb4?s=96&d=mm&r=g","contentUrl":"https:\/\/secure.gravatar.com\/avatar\/60734739c50fcebfbac509e2a826ccd0ff405c019bc73aab9354f19ecad1dcb4?s=96&d=mm&r=g","caption":"Let\u00edcia Gerheim"}}]}},"_links":{"self":[{"href":"https:\/\/www.gaveanews.com\/index.php\/wp-json\/wp\/v2\/posts\/91220","targetHints":{"allow":["GET"]}}],"collection":[{"href":"https:\/\/www.gaveanews.com\/index.php\/wp-json\/wp\/v2\/posts"}],"about":[{"href":"https:\/\/www.gaveanews.com\/index.php\/wp-json\/wp\/v2\/types\/post"}],"author":[{"embeddable":true,"href":"https:\/\/www.gaveanews.com\/index.php\/wp-json\/wp\/v2\/users\/4"}],"replies":[{"embeddable":true,"href":"https:\/\/www.gaveanews.com\/index.php\/wp-json\/wp\/v2\/comments?post=91220"}],"version-history":[{"count":1,"href":"https:\/\/www.gaveanews.com\/index.php\/wp-json\/wp\/v2\/posts\/91220\/revisions"}],"predecessor-version":[{"id":134832,"href":"https:\/\/www.gaveanews.com\/index.php\/wp-json\/wp\/v2\/posts\/91220\/revisions\/134832"}],"wp:featuredmedia":[{"embeddable":true,"href":"https:\/\/www.gaveanews.com\/index.php\/wp-json\/wp\/v2\/media\/91221"}],"wp:attachment":[{"href":"https:\/\/www.gaveanews.com\/index.php\/wp-json\/wp\/v2\/media?parent=91220"}],"wp:term":[{"taxonomy":"category","embeddable":true,"href":"https:\/\/www.gaveanews.com\/index.php\/wp-json\/wp\/v2\/categories?post=91220"},{"taxonomy":"post_tag","embeddable":true,"href":"https:\/\/www.gaveanews.com\/index.php\/wp-json\/wp\/v2\/tags?post=91220"}],"curies":[{"name":"wp","href":"https:\/\/api.w.org\/{rel}","templated":true}]}}