{"id":91236,"date":"2022-11-25T19:25:21","date_gmt":"2022-11-25T22:25:21","guid":{"rendered":"https:\/\/www.gaveanews.com\/?p=91236"},"modified":"2022-11-25T19:25:24","modified_gmt":"2022-11-25T22:25:24","slug":"goleiro-da-copa-ficou-estressado-ao-perder-posicao-para-idolo-do-flamengo","status":"publish","type":"post","link":"https:\/\/www.gaveanews.com\/index.php\/2022\/11\/25\/goleiro-da-copa-ficou-estressado-ao-perder-posicao-para-idolo-do-flamengo\/","title":{"rendered":"Goleiro da Copa ficou estressado ao perder posi\u00e7\u00e3o para \u00eddolo do Flamengo"},"content":{"rendered":"\n<p>Goleiro titular da Austr\u00e1lia, que enfrenta a Tun\u00edsia pela segunda rodada da Copa do Mundo do Qatar, neste s\u00e1bado, Matt Ryan n\u00e3o \u00e9 o tipo de jogador que aceita ser reserva de forma tranquila.<\/p>\n\n\n\n<p>Em 2015, o australiano foi contratado pelo Valencia ap\u00f3s o antigo titular Diego Alves sofrer uma grave les\u00e3o no joelho que o deixou por nove meses fora dos gramados. Depois de um come\u00e7o bastante promissor no time espanhol, o arqueiro se machucou e perdeu a vaga novamente para o brasileiro.<\/p>\n\n\n\n<p>Chateado com a situa\u00e7\u00e3o, Ryan descontou na comida.<\/p>\n\n\n\n<p><em>\u2014 Quando ele n\u00e3o jogava, ficava muito estressado e comia umas tr\u00eas pizzas inteiras brincando! \u00c9 o rei da pizza! Eu falava: &#8216;O Diego n\u00e3o vai sair do gol. Desse jeito ai voc\u00ea pode comprar a Pizza Hut toda porque o treinador n\u00e3o vai tir\u00e1-lo&#8217; (risos). Era a mesma coisa da Juventus, porque n\u00e3o tinha como o Szczesny tirar a vaga do Buffon porque ele era um goleiro hist\u00f3rico<\/em>, disse Aderllan Santos, ex-zagueiro do Valencia, ao site da ESPN.<\/p>\n\n\n\n<p>Matt Ryan fez 21 partidas na primeira temporada pelo Valencia. Na segunda, no entanto, jogou apenas duas vezes &#8211; com o retorno de Diego Alves &#8211; antes de se transferir ao Genk, da B\u00e9lgica.<\/p>\n\n\n\n<p><em>\u2014 Era gente boa demais e sa\u00edmos para jantar duas vezes. Foram jantares aleat\u00f3rios (risos). Ele me chamou para desabafar e respondi: &#8216;Eu tamb\u00e9m n\u00e3o estou jogando&#8217; (risos). Fomos a um restaurante japon\u00eas para conversar. Estava com o goleiro da Austr\u00e1lia num restaurante do nada, ningu\u00e9m ia acreditar (risos). A gente se virava no espanhol e eu era um dos caras que ele mais conversava do elenco na \u00e9poca<\/em>, contou o brasileiro.<\/p>\n\n\n\n<p>Apesar da amizade fora dos gramados, Aderllan sofreu com a impetuosidade do colega de equipe durante uma partida contra o Granada por LaLiga<\/p>\n\n\n\n<p><em>\u2014 Ele gritou \u2018minha\u2019 quando eu j\u00e1 estava na bola. O Ryan acabou acertando as travas da chuteira no meu peito, abriu um buraco e tive que levar pontos. Olhei para ele e falei: \u2018Depois n\u00e3o me chama mais para jantar porque estou todo arrebentado (risos)\u2019. Ele falava para mim: &#8216;Irm\u00e3o, eu gritei&#8217;. Eu falava: \u2018Mas n\u00e3o tinha como voc\u00ea ter abaixado as travas?\u2019<\/em>, disse o brasileiro, aos risos.<\/p>\n\n\n\n<p>Ryan defendeu o Central Coast Mariners e o Blacktown City, ambos da Austr\u00e1lia, antes de ir para o Club Brugge. Em duas temporadas na B\u00e9lgica, o australiano se destacou antes de chegar ao Valencia. Em 2017, o goleiro foi para Brighton, no qual permaneceu por tr\u00eas temporadas e meia. Ap\u00f3s ficar seis meses emprestado ao Arsenal, o jogador foi reserva da Real Sociedad at\u00e9 ser contratado pelo FC Copenhagen na atual temporada.<\/p>\n\n\n\n<p>Aos 30 anos, o arqueiro disputa a terceira Copa do Mundo pela Austr\u00e1lia como titular. Na estreia, ele sofreu seis gols na derrota para a Fran\u00e7a.<\/p>\n\n\n\n<p><em>\u2014 Ryan era impressionante nos treinos, parecia um goleiro de videogame. Ele ia muito bem mesmo. Ele \u00e9 muito forte, nunca vi um jogador t\u00e3o forte quanto ele. O peitoral parecia de um fisiculturista, fazia barra com uma m\u00e3o s\u00f3. \u00c9 muito bom goleiro, mas deu um pouco de azar. Al\u00e9m da les\u00e3o, ele estava no jogo que o Valencia levou 7 gols do Barcelona e isso ficou marcado<\/em>, afirmou Aderllan.<\/p>\n\n\n<div class=\"wp-block-image\">\n<figure class=\"aligncenter size-large is-resized\"><img loading=\"lazy\" decoding=\"async\" src=\"https:\/\/a4.espncdn.com\/combiner\/i?img=%2Fphoto%2F2022%2F1124%2Fr1096068_1296x729_16%2D9.webp&amp;w=570&amp;format=jpg\" alt=\"\" width=\"729\" height=\"411\"\/><figcaption class=\"wp-element-caption\">Matt Ryan \u00e9 goleiro da Austr\u00e1lia na Copa do Mundo (Foto: Ryan Pierse &#8211; FIFA\/FIFA via Getty Images)<\/figcaption><\/figure>\n<\/div>\n\n\n<p>Retirado de: ESPN<\/p>\n","protected":false},"excerpt":{"rendered":"<p>Goleiro titular da Austr\u00e1lia, que enfrenta a Tun\u00edsia pela segunda rodada da Copa do Mundo do Qatar, neste s\u00e1bado, Matt Ryan n\u00e3o \u00e9 o tipo de jogador que aceita ser reserva de forma tranquila. Em 2015, o australiano foi contratado pelo Valencia ap\u00f3s o antigo titular Diego Alves sofrer uma grave les\u00e3o no joelho que [&hellip;]<\/p>\n","protected":false},"author":1,"featured_media":53510,"comment_status":"open","ping_status":"closed","sticky":false,"template":"","format":"standard","meta":{"footnotes":""},"categories":[1],"tags":[],"class_list":["post-91236","post","type-post","status-publish","format-standard","has-post-thumbnail","hentry","category-flamengo"],"yoast_head":"<!-- This site is optimized with the Yoast SEO Premium plugin v24.2 (Yoast SEO v26.9) - https:\/\/yoast.com\/product\/yoast-seo-premium-wordpress\/ -->\n<title>Goleiro da Copa ficou estressado ao perder posi\u00e7\u00e3o para \u00eddolo do Flamengo<\/title>\n<meta name=\"robots\" content=\"index, follow, max-snippet:-1, max-image-preview:large, max-video-preview:-1\" \/>\n<link rel=\"canonical\" href=\"https:\/\/www.gaveanews.com\/index.php\/2022\/11\/25\/goleiro-da-copa-ficou-estressado-ao-perder-posicao-para-idolo-do-flamengo\/\" \/>\n<meta property=\"og:locale\" content=\"pt_BR\" \/>\n<meta property=\"og:type\" content=\"article\" \/>\n<meta property=\"og:title\" content=\"Goleiro da Copa ficou estressado ao perder posi\u00e7\u00e3o para \u00eddolo do Flamengo\" \/>\n<meta property=\"og:description\" content=\"Goleiro titular da Austr\u00e1lia, que enfrenta a Tun\u00edsia pela segunda rodada da Copa do Mundo do Qatar, neste s\u00e1bado, Matt Ryan n\u00e3o \u00e9 o tipo de jogador que aceita ser reserva de forma tranquila. Em 2015, o australiano foi contratado pelo Valencia ap\u00f3s o antigo titular Diego Alves sofrer uma grave les\u00e3o no joelho que [&hellip;]\" \/>\n<meta property=\"og:url\" content=\"https:\/\/www.gaveanews.com\/index.php\/2022\/11\/25\/goleiro-da-copa-ficou-estressado-ao-perder-posicao-para-idolo-do-flamengo\/\" \/>\n<meta property=\"og:site_name\" content=\"G\u00e1vea News\" \/>\n<meta property=\"article:publisher\" content=\"https:\/\/facebook.com\/gaveaNews\/\" \/>\n<meta property=\"article:published_time\" content=\"2022-11-25T22:25:21+00:00\" \/>\n<meta property=\"article:modified_time\" content=\"2022-11-25T22:25:24+00:00\" \/>\n<meta property=\"og:image\" content=\"https:\/\/www.gaveanews.com\/wp-content\/uploads\/Gabi-comemorando-gol-marcado-com-o-goleiro-Diego-Alves.webp\" \/>\n\t<meta property=\"og:image:width\" content=\"800\" \/>\n\t<meta property=\"og:image:height\" content=\"533\" \/>\n\t<meta property=\"og:image:type\" content=\"image\/jpeg\" \/>\n<meta name=\"author\" content=\"Equipe G\u00e1vea News\" \/>\n<meta name=\"twitter:card\" content=\"summary_large_image\" \/>\n<meta name=\"twitter:label1\" content=\"Escrito por\" \/>\n\t<meta name=\"twitter:data1\" content=\"Equipe G\u00e1vea News\" \/>\n\t<meta name=\"twitter:label2\" content=\"Est. tempo de leitura\" \/>\n\t<meta name=\"twitter:data2\" content=\"4 minutos\" \/>\n<script type=\"application\/ld+json\" class=\"yoast-schema-graph\">{\"@context\":\"https:\/\/schema.org\",\"@graph\":[{\"@type\":\"NewsArticle\",\"@id\":\"https:\/\/www.gaveanews.com\/index.php\/2022\/11\/25\/goleiro-da-copa-ficou-estressado-ao-perder-posicao-para-idolo-do-flamengo\/#article\",\"isPartOf\":{\"@id\":\"https:\/\/www.gaveanews.com\/index.php\/2022\/11\/25\/goleiro-da-copa-ficou-estressado-ao-perder-posicao-para-idolo-do-flamengo\/\"},\"author\":{\"name\":\"Equipe G\u00e1vea News\",\"@id\":\"https:\/\/www.gaveanews.com\/#\/schema\/person\/2ec14f73fb96be2caf28f91afb14749d\"},\"headline\":\"Goleiro da Copa ficou estressado ao perder posi\u00e7\u00e3o para \u00eddolo do Flamengo\",\"datePublished\":\"2022-11-25T22:25:21+00:00\",\"dateModified\":\"2022-11-25T22:25:24+00:00\",\"mainEntityOfPage\":{\"@id\":\"https:\/\/www.gaveanews.com\/index.php\/2022\/11\/25\/goleiro-da-copa-ficou-estressado-ao-perder-posicao-para-idolo-do-flamengo\/\"},\"wordCount\":596,\"commentCount\":0,\"image\":{\"@id\":\"https:\/\/www.gaveanews.com\/index.php\/2022\/11\/25\/goleiro-da-copa-ficou-estressado-ao-perder-posicao-para-idolo-do-flamengo\/#primaryimage\"},\"thumbnailUrl\":\"https:\/\/www.gaveanews.com\/wp-content\/uploads\/Gabi-comemorando-gol-marcado-com-o-goleiro-Diego-Alves.webp\",\"articleSection\":[\"Flamengo\"],\"inLanguage\":\"pt-BR\",\"potentialAction\":[{\"@type\":\"CommentAction\",\"name\":\"Comment\",\"target\":[\"https:\/\/www.gaveanews.com\/index.php\/2022\/11\/25\/goleiro-da-copa-ficou-estressado-ao-perder-posicao-para-idolo-do-flamengo\/#respond\"]}],\"copyrightYear\":\"2022\",\"copyrightHolder\":{\"@id\":\"https:\/\/www.gaveanews.com\/#organization\"}},{\"@type\":\"WebPage\",\"@id\":\"https:\/\/www.gaveanews.com\/index.php\/2022\/11\/25\/goleiro-da-copa-ficou-estressado-ao-perder-posicao-para-idolo-do-flamengo\/\",\"url\":\"https:\/\/www.gaveanews.com\/index.php\/2022\/11\/25\/goleiro-da-copa-ficou-estressado-ao-perder-posicao-para-idolo-do-flamengo\/\",\"name\":\"Goleiro da Copa ficou estressado ao perder posi\u00e7\u00e3o para \u00eddolo do Flamengo\",\"isPartOf\":{\"@id\":\"https:\/\/www.gaveanews.com\/#website\"},\"primaryImageOfPage\":{\"@id\":\"https:\/\/www.gaveanews.com\/index.php\/2022\/11\/25\/goleiro-da-copa-ficou-estressado-ao-perder-posicao-para-idolo-do-flamengo\/#primaryimage\"},\"image\":{\"@id\":\"https:\/\/www.gaveanews.com\/index.php\/2022\/11\/25\/goleiro-da-copa-ficou-estressado-ao-perder-posicao-para-idolo-do-flamengo\/#primaryimage\"},\"thumbnailUrl\":\"https:\/\/www.gaveanews.com\/wp-content\/uploads\/Gabi-comemorando-gol-marcado-com-o-goleiro-Diego-Alves.webp\",\"datePublished\":\"2022-11-25T22:25:21+00:00\",\"dateModified\":\"2022-11-25T22:25:24+00:00\",\"author\":{\"@id\":\"https:\/\/www.gaveanews.com\/#\/schema\/person\/2ec14f73fb96be2caf28f91afb14749d\"},\"breadcrumb\":{\"@id\":\"https:\/\/www.gaveanews.com\/index.php\/2022\/11\/25\/goleiro-da-copa-ficou-estressado-ao-perder-posicao-para-idolo-do-flamengo\/#breadcrumb\"},\"inLanguage\":\"pt-BR\",\"potentialAction\":[{\"@type\":\"ReadAction\",\"target\":[\"https:\/\/www.gaveanews.com\/index.php\/2022\/11\/25\/goleiro-da-copa-ficou-estressado-ao-perder-posicao-para-idolo-do-flamengo\/\"]}]},{\"@type\":\"ImageObject\",\"inLanguage\":\"pt-BR\",\"@id\":\"https:\/\/www.gaveanews.com\/index.php\/2022\/11\/25\/goleiro-da-copa-ficou-estressado-ao-perder-posicao-para-idolo-do-flamengo\/#primaryimage\",\"url\":\"https:\/\/www.gaveanews.com\/wp-content\/uploads\/Gabi-comemorando-gol-marcado-com-o-goleiro-Diego-Alves.webp\",\"contentUrl\":\"https:\/\/www.gaveanews.com\/wp-content\/uploads\/Gabi-comemorando-gol-marcado-com-o-goleiro-Diego-Alves.webp\",\"width\":800,\"height\":533,\"caption\":\"Gabi comemorando gol marcado com o goleiro Diego Alves (Foto: Alexandre Vidal e Marcelo Cortes\/Flamengo)\"},{\"@type\":\"BreadcrumbList\",\"@id\":\"https:\/\/www.gaveanews.com\/index.php\/2022\/11\/25\/goleiro-da-copa-ficou-estressado-ao-perder-posicao-para-idolo-do-flamengo\/#breadcrumb\",\"itemListElement\":[{\"@type\":\"ListItem\",\"position\":1,\"name\":\"Home\",\"item\":\"https:\/\/www.gaveanews.com\/\"},{\"@type\":\"ListItem\",\"position\":2,\"name\":\"Goleiro da Copa ficou estressado ao perder posi\u00e7\u00e3o para \u00eddolo do Flamengo\"}]},{\"@type\":\"WebSite\",\"@id\":\"https:\/\/www.gaveanews.com\/#website\",\"url\":\"https:\/\/www.gaveanews.com\/\",\"name\":\"G\u00e1vea News\",\"description\":\"Veja todas as not\u00edcias sobre o Flamengo: Contrata\u00e7\u00f5es, categorias de base, resultados das partidas, tabela de classifica\u00e7\u00e3o, pr\u00f3ximos jogos!\",\"potentialAction\":[{\"@type\":\"SearchAction\",\"target\":{\"@type\":\"EntryPoint\",\"urlTemplate\":\"https:\/\/www.gaveanews.com\/?s={search_term_string}\"},\"query-input\":{\"@type\":\"PropertyValueSpecification\",\"valueRequired\":true,\"valueName\":\"search_term_string\"}}],\"inLanguage\":\"pt-BR\"},{\"@type\":\"Person\",\"@id\":\"https:\/\/www.gaveanews.com\/#\/schema\/person\/2ec14f73fb96be2caf28f91afb14749d\",\"name\":\"Equipe G\u00e1vea News\",\"image\":{\"@type\":\"ImageObject\",\"inLanguage\":\"pt-BR\",\"@id\":\"https:\/\/www.gaveanews.com\/#\/schema\/person\/image\/\",\"url\":\"https:\/\/secure.gravatar.com\/avatar\/1e1956f1facbffd3f8fa53a326721950116b3b9dc9bd44939c01180fd4a745a9?s=96&d=mm&r=g\",\"contentUrl\":\"https:\/\/secure.gravatar.com\/avatar\/1e1956f1facbffd3f8fa53a326721950116b3b9dc9bd44939c01180fd4a745a9?s=96&d=mm&r=g\",\"caption\":\"Equipe G\u00e1vea News\"}}]}<\/script>\n<!-- \/ Yoast SEO Premium plugin. -->","yoast_head_json":{"title":"Goleiro da Copa ficou estressado ao perder posi\u00e7\u00e3o para \u00eddolo do Flamengo","robots":{"index":"index","follow":"follow","max-snippet":"max-snippet:-1","max-image-preview":"max-image-preview:large","max-video-preview":"max-video-preview:-1"},"canonical":"https:\/\/www.gaveanews.com\/index.php\/2022\/11\/25\/goleiro-da-copa-ficou-estressado-ao-perder-posicao-para-idolo-do-flamengo\/","og_locale":"pt_BR","og_type":"article","og_title":"Goleiro da Copa ficou estressado ao perder posi\u00e7\u00e3o para \u00eddolo do Flamengo","og_description":"Goleiro titular da Austr\u00e1lia, que enfrenta a Tun\u00edsia pela segunda rodada da Copa do Mundo do Qatar, neste s\u00e1bado, Matt Ryan n\u00e3o \u00e9 o tipo de jogador que aceita ser reserva de forma tranquila. Em 2015, o australiano foi contratado pelo Valencia ap\u00f3s o antigo titular Diego Alves sofrer uma grave les\u00e3o no joelho que [&hellip;]","og_url":"https:\/\/www.gaveanews.com\/index.php\/2022\/11\/25\/goleiro-da-copa-ficou-estressado-ao-perder-posicao-para-idolo-do-flamengo\/","og_site_name":"G\u00e1vea News","article_publisher":"https:\/\/facebook.com\/gaveaNews\/","article_published_time":"2022-11-25T22:25:21+00:00","article_modified_time":"2022-11-25T22:25:24+00:00","og_image":[{"width":800,"height":533,"url":"https:\/\/www.gaveanews.com\/wp-content\/uploads\/Gabi-comemorando-gol-marcado-com-o-goleiro-Diego-Alves.webp","type":"image\/jpeg"}],"author":"Equipe G\u00e1vea News","twitter_card":"summary_large_image","twitter_misc":{"Escrito por":"Equipe G\u00e1vea News","Est. tempo de leitura":"4 minutos"},"schema":{"@context":"https:\/\/schema.org","@graph":[{"@type":"NewsArticle","@id":"https:\/\/www.gaveanews.com\/index.php\/2022\/11\/25\/goleiro-da-copa-ficou-estressado-ao-perder-posicao-para-idolo-do-flamengo\/#article","isPartOf":{"@id":"https:\/\/www.gaveanews.com\/index.php\/2022\/11\/25\/goleiro-da-copa-ficou-estressado-ao-perder-posicao-para-idolo-do-flamengo\/"},"author":{"name":"Equipe G\u00e1vea News","@id":"https:\/\/www.gaveanews.com\/#\/schema\/person\/2ec14f73fb96be2caf28f91afb14749d"},"headline":"Goleiro da Copa ficou estressado ao perder posi\u00e7\u00e3o para \u00eddolo do Flamengo","datePublished":"2022-11-25T22:25:21+00:00","dateModified":"2022-11-25T22:25:24+00:00","mainEntityOfPage":{"@id":"https:\/\/www.gaveanews.com\/index.php\/2022\/11\/25\/goleiro-da-copa-ficou-estressado-ao-perder-posicao-para-idolo-do-flamengo\/"},"wordCount":596,"commentCount":0,"image":{"@id":"https:\/\/www.gaveanews.com\/index.php\/2022\/11\/25\/goleiro-da-copa-ficou-estressado-ao-perder-posicao-para-idolo-do-flamengo\/#primaryimage"},"thumbnailUrl":"https:\/\/www.gaveanews.com\/wp-content\/uploads\/Gabi-comemorando-gol-marcado-com-o-goleiro-Diego-Alves.webp","articleSection":["Flamengo"],"inLanguage":"pt-BR","potentialAction":[{"@type":"CommentAction","name":"Comment","target":["https:\/\/www.gaveanews.com\/index.php\/2022\/11\/25\/goleiro-da-copa-ficou-estressado-ao-perder-posicao-para-idolo-do-flamengo\/#respond"]}],"copyrightYear":"2022","copyrightHolder":{"@id":"https:\/\/www.gaveanews.com\/#organization"}},{"@type":"WebPage","@id":"https:\/\/www.gaveanews.com\/index.php\/2022\/11\/25\/goleiro-da-copa-ficou-estressado-ao-perder-posicao-para-idolo-do-flamengo\/","url":"https:\/\/www.gaveanews.com\/index.php\/2022\/11\/25\/goleiro-da-copa-ficou-estressado-ao-perder-posicao-para-idolo-do-flamengo\/","name":"Goleiro da Copa ficou estressado ao perder posi\u00e7\u00e3o para \u00eddolo do Flamengo","isPartOf":{"@id":"https:\/\/www.gaveanews.com\/#website"},"primaryImageOfPage":{"@id":"https:\/\/www.gaveanews.com\/index.php\/2022\/11\/25\/goleiro-da-copa-ficou-estressado-ao-perder-posicao-para-idolo-do-flamengo\/#primaryimage"},"image":{"@id":"https:\/\/www.gaveanews.com\/index.php\/2022\/11\/25\/goleiro-da-copa-ficou-estressado-ao-perder-posicao-para-idolo-do-flamengo\/#primaryimage"},"thumbnailUrl":"https:\/\/www.gaveanews.com\/wp-content\/uploads\/Gabi-comemorando-gol-marcado-com-o-goleiro-Diego-Alves.webp","datePublished":"2022-11-25T22:25:21+00:00","dateModified":"2022-11-25T22:25:24+00:00","author":{"@id":"https:\/\/www.gaveanews.com\/#\/schema\/person\/2ec14f73fb96be2caf28f91afb14749d"},"breadcrumb":{"@id":"https:\/\/www.gaveanews.com\/index.php\/2022\/11\/25\/goleiro-da-copa-ficou-estressado-ao-perder-posicao-para-idolo-do-flamengo\/#breadcrumb"},"inLanguage":"pt-BR","potentialAction":[{"@type":"ReadAction","target":["https:\/\/www.gaveanews.com\/index.php\/2022\/11\/25\/goleiro-da-copa-ficou-estressado-ao-perder-posicao-para-idolo-do-flamengo\/"]}]},{"@type":"ImageObject","inLanguage":"pt-BR","@id":"https:\/\/www.gaveanews.com\/index.php\/2022\/11\/25\/goleiro-da-copa-ficou-estressado-ao-perder-posicao-para-idolo-do-flamengo\/#primaryimage","url":"https:\/\/www.gaveanews.com\/wp-content\/uploads\/Gabi-comemorando-gol-marcado-com-o-goleiro-Diego-Alves.webp","contentUrl":"https:\/\/www.gaveanews.com\/wp-content\/uploads\/Gabi-comemorando-gol-marcado-com-o-goleiro-Diego-Alves.webp","width":800,"height":533,"caption":"Gabi comemorando gol marcado com o goleiro Diego Alves (Foto: Alexandre Vidal e Marcelo Cortes\/Flamengo)"},{"@type":"BreadcrumbList","@id":"https:\/\/www.gaveanews.com\/index.php\/2022\/11\/25\/goleiro-da-copa-ficou-estressado-ao-perder-posicao-para-idolo-do-flamengo\/#breadcrumb","itemListElement":[{"@type":"ListItem","position":1,"name":"Home","item":"https:\/\/www.gaveanews.com\/"},{"@type":"ListItem","position":2,"name":"Goleiro da Copa ficou estressado ao perder posi\u00e7\u00e3o para \u00eddolo do Flamengo"}]},{"@type":"WebSite","@id":"https:\/\/www.gaveanews.com\/#website","url":"https:\/\/www.gaveanews.com\/","name":"G\u00e1vea News","description":"Veja todas as not\u00edcias sobre o Flamengo: Contrata\u00e7\u00f5es, categorias de base, resultados das partidas, tabela de classifica\u00e7\u00e3o, pr\u00f3ximos jogos!","potentialAction":[{"@type":"SearchAction","target":{"@type":"EntryPoint","urlTemplate":"https:\/\/www.gaveanews.com\/?s={search_term_string}"},"query-input":{"@type":"PropertyValueSpecification","valueRequired":true,"valueName":"search_term_string"}}],"inLanguage":"pt-BR"},{"@type":"Person","@id":"https:\/\/www.gaveanews.com\/#\/schema\/person\/2ec14f73fb96be2caf28f91afb14749d","name":"Equipe G\u00e1vea News","image":{"@type":"ImageObject","inLanguage":"pt-BR","@id":"https:\/\/www.gaveanews.com\/#\/schema\/person\/image\/","url":"https:\/\/secure.gravatar.com\/avatar\/1e1956f1facbffd3f8fa53a326721950116b3b9dc9bd44939c01180fd4a745a9?s=96&d=mm&r=g","contentUrl":"https:\/\/secure.gravatar.com\/avatar\/1e1956f1facbffd3f8fa53a326721950116b3b9dc9bd44939c01180fd4a745a9?s=96&d=mm&r=g","caption":"Equipe G\u00e1vea News"}}]}},"_links":{"self":[{"href":"https:\/\/www.gaveanews.com\/index.php\/wp-json\/wp\/v2\/posts\/91236","targetHints":{"allow":["GET"]}}],"collection":[{"href":"https:\/\/www.gaveanews.com\/index.php\/wp-json\/wp\/v2\/posts"}],"about":[{"href":"https:\/\/www.gaveanews.com\/index.php\/wp-json\/wp\/v2\/types\/post"}],"author":[{"embeddable":true,"href":"https:\/\/www.gaveanews.com\/index.php\/wp-json\/wp\/v2\/users\/1"}],"replies":[{"embeddable":true,"href":"https:\/\/www.gaveanews.com\/index.php\/wp-json\/wp\/v2\/comments?post=91236"}],"version-history":[{"count":0,"href":"https:\/\/www.gaveanews.com\/index.php\/wp-json\/wp\/v2\/posts\/91236\/revisions"}],"wp:featuredmedia":[{"embeddable":true,"href":"https:\/\/www.gaveanews.com\/index.php\/wp-json\/wp\/v2\/media\/53510"}],"wp:attachment":[{"href":"https:\/\/www.gaveanews.com\/index.php\/wp-json\/wp\/v2\/media?parent=91236"}],"wp:term":[{"taxonomy":"category","embeddable":true,"href":"https:\/\/www.gaveanews.com\/index.php\/wp-json\/wp\/v2\/categories?post=91236"},{"taxonomy":"post_tag","embeddable":true,"href":"https:\/\/www.gaveanews.com\/index.php\/wp-json\/wp\/v2\/tags?post=91236"}],"curies":[{"name":"wp","href":"https:\/\/api.w.org\/{rel}","templated":true}]}}