{"id":91251,"date":"2022-11-26T08:28:53","date_gmt":"2022-11-26T11:28:53","guid":{"rendered":"https:\/\/www.gaveanews.com\/?p=91251"},"modified":"2022-11-26T08:28:55","modified_gmt":"2022-11-26T11:28:55","slug":"jornal-faz-revelacao-sobre-detalhe-importante-da-vida-pessoal-de-vitor-pereira-treinador-e-alvo-do-flamengo","status":"publish","type":"post","link":"https:\/\/www.gaveanews.com\/index.php\/2022\/11\/26\/jornal-faz-revelacao-sobre-detalhe-importante-da-vida-pessoal-de-vitor-pereira-treinador-e-alvo-do-flamengo\/","title":{"rendered":"Jornal faz revela\u00e7\u00e3o sobre detalhe importante da vida pessoal de V\u00edtor Pereira; treinador \u00e9 alvo do Flamengo"},"content":{"rendered":"\n<p>O t\u00e9cnico V\u00edtor Pereira \u00e9 o nome mais forte para substituir Dorival J\u00fanior, que anunciou nessa sexta-feira \u00e0 noite que n\u00e3o seguir\u00e1 no Flamengo em 2023. E o problema familiar que impediu a renova\u00e7\u00e3o do treinador portugu\u00eas com o Corinthians j\u00e1 foi superado, de acordo com o jornal Record, de Portugal.<\/p>\n\n\n\n<p>Segundo a publica\u00e7\u00e3o deste s\u00e1bado (26), o &#8216;entrave&#8217; j\u00e1 n\u00e3o existe mais, tanto que a fam\u00edlia de V\u00edtor Pereira vai se mudar para o Brasil para o t\u00e9cnico seja mesmo contratado pelo Flamengo.<\/p>\n\n\n\n<p>V\u00edtor Pereira foi treinador do Corinthians entre fevereiro e novembro deste ano. A dist\u00e2ncia da fam\u00edlia, que seguiu em Portugal, sempre incomodou o t\u00e9cnico.<\/p>\n\n\n\n<p><em>\u2014 A dist\u00e2ncia da fam\u00edlia \u00e9 complicada, a fam\u00edlia precisa de mim. Tenho tr\u00eas filhos e eles precisam de mim, de eu estar mais perto, de ter mais tempo para desfrutar. Eles vieram aqui duas vezes, mas tive pouco tempo com eles. Mas isso aconteceu na China tamb\u00e9m. Eu ando h\u00e1 dez anos fora do meu pa\u00eds, dando a volta ao mundo, \u00e9 a fatura que pagamos quando optamos por essa profiss\u00e3o<\/em>, disse Pereira, durante o per\u00edodo que esteve no clube paulista.<\/p>\n\n\n\n<p>O treinador revelou publicamente que a sogra estava doente, mas sem dar detalhes. Por isso a esposa e os filhos seguiam em Portugal. No texto que postou no dia seguinte ao deixar o Corinthians, V\u00edtor Pereira deixou isso muito claro.<\/p>\n\n\n\n<p><em>\u2014 Me sinto muito triste, queria muito continuar esse projeto, mas n\u00e3o tem hip\u00f3tese nenhuma. N\u00e3o vou para clube nenhum, n\u00e3o vou para canto nenhum, eu vou para casa. Tenho que ajudar a estabilizar um pouco o processo da doen\u00e7a da minha sogra, que est\u00e1 vivendo na minha casa<\/em>, escreveu o treinador.<\/p>\n\n\n\n<p>Retirado de: UOL<\/p>\n","protected":false},"excerpt":{"rendered":"<p>O t\u00e9cnico V\u00edtor Pereira \u00e9 o nome mais forte para substituir Dorival J\u00fanior, que anunciou nessa sexta-feira \u00e0 noite que n\u00e3o seguir\u00e1 no Flamengo em 2023. E o problema familiar que impediu a renova\u00e7\u00e3o do treinador portugu\u00eas com o Corinthians j\u00e1 foi superado, de acordo com o jornal Record, de Portugal. Segundo a publica\u00e7\u00e3o deste [&hellip;]<\/p>\n","protected":false},"author":1,"featured_media":73281,"comment_status":"open","ping_status":"closed","sticky":false,"template":"","format":"standard","meta":{"footnotes":""},"categories":[1],"tags":[],"class_list":["post-91251","post","type-post","status-publish","format-standard","has-post-thumbnail","hentry","category-flamengo"],"yoast_head":"<!-- This site is optimized with the Yoast SEO Premium plugin v24.2 (Yoast SEO v26.9) - https:\/\/yoast.com\/product\/yoast-seo-premium-wordpress\/ -->\n<title>Jornal faz revela\u00e7\u00e3o sobre detalhe importante da vida pessoal de V\u00edtor Pereira; treinador \u00e9 alvo do Flamengo<\/title>\n<meta name=\"robots\" content=\"index, follow, max-snippet:-1, max-image-preview:large, max-video-preview:-1\" \/>\n<link rel=\"canonical\" href=\"https:\/\/www.gaveanews.com\/index.php\/2022\/11\/26\/jornal-faz-revelacao-sobre-detalhe-importante-da-vida-pessoal-de-vitor-pereira-treinador-e-alvo-do-flamengo\/\" \/>\n<meta property=\"og:locale\" content=\"pt_BR\" \/>\n<meta property=\"og:type\" content=\"article\" \/>\n<meta property=\"og:title\" content=\"Jornal faz revela\u00e7\u00e3o sobre detalhe importante da vida pessoal de V\u00edtor Pereira; treinador \u00e9 alvo do Flamengo\" \/>\n<meta property=\"og:description\" content=\"O t\u00e9cnico V\u00edtor Pereira \u00e9 o nome mais forte para substituir Dorival J\u00fanior, que anunciou nessa sexta-feira \u00e0 noite que n\u00e3o seguir\u00e1 no Flamengo em 2023. E o problema familiar que impediu a renova\u00e7\u00e3o do treinador portugu\u00eas com o Corinthians j\u00e1 foi superado, de acordo com o jornal Record, de Portugal. Segundo a publica\u00e7\u00e3o deste [&hellip;]\" \/>\n<meta property=\"og:url\" content=\"https:\/\/www.gaveanews.com\/index.php\/2022\/11\/26\/jornal-faz-revelacao-sobre-detalhe-importante-da-vida-pessoal-de-vitor-pereira-treinador-e-alvo-do-flamengo\/\" \/>\n<meta property=\"og:site_name\" content=\"G\u00e1vea News\" \/>\n<meta property=\"article:publisher\" content=\"https:\/\/facebook.com\/gaveaNews\/\" \/>\n<meta property=\"article:published_time\" content=\"2022-11-26T11:28:53+00:00\" \/>\n<meta property=\"article:modified_time\" content=\"2022-11-26T11:28:55+00:00\" \/>\n<meta property=\"og:image\" content=\"https:\/\/www.gaveanews.com\/wp-content\/uploads\/Vitor-Pereira-durante-um-jogo-do-Fenerbahce-da-Turquia.webp\" \/>\n\t<meta property=\"og:image:width\" content=\"1086\" \/>\n\t<meta property=\"og:image:height\" content=\"652\" \/>\n\t<meta property=\"og:image:type\" content=\"image\/jpeg\" \/>\n<meta name=\"author\" content=\"Equipe G\u00e1vea News\" \/>\n<meta name=\"twitter:card\" content=\"summary_large_image\" \/>\n<meta name=\"twitter:label1\" content=\"Escrito por\" \/>\n\t<meta name=\"twitter:data1\" content=\"Equipe G\u00e1vea News\" \/>\n\t<meta name=\"twitter:label2\" content=\"Est. tempo de leitura\" \/>\n\t<meta name=\"twitter:data2\" content=\"2 minutos\" \/>\n<script type=\"application\/ld+json\" class=\"yoast-schema-graph\">{\"@context\":\"https:\/\/schema.org\",\"@graph\":[{\"@type\":\"NewsArticle\",\"@id\":\"https:\/\/www.gaveanews.com\/index.php\/2022\/11\/26\/jornal-faz-revelacao-sobre-detalhe-importante-da-vida-pessoal-de-vitor-pereira-treinador-e-alvo-do-flamengo\/#article\",\"isPartOf\":{\"@id\":\"https:\/\/www.gaveanews.com\/index.php\/2022\/11\/26\/jornal-faz-revelacao-sobre-detalhe-importante-da-vida-pessoal-de-vitor-pereira-treinador-e-alvo-do-flamengo\/\"},\"author\":{\"name\":\"Equipe G\u00e1vea News\",\"@id\":\"https:\/\/www.gaveanews.com\/#\/schema\/person\/2ec14f73fb96be2caf28f91afb14749d\"},\"headline\":\"Jornal faz revela\u00e7\u00e3o sobre detalhe importante da vida pessoal de V\u00edtor Pereira; treinador \u00e9 alvo do Flamengo\",\"datePublished\":\"2022-11-26T11:28:53+00:00\",\"dateModified\":\"2022-11-26T11:28:55+00:00\",\"mainEntityOfPage\":{\"@id\":\"https:\/\/www.gaveanews.com\/index.php\/2022\/11\/26\/jornal-faz-revelacao-sobre-detalhe-importante-da-vida-pessoal-de-vitor-pereira-treinador-e-alvo-do-flamengo\/\"},\"wordCount\":325,\"commentCount\":0,\"image\":{\"@id\":\"https:\/\/www.gaveanews.com\/index.php\/2022\/11\/26\/jornal-faz-revelacao-sobre-detalhe-importante-da-vida-pessoal-de-vitor-pereira-treinador-e-alvo-do-flamengo\/#primaryimage\"},\"thumbnailUrl\":\"https:\/\/www.gaveanews.com\/wp-content\/uploads\/Vitor-Pereira-durante-um-jogo-do-Fenerbahce-da-Turquia.webp\",\"articleSection\":[\"Flamengo\"],\"inLanguage\":\"pt-BR\",\"potentialAction\":[{\"@type\":\"CommentAction\",\"name\":\"Comment\",\"target\":[\"https:\/\/www.gaveanews.com\/index.php\/2022\/11\/26\/jornal-faz-revelacao-sobre-detalhe-importante-da-vida-pessoal-de-vitor-pereira-treinador-e-alvo-do-flamengo\/#respond\"]}],\"copyrightYear\":\"2022\",\"copyrightHolder\":{\"@id\":\"https:\/\/www.gaveanews.com\/#organization\"}},{\"@type\":\"WebPage\",\"@id\":\"https:\/\/www.gaveanews.com\/index.php\/2022\/11\/26\/jornal-faz-revelacao-sobre-detalhe-importante-da-vida-pessoal-de-vitor-pereira-treinador-e-alvo-do-flamengo\/\",\"url\":\"https:\/\/www.gaveanews.com\/index.php\/2022\/11\/26\/jornal-faz-revelacao-sobre-detalhe-importante-da-vida-pessoal-de-vitor-pereira-treinador-e-alvo-do-flamengo\/\",\"name\":\"Jornal faz revela\u00e7\u00e3o sobre detalhe importante da vida pessoal de V\u00edtor Pereira; treinador \u00e9 alvo do Flamengo\",\"isPartOf\":{\"@id\":\"https:\/\/www.gaveanews.com\/#website\"},\"primaryImageOfPage\":{\"@id\":\"https:\/\/www.gaveanews.com\/index.php\/2022\/11\/26\/jornal-faz-revelacao-sobre-detalhe-importante-da-vida-pessoal-de-vitor-pereira-treinador-e-alvo-do-flamengo\/#primaryimage\"},\"image\":{\"@id\":\"https:\/\/www.gaveanews.com\/index.php\/2022\/11\/26\/jornal-faz-revelacao-sobre-detalhe-importante-da-vida-pessoal-de-vitor-pereira-treinador-e-alvo-do-flamengo\/#primaryimage\"},\"thumbnailUrl\":\"https:\/\/www.gaveanews.com\/wp-content\/uploads\/Vitor-Pereira-durante-um-jogo-do-Fenerbahce-da-Turquia.webp\",\"datePublished\":\"2022-11-26T11:28:53+00:00\",\"dateModified\":\"2022-11-26T11:28:55+00:00\",\"author\":{\"@id\":\"https:\/\/www.gaveanews.com\/#\/schema\/person\/2ec14f73fb96be2caf28f91afb14749d\"},\"breadcrumb\":{\"@id\":\"https:\/\/www.gaveanews.com\/index.php\/2022\/11\/26\/jornal-faz-revelacao-sobre-detalhe-importante-da-vida-pessoal-de-vitor-pereira-treinador-e-alvo-do-flamengo\/#breadcrumb\"},\"inLanguage\":\"pt-BR\",\"potentialAction\":[{\"@type\":\"ReadAction\",\"target\":[\"https:\/\/www.gaveanews.com\/index.php\/2022\/11\/26\/jornal-faz-revelacao-sobre-detalhe-importante-da-vida-pessoal-de-vitor-pereira-treinador-e-alvo-do-flamengo\/\"]}]},{\"@type\":\"ImageObject\",\"inLanguage\":\"pt-BR\",\"@id\":\"https:\/\/www.gaveanews.com\/index.php\/2022\/11\/26\/jornal-faz-revelacao-sobre-detalhe-importante-da-vida-pessoal-de-vitor-pereira-treinador-e-alvo-do-flamengo\/#primaryimage\",\"url\":\"https:\/\/www.gaveanews.com\/wp-content\/uploads\/Vitor-Pereira-durante-um-jogo-do-Fenerbahce-da-Turquia.webp\",\"contentUrl\":\"https:\/\/www.gaveanews.com\/wp-content\/uploads\/Vitor-Pereira-durante-um-jogo-do-Fenerbahce-da-Turquia.webp\",\"width\":1086,\"height\":652,\"caption\":\"V\u00edtor Pereira durante um jogo do Fenerbahce, da Turquia (Foto: Ozan Kose\/AFP)\"},{\"@type\":\"BreadcrumbList\",\"@id\":\"https:\/\/www.gaveanews.com\/index.php\/2022\/11\/26\/jornal-faz-revelacao-sobre-detalhe-importante-da-vida-pessoal-de-vitor-pereira-treinador-e-alvo-do-flamengo\/#breadcrumb\",\"itemListElement\":[{\"@type\":\"ListItem\",\"position\":1,\"name\":\"Home\",\"item\":\"https:\/\/www.gaveanews.com\/\"},{\"@type\":\"ListItem\",\"position\":2,\"name\":\"Jornal faz revela\u00e7\u00e3o sobre detalhe importante da vida pessoal de V\u00edtor Pereira; treinador \u00e9 alvo do Flamengo\"}]},{\"@type\":\"WebSite\",\"@id\":\"https:\/\/www.gaveanews.com\/#website\",\"url\":\"https:\/\/www.gaveanews.com\/\",\"name\":\"G\u00e1vea News\",\"description\":\"Veja todas as not\u00edcias sobre o Flamengo: Contrata\u00e7\u00f5es, categorias de base, resultados das partidas, tabela de classifica\u00e7\u00e3o, pr\u00f3ximos jogos!\",\"potentialAction\":[{\"@type\":\"SearchAction\",\"target\":{\"@type\":\"EntryPoint\",\"urlTemplate\":\"https:\/\/www.gaveanews.com\/?s={search_term_string}\"},\"query-input\":{\"@type\":\"PropertyValueSpecification\",\"valueRequired\":true,\"valueName\":\"search_term_string\"}}],\"inLanguage\":\"pt-BR\"},{\"@type\":\"Person\",\"@id\":\"https:\/\/www.gaveanews.com\/#\/schema\/person\/2ec14f73fb96be2caf28f91afb14749d\",\"name\":\"Equipe G\u00e1vea News\",\"image\":{\"@type\":\"ImageObject\",\"inLanguage\":\"pt-BR\",\"@id\":\"https:\/\/www.gaveanews.com\/#\/schema\/person\/image\/\",\"url\":\"https:\/\/secure.gravatar.com\/avatar\/1e1956f1facbffd3f8fa53a326721950116b3b9dc9bd44939c01180fd4a745a9?s=96&d=mm&r=g\",\"contentUrl\":\"https:\/\/secure.gravatar.com\/avatar\/1e1956f1facbffd3f8fa53a326721950116b3b9dc9bd44939c01180fd4a745a9?s=96&d=mm&r=g\",\"caption\":\"Equipe G\u00e1vea News\"}}]}<\/script>\n<!-- \/ Yoast SEO Premium plugin. -->","yoast_head_json":{"title":"Jornal faz revela\u00e7\u00e3o sobre detalhe importante da vida pessoal de V\u00edtor Pereira; treinador \u00e9 alvo do Flamengo","robots":{"index":"index","follow":"follow","max-snippet":"max-snippet:-1","max-image-preview":"max-image-preview:large","max-video-preview":"max-video-preview:-1"},"canonical":"https:\/\/www.gaveanews.com\/index.php\/2022\/11\/26\/jornal-faz-revelacao-sobre-detalhe-importante-da-vida-pessoal-de-vitor-pereira-treinador-e-alvo-do-flamengo\/","og_locale":"pt_BR","og_type":"article","og_title":"Jornal faz revela\u00e7\u00e3o sobre detalhe importante da vida pessoal de V\u00edtor Pereira; treinador \u00e9 alvo do Flamengo","og_description":"O t\u00e9cnico V\u00edtor Pereira \u00e9 o nome mais forte para substituir Dorival J\u00fanior, que anunciou nessa sexta-feira \u00e0 noite que n\u00e3o seguir\u00e1 no Flamengo em 2023. E o problema familiar que impediu a renova\u00e7\u00e3o do treinador portugu\u00eas com o Corinthians j\u00e1 foi superado, de acordo com o jornal Record, de Portugal. Segundo a publica\u00e7\u00e3o deste [&hellip;]","og_url":"https:\/\/www.gaveanews.com\/index.php\/2022\/11\/26\/jornal-faz-revelacao-sobre-detalhe-importante-da-vida-pessoal-de-vitor-pereira-treinador-e-alvo-do-flamengo\/","og_site_name":"G\u00e1vea News","article_publisher":"https:\/\/facebook.com\/gaveaNews\/","article_published_time":"2022-11-26T11:28:53+00:00","article_modified_time":"2022-11-26T11:28:55+00:00","og_image":[{"width":1086,"height":652,"url":"https:\/\/www.gaveanews.com\/wp-content\/uploads\/Vitor-Pereira-durante-um-jogo-do-Fenerbahce-da-Turquia.webp","type":"image\/jpeg"}],"author":"Equipe G\u00e1vea News","twitter_card":"summary_large_image","twitter_misc":{"Escrito por":"Equipe G\u00e1vea News","Est. tempo de leitura":"2 minutos"},"schema":{"@context":"https:\/\/schema.org","@graph":[{"@type":"NewsArticle","@id":"https:\/\/www.gaveanews.com\/index.php\/2022\/11\/26\/jornal-faz-revelacao-sobre-detalhe-importante-da-vida-pessoal-de-vitor-pereira-treinador-e-alvo-do-flamengo\/#article","isPartOf":{"@id":"https:\/\/www.gaveanews.com\/index.php\/2022\/11\/26\/jornal-faz-revelacao-sobre-detalhe-importante-da-vida-pessoal-de-vitor-pereira-treinador-e-alvo-do-flamengo\/"},"author":{"name":"Equipe G\u00e1vea News","@id":"https:\/\/www.gaveanews.com\/#\/schema\/person\/2ec14f73fb96be2caf28f91afb14749d"},"headline":"Jornal faz revela\u00e7\u00e3o sobre detalhe importante da vida pessoal de V\u00edtor Pereira; treinador \u00e9 alvo do Flamengo","datePublished":"2022-11-26T11:28:53+00:00","dateModified":"2022-11-26T11:28:55+00:00","mainEntityOfPage":{"@id":"https:\/\/www.gaveanews.com\/index.php\/2022\/11\/26\/jornal-faz-revelacao-sobre-detalhe-importante-da-vida-pessoal-de-vitor-pereira-treinador-e-alvo-do-flamengo\/"},"wordCount":325,"commentCount":0,"image":{"@id":"https:\/\/www.gaveanews.com\/index.php\/2022\/11\/26\/jornal-faz-revelacao-sobre-detalhe-importante-da-vida-pessoal-de-vitor-pereira-treinador-e-alvo-do-flamengo\/#primaryimage"},"thumbnailUrl":"https:\/\/www.gaveanews.com\/wp-content\/uploads\/Vitor-Pereira-durante-um-jogo-do-Fenerbahce-da-Turquia.webp","articleSection":["Flamengo"],"inLanguage":"pt-BR","potentialAction":[{"@type":"CommentAction","name":"Comment","target":["https:\/\/www.gaveanews.com\/index.php\/2022\/11\/26\/jornal-faz-revelacao-sobre-detalhe-importante-da-vida-pessoal-de-vitor-pereira-treinador-e-alvo-do-flamengo\/#respond"]}],"copyrightYear":"2022","copyrightHolder":{"@id":"https:\/\/www.gaveanews.com\/#organization"}},{"@type":"WebPage","@id":"https:\/\/www.gaveanews.com\/index.php\/2022\/11\/26\/jornal-faz-revelacao-sobre-detalhe-importante-da-vida-pessoal-de-vitor-pereira-treinador-e-alvo-do-flamengo\/","url":"https:\/\/www.gaveanews.com\/index.php\/2022\/11\/26\/jornal-faz-revelacao-sobre-detalhe-importante-da-vida-pessoal-de-vitor-pereira-treinador-e-alvo-do-flamengo\/","name":"Jornal faz revela\u00e7\u00e3o sobre detalhe importante da vida pessoal de V\u00edtor Pereira; treinador \u00e9 alvo do Flamengo","isPartOf":{"@id":"https:\/\/www.gaveanews.com\/#website"},"primaryImageOfPage":{"@id":"https:\/\/www.gaveanews.com\/index.php\/2022\/11\/26\/jornal-faz-revelacao-sobre-detalhe-importante-da-vida-pessoal-de-vitor-pereira-treinador-e-alvo-do-flamengo\/#primaryimage"},"image":{"@id":"https:\/\/www.gaveanews.com\/index.php\/2022\/11\/26\/jornal-faz-revelacao-sobre-detalhe-importante-da-vida-pessoal-de-vitor-pereira-treinador-e-alvo-do-flamengo\/#primaryimage"},"thumbnailUrl":"https:\/\/www.gaveanews.com\/wp-content\/uploads\/Vitor-Pereira-durante-um-jogo-do-Fenerbahce-da-Turquia.webp","datePublished":"2022-11-26T11:28:53+00:00","dateModified":"2022-11-26T11:28:55+00:00","author":{"@id":"https:\/\/www.gaveanews.com\/#\/schema\/person\/2ec14f73fb96be2caf28f91afb14749d"},"breadcrumb":{"@id":"https:\/\/www.gaveanews.com\/index.php\/2022\/11\/26\/jornal-faz-revelacao-sobre-detalhe-importante-da-vida-pessoal-de-vitor-pereira-treinador-e-alvo-do-flamengo\/#breadcrumb"},"inLanguage":"pt-BR","potentialAction":[{"@type":"ReadAction","target":["https:\/\/www.gaveanews.com\/index.php\/2022\/11\/26\/jornal-faz-revelacao-sobre-detalhe-importante-da-vida-pessoal-de-vitor-pereira-treinador-e-alvo-do-flamengo\/"]}]},{"@type":"ImageObject","inLanguage":"pt-BR","@id":"https:\/\/www.gaveanews.com\/index.php\/2022\/11\/26\/jornal-faz-revelacao-sobre-detalhe-importante-da-vida-pessoal-de-vitor-pereira-treinador-e-alvo-do-flamengo\/#primaryimage","url":"https:\/\/www.gaveanews.com\/wp-content\/uploads\/Vitor-Pereira-durante-um-jogo-do-Fenerbahce-da-Turquia.webp","contentUrl":"https:\/\/www.gaveanews.com\/wp-content\/uploads\/Vitor-Pereira-durante-um-jogo-do-Fenerbahce-da-Turquia.webp","width":1086,"height":652,"caption":"V\u00edtor Pereira durante um jogo do Fenerbahce, da Turquia (Foto: Ozan Kose\/AFP)"},{"@type":"BreadcrumbList","@id":"https:\/\/www.gaveanews.com\/index.php\/2022\/11\/26\/jornal-faz-revelacao-sobre-detalhe-importante-da-vida-pessoal-de-vitor-pereira-treinador-e-alvo-do-flamengo\/#breadcrumb","itemListElement":[{"@type":"ListItem","position":1,"name":"Home","item":"https:\/\/www.gaveanews.com\/"},{"@type":"ListItem","position":2,"name":"Jornal faz revela\u00e7\u00e3o sobre detalhe importante da vida pessoal de V\u00edtor Pereira; treinador \u00e9 alvo do Flamengo"}]},{"@type":"WebSite","@id":"https:\/\/www.gaveanews.com\/#website","url":"https:\/\/www.gaveanews.com\/","name":"G\u00e1vea News","description":"Veja todas as not\u00edcias sobre o Flamengo: Contrata\u00e7\u00f5es, categorias de base, resultados das partidas, tabela de classifica\u00e7\u00e3o, pr\u00f3ximos jogos!","potentialAction":[{"@type":"SearchAction","target":{"@type":"EntryPoint","urlTemplate":"https:\/\/www.gaveanews.com\/?s={search_term_string}"},"query-input":{"@type":"PropertyValueSpecification","valueRequired":true,"valueName":"search_term_string"}}],"inLanguage":"pt-BR"},{"@type":"Person","@id":"https:\/\/www.gaveanews.com\/#\/schema\/person\/2ec14f73fb96be2caf28f91afb14749d","name":"Equipe G\u00e1vea News","image":{"@type":"ImageObject","inLanguage":"pt-BR","@id":"https:\/\/www.gaveanews.com\/#\/schema\/person\/image\/","url":"https:\/\/secure.gravatar.com\/avatar\/1e1956f1facbffd3f8fa53a326721950116b3b9dc9bd44939c01180fd4a745a9?s=96&d=mm&r=g","contentUrl":"https:\/\/secure.gravatar.com\/avatar\/1e1956f1facbffd3f8fa53a326721950116b3b9dc9bd44939c01180fd4a745a9?s=96&d=mm&r=g","caption":"Equipe G\u00e1vea News"}}]}},"_links":{"self":[{"href":"https:\/\/www.gaveanews.com\/index.php\/wp-json\/wp\/v2\/posts\/91251","targetHints":{"allow":["GET"]}}],"collection":[{"href":"https:\/\/www.gaveanews.com\/index.php\/wp-json\/wp\/v2\/posts"}],"about":[{"href":"https:\/\/www.gaveanews.com\/index.php\/wp-json\/wp\/v2\/types\/post"}],"author":[{"embeddable":true,"href":"https:\/\/www.gaveanews.com\/index.php\/wp-json\/wp\/v2\/users\/1"}],"replies":[{"embeddable":true,"href":"https:\/\/www.gaveanews.com\/index.php\/wp-json\/wp\/v2\/comments?post=91251"}],"version-history":[{"count":0,"href":"https:\/\/www.gaveanews.com\/index.php\/wp-json\/wp\/v2\/posts\/91251\/revisions"}],"wp:featuredmedia":[{"embeddable":true,"href":"https:\/\/www.gaveanews.com\/index.php\/wp-json\/wp\/v2\/media\/73281"}],"wp:attachment":[{"href":"https:\/\/www.gaveanews.com\/index.php\/wp-json\/wp\/v2\/media?parent=91251"}],"wp:term":[{"taxonomy":"category","embeddable":true,"href":"https:\/\/www.gaveanews.com\/index.php\/wp-json\/wp\/v2\/categories?post=91251"},{"taxonomy":"post_tag","embeddable":true,"href":"https:\/\/www.gaveanews.com\/index.php\/wp-json\/wp\/v2\/tags?post=91251"}],"curies":[{"name":"wp","href":"https:\/\/api.w.org\/{rel}","templated":true}]}}