{"id":91274,"date":"2022-11-26T19:01:58","date_gmt":"2022-11-26T22:01:58","guid":{"rendered":"https:\/\/www.gaveanews.com\/?p=91274"},"modified":"2022-11-26T19:02:00","modified_gmt":"2022-11-26T22:02:00","slug":"veja-quanto-o-flamengo-pagara-por-vitor-pereira","status":"publish","type":"post","link":"https:\/\/www.gaveanews.com\/index.php\/2022\/11\/26\/veja-quanto-o-flamengo-pagara-por-vitor-pereira\/","title":{"rendered":"Veja quanto o Flamengo pagar\u00e1 por Vitor Pereira"},"content":{"rendered":"\n<p>Flamengo e Vitor Pereira j\u00e1 avan\u00e7aram em praticamente todos os pontos da negocia\u00e7\u00e3o e tratam como iminente o acerto de um contrato v\u00e1lido at\u00e9 o fim de 2023.<\/p>\n\n\n\n<p>Clube e treinador j\u00e1 alinharam quest\u00f5es financeiras, projeto e se cercam de cuidados jur\u00eddicos para evitar conflitos com o Corinthians. Explica-se: o portugu\u00eas ainda tem contrato em vigor at\u00e9 31 de dezembro.<\/p>\n\n\n\n<p>De f\u00e9rias no Brasil, Vitor Pereira aproveita o tempo tamb\u00e9m para definir quest\u00f5es pessoais da perman\u00eancia no Brasil e montagem da comiss\u00e3o t\u00e9cnica. O montante de 4 milh\u00f5es de euros (R$ 22 mi) por ano contempla toda equipe t\u00e9cnica e fica a cargo do treinador eleger os profissionais com um m\u00ednimo de quatro imposto pelo clube.<\/p>\n\n\n\n<p>Alguns dos profissionais que estiveram com ele no Tim\u00e3o n\u00e3o querem seguir no pa\u00eds.<\/p>\n\n\n\n<p>N\u00e3o est\u00e1 descartada a possibilidade de ambos postergarem a oficializa\u00e7\u00e3o do acerto como forma de prote\u00e7\u00e3o pela rea\u00e7\u00e3o do Corinthians. O clube paulista se sentiu tra\u00eddo e est\u00e1 extremamente incomodado com a condu\u00e7\u00e3o do caso por VP, que se despediu ao t\u00e9rmino do Brasileir\u00e3o alegando problemas familiares para voltar a Portugal.<\/p>\n\n\n\n<p>O Flamengo inicia sua pr\u00e9-temporada apenas no dia 26 de dezembro. Por isso, n\u00e3o h\u00e1 pressa.<\/p>\n\n\n\n<p>As conversas com o Flamengo tiveram in\u00edcio h\u00e1 pouco mais de uma semana atrav\u00e9s de intermedi\u00e1rio com o aux\u00edlio do grupo Bertolucci. Com o avan\u00e7o, dirigentes rubro-negros foram a um resort na Bahia se reunir pessoalmente com o portugu\u00eas.<\/p>\n\n\n\n<p>Antes de VP, Marcos Braz fez contato direto com Jorge Jesus para saber a viabilidade de um retorno. O Mister foi receptivo a ideia, mas pediu que o clube esperasse at\u00e9 o fim da temporada europeia, quando acaba seu contrato com o Fenerbah\u00e7e para avan\u00e7ar. Possibilidade descartada de imediato.<\/p>\n\n\n\n<p>Paralelamente a isso, as conversas com Dorival J\u00fanior ficaram em stand by desde a semana final do Brasileir\u00e3o. Na ocasi\u00e3o, a festa pelas despedidas de Diego e Diego Alves, al\u00e9m do desfile em carro aberto, ficaram no centro das aten\u00e7\u00f5es da diretoria. Em seguida, a negocia\u00e7\u00e3o por Gerson surgiu como emergencial e prioridade.<\/p>\n\n\n\n<p>Dorival J\u00fanior se posicionou em rede social na sexta-feira e disse que foi uma decis\u00e3o da diretoria do Flamengo mudar de comando. Internamente, o clube entende que n\u00e3o houve consenso financeiro para um acerto mais r\u00e1pido, o que abriu o leque para uma troca de comando. Clube e treinador j\u00e1 tinha alinhado tempo de contrato (um ano) e condi\u00e7\u00f5es para rescis\u00e3o, mas o acerto final ficou pendente.<\/p>\n\n\n\n<p>Depois de Jorge Jesus e Paulo Sousa, a tend\u00eancia \u00e9 que o sotaque de Portugal volte a ditar os rumos no Ninho do Urubu. Ao que tudo indica, \u00e9 quest\u00e3o de tempo.<\/p>\n\n\n\n<p>Retirado de: Globo Esporte<\/p>\n","protected":false},"excerpt":{"rendered":"<p>Flamengo e Vitor Pereira j\u00e1 avan\u00e7aram em praticamente todos os pontos da negocia\u00e7\u00e3o e tratam como iminente o acerto de um contrato v\u00e1lido at\u00e9 o fim de 2023. Clube e treinador j\u00e1 alinharam quest\u00f5es financeiras, projeto e se cercam de cuidados jur\u00eddicos para evitar conflitos com o Corinthians. Explica-se: o portugu\u00eas ainda tem contrato em [&hellip;]<\/p>\n","protected":false},"author":1,"featured_media":62889,"comment_status":"open","ping_status":"closed","sticky":false,"template":"","format":"standard","meta":{"footnotes":""},"categories":[1],"tags":[],"class_list":["post-91274","post","type-post","status-publish","format-standard","has-post-thumbnail","hentry","category-flamengo"],"yoast_head":"<!-- This site is optimized with the Yoast SEO Premium plugin v24.2 (Yoast SEO v26.9) - https:\/\/yoast.com\/product\/yoast-seo-premium-wordpress\/ -->\n<title>Veja quanto o Flamengo pagar\u00e1 por Vitor Pereira<\/title>\n<meta name=\"robots\" content=\"index, follow, max-snippet:-1, max-image-preview:large, max-video-preview:-1\" \/>\n<link rel=\"canonical\" href=\"https:\/\/www.gaveanews.com\/index.php\/2022\/11\/26\/veja-quanto-o-flamengo-pagara-por-vitor-pereira\/\" \/>\n<meta property=\"og:locale\" content=\"pt_BR\" \/>\n<meta property=\"og:type\" content=\"article\" \/>\n<meta property=\"og:title\" content=\"Veja quanto o Flamengo pagar\u00e1 por Vitor Pereira\" \/>\n<meta property=\"og:description\" content=\"Flamengo e Vitor Pereira j\u00e1 avan\u00e7aram em praticamente todos os pontos da negocia\u00e7\u00e3o e tratam como iminente o acerto de um contrato v\u00e1lido at\u00e9 o fim de 2023. Clube e treinador j\u00e1 alinharam quest\u00f5es financeiras, projeto e se cercam de cuidados jur\u00eddicos para evitar conflitos com o Corinthians. Explica-se: o portugu\u00eas ainda tem contrato em [&hellip;]\" \/>\n<meta property=\"og:url\" content=\"https:\/\/www.gaveanews.com\/index.php\/2022\/11\/26\/veja-quanto-o-flamengo-pagara-por-vitor-pereira\/\" \/>\n<meta property=\"og:site_name\" content=\"G\u00e1vea News\" \/>\n<meta property=\"article:publisher\" content=\"https:\/\/facebook.com\/gaveaNews\/\" \/>\n<meta property=\"article:published_time\" content=\"2022-11-26T22:01:58+00:00\" \/>\n<meta property=\"article:modified_time\" content=\"2022-11-26T22:02:00+00:00\" \/>\n<meta property=\"og:image\" content=\"https:\/\/www.gaveanews.com\/wp-content\/uploads\/Rodolfo-Landim-presidente-do-Flamengo-durante-a-premiacao-do-Campeonato-Carioca.webp\" \/>\n\t<meta property=\"og:image:width\" content=\"902\" \/>\n\t<meta property=\"og:image:height\" content=\"600\" \/>\n\t<meta property=\"og:image:type\" content=\"image\/jpeg\" \/>\n<meta name=\"author\" content=\"Equipe G\u00e1vea News\" \/>\n<meta name=\"twitter:card\" content=\"summary_large_image\" \/>\n<meta name=\"twitter:label1\" content=\"Escrito por\" \/>\n\t<meta name=\"twitter:data1\" content=\"Equipe G\u00e1vea News\" \/>\n\t<meta name=\"twitter:label2\" content=\"Est. tempo de leitura\" \/>\n\t<meta name=\"twitter:data2\" content=\"3 minutos\" \/>\n<script type=\"application\/ld+json\" class=\"yoast-schema-graph\">{\"@context\":\"https:\/\/schema.org\",\"@graph\":[{\"@type\":\"NewsArticle\",\"@id\":\"https:\/\/www.gaveanews.com\/index.php\/2022\/11\/26\/veja-quanto-o-flamengo-pagara-por-vitor-pereira\/#article\",\"isPartOf\":{\"@id\":\"https:\/\/www.gaveanews.com\/index.php\/2022\/11\/26\/veja-quanto-o-flamengo-pagara-por-vitor-pereira\/\"},\"author\":{\"name\":\"Equipe G\u00e1vea News\",\"@id\":\"https:\/\/www.gaveanews.com\/#\/schema\/person\/2ec14f73fb96be2caf28f91afb14749d\"},\"headline\":\"Veja quanto o Flamengo pagar\u00e1 por Vitor Pereira\",\"datePublished\":\"2022-11-26T22:01:58+00:00\",\"dateModified\":\"2022-11-26T22:02:00+00:00\",\"mainEntityOfPage\":{\"@id\":\"https:\/\/www.gaveanews.com\/index.php\/2022\/11\/26\/veja-quanto-o-flamengo-pagara-por-vitor-pereira\/\"},\"wordCount\":492,\"commentCount\":0,\"image\":{\"@id\":\"https:\/\/www.gaveanews.com\/index.php\/2022\/11\/26\/veja-quanto-o-flamengo-pagara-por-vitor-pereira\/#primaryimage\"},\"thumbnailUrl\":\"https:\/\/www.gaveanews.com\/wp-content\/uploads\/Rodolfo-Landim-presidente-do-Flamengo-durante-a-premiacao-do-Campeonato-Carioca.webp\",\"articleSection\":[\"Flamengo\"],\"inLanguage\":\"pt-BR\",\"potentialAction\":[{\"@type\":\"CommentAction\",\"name\":\"Comment\",\"target\":[\"https:\/\/www.gaveanews.com\/index.php\/2022\/11\/26\/veja-quanto-o-flamengo-pagara-por-vitor-pereira\/#respond\"]}],\"copyrightYear\":\"2022\",\"copyrightHolder\":{\"@id\":\"https:\/\/www.gaveanews.com\/#organization\"}},{\"@type\":\"WebPage\",\"@id\":\"https:\/\/www.gaveanews.com\/index.php\/2022\/11\/26\/veja-quanto-o-flamengo-pagara-por-vitor-pereira\/\",\"url\":\"https:\/\/www.gaveanews.com\/index.php\/2022\/11\/26\/veja-quanto-o-flamengo-pagara-por-vitor-pereira\/\",\"name\":\"Veja quanto o Flamengo pagar\u00e1 por Vitor Pereira\",\"isPartOf\":{\"@id\":\"https:\/\/www.gaveanews.com\/#website\"},\"primaryImageOfPage\":{\"@id\":\"https:\/\/www.gaveanews.com\/index.php\/2022\/11\/26\/veja-quanto-o-flamengo-pagara-por-vitor-pereira\/#primaryimage\"},\"image\":{\"@id\":\"https:\/\/www.gaveanews.com\/index.php\/2022\/11\/26\/veja-quanto-o-flamengo-pagara-por-vitor-pereira\/#primaryimage\"},\"thumbnailUrl\":\"https:\/\/www.gaveanews.com\/wp-content\/uploads\/Rodolfo-Landim-presidente-do-Flamengo-durante-a-premiacao-do-Campeonato-Carioca.webp\",\"datePublished\":\"2022-11-26T22:01:58+00:00\",\"dateModified\":\"2022-11-26T22:02:00+00:00\",\"author\":{\"@id\":\"https:\/\/www.gaveanews.com\/#\/schema\/person\/2ec14f73fb96be2caf28f91afb14749d\"},\"breadcrumb\":{\"@id\":\"https:\/\/www.gaveanews.com\/index.php\/2022\/11\/26\/veja-quanto-o-flamengo-pagara-por-vitor-pereira\/#breadcrumb\"},\"inLanguage\":\"pt-BR\",\"potentialAction\":[{\"@type\":\"ReadAction\",\"target\":[\"https:\/\/www.gaveanews.com\/index.php\/2022\/11\/26\/veja-quanto-o-flamengo-pagara-por-vitor-pereira\/\"]}]},{\"@type\":\"ImageObject\",\"inLanguage\":\"pt-BR\",\"@id\":\"https:\/\/www.gaveanews.com\/index.php\/2022\/11\/26\/veja-quanto-o-flamengo-pagara-por-vitor-pereira\/#primaryimage\",\"url\":\"https:\/\/www.gaveanews.com\/wp-content\/uploads\/Rodolfo-Landim-presidente-do-Flamengo-durante-a-premiacao-do-Campeonato-Carioca.webp\",\"contentUrl\":\"https:\/\/www.gaveanews.com\/wp-content\/uploads\/Rodolfo-Landim-presidente-do-Flamengo-durante-a-premiacao-do-Campeonato-Carioca.webp\",\"width\":902,\"height\":600,\"caption\":\"Rodolfo Landim, presidente do Flamengo, durante a premia\u00e7\u00e3o do Campeonato Carioca (Foto: Divulga\u00e7\u00e3o)\"},{\"@type\":\"BreadcrumbList\",\"@id\":\"https:\/\/www.gaveanews.com\/index.php\/2022\/11\/26\/veja-quanto-o-flamengo-pagara-por-vitor-pereira\/#breadcrumb\",\"itemListElement\":[{\"@type\":\"ListItem\",\"position\":1,\"name\":\"Home\",\"item\":\"https:\/\/www.gaveanews.com\/\"},{\"@type\":\"ListItem\",\"position\":2,\"name\":\"Veja quanto o Flamengo pagar\u00e1 por Vitor Pereira\"}]},{\"@type\":\"WebSite\",\"@id\":\"https:\/\/www.gaveanews.com\/#website\",\"url\":\"https:\/\/www.gaveanews.com\/\",\"name\":\"G\u00e1vea News\",\"description\":\"Veja todas as not\u00edcias sobre o Flamengo: Contrata\u00e7\u00f5es, categorias de base, resultados das partidas, tabela de classifica\u00e7\u00e3o, pr\u00f3ximos jogos!\",\"potentialAction\":[{\"@type\":\"SearchAction\",\"target\":{\"@type\":\"EntryPoint\",\"urlTemplate\":\"https:\/\/www.gaveanews.com\/?s={search_term_string}\"},\"query-input\":{\"@type\":\"PropertyValueSpecification\",\"valueRequired\":true,\"valueName\":\"search_term_string\"}}],\"inLanguage\":\"pt-BR\"},{\"@type\":\"Person\",\"@id\":\"https:\/\/www.gaveanews.com\/#\/schema\/person\/2ec14f73fb96be2caf28f91afb14749d\",\"name\":\"Equipe G\u00e1vea News\",\"image\":{\"@type\":\"ImageObject\",\"inLanguage\":\"pt-BR\",\"@id\":\"https:\/\/www.gaveanews.com\/#\/schema\/person\/image\/\",\"url\":\"https:\/\/secure.gravatar.com\/avatar\/1e1956f1facbffd3f8fa53a326721950116b3b9dc9bd44939c01180fd4a745a9?s=96&d=mm&r=g\",\"contentUrl\":\"https:\/\/secure.gravatar.com\/avatar\/1e1956f1facbffd3f8fa53a326721950116b3b9dc9bd44939c01180fd4a745a9?s=96&d=mm&r=g\",\"caption\":\"Equipe G\u00e1vea News\"}}]}<\/script>\n<!-- \/ Yoast SEO Premium plugin. -->","yoast_head_json":{"title":"Veja quanto o Flamengo pagar\u00e1 por Vitor Pereira","robots":{"index":"index","follow":"follow","max-snippet":"max-snippet:-1","max-image-preview":"max-image-preview:large","max-video-preview":"max-video-preview:-1"},"canonical":"https:\/\/www.gaveanews.com\/index.php\/2022\/11\/26\/veja-quanto-o-flamengo-pagara-por-vitor-pereira\/","og_locale":"pt_BR","og_type":"article","og_title":"Veja quanto o Flamengo pagar\u00e1 por Vitor Pereira","og_description":"Flamengo e Vitor Pereira j\u00e1 avan\u00e7aram em praticamente todos os pontos da negocia\u00e7\u00e3o e tratam como iminente o acerto de um contrato v\u00e1lido at\u00e9 o fim de 2023. Clube e treinador j\u00e1 alinharam quest\u00f5es financeiras, projeto e se cercam de cuidados jur\u00eddicos para evitar conflitos com o Corinthians. Explica-se: o portugu\u00eas ainda tem contrato em [&hellip;]","og_url":"https:\/\/www.gaveanews.com\/index.php\/2022\/11\/26\/veja-quanto-o-flamengo-pagara-por-vitor-pereira\/","og_site_name":"G\u00e1vea News","article_publisher":"https:\/\/facebook.com\/gaveaNews\/","article_published_time":"2022-11-26T22:01:58+00:00","article_modified_time":"2022-11-26T22:02:00+00:00","og_image":[{"width":902,"height":600,"url":"https:\/\/www.gaveanews.com\/wp-content\/uploads\/Rodolfo-Landim-presidente-do-Flamengo-durante-a-premiacao-do-Campeonato-Carioca.webp","type":"image\/jpeg"}],"author":"Equipe G\u00e1vea News","twitter_card":"summary_large_image","twitter_misc":{"Escrito por":"Equipe G\u00e1vea News","Est. tempo de leitura":"3 minutos"},"schema":{"@context":"https:\/\/schema.org","@graph":[{"@type":"NewsArticle","@id":"https:\/\/www.gaveanews.com\/index.php\/2022\/11\/26\/veja-quanto-o-flamengo-pagara-por-vitor-pereira\/#article","isPartOf":{"@id":"https:\/\/www.gaveanews.com\/index.php\/2022\/11\/26\/veja-quanto-o-flamengo-pagara-por-vitor-pereira\/"},"author":{"name":"Equipe G\u00e1vea News","@id":"https:\/\/www.gaveanews.com\/#\/schema\/person\/2ec14f73fb96be2caf28f91afb14749d"},"headline":"Veja quanto o Flamengo pagar\u00e1 por Vitor Pereira","datePublished":"2022-11-26T22:01:58+00:00","dateModified":"2022-11-26T22:02:00+00:00","mainEntityOfPage":{"@id":"https:\/\/www.gaveanews.com\/index.php\/2022\/11\/26\/veja-quanto-o-flamengo-pagara-por-vitor-pereira\/"},"wordCount":492,"commentCount":0,"image":{"@id":"https:\/\/www.gaveanews.com\/index.php\/2022\/11\/26\/veja-quanto-o-flamengo-pagara-por-vitor-pereira\/#primaryimage"},"thumbnailUrl":"https:\/\/www.gaveanews.com\/wp-content\/uploads\/Rodolfo-Landim-presidente-do-Flamengo-durante-a-premiacao-do-Campeonato-Carioca.webp","articleSection":["Flamengo"],"inLanguage":"pt-BR","potentialAction":[{"@type":"CommentAction","name":"Comment","target":["https:\/\/www.gaveanews.com\/index.php\/2022\/11\/26\/veja-quanto-o-flamengo-pagara-por-vitor-pereira\/#respond"]}],"copyrightYear":"2022","copyrightHolder":{"@id":"https:\/\/www.gaveanews.com\/#organization"}},{"@type":"WebPage","@id":"https:\/\/www.gaveanews.com\/index.php\/2022\/11\/26\/veja-quanto-o-flamengo-pagara-por-vitor-pereira\/","url":"https:\/\/www.gaveanews.com\/index.php\/2022\/11\/26\/veja-quanto-o-flamengo-pagara-por-vitor-pereira\/","name":"Veja quanto o Flamengo pagar\u00e1 por Vitor Pereira","isPartOf":{"@id":"https:\/\/www.gaveanews.com\/#website"},"primaryImageOfPage":{"@id":"https:\/\/www.gaveanews.com\/index.php\/2022\/11\/26\/veja-quanto-o-flamengo-pagara-por-vitor-pereira\/#primaryimage"},"image":{"@id":"https:\/\/www.gaveanews.com\/index.php\/2022\/11\/26\/veja-quanto-o-flamengo-pagara-por-vitor-pereira\/#primaryimage"},"thumbnailUrl":"https:\/\/www.gaveanews.com\/wp-content\/uploads\/Rodolfo-Landim-presidente-do-Flamengo-durante-a-premiacao-do-Campeonato-Carioca.webp","datePublished":"2022-11-26T22:01:58+00:00","dateModified":"2022-11-26T22:02:00+00:00","author":{"@id":"https:\/\/www.gaveanews.com\/#\/schema\/person\/2ec14f73fb96be2caf28f91afb14749d"},"breadcrumb":{"@id":"https:\/\/www.gaveanews.com\/index.php\/2022\/11\/26\/veja-quanto-o-flamengo-pagara-por-vitor-pereira\/#breadcrumb"},"inLanguage":"pt-BR","potentialAction":[{"@type":"ReadAction","target":["https:\/\/www.gaveanews.com\/index.php\/2022\/11\/26\/veja-quanto-o-flamengo-pagara-por-vitor-pereira\/"]}]},{"@type":"ImageObject","inLanguage":"pt-BR","@id":"https:\/\/www.gaveanews.com\/index.php\/2022\/11\/26\/veja-quanto-o-flamengo-pagara-por-vitor-pereira\/#primaryimage","url":"https:\/\/www.gaveanews.com\/wp-content\/uploads\/Rodolfo-Landim-presidente-do-Flamengo-durante-a-premiacao-do-Campeonato-Carioca.webp","contentUrl":"https:\/\/www.gaveanews.com\/wp-content\/uploads\/Rodolfo-Landim-presidente-do-Flamengo-durante-a-premiacao-do-Campeonato-Carioca.webp","width":902,"height":600,"caption":"Rodolfo Landim, presidente do Flamengo, durante a premia\u00e7\u00e3o do Campeonato Carioca (Foto: Divulga\u00e7\u00e3o)"},{"@type":"BreadcrumbList","@id":"https:\/\/www.gaveanews.com\/index.php\/2022\/11\/26\/veja-quanto-o-flamengo-pagara-por-vitor-pereira\/#breadcrumb","itemListElement":[{"@type":"ListItem","position":1,"name":"Home","item":"https:\/\/www.gaveanews.com\/"},{"@type":"ListItem","position":2,"name":"Veja quanto o Flamengo pagar\u00e1 por Vitor Pereira"}]},{"@type":"WebSite","@id":"https:\/\/www.gaveanews.com\/#website","url":"https:\/\/www.gaveanews.com\/","name":"G\u00e1vea News","description":"Veja todas as not\u00edcias sobre o Flamengo: Contrata\u00e7\u00f5es, categorias de base, resultados das partidas, tabela de classifica\u00e7\u00e3o, pr\u00f3ximos jogos!","potentialAction":[{"@type":"SearchAction","target":{"@type":"EntryPoint","urlTemplate":"https:\/\/www.gaveanews.com\/?s={search_term_string}"},"query-input":{"@type":"PropertyValueSpecification","valueRequired":true,"valueName":"search_term_string"}}],"inLanguage":"pt-BR"},{"@type":"Person","@id":"https:\/\/www.gaveanews.com\/#\/schema\/person\/2ec14f73fb96be2caf28f91afb14749d","name":"Equipe G\u00e1vea News","image":{"@type":"ImageObject","inLanguage":"pt-BR","@id":"https:\/\/www.gaveanews.com\/#\/schema\/person\/image\/","url":"https:\/\/secure.gravatar.com\/avatar\/1e1956f1facbffd3f8fa53a326721950116b3b9dc9bd44939c01180fd4a745a9?s=96&d=mm&r=g","contentUrl":"https:\/\/secure.gravatar.com\/avatar\/1e1956f1facbffd3f8fa53a326721950116b3b9dc9bd44939c01180fd4a745a9?s=96&d=mm&r=g","caption":"Equipe G\u00e1vea News"}}]}},"_links":{"self":[{"href":"https:\/\/www.gaveanews.com\/index.php\/wp-json\/wp\/v2\/posts\/91274","targetHints":{"allow":["GET"]}}],"collection":[{"href":"https:\/\/www.gaveanews.com\/index.php\/wp-json\/wp\/v2\/posts"}],"about":[{"href":"https:\/\/www.gaveanews.com\/index.php\/wp-json\/wp\/v2\/types\/post"}],"author":[{"embeddable":true,"href":"https:\/\/www.gaveanews.com\/index.php\/wp-json\/wp\/v2\/users\/1"}],"replies":[{"embeddable":true,"href":"https:\/\/www.gaveanews.com\/index.php\/wp-json\/wp\/v2\/comments?post=91274"}],"version-history":[{"count":0,"href":"https:\/\/www.gaveanews.com\/index.php\/wp-json\/wp\/v2\/posts\/91274\/revisions"}],"wp:featuredmedia":[{"embeddable":true,"href":"https:\/\/www.gaveanews.com\/index.php\/wp-json\/wp\/v2\/media\/62889"}],"wp:attachment":[{"href":"https:\/\/www.gaveanews.com\/index.php\/wp-json\/wp\/v2\/media?parent=91274"}],"wp:term":[{"taxonomy":"category","embeddable":true,"href":"https:\/\/www.gaveanews.com\/index.php\/wp-json\/wp\/v2\/categories?post=91274"},{"taxonomy":"post_tag","embeddable":true,"href":"https:\/\/www.gaveanews.com\/index.php\/wp-json\/wp\/v2\/tags?post=91274"}],"curies":[{"name":"wp","href":"https:\/\/api.w.org\/{rel}","templated":true}]}}