{"id":91289,"date":"2022-11-27T18:10:54","date_gmt":"2022-11-27T21:10:54","guid":{"rendered":"https:\/\/www.gaveanews.com\/?p=91289"},"modified":"2022-11-27T18:10:56","modified_gmt":"2022-11-27T21:10:56","slug":"jornalista-faz-alerta-para-desafio-de-vitor-pereira-no-flamengo","status":"publish","type":"post","link":"https:\/\/www.gaveanews.com\/index.php\/2022\/11\/27\/jornalista-faz-alerta-para-desafio-de-vitor-pereira-no-flamengo\/","title":{"rendered":"Jornalista faz alerta para \u201cdesafio\u201d de V\u00edtor Pereira no Flamengo"},"content":{"rendered":"\n<p>O mercado da bola nacional ficou agitado nas \u00faltimas horas com o desligamento de Dorival J\u00fanior no Flamengo, que j\u00e1 tem um acerto com V\u00edtor Pereira, ex-comandante do Corinthians. A not\u00edcia, pegou todos de surpresa, uma vez que VP n\u00e3o quis renovar com o Tim\u00e3o, alegando problemas familiares, e em menos de duas semanas fechou a sua perman\u00eancia no Brasil.<\/p>\n\n\n\n<p>Em sua coluna no UOL Esporte, o jornalista Renato Maur\u00edcio Prado destacou que o V\u00edtor Pereira ser\u00e1 mais um treinador que desembarca no Flamengo sob a \u201csombra\u201d de Jorge Jesus, profissional amplamente vitorioso entre 2019 e 2020 no time da G\u00e1vea. Jesus, inclusive, chegou a ser sondado nos \u00faltimos dias pelo Flamengo, mas declinou de uma volta imediata. Na vis\u00e3o de RMP, se VP n\u00e3o conseguir deslanchar at\u00e9 maio do pr\u00f3ximo ano, n\u00e3o ter\u00e1 perman\u00eancia assegurada.<\/p>\n\n\n\n<p><em>\u2014 Se a atual diretoria quisesse mesmo a volta do Mister, o teria contratado quando esteve aqui no Brasil e me disse, com todas as letras, que queria retornar ao Flamengo. J\u00e1 naquela \u00e9poca, era evidente o fracasso de Paulo Sousa. E ainda assim nem Braz, nem nenhum outro dirigente rubro-negro o procurou, nem que fosse para um papo, tomando um cafezinho<\/em>, iniciou RMP, ligando o alerta para o portugu\u00eas, ex-Corinthians, na sequ\u00eancia.<\/p>\n\n\n\n<p><em>\u2014 Em tempo: na mesma conversa que tive com Jorge Jesus ele me disse que Victor Pereira era disparado o melhor treinador portugu\u00eas em atividade no Brasil \u2013 \u00e0 frente, inclusive, de Abel Ferreira. Tomara que o ex-treinador do Corinthians (como ele explicar\u00e1 o desaparecimento dos problemas familiares, com sua sogra?) justifique tais elogios. Porque, sen\u00e3o der certo j\u00e1 nos primeiros meses do ano, quando disputar\u00e1, entre outras competi\u00e7\u00f5es, o Mundial Interclubes, a sombra do pr\u00f3prio Jesus o assombrar\u00e1 a partir de maio<\/em>, pontuou o jornalista sobre as movimenta\u00e7\u00f5es do Flamengo.<\/p>\n\n\n\n<p>Retirado de: Torcedores<\/p>\n","protected":false},"excerpt":{"rendered":"<p>O mercado da bola nacional ficou agitado nas \u00faltimas horas com o desligamento de Dorival J\u00fanior no Flamengo, que j\u00e1 tem um acerto com V\u00edtor Pereira, ex-comandante do Corinthians. A not\u00edcia, pegou todos de surpresa, uma vez que VP n\u00e3o quis renovar com o Tim\u00e3o, alegando problemas familiares, e em menos de duas semanas fechou [&hellip;]<\/p>\n","protected":false},"author":1,"featured_media":73281,"comment_status":"open","ping_status":"closed","sticky":false,"template":"","format":"standard","meta":{"footnotes":""},"categories":[1],"tags":[],"class_list":["post-91289","post","type-post","status-publish","format-standard","has-post-thumbnail","hentry","category-flamengo"],"yoast_head":"<!-- This site is optimized with the Yoast SEO Premium plugin v24.2 (Yoast SEO v26.9) - https:\/\/yoast.com\/product\/yoast-seo-premium-wordpress\/ -->\n<title>Jornalista faz alerta para \u201cdesafio\u201d de V\u00edtor Pereira no Flamengo<\/title>\n<meta name=\"robots\" content=\"index, follow, max-snippet:-1, max-image-preview:large, max-video-preview:-1\" \/>\n<link rel=\"canonical\" href=\"https:\/\/www.gaveanews.com\/index.php\/2022\/11\/27\/jornalista-faz-alerta-para-desafio-de-vitor-pereira-no-flamengo\/\" \/>\n<meta property=\"og:locale\" content=\"pt_BR\" \/>\n<meta property=\"og:type\" content=\"article\" \/>\n<meta property=\"og:title\" content=\"Jornalista faz alerta para \u201cdesafio\u201d de V\u00edtor Pereira no Flamengo\" \/>\n<meta property=\"og:description\" content=\"O mercado da bola nacional ficou agitado nas \u00faltimas horas com o desligamento de Dorival J\u00fanior no Flamengo, que j\u00e1 tem um acerto com V\u00edtor Pereira, ex-comandante do Corinthians. A not\u00edcia, pegou todos de surpresa, uma vez que VP n\u00e3o quis renovar com o Tim\u00e3o, alegando problemas familiares, e em menos de duas semanas fechou [&hellip;]\" \/>\n<meta property=\"og:url\" content=\"https:\/\/www.gaveanews.com\/index.php\/2022\/11\/27\/jornalista-faz-alerta-para-desafio-de-vitor-pereira-no-flamengo\/\" \/>\n<meta property=\"og:site_name\" content=\"G\u00e1vea News\" \/>\n<meta property=\"article:publisher\" content=\"https:\/\/facebook.com\/gaveaNews\/\" \/>\n<meta property=\"article:published_time\" content=\"2022-11-27T21:10:54+00:00\" \/>\n<meta property=\"article:modified_time\" content=\"2022-11-27T21:10:56+00:00\" \/>\n<meta property=\"og:image\" content=\"https:\/\/www.gaveanews.com\/wp-content\/uploads\/Vitor-Pereira-durante-um-jogo-do-Fenerbahce-da-Turquia.webp\" \/>\n\t<meta property=\"og:image:width\" content=\"1086\" \/>\n\t<meta property=\"og:image:height\" content=\"652\" \/>\n\t<meta property=\"og:image:type\" content=\"image\/jpeg\" \/>\n<meta name=\"author\" content=\"Equipe G\u00e1vea News\" \/>\n<meta name=\"twitter:card\" content=\"summary_large_image\" \/>\n<meta name=\"twitter:label1\" content=\"Escrito por\" \/>\n\t<meta name=\"twitter:data1\" content=\"Equipe G\u00e1vea News\" \/>\n\t<meta name=\"twitter:label2\" content=\"Est. tempo de leitura\" \/>\n\t<meta name=\"twitter:data2\" content=\"2 minutos\" \/>\n<script type=\"application\/ld+json\" class=\"yoast-schema-graph\">{\"@context\":\"https:\/\/schema.org\",\"@graph\":[{\"@type\":\"NewsArticle\",\"@id\":\"https:\/\/www.gaveanews.com\/index.php\/2022\/11\/27\/jornalista-faz-alerta-para-desafio-de-vitor-pereira-no-flamengo\/#article\",\"isPartOf\":{\"@id\":\"https:\/\/www.gaveanews.com\/index.php\/2022\/11\/27\/jornalista-faz-alerta-para-desafio-de-vitor-pereira-no-flamengo\/\"},\"author\":{\"name\":\"Equipe G\u00e1vea News\",\"@id\":\"https:\/\/www.gaveanews.com\/#\/schema\/person\/2ec14f73fb96be2caf28f91afb14749d\"},\"headline\":\"Jornalista faz alerta para \u201cdesafio\u201d de V\u00edtor Pereira no Flamengo\",\"datePublished\":\"2022-11-27T21:10:54+00:00\",\"dateModified\":\"2022-11-27T21:10:56+00:00\",\"mainEntityOfPage\":{\"@id\":\"https:\/\/www.gaveanews.com\/index.php\/2022\/11\/27\/jornalista-faz-alerta-para-desafio-de-vitor-pereira-no-flamengo\/\"},\"wordCount\":329,\"commentCount\":0,\"image\":{\"@id\":\"https:\/\/www.gaveanews.com\/index.php\/2022\/11\/27\/jornalista-faz-alerta-para-desafio-de-vitor-pereira-no-flamengo\/#primaryimage\"},\"thumbnailUrl\":\"https:\/\/www.gaveanews.com\/wp-content\/uploads\/Vitor-Pereira-durante-um-jogo-do-Fenerbahce-da-Turquia.webp\",\"articleSection\":[\"Flamengo\"],\"inLanguage\":\"pt-BR\",\"potentialAction\":[{\"@type\":\"CommentAction\",\"name\":\"Comment\",\"target\":[\"https:\/\/www.gaveanews.com\/index.php\/2022\/11\/27\/jornalista-faz-alerta-para-desafio-de-vitor-pereira-no-flamengo\/#respond\"]}],\"copyrightYear\":\"2022\",\"copyrightHolder\":{\"@id\":\"https:\/\/www.gaveanews.com\/#organization\"}},{\"@type\":\"WebPage\",\"@id\":\"https:\/\/www.gaveanews.com\/index.php\/2022\/11\/27\/jornalista-faz-alerta-para-desafio-de-vitor-pereira-no-flamengo\/\",\"url\":\"https:\/\/www.gaveanews.com\/index.php\/2022\/11\/27\/jornalista-faz-alerta-para-desafio-de-vitor-pereira-no-flamengo\/\",\"name\":\"Jornalista faz alerta para \u201cdesafio\u201d de V\u00edtor Pereira no Flamengo\",\"isPartOf\":{\"@id\":\"https:\/\/www.gaveanews.com\/#website\"},\"primaryImageOfPage\":{\"@id\":\"https:\/\/www.gaveanews.com\/index.php\/2022\/11\/27\/jornalista-faz-alerta-para-desafio-de-vitor-pereira-no-flamengo\/#primaryimage\"},\"image\":{\"@id\":\"https:\/\/www.gaveanews.com\/index.php\/2022\/11\/27\/jornalista-faz-alerta-para-desafio-de-vitor-pereira-no-flamengo\/#primaryimage\"},\"thumbnailUrl\":\"https:\/\/www.gaveanews.com\/wp-content\/uploads\/Vitor-Pereira-durante-um-jogo-do-Fenerbahce-da-Turquia.webp\",\"datePublished\":\"2022-11-27T21:10:54+00:00\",\"dateModified\":\"2022-11-27T21:10:56+00:00\",\"author\":{\"@id\":\"https:\/\/www.gaveanews.com\/#\/schema\/person\/2ec14f73fb96be2caf28f91afb14749d\"},\"breadcrumb\":{\"@id\":\"https:\/\/www.gaveanews.com\/index.php\/2022\/11\/27\/jornalista-faz-alerta-para-desafio-de-vitor-pereira-no-flamengo\/#breadcrumb\"},\"inLanguage\":\"pt-BR\",\"potentialAction\":[{\"@type\":\"ReadAction\",\"target\":[\"https:\/\/www.gaveanews.com\/index.php\/2022\/11\/27\/jornalista-faz-alerta-para-desafio-de-vitor-pereira-no-flamengo\/\"]}]},{\"@type\":\"ImageObject\",\"inLanguage\":\"pt-BR\",\"@id\":\"https:\/\/www.gaveanews.com\/index.php\/2022\/11\/27\/jornalista-faz-alerta-para-desafio-de-vitor-pereira-no-flamengo\/#primaryimage\",\"url\":\"https:\/\/www.gaveanews.com\/wp-content\/uploads\/Vitor-Pereira-durante-um-jogo-do-Fenerbahce-da-Turquia.webp\",\"contentUrl\":\"https:\/\/www.gaveanews.com\/wp-content\/uploads\/Vitor-Pereira-durante-um-jogo-do-Fenerbahce-da-Turquia.webp\",\"width\":1086,\"height\":652,\"caption\":\"V\u00edtor Pereira durante um jogo do Fenerbahce, da Turquia (Foto: Ozan Kose\/AFP)\"},{\"@type\":\"BreadcrumbList\",\"@id\":\"https:\/\/www.gaveanews.com\/index.php\/2022\/11\/27\/jornalista-faz-alerta-para-desafio-de-vitor-pereira-no-flamengo\/#breadcrumb\",\"itemListElement\":[{\"@type\":\"ListItem\",\"position\":1,\"name\":\"Home\",\"item\":\"https:\/\/www.gaveanews.com\/\"},{\"@type\":\"ListItem\",\"position\":2,\"name\":\"Jornalista faz alerta para \u201cdesafio\u201d de V\u00edtor Pereira no Flamengo\"}]},{\"@type\":\"WebSite\",\"@id\":\"https:\/\/www.gaveanews.com\/#website\",\"url\":\"https:\/\/www.gaveanews.com\/\",\"name\":\"G\u00e1vea News\",\"description\":\"Veja todas as not\u00edcias sobre o Flamengo: Contrata\u00e7\u00f5es, categorias de base, resultados das partidas, tabela de classifica\u00e7\u00e3o, pr\u00f3ximos jogos!\",\"potentialAction\":[{\"@type\":\"SearchAction\",\"target\":{\"@type\":\"EntryPoint\",\"urlTemplate\":\"https:\/\/www.gaveanews.com\/?s={search_term_string}\"},\"query-input\":{\"@type\":\"PropertyValueSpecification\",\"valueRequired\":true,\"valueName\":\"search_term_string\"}}],\"inLanguage\":\"pt-BR\"},{\"@type\":\"Person\",\"@id\":\"https:\/\/www.gaveanews.com\/#\/schema\/person\/2ec14f73fb96be2caf28f91afb14749d\",\"name\":\"Equipe G\u00e1vea News\",\"image\":{\"@type\":\"ImageObject\",\"inLanguage\":\"pt-BR\",\"@id\":\"https:\/\/www.gaveanews.com\/#\/schema\/person\/image\/\",\"url\":\"https:\/\/secure.gravatar.com\/avatar\/1e1956f1facbffd3f8fa53a326721950116b3b9dc9bd44939c01180fd4a745a9?s=96&d=mm&r=g\",\"contentUrl\":\"https:\/\/secure.gravatar.com\/avatar\/1e1956f1facbffd3f8fa53a326721950116b3b9dc9bd44939c01180fd4a745a9?s=96&d=mm&r=g\",\"caption\":\"Equipe G\u00e1vea News\"}}]}<\/script>\n<!-- \/ Yoast SEO Premium plugin. -->","yoast_head_json":{"title":"Jornalista faz alerta para \u201cdesafio\u201d de V\u00edtor Pereira no Flamengo","robots":{"index":"index","follow":"follow","max-snippet":"max-snippet:-1","max-image-preview":"max-image-preview:large","max-video-preview":"max-video-preview:-1"},"canonical":"https:\/\/www.gaveanews.com\/index.php\/2022\/11\/27\/jornalista-faz-alerta-para-desafio-de-vitor-pereira-no-flamengo\/","og_locale":"pt_BR","og_type":"article","og_title":"Jornalista faz alerta para \u201cdesafio\u201d de V\u00edtor Pereira no Flamengo","og_description":"O mercado da bola nacional ficou agitado nas \u00faltimas horas com o desligamento de Dorival J\u00fanior no Flamengo, que j\u00e1 tem um acerto com V\u00edtor Pereira, ex-comandante do Corinthians. A not\u00edcia, pegou todos de surpresa, uma vez que VP n\u00e3o quis renovar com o Tim\u00e3o, alegando problemas familiares, e em menos de duas semanas fechou [&hellip;]","og_url":"https:\/\/www.gaveanews.com\/index.php\/2022\/11\/27\/jornalista-faz-alerta-para-desafio-de-vitor-pereira-no-flamengo\/","og_site_name":"G\u00e1vea News","article_publisher":"https:\/\/facebook.com\/gaveaNews\/","article_published_time":"2022-11-27T21:10:54+00:00","article_modified_time":"2022-11-27T21:10:56+00:00","og_image":[{"width":1086,"height":652,"url":"https:\/\/www.gaveanews.com\/wp-content\/uploads\/Vitor-Pereira-durante-um-jogo-do-Fenerbahce-da-Turquia.webp","type":"image\/jpeg"}],"author":"Equipe G\u00e1vea News","twitter_card":"summary_large_image","twitter_misc":{"Escrito por":"Equipe G\u00e1vea News","Est. tempo de leitura":"2 minutos"},"schema":{"@context":"https:\/\/schema.org","@graph":[{"@type":"NewsArticle","@id":"https:\/\/www.gaveanews.com\/index.php\/2022\/11\/27\/jornalista-faz-alerta-para-desafio-de-vitor-pereira-no-flamengo\/#article","isPartOf":{"@id":"https:\/\/www.gaveanews.com\/index.php\/2022\/11\/27\/jornalista-faz-alerta-para-desafio-de-vitor-pereira-no-flamengo\/"},"author":{"name":"Equipe G\u00e1vea News","@id":"https:\/\/www.gaveanews.com\/#\/schema\/person\/2ec14f73fb96be2caf28f91afb14749d"},"headline":"Jornalista faz alerta para \u201cdesafio\u201d de V\u00edtor Pereira no Flamengo","datePublished":"2022-11-27T21:10:54+00:00","dateModified":"2022-11-27T21:10:56+00:00","mainEntityOfPage":{"@id":"https:\/\/www.gaveanews.com\/index.php\/2022\/11\/27\/jornalista-faz-alerta-para-desafio-de-vitor-pereira-no-flamengo\/"},"wordCount":329,"commentCount":0,"image":{"@id":"https:\/\/www.gaveanews.com\/index.php\/2022\/11\/27\/jornalista-faz-alerta-para-desafio-de-vitor-pereira-no-flamengo\/#primaryimage"},"thumbnailUrl":"https:\/\/www.gaveanews.com\/wp-content\/uploads\/Vitor-Pereira-durante-um-jogo-do-Fenerbahce-da-Turquia.webp","articleSection":["Flamengo"],"inLanguage":"pt-BR","potentialAction":[{"@type":"CommentAction","name":"Comment","target":["https:\/\/www.gaveanews.com\/index.php\/2022\/11\/27\/jornalista-faz-alerta-para-desafio-de-vitor-pereira-no-flamengo\/#respond"]}],"copyrightYear":"2022","copyrightHolder":{"@id":"https:\/\/www.gaveanews.com\/#organization"}},{"@type":"WebPage","@id":"https:\/\/www.gaveanews.com\/index.php\/2022\/11\/27\/jornalista-faz-alerta-para-desafio-de-vitor-pereira-no-flamengo\/","url":"https:\/\/www.gaveanews.com\/index.php\/2022\/11\/27\/jornalista-faz-alerta-para-desafio-de-vitor-pereira-no-flamengo\/","name":"Jornalista faz alerta para \u201cdesafio\u201d de V\u00edtor Pereira no Flamengo","isPartOf":{"@id":"https:\/\/www.gaveanews.com\/#website"},"primaryImageOfPage":{"@id":"https:\/\/www.gaveanews.com\/index.php\/2022\/11\/27\/jornalista-faz-alerta-para-desafio-de-vitor-pereira-no-flamengo\/#primaryimage"},"image":{"@id":"https:\/\/www.gaveanews.com\/index.php\/2022\/11\/27\/jornalista-faz-alerta-para-desafio-de-vitor-pereira-no-flamengo\/#primaryimage"},"thumbnailUrl":"https:\/\/www.gaveanews.com\/wp-content\/uploads\/Vitor-Pereira-durante-um-jogo-do-Fenerbahce-da-Turquia.webp","datePublished":"2022-11-27T21:10:54+00:00","dateModified":"2022-11-27T21:10:56+00:00","author":{"@id":"https:\/\/www.gaveanews.com\/#\/schema\/person\/2ec14f73fb96be2caf28f91afb14749d"},"breadcrumb":{"@id":"https:\/\/www.gaveanews.com\/index.php\/2022\/11\/27\/jornalista-faz-alerta-para-desafio-de-vitor-pereira-no-flamengo\/#breadcrumb"},"inLanguage":"pt-BR","potentialAction":[{"@type":"ReadAction","target":["https:\/\/www.gaveanews.com\/index.php\/2022\/11\/27\/jornalista-faz-alerta-para-desafio-de-vitor-pereira-no-flamengo\/"]}]},{"@type":"ImageObject","inLanguage":"pt-BR","@id":"https:\/\/www.gaveanews.com\/index.php\/2022\/11\/27\/jornalista-faz-alerta-para-desafio-de-vitor-pereira-no-flamengo\/#primaryimage","url":"https:\/\/www.gaveanews.com\/wp-content\/uploads\/Vitor-Pereira-durante-um-jogo-do-Fenerbahce-da-Turquia.webp","contentUrl":"https:\/\/www.gaveanews.com\/wp-content\/uploads\/Vitor-Pereira-durante-um-jogo-do-Fenerbahce-da-Turquia.webp","width":1086,"height":652,"caption":"V\u00edtor Pereira durante um jogo do Fenerbahce, da Turquia (Foto: Ozan Kose\/AFP)"},{"@type":"BreadcrumbList","@id":"https:\/\/www.gaveanews.com\/index.php\/2022\/11\/27\/jornalista-faz-alerta-para-desafio-de-vitor-pereira-no-flamengo\/#breadcrumb","itemListElement":[{"@type":"ListItem","position":1,"name":"Home","item":"https:\/\/www.gaveanews.com\/"},{"@type":"ListItem","position":2,"name":"Jornalista faz alerta para \u201cdesafio\u201d de V\u00edtor Pereira no Flamengo"}]},{"@type":"WebSite","@id":"https:\/\/www.gaveanews.com\/#website","url":"https:\/\/www.gaveanews.com\/","name":"G\u00e1vea News","description":"Veja todas as not\u00edcias sobre o Flamengo: Contrata\u00e7\u00f5es, categorias de base, resultados das partidas, tabela de classifica\u00e7\u00e3o, pr\u00f3ximos jogos!","potentialAction":[{"@type":"SearchAction","target":{"@type":"EntryPoint","urlTemplate":"https:\/\/www.gaveanews.com\/?s={search_term_string}"},"query-input":{"@type":"PropertyValueSpecification","valueRequired":true,"valueName":"search_term_string"}}],"inLanguage":"pt-BR"},{"@type":"Person","@id":"https:\/\/www.gaveanews.com\/#\/schema\/person\/2ec14f73fb96be2caf28f91afb14749d","name":"Equipe G\u00e1vea News","image":{"@type":"ImageObject","inLanguage":"pt-BR","@id":"https:\/\/www.gaveanews.com\/#\/schema\/person\/image\/","url":"https:\/\/secure.gravatar.com\/avatar\/1e1956f1facbffd3f8fa53a326721950116b3b9dc9bd44939c01180fd4a745a9?s=96&d=mm&r=g","contentUrl":"https:\/\/secure.gravatar.com\/avatar\/1e1956f1facbffd3f8fa53a326721950116b3b9dc9bd44939c01180fd4a745a9?s=96&d=mm&r=g","caption":"Equipe G\u00e1vea News"}}]}},"_links":{"self":[{"href":"https:\/\/www.gaveanews.com\/index.php\/wp-json\/wp\/v2\/posts\/91289","targetHints":{"allow":["GET"]}}],"collection":[{"href":"https:\/\/www.gaveanews.com\/index.php\/wp-json\/wp\/v2\/posts"}],"about":[{"href":"https:\/\/www.gaveanews.com\/index.php\/wp-json\/wp\/v2\/types\/post"}],"author":[{"embeddable":true,"href":"https:\/\/www.gaveanews.com\/index.php\/wp-json\/wp\/v2\/users\/1"}],"replies":[{"embeddable":true,"href":"https:\/\/www.gaveanews.com\/index.php\/wp-json\/wp\/v2\/comments?post=91289"}],"version-history":[{"count":0,"href":"https:\/\/www.gaveanews.com\/index.php\/wp-json\/wp\/v2\/posts\/91289\/revisions"}],"wp:featuredmedia":[{"embeddable":true,"href":"https:\/\/www.gaveanews.com\/index.php\/wp-json\/wp\/v2\/media\/73281"}],"wp:attachment":[{"href":"https:\/\/www.gaveanews.com\/index.php\/wp-json\/wp\/v2\/media?parent=91289"}],"wp:term":[{"taxonomy":"category","embeddable":true,"href":"https:\/\/www.gaveanews.com\/index.php\/wp-json\/wp\/v2\/categories?post=91289"},{"taxonomy":"post_tag","embeddable":true,"href":"https:\/\/www.gaveanews.com\/index.php\/wp-json\/wp\/v2\/tags?post=91289"}],"curies":[{"name":"wp","href":"https:\/\/api.w.org\/{rel}","templated":true}]}}