{"id":91291,"date":"2022-11-27T18:14:22","date_gmt":"2022-11-27T21:14:22","guid":{"rendered":"https:\/\/www.gaveanews.com\/?p=91291"},"modified":"2022-11-27T18:14:24","modified_gmt":"2022-11-27T21:14:24","slug":"flamengo-e-destaque-na-imprensa-da-europa","status":"publish","type":"post","link":"https:\/\/www.gaveanews.com\/index.php\/2022\/11\/27\/flamengo-e-destaque-na-imprensa-da-europa\/","title":{"rendered":"Flamengo \u00e9 destaque na imprensa da Europa"},"content":{"rendered":"\n<p>Apesar da temporada 2022 do futebol brasileiro j\u00e1 ter terminado e a Copa do Mundo do Qatar come\u00e7ado, com uma pausa geral no calend\u00e1rio das principais ligas do planeta, sobretudo na Europa, ainda assim alguns clubes se destacam em meio \u00e0 disputa do Mundial. E um deles \u00e9 o Flamengo.<\/p>\n\n\n\n<p>Em uma publica\u00e7\u00e3o neste domingo (27), o tradicional jornal espanhol Mundo Deportivo, da Espanha, destacou a presen\u00e7a de torcedores rubro-negros no Qatar durante a Copa e se rendeu aos cariocas, ainda que em um futuro pr\u00f3ximo o clube possa encarar o Real Madrid em uma eventual decis\u00e3o no Mundial de Clubes da Fifa.<\/p>\n\n\n\n<p><em>\u2014 O Flamengo \u00e9 um dos clubes mais importantes do mundo e possui uma grande legi\u00e3o de seguidores em todo o planeta. O Qatar, sede da Copa do Mundo, n\u00e3o foge \u00e0 regra, e em Doha est\u00e1 a FlaQatar, torcida do Flamengo na capital<\/em>, escreveu o ve\u00edculo.<\/p>\n\n\n\n<p>E mesmo em meio \u00e0 disputa da Copa, a &#8220;rivalidade&#8221; com o Real Madrid n\u00e3o ficou de lado. Pelo menos assim descreveu o jornal, que destacou a presen\u00e7a de uma bandeira do Flamengo com uma mensagem direcionada ao clube espanhol.<\/p>\n\n\n\n<p><em>\u2014 A torcida do Flamengo n\u00e3o perdeu a estreia do Brasil na Copa do Mundo. Foram ao est\u00e1dio para torcer pelo time, mas tamb\u00e9m para relembrar o Real Madrid, grande rival do Flamengo no pr\u00f3ximo Mundial de Clubes<\/em>, escreveu o Mundo Deportivo, citando a bandeira.<\/p>\n\n\n\n<p>A frase, que ficou famosa logo ap\u00f3s o t\u00edtulo da Conmebol Libertadores sobre o Athletico-PR, e foi puxada pelo vice-presidente de futebol do clube, Marcos Braz, e entoada tamb\u00e9m pelos jogadores, foi estampada em uma bandeira rubro-negra presente no Est\u00e1dio Lusail, na vit\u00f3ria do Brasil por 2 a 0 contra a S\u00e9rvia, pela estreia no Mundial.<\/p>\n\n\n\n<p>Vale lembrar que, apesar da certeza de que ser\u00e1 disputado, o pr\u00f3ximo Mundial de Clubes ainda n\u00e3o tem local, muito menos data para ser disputado. Assim como nas \u00faltimas edi\u00e7\u00f5es, a tend\u00eancia \u00e9 de que ele aconte\u00e7a somente em 2023.<\/p>\n\n\n\n<p>Retirado de: ESPN<\/p>\n","protected":false},"excerpt":{"rendered":"<p>Apesar da temporada 2022 do futebol brasileiro j\u00e1 ter terminado e a Copa do Mundo do Qatar come\u00e7ado, com uma pausa geral no calend\u00e1rio das principais ligas do planeta, sobretudo na Europa, ainda assim alguns clubes se destacam em meio \u00e0 disputa do Mundial. E um deles \u00e9 o Flamengo. Em uma publica\u00e7\u00e3o neste domingo [&hellip;]<\/p>\n","protected":false},"author":1,"featured_media":89087,"comment_status":"open","ping_status":"closed","sticky":false,"template":"","format":"standard","meta":{"footnotes":""},"categories":[1],"tags":[],"class_list":["post-91291","post","type-post","status-publish","format-standard","has-post-thumbnail","hentry","category-flamengo"],"yoast_head":"<!-- This site is optimized with the Yoast SEO Premium plugin v24.2 (Yoast SEO v26.9) - https:\/\/yoast.com\/product\/yoast-seo-premium-wordpress\/ -->\n<title>Flamengo \u00e9 destaque na imprensa da Europa<\/title>\n<meta name=\"robots\" content=\"index, follow, max-snippet:-1, max-image-preview:large, max-video-preview:-1\" \/>\n<link rel=\"canonical\" href=\"https:\/\/www.gaveanews.com\/index.php\/2022\/11\/27\/flamengo-e-destaque-na-imprensa-da-europa\/\" \/>\n<meta property=\"og:locale\" content=\"pt_BR\" \/>\n<meta property=\"og:type\" content=\"article\" \/>\n<meta property=\"og:title\" content=\"Flamengo \u00e9 destaque na imprensa da Europa\" \/>\n<meta property=\"og:description\" content=\"Apesar da temporada 2022 do futebol brasileiro j\u00e1 ter terminado e a Copa do Mundo do Qatar come\u00e7ado, com uma pausa geral no calend\u00e1rio das principais ligas do planeta, sobretudo na Europa, ainda assim alguns clubes se destacam em meio \u00e0 disputa do Mundial. E um deles \u00e9 o Flamengo. Em uma publica\u00e7\u00e3o neste domingo [&hellip;]\" \/>\n<meta property=\"og:url\" content=\"https:\/\/www.gaveanews.com\/index.php\/2022\/11\/27\/flamengo-e-destaque-na-imprensa-da-europa\/\" \/>\n<meta property=\"og:site_name\" content=\"G\u00e1vea News\" \/>\n<meta property=\"article:publisher\" content=\"https:\/\/facebook.com\/gaveaNews\/\" \/>\n<meta property=\"article:published_time\" content=\"2022-11-27T21:14:22+00:00\" \/>\n<meta property=\"article:modified_time\" content=\"2022-11-27T21:14:24+00:00\" \/>\n<meta property=\"og:image\" content=\"https:\/\/www.gaveanews.com\/wp-content\/uploads\/Torcida-do-Flamengo-faz-show-com-luzes-no-Maracana.webp\" \/>\n\t<meta property=\"og:image:width\" content=\"799\" \/>\n\t<meta property=\"og:image:height\" content=\"533\" \/>\n\t<meta property=\"og:image:type\" content=\"image\/jpeg\" \/>\n<meta name=\"author\" content=\"Equipe G\u00e1vea News\" \/>\n<meta name=\"twitter:card\" content=\"summary_large_image\" \/>\n<meta name=\"twitter:label1\" content=\"Escrito por\" \/>\n\t<meta name=\"twitter:data1\" content=\"Equipe G\u00e1vea News\" \/>\n\t<meta name=\"twitter:label2\" content=\"Est. tempo de leitura\" \/>\n\t<meta name=\"twitter:data2\" content=\"2 minutos\" \/>\n<script type=\"application\/ld+json\" class=\"yoast-schema-graph\">{\"@context\":\"https:\/\/schema.org\",\"@graph\":[{\"@type\":\"NewsArticle\",\"@id\":\"https:\/\/www.gaveanews.com\/index.php\/2022\/11\/27\/flamengo-e-destaque-na-imprensa-da-europa\/#article\",\"isPartOf\":{\"@id\":\"https:\/\/www.gaveanews.com\/index.php\/2022\/11\/27\/flamengo-e-destaque-na-imprensa-da-europa\/\"},\"author\":{\"name\":\"Equipe G\u00e1vea News\",\"@id\":\"https:\/\/www.gaveanews.com\/#\/schema\/person\/2ec14f73fb96be2caf28f91afb14749d\"},\"headline\":\"Flamengo \u00e9 destaque na imprensa da Europa\",\"datePublished\":\"2022-11-27T21:14:22+00:00\",\"dateModified\":\"2022-11-27T21:14:24+00:00\",\"mainEntityOfPage\":{\"@id\":\"https:\/\/www.gaveanews.com\/index.php\/2022\/11\/27\/flamengo-e-destaque-na-imprensa-da-europa\/\"},\"wordCount\":353,\"commentCount\":0,\"image\":{\"@id\":\"https:\/\/www.gaveanews.com\/index.php\/2022\/11\/27\/flamengo-e-destaque-na-imprensa-da-europa\/#primaryimage\"},\"thumbnailUrl\":\"https:\/\/www.gaveanews.com\/wp-content\/uploads\/Torcida-do-Flamengo-faz-show-com-luzes-no-Maracana.webp\",\"articleSection\":[\"Flamengo\"],\"inLanguage\":\"pt-BR\",\"potentialAction\":[{\"@type\":\"CommentAction\",\"name\":\"Comment\",\"target\":[\"https:\/\/www.gaveanews.com\/index.php\/2022\/11\/27\/flamengo-e-destaque-na-imprensa-da-europa\/#respond\"]}],\"copyrightYear\":\"2022\",\"copyrightHolder\":{\"@id\":\"https:\/\/www.gaveanews.com\/#organization\"}},{\"@type\":\"WebPage\",\"@id\":\"https:\/\/www.gaveanews.com\/index.php\/2022\/11\/27\/flamengo-e-destaque-na-imprensa-da-europa\/\",\"url\":\"https:\/\/www.gaveanews.com\/index.php\/2022\/11\/27\/flamengo-e-destaque-na-imprensa-da-europa\/\",\"name\":\"Flamengo \u00e9 destaque na imprensa da Europa\",\"isPartOf\":{\"@id\":\"https:\/\/www.gaveanews.com\/#website\"},\"primaryImageOfPage\":{\"@id\":\"https:\/\/www.gaveanews.com\/index.php\/2022\/11\/27\/flamengo-e-destaque-na-imprensa-da-europa\/#primaryimage\"},\"image\":{\"@id\":\"https:\/\/www.gaveanews.com\/index.php\/2022\/11\/27\/flamengo-e-destaque-na-imprensa-da-europa\/#primaryimage\"},\"thumbnailUrl\":\"https:\/\/www.gaveanews.com\/wp-content\/uploads\/Torcida-do-Flamengo-faz-show-com-luzes-no-Maracana.webp\",\"datePublished\":\"2022-11-27T21:14:22+00:00\",\"dateModified\":\"2022-11-27T21:14:24+00:00\",\"author\":{\"@id\":\"https:\/\/www.gaveanews.com\/#\/schema\/person\/2ec14f73fb96be2caf28f91afb14749d\"},\"breadcrumb\":{\"@id\":\"https:\/\/www.gaveanews.com\/index.php\/2022\/11\/27\/flamengo-e-destaque-na-imprensa-da-europa\/#breadcrumb\"},\"inLanguage\":\"pt-BR\",\"potentialAction\":[{\"@type\":\"ReadAction\",\"target\":[\"https:\/\/www.gaveanews.com\/index.php\/2022\/11\/27\/flamengo-e-destaque-na-imprensa-da-europa\/\"]}]},{\"@type\":\"ImageObject\",\"inLanguage\":\"pt-BR\",\"@id\":\"https:\/\/www.gaveanews.com\/index.php\/2022\/11\/27\/flamengo-e-destaque-na-imprensa-da-europa\/#primaryimage\",\"url\":\"https:\/\/www.gaveanews.com\/wp-content\/uploads\/Torcida-do-Flamengo-faz-show-com-luzes-no-Maracana.webp\",\"contentUrl\":\"https:\/\/www.gaveanews.com\/wp-content\/uploads\/Torcida-do-Flamengo-faz-show-com-luzes-no-Maracana.webp\",\"width\":799,\"height\":533,\"caption\":\"Torcida do Flamengo faz show com luzes no Maracan\u00e3 (Foto: Gilvan de Souza\/Flamengo)\"},{\"@type\":\"BreadcrumbList\",\"@id\":\"https:\/\/www.gaveanews.com\/index.php\/2022\/11\/27\/flamengo-e-destaque-na-imprensa-da-europa\/#breadcrumb\",\"itemListElement\":[{\"@type\":\"ListItem\",\"position\":1,\"name\":\"Home\",\"item\":\"https:\/\/www.gaveanews.com\/\"},{\"@type\":\"ListItem\",\"position\":2,\"name\":\"Flamengo \u00e9 destaque na imprensa da Europa\"}]},{\"@type\":\"WebSite\",\"@id\":\"https:\/\/www.gaveanews.com\/#website\",\"url\":\"https:\/\/www.gaveanews.com\/\",\"name\":\"G\u00e1vea News\",\"description\":\"Veja todas as not\u00edcias sobre o Flamengo: Contrata\u00e7\u00f5es, categorias de base, resultados das partidas, tabela de classifica\u00e7\u00e3o, pr\u00f3ximos jogos!\",\"potentialAction\":[{\"@type\":\"SearchAction\",\"target\":{\"@type\":\"EntryPoint\",\"urlTemplate\":\"https:\/\/www.gaveanews.com\/?s={search_term_string}\"},\"query-input\":{\"@type\":\"PropertyValueSpecification\",\"valueRequired\":true,\"valueName\":\"search_term_string\"}}],\"inLanguage\":\"pt-BR\"},{\"@type\":\"Person\",\"@id\":\"https:\/\/www.gaveanews.com\/#\/schema\/person\/2ec14f73fb96be2caf28f91afb14749d\",\"name\":\"Equipe G\u00e1vea News\",\"image\":{\"@type\":\"ImageObject\",\"inLanguage\":\"pt-BR\",\"@id\":\"https:\/\/www.gaveanews.com\/#\/schema\/person\/image\/\",\"url\":\"https:\/\/secure.gravatar.com\/avatar\/1e1956f1facbffd3f8fa53a326721950116b3b9dc9bd44939c01180fd4a745a9?s=96&d=mm&r=g\",\"contentUrl\":\"https:\/\/secure.gravatar.com\/avatar\/1e1956f1facbffd3f8fa53a326721950116b3b9dc9bd44939c01180fd4a745a9?s=96&d=mm&r=g\",\"caption\":\"Equipe G\u00e1vea News\"}}]}<\/script>\n<!-- \/ Yoast SEO Premium plugin. -->","yoast_head_json":{"title":"Flamengo \u00e9 destaque na imprensa da Europa","robots":{"index":"index","follow":"follow","max-snippet":"max-snippet:-1","max-image-preview":"max-image-preview:large","max-video-preview":"max-video-preview:-1"},"canonical":"https:\/\/www.gaveanews.com\/index.php\/2022\/11\/27\/flamengo-e-destaque-na-imprensa-da-europa\/","og_locale":"pt_BR","og_type":"article","og_title":"Flamengo \u00e9 destaque na imprensa da Europa","og_description":"Apesar da temporada 2022 do futebol brasileiro j\u00e1 ter terminado e a Copa do Mundo do Qatar come\u00e7ado, com uma pausa geral no calend\u00e1rio das principais ligas do planeta, sobretudo na Europa, ainda assim alguns clubes se destacam em meio \u00e0 disputa do Mundial. E um deles \u00e9 o Flamengo. Em uma publica\u00e7\u00e3o neste domingo [&hellip;]","og_url":"https:\/\/www.gaveanews.com\/index.php\/2022\/11\/27\/flamengo-e-destaque-na-imprensa-da-europa\/","og_site_name":"G\u00e1vea News","article_publisher":"https:\/\/facebook.com\/gaveaNews\/","article_published_time":"2022-11-27T21:14:22+00:00","article_modified_time":"2022-11-27T21:14:24+00:00","og_image":[{"width":799,"height":533,"url":"https:\/\/www.gaveanews.com\/wp-content\/uploads\/Torcida-do-Flamengo-faz-show-com-luzes-no-Maracana.webp","type":"image\/jpeg"}],"author":"Equipe G\u00e1vea News","twitter_card":"summary_large_image","twitter_misc":{"Escrito por":"Equipe G\u00e1vea News","Est. tempo de leitura":"2 minutos"},"schema":{"@context":"https:\/\/schema.org","@graph":[{"@type":"NewsArticle","@id":"https:\/\/www.gaveanews.com\/index.php\/2022\/11\/27\/flamengo-e-destaque-na-imprensa-da-europa\/#article","isPartOf":{"@id":"https:\/\/www.gaveanews.com\/index.php\/2022\/11\/27\/flamengo-e-destaque-na-imprensa-da-europa\/"},"author":{"name":"Equipe G\u00e1vea News","@id":"https:\/\/www.gaveanews.com\/#\/schema\/person\/2ec14f73fb96be2caf28f91afb14749d"},"headline":"Flamengo \u00e9 destaque na imprensa da Europa","datePublished":"2022-11-27T21:14:22+00:00","dateModified":"2022-11-27T21:14:24+00:00","mainEntityOfPage":{"@id":"https:\/\/www.gaveanews.com\/index.php\/2022\/11\/27\/flamengo-e-destaque-na-imprensa-da-europa\/"},"wordCount":353,"commentCount":0,"image":{"@id":"https:\/\/www.gaveanews.com\/index.php\/2022\/11\/27\/flamengo-e-destaque-na-imprensa-da-europa\/#primaryimage"},"thumbnailUrl":"https:\/\/www.gaveanews.com\/wp-content\/uploads\/Torcida-do-Flamengo-faz-show-com-luzes-no-Maracana.webp","articleSection":["Flamengo"],"inLanguage":"pt-BR","potentialAction":[{"@type":"CommentAction","name":"Comment","target":["https:\/\/www.gaveanews.com\/index.php\/2022\/11\/27\/flamengo-e-destaque-na-imprensa-da-europa\/#respond"]}],"copyrightYear":"2022","copyrightHolder":{"@id":"https:\/\/www.gaveanews.com\/#organization"}},{"@type":"WebPage","@id":"https:\/\/www.gaveanews.com\/index.php\/2022\/11\/27\/flamengo-e-destaque-na-imprensa-da-europa\/","url":"https:\/\/www.gaveanews.com\/index.php\/2022\/11\/27\/flamengo-e-destaque-na-imprensa-da-europa\/","name":"Flamengo \u00e9 destaque na imprensa da Europa","isPartOf":{"@id":"https:\/\/www.gaveanews.com\/#website"},"primaryImageOfPage":{"@id":"https:\/\/www.gaveanews.com\/index.php\/2022\/11\/27\/flamengo-e-destaque-na-imprensa-da-europa\/#primaryimage"},"image":{"@id":"https:\/\/www.gaveanews.com\/index.php\/2022\/11\/27\/flamengo-e-destaque-na-imprensa-da-europa\/#primaryimage"},"thumbnailUrl":"https:\/\/www.gaveanews.com\/wp-content\/uploads\/Torcida-do-Flamengo-faz-show-com-luzes-no-Maracana.webp","datePublished":"2022-11-27T21:14:22+00:00","dateModified":"2022-11-27T21:14:24+00:00","author":{"@id":"https:\/\/www.gaveanews.com\/#\/schema\/person\/2ec14f73fb96be2caf28f91afb14749d"},"breadcrumb":{"@id":"https:\/\/www.gaveanews.com\/index.php\/2022\/11\/27\/flamengo-e-destaque-na-imprensa-da-europa\/#breadcrumb"},"inLanguage":"pt-BR","potentialAction":[{"@type":"ReadAction","target":["https:\/\/www.gaveanews.com\/index.php\/2022\/11\/27\/flamengo-e-destaque-na-imprensa-da-europa\/"]}]},{"@type":"ImageObject","inLanguage":"pt-BR","@id":"https:\/\/www.gaveanews.com\/index.php\/2022\/11\/27\/flamengo-e-destaque-na-imprensa-da-europa\/#primaryimage","url":"https:\/\/www.gaveanews.com\/wp-content\/uploads\/Torcida-do-Flamengo-faz-show-com-luzes-no-Maracana.webp","contentUrl":"https:\/\/www.gaveanews.com\/wp-content\/uploads\/Torcida-do-Flamengo-faz-show-com-luzes-no-Maracana.webp","width":799,"height":533,"caption":"Torcida do Flamengo faz show com luzes no Maracan\u00e3 (Foto: Gilvan de Souza\/Flamengo)"},{"@type":"BreadcrumbList","@id":"https:\/\/www.gaveanews.com\/index.php\/2022\/11\/27\/flamengo-e-destaque-na-imprensa-da-europa\/#breadcrumb","itemListElement":[{"@type":"ListItem","position":1,"name":"Home","item":"https:\/\/www.gaveanews.com\/"},{"@type":"ListItem","position":2,"name":"Flamengo \u00e9 destaque na imprensa da Europa"}]},{"@type":"WebSite","@id":"https:\/\/www.gaveanews.com\/#website","url":"https:\/\/www.gaveanews.com\/","name":"G\u00e1vea News","description":"Veja todas as not\u00edcias sobre o Flamengo: Contrata\u00e7\u00f5es, categorias de base, resultados das partidas, tabela de classifica\u00e7\u00e3o, pr\u00f3ximos jogos!","potentialAction":[{"@type":"SearchAction","target":{"@type":"EntryPoint","urlTemplate":"https:\/\/www.gaveanews.com\/?s={search_term_string}"},"query-input":{"@type":"PropertyValueSpecification","valueRequired":true,"valueName":"search_term_string"}}],"inLanguage":"pt-BR"},{"@type":"Person","@id":"https:\/\/www.gaveanews.com\/#\/schema\/person\/2ec14f73fb96be2caf28f91afb14749d","name":"Equipe G\u00e1vea News","image":{"@type":"ImageObject","inLanguage":"pt-BR","@id":"https:\/\/www.gaveanews.com\/#\/schema\/person\/image\/","url":"https:\/\/secure.gravatar.com\/avatar\/1e1956f1facbffd3f8fa53a326721950116b3b9dc9bd44939c01180fd4a745a9?s=96&d=mm&r=g","contentUrl":"https:\/\/secure.gravatar.com\/avatar\/1e1956f1facbffd3f8fa53a326721950116b3b9dc9bd44939c01180fd4a745a9?s=96&d=mm&r=g","caption":"Equipe G\u00e1vea News"}}]}},"_links":{"self":[{"href":"https:\/\/www.gaveanews.com\/index.php\/wp-json\/wp\/v2\/posts\/91291","targetHints":{"allow":["GET"]}}],"collection":[{"href":"https:\/\/www.gaveanews.com\/index.php\/wp-json\/wp\/v2\/posts"}],"about":[{"href":"https:\/\/www.gaveanews.com\/index.php\/wp-json\/wp\/v2\/types\/post"}],"author":[{"embeddable":true,"href":"https:\/\/www.gaveanews.com\/index.php\/wp-json\/wp\/v2\/users\/1"}],"replies":[{"embeddable":true,"href":"https:\/\/www.gaveanews.com\/index.php\/wp-json\/wp\/v2\/comments?post=91291"}],"version-history":[{"count":0,"href":"https:\/\/www.gaveanews.com\/index.php\/wp-json\/wp\/v2\/posts\/91291\/revisions"}],"wp:featuredmedia":[{"embeddable":true,"href":"https:\/\/www.gaveanews.com\/index.php\/wp-json\/wp\/v2\/media\/89087"}],"wp:attachment":[{"href":"https:\/\/www.gaveanews.com\/index.php\/wp-json\/wp\/v2\/media?parent=91291"}],"wp:term":[{"taxonomy":"category","embeddable":true,"href":"https:\/\/www.gaveanews.com\/index.php\/wp-json\/wp\/v2\/categories?post=91291"},{"taxonomy":"post_tag","embeddable":true,"href":"https:\/\/www.gaveanews.com\/index.php\/wp-json\/wp\/v2\/tags?post=91291"}],"curies":[{"name":"wp","href":"https:\/\/api.w.org\/{rel}","templated":true}]}}