{"id":91339,"date":"2022-11-28T17:24:31","date_gmt":"2022-11-28T20:24:31","guid":{"rendered":"https:\/\/www.gaveanews.com\/?p=91339"},"modified":"2024-04-06T23:04:35","modified_gmt":"2024-04-07T02:04:35","slug":"mauro-cezar-pereira-cutuca-apresentador-devido-a-chegada-de-vitor-pereira-ao-flamengo-e-treta-movimenta-o-twitter","status":"publish","type":"post","link":"https:\/\/www.gaveanews.com\/index.php\/2022\/11\/28\/mauro-cezar-pereira-cutuca-apresentador-devido-a-chegada-de-vitor-pereira-ao-flamengo-e-treta-movimenta-o-twitter\/","title":{"rendered":"Mauro Cezar Pereira &#8216;cutuca&#8217; apresentador devido a chegada de V\u00edtor Pereira ao Flamengo e &#8216;treta&#8217; movimenta o Twitter"},"content":{"rendered":"\n<p>A \u201ctreta\u201d envolvendo os jornalistas Mauro Cezar Pereira e Benjamin Back, o Benja, tem agitado as redes sociais nos \u00faltimos dias e ganhou mais um \u201ccap\u00edtulo\u201d nesta segunda-feira (28). Em post feito no Twitter, Mauro \u201ccutucou\u201d o apresentador do SBT novamente, citando a ida de V\u00edtor Pereira ao Flamengo.<\/p>\n\n\n\n<p>O treinador portugu\u00eas deixou os torcedores do Corinthians incomodados ao encaminhar um acerto com o Flamengo, dias depois de declinar de uma renova\u00e7\u00e3o contratual por conta de problemas familiares. Mauro aproveitou o \u201cchoro\u201d de Benja sobre este caso, e brincou com o companheiro de imprensa. Na publica\u00e7\u00e3o em quest\u00e3o feita nesta manh\u00e3, Mauro se passar por Benja nas falas de insatisfa\u00e7\u00e3o com o Flamengo e VP.<\/p>\n\n\n\n<p><em>\u2014 O VP desistiu de ir para o Flamengo, \u00f4 meu? N\u00e3o. Ele tem que desistir, ele precisa voltar ao Corinthians, eu mesmo posso cuidar da sogra dele, meu. N\u00e3o. Voc\u00ea precisa aceitar. Ele quer reaprender a ser campe\u00e3o. P\u00f4, meu, verdade, eu t\u00f4 sendo um maldito est\u00fapido<\/em>, disparou Mauro ironizando o apresentador do Arena SBT.<\/p>\n\n\n\n<figure class=\"wp-block-embed is-type-rich is-provider-twitter wp-block-embed-twitter\"><div class=\"wp-block-embed__wrapper\">\n<blockquote class=\"twitter-tweet\" data-width=\"550\" data-dnt=\"true\"><p lang=\"pt\" dir=\"ltr\">&#8211; O VP desistiu de ir para o Flamengo, \u00f4 meu?<br>&#8211; N\u00e3o.<br>&#8211; Ele tem que desistir, ele precisa voltar ao Corinthians, eu mesmo posso cuidar da sogra dele, meu.<br>&#8211; N\u00e3o. Voc\u00ea precisa aceitar. Ele quer reaprender a ser campe\u00e3o.<br>&#8211; P\u00f4, meu, verdade, eu t\u00f4 sendo um maldito est\u00fapido. <br>\ud83d\udc7b\ud83d\ude82 <a href=\"https:\/\/t.co\/gf1S9l1V2D\">pic.twitter.com\/gf1S9l1V2D<\/a><\/p>&mdash; Mauro Cezar (@maurocezar) <a href=\"https:\/\/twitter.com\/maurocezar\/status\/1597194871579680769?ref_src=twsrc%5Etfw\">November 28, 2022<\/a><\/blockquote><script async src=\"https:\/\/platform.twitter.com\/widgets.js\" charset=\"utf-8\"><\/script>\n<\/div><\/figure>\n\n\n\n<p>A &#8216;treta&#8217; entre os dois jornalista se deu ap\u00f3s Benja alfinetar o Flamengo e sugerir que o time carioca deveria ter sido rebaixado na temporada 2013. Posteriormente, Mauro Cezar rebateu, e recebeu a resposta do apresentador, que o acusou de \u201cca\u00e7ador de likes\u201d com a torcida do rubro-negro;<\/p>\n\n\n\n<p><em>\u2014 Tem jornalista que se diz amigo e que gravou v\u00eddeo, retweetou pra ter engajamento e fazer m\u00e9dia com a torcida do Flamengo. Quero que se dane. Respondi o Mauro Cezar no WhatsApp. Ele quis fazer a m\u00e9dia dele, o engajamentozinho dele\u2026 eu respondi ele no WhatsApp. Quero que ele se dane! Falei pra ele<\/em>, disparou.<\/p>\n\n\n\n<p>Com a ida de V\u00edtor Pereira para o Flamengo, algo que s\u00f3 falta a oficializa\u00e7\u00e3o, Mauro Cezar aproveitou a insatisfa\u00e7\u00e3o do apresentador corintiano para provoc\u00e1-lo neste caso.<\/p>\n\n\n\n<p>Retirado de: Torcedores<\/p>\n","protected":false},"excerpt":{"rendered":"<p>A \u201ctreta\u201d envolvendo os jornalistas Mauro Cezar Pereira e Benjamin Back, o Benja, tem agitado as redes sociais nos \u00faltimos dias e ganhou mais um \u201ccap\u00edtulo\u201d nesta segunda-feira (28). Em post feito no Twitter, Mauro \u201ccutucou\u201d o apresentador do SBT novamente, citando a ida de V\u00edtor Pereira ao Flamengo. O treinador portugu\u00eas deixou os torcedores [&hellip;]<\/p>\n","protected":false},"author":1,"featured_media":56367,"comment_status":"open","ping_status":"closed","sticky":false,"template":"","format":"standard","meta":{"footnotes":""},"categories":[1],"tags":[170],"class_list":["post-91339","post","type-post","status-publish","format-standard","has-post-thumbnail","hentry","category-flamengo","tag-mauro-cezar-pereira"],"yoast_head":"<!-- This site is optimized with the Yoast SEO Premium plugin v24.2 (Yoast SEO v26.9) - https:\/\/yoast.com\/product\/yoast-seo-premium-wordpress\/ -->\n<title>Mauro Cezar Pereira &#039;cutuca&#039; apresentador devido a chegada de V\u00edtor Pereira ao Flamengo e &#039;treta&#039; movimenta o Twitter<\/title>\n<meta name=\"robots\" content=\"index, follow, max-snippet:-1, max-image-preview:large, max-video-preview:-1\" \/>\n<link rel=\"canonical\" href=\"https:\/\/www.gaveanews.com\/index.php\/2022\/11\/28\/mauro-cezar-pereira-cutuca-apresentador-devido-a-chegada-de-vitor-pereira-ao-flamengo-e-treta-movimenta-o-twitter\/\" \/>\n<meta property=\"og:locale\" content=\"pt_BR\" \/>\n<meta property=\"og:type\" content=\"article\" \/>\n<meta property=\"og:title\" content=\"Mauro Cezar Pereira &#039;cutuca&#039; apresentador devido a chegada de V\u00edtor Pereira ao Flamengo e &#039;treta&#039; movimenta o Twitter\" \/>\n<meta property=\"og:description\" content=\"A \u201ctreta\u201d envolvendo os jornalistas Mauro Cezar Pereira e Benjamin Back, o Benja, tem agitado as redes sociais nos \u00faltimos dias e ganhou mais um \u201ccap\u00edtulo\u201d nesta segunda-feira (28). Em post feito no Twitter, Mauro \u201ccutucou\u201d o apresentador do SBT novamente, citando a ida de V\u00edtor Pereira ao Flamengo. O treinador portugu\u00eas deixou os torcedores [&hellip;]\" \/>\n<meta property=\"og:url\" content=\"https:\/\/www.gaveanews.com\/index.php\/2022\/11\/28\/mauro-cezar-pereira-cutuca-apresentador-devido-a-chegada-de-vitor-pereira-ao-flamengo-e-treta-movimenta-o-twitter\/\" \/>\n<meta property=\"og:site_name\" content=\"G\u00e1vea News\" \/>\n<meta property=\"article:publisher\" content=\"https:\/\/facebook.com\/gaveaNews\/\" \/>\n<meta property=\"article:published_time\" content=\"2022-11-28T20:24:31+00:00\" \/>\n<meta property=\"article:modified_time\" content=\"2024-04-07T02:04:35+00:00\" \/>\n<meta property=\"og:image\" content=\"https:\/\/www.gaveanews.com\/wp-content\/uploads\/Mauro-Cezar-em-participacao-na-Uol-Esporte.webp\" \/>\n\t<meta property=\"og:image:width\" content=\"900\" \/>\n\t<meta property=\"og:image:height\" content=\"506\" \/>\n\t<meta property=\"og:image:type\" content=\"image\/png\" \/>\n<meta name=\"author\" content=\"Equipe G\u00e1vea News\" \/>\n<meta name=\"twitter:card\" content=\"summary_large_image\" \/>\n<meta name=\"twitter:label1\" content=\"Escrito por\" \/>\n\t<meta name=\"twitter:data1\" content=\"Equipe G\u00e1vea News\" \/>\n\t<meta name=\"twitter:label2\" content=\"Est. tempo de leitura\" \/>\n\t<meta name=\"twitter:data2\" content=\"2 minutos\" \/>\n<script type=\"application\/ld+json\" class=\"yoast-schema-graph\">{\"@context\":\"https:\/\/schema.org\",\"@graph\":[{\"@type\":\"NewsArticle\",\"@id\":\"https:\/\/www.gaveanews.com\/index.php\/2022\/11\/28\/mauro-cezar-pereira-cutuca-apresentador-devido-a-chegada-de-vitor-pereira-ao-flamengo-e-treta-movimenta-o-twitter\/#article\",\"isPartOf\":{\"@id\":\"https:\/\/www.gaveanews.com\/index.php\/2022\/11\/28\/mauro-cezar-pereira-cutuca-apresentador-devido-a-chegada-de-vitor-pereira-ao-flamengo-e-treta-movimenta-o-twitter\/\"},\"author\":{\"name\":\"Equipe G\u00e1vea News\",\"@id\":\"https:\/\/www.gaveanews.com\/#\/schema\/person\/2ec14f73fb96be2caf28f91afb14749d\"},\"headline\":\"Mauro Cezar Pereira &#8216;cutuca&#8217; apresentador devido a chegada de V\u00edtor Pereira ao Flamengo e &#8216;treta&#8217; movimenta o Twitter\",\"datePublished\":\"2022-11-28T20:24:31+00:00\",\"dateModified\":\"2024-04-07T02:04:35+00:00\",\"mainEntityOfPage\":{\"@id\":\"https:\/\/www.gaveanews.com\/index.php\/2022\/11\/28\/mauro-cezar-pereira-cutuca-apresentador-devido-a-chegada-de-vitor-pereira-ao-flamengo-e-treta-movimenta-o-twitter\/\"},\"wordCount\":344,\"commentCount\":0,\"image\":{\"@id\":\"https:\/\/www.gaveanews.com\/index.php\/2022\/11\/28\/mauro-cezar-pereira-cutuca-apresentador-devido-a-chegada-de-vitor-pereira-ao-flamengo-e-treta-movimenta-o-twitter\/#primaryimage\"},\"thumbnailUrl\":\"https:\/\/www.gaveanews.com\/wp-content\/uploads\/Mauro-Cezar-em-participacao-na-Uol-Esporte.webp\",\"keywords\":[\"Mauro Cezar Pereira\"],\"articleSection\":[\"Flamengo\"],\"inLanguage\":\"pt-BR\",\"potentialAction\":[{\"@type\":\"CommentAction\",\"name\":\"Comment\",\"target\":[\"https:\/\/www.gaveanews.com\/index.php\/2022\/11\/28\/mauro-cezar-pereira-cutuca-apresentador-devido-a-chegada-de-vitor-pereira-ao-flamengo-e-treta-movimenta-o-twitter\/#respond\"]}],\"copyrightYear\":\"2022\",\"copyrightHolder\":{\"@id\":\"https:\/\/www.gaveanews.com\/#organization\"}},{\"@type\":\"WebPage\",\"@id\":\"https:\/\/www.gaveanews.com\/index.php\/2022\/11\/28\/mauro-cezar-pereira-cutuca-apresentador-devido-a-chegada-de-vitor-pereira-ao-flamengo-e-treta-movimenta-o-twitter\/\",\"url\":\"https:\/\/www.gaveanews.com\/index.php\/2022\/11\/28\/mauro-cezar-pereira-cutuca-apresentador-devido-a-chegada-de-vitor-pereira-ao-flamengo-e-treta-movimenta-o-twitter\/\",\"name\":\"Mauro Cezar Pereira 'cutuca' apresentador devido a chegada de V\u00edtor Pereira ao Flamengo e 'treta' movimenta o Twitter\",\"isPartOf\":{\"@id\":\"https:\/\/www.gaveanews.com\/#website\"},\"primaryImageOfPage\":{\"@id\":\"https:\/\/www.gaveanews.com\/index.php\/2022\/11\/28\/mauro-cezar-pereira-cutuca-apresentador-devido-a-chegada-de-vitor-pereira-ao-flamengo-e-treta-movimenta-o-twitter\/#primaryimage\"},\"image\":{\"@id\":\"https:\/\/www.gaveanews.com\/index.php\/2022\/11\/28\/mauro-cezar-pereira-cutuca-apresentador-devido-a-chegada-de-vitor-pereira-ao-flamengo-e-treta-movimenta-o-twitter\/#primaryimage\"},\"thumbnailUrl\":\"https:\/\/www.gaveanews.com\/wp-content\/uploads\/Mauro-Cezar-em-participacao-na-Uol-Esporte.webp\",\"datePublished\":\"2022-11-28T20:24:31+00:00\",\"dateModified\":\"2024-04-07T02:04:35+00:00\",\"author\":{\"@id\":\"https:\/\/www.gaveanews.com\/#\/schema\/person\/2ec14f73fb96be2caf28f91afb14749d\"},\"breadcrumb\":{\"@id\":\"https:\/\/www.gaveanews.com\/index.php\/2022\/11\/28\/mauro-cezar-pereira-cutuca-apresentador-devido-a-chegada-de-vitor-pereira-ao-flamengo-e-treta-movimenta-o-twitter\/#breadcrumb\"},\"inLanguage\":\"pt-BR\",\"potentialAction\":[{\"@type\":\"ReadAction\",\"target\":[\"https:\/\/www.gaveanews.com\/index.php\/2022\/11\/28\/mauro-cezar-pereira-cutuca-apresentador-devido-a-chegada-de-vitor-pereira-ao-flamengo-e-treta-movimenta-o-twitter\/\"]}]},{\"@type\":\"ImageObject\",\"inLanguage\":\"pt-BR\",\"@id\":\"https:\/\/www.gaveanews.com\/index.php\/2022\/11\/28\/mauro-cezar-pereira-cutuca-apresentador-devido-a-chegada-de-vitor-pereira-ao-flamengo-e-treta-movimenta-o-twitter\/#primaryimage\",\"url\":\"https:\/\/www.gaveanews.com\/wp-content\/uploads\/Mauro-Cezar-em-participacao-na-Uol-Esporte.webp\",\"contentUrl\":\"https:\/\/www.gaveanews.com\/wp-content\/uploads\/Mauro-Cezar-em-participacao-na-Uol-Esporte.webp\",\"width\":900,\"height\":506,\"caption\":\"Mauro Cezar, comentarista da UOL Esporte (Foto: Reprodu\u00e7\u00e3o\/UOL Esporte)\"},{\"@type\":\"BreadcrumbList\",\"@id\":\"https:\/\/www.gaveanews.com\/index.php\/2022\/11\/28\/mauro-cezar-pereira-cutuca-apresentador-devido-a-chegada-de-vitor-pereira-ao-flamengo-e-treta-movimenta-o-twitter\/#breadcrumb\",\"itemListElement\":[{\"@type\":\"ListItem\",\"position\":1,\"name\":\"Home\",\"item\":\"https:\/\/www.gaveanews.com\/\"},{\"@type\":\"ListItem\",\"position\":2,\"name\":\"Mauro Cezar Pereira &#8216;cutuca&#8217; apresentador devido a chegada de V\u00edtor Pereira ao Flamengo e &#8216;treta&#8217; movimenta o Twitter\"}]},{\"@type\":\"WebSite\",\"@id\":\"https:\/\/www.gaveanews.com\/#website\",\"url\":\"https:\/\/www.gaveanews.com\/\",\"name\":\"G\u00e1vea News\",\"description\":\"Veja todas as not\u00edcias sobre o Flamengo: Contrata\u00e7\u00f5es, categorias de base, resultados das partidas, tabela de classifica\u00e7\u00e3o, pr\u00f3ximos jogos!\",\"potentialAction\":[{\"@type\":\"SearchAction\",\"target\":{\"@type\":\"EntryPoint\",\"urlTemplate\":\"https:\/\/www.gaveanews.com\/?s={search_term_string}\"},\"query-input\":{\"@type\":\"PropertyValueSpecification\",\"valueRequired\":true,\"valueName\":\"search_term_string\"}}],\"inLanguage\":\"pt-BR\"},{\"@type\":\"Person\",\"@id\":\"https:\/\/www.gaveanews.com\/#\/schema\/person\/2ec14f73fb96be2caf28f91afb14749d\",\"name\":\"Equipe G\u00e1vea News\",\"image\":{\"@type\":\"ImageObject\",\"inLanguage\":\"pt-BR\",\"@id\":\"https:\/\/www.gaveanews.com\/#\/schema\/person\/image\/\",\"url\":\"https:\/\/secure.gravatar.com\/avatar\/1e1956f1facbffd3f8fa53a326721950116b3b9dc9bd44939c01180fd4a745a9?s=96&d=mm&r=g\",\"contentUrl\":\"https:\/\/secure.gravatar.com\/avatar\/1e1956f1facbffd3f8fa53a326721950116b3b9dc9bd44939c01180fd4a745a9?s=96&d=mm&r=g\",\"caption\":\"Equipe G\u00e1vea News\"}}]}<\/script>\n<!-- \/ Yoast SEO Premium plugin. -->","yoast_head_json":{"title":"Mauro Cezar Pereira 'cutuca' apresentador devido a chegada de V\u00edtor Pereira ao Flamengo e 'treta' movimenta o Twitter","robots":{"index":"index","follow":"follow","max-snippet":"max-snippet:-1","max-image-preview":"max-image-preview:large","max-video-preview":"max-video-preview:-1"},"canonical":"https:\/\/www.gaveanews.com\/index.php\/2022\/11\/28\/mauro-cezar-pereira-cutuca-apresentador-devido-a-chegada-de-vitor-pereira-ao-flamengo-e-treta-movimenta-o-twitter\/","og_locale":"pt_BR","og_type":"article","og_title":"Mauro Cezar Pereira 'cutuca' apresentador devido a chegada de V\u00edtor Pereira ao Flamengo e 'treta' movimenta o Twitter","og_description":"A \u201ctreta\u201d envolvendo os jornalistas Mauro Cezar Pereira e Benjamin Back, o Benja, tem agitado as redes sociais nos \u00faltimos dias e ganhou mais um \u201ccap\u00edtulo\u201d nesta segunda-feira (28). Em post feito no Twitter, Mauro \u201ccutucou\u201d o apresentador do SBT novamente, citando a ida de V\u00edtor Pereira ao Flamengo. O treinador portugu\u00eas deixou os torcedores [&hellip;]","og_url":"https:\/\/www.gaveanews.com\/index.php\/2022\/11\/28\/mauro-cezar-pereira-cutuca-apresentador-devido-a-chegada-de-vitor-pereira-ao-flamengo-e-treta-movimenta-o-twitter\/","og_site_name":"G\u00e1vea News","article_publisher":"https:\/\/facebook.com\/gaveaNews\/","article_published_time":"2022-11-28T20:24:31+00:00","article_modified_time":"2024-04-07T02:04:35+00:00","og_image":[{"width":900,"height":506,"url":"https:\/\/www.gaveanews.com\/wp-content\/uploads\/Mauro-Cezar-em-participacao-na-Uol-Esporte.webp","type":"image\/png"}],"author":"Equipe G\u00e1vea News","twitter_card":"summary_large_image","twitter_misc":{"Escrito por":"Equipe G\u00e1vea News","Est. tempo de leitura":"2 minutos"},"schema":{"@context":"https:\/\/schema.org","@graph":[{"@type":"NewsArticle","@id":"https:\/\/www.gaveanews.com\/index.php\/2022\/11\/28\/mauro-cezar-pereira-cutuca-apresentador-devido-a-chegada-de-vitor-pereira-ao-flamengo-e-treta-movimenta-o-twitter\/#article","isPartOf":{"@id":"https:\/\/www.gaveanews.com\/index.php\/2022\/11\/28\/mauro-cezar-pereira-cutuca-apresentador-devido-a-chegada-de-vitor-pereira-ao-flamengo-e-treta-movimenta-o-twitter\/"},"author":{"name":"Equipe G\u00e1vea News","@id":"https:\/\/www.gaveanews.com\/#\/schema\/person\/2ec14f73fb96be2caf28f91afb14749d"},"headline":"Mauro Cezar Pereira &#8216;cutuca&#8217; apresentador devido a chegada de V\u00edtor Pereira ao Flamengo e &#8216;treta&#8217; movimenta o Twitter","datePublished":"2022-11-28T20:24:31+00:00","dateModified":"2024-04-07T02:04:35+00:00","mainEntityOfPage":{"@id":"https:\/\/www.gaveanews.com\/index.php\/2022\/11\/28\/mauro-cezar-pereira-cutuca-apresentador-devido-a-chegada-de-vitor-pereira-ao-flamengo-e-treta-movimenta-o-twitter\/"},"wordCount":344,"commentCount":0,"image":{"@id":"https:\/\/www.gaveanews.com\/index.php\/2022\/11\/28\/mauro-cezar-pereira-cutuca-apresentador-devido-a-chegada-de-vitor-pereira-ao-flamengo-e-treta-movimenta-o-twitter\/#primaryimage"},"thumbnailUrl":"https:\/\/www.gaveanews.com\/wp-content\/uploads\/Mauro-Cezar-em-participacao-na-Uol-Esporte.webp","keywords":["Mauro Cezar Pereira"],"articleSection":["Flamengo"],"inLanguage":"pt-BR","potentialAction":[{"@type":"CommentAction","name":"Comment","target":["https:\/\/www.gaveanews.com\/index.php\/2022\/11\/28\/mauro-cezar-pereira-cutuca-apresentador-devido-a-chegada-de-vitor-pereira-ao-flamengo-e-treta-movimenta-o-twitter\/#respond"]}],"copyrightYear":"2022","copyrightHolder":{"@id":"https:\/\/www.gaveanews.com\/#organization"}},{"@type":"WebPage","@id":"https:\/\/www.gaveanews.com\/index.php\/2022\/11\/28\/mauro-cezar-pereira-cutuca-apresentador-devido-a-chegada-de-vitor-pereira-ao-flamengo-e-treta-movimenta-o-twitter\/","url":"https:\/\/www.gaveanews.com\/index.php\/2022\/11\/28\/mauro-cezar-pereira-cutuca-apresentador-devido-a-chegada-de-vitor-pereira-ao-flamengo-e-treta-movimenta-o-twitter\/","name":"Mauro Cezar Pereira 'cutuca' apresentador devido a chegada de V\u00edtor Pereira ao Flamengo e 'treta' movimenta o Twitter","isPartOf":{"@id":"https:\/\/www.gaveanews.com\/#website"},"primaryImageOfPage":{"@id":"https:\/\/www.gaveanews.com\/index.php\/2022\/11\/28\/mauro-cezar-pereira-cutuca-apresentador-devido-a-chegada-de-vitor-pereira-ao-flamengo-e-treta-movimenta-o-twitter\/#primaryimage"},"image":{"@id":"https:\/\/www.gaveanews.com\/index.php\/2022\/11\/28\/mauro-cezar-pereira-cutuca-apresentador-devido-a-chegada-de-vitor-pereira-ao-flamengo-e-treta-movimenta-o-twitter\/#primaryimage"},"thumbnailUrl":"https:\/\/www.gaveanews.com\/wp-content\/uploads\/Mauro-Cezar-em-participacao-na-Uol-Esporte.webp","datePublished":"2022-11-28T20:24:31+00:00","dateModified":"2024-04-07T02:04:35+00:00","author":{"@id":"https:\/\/www.gaveanews.com\/#\/schema\/person\/2ec14f73fb96be2caf28f91afb14749d"},"breadcrumb":{"@id":"https:\/\/www.gaveanews.com\/index.php\/2022\/11\/28\/mauro-cezar-pereira-cutuca-apresentador-devido-a-chegada-de-vitor-pereira-ao-flamengo-e-treta-movimenta-o-twitter\/#breadcrumb"},"inLanguage":"pt-BR","potentialAction":[{"@type":"ReadAction","target":["https:\/\/www.gaveanews.com\/index.php\/2022\/11\/28\/mauro-cezar-pereira-cutuca-apresentador-devido-a-chegada-de-vitor-pereira-ao-flamengo-e-treta-movimenta-o-twitter\/"]}]},{"@type":"ImageObject","inLanguage":"pt-BR","@id":"https:\/\/www.gaveanews.com\/index.php\/2022\/11\/28\/mauro-cezar-pereira-cutuca-apresentador-devido-a-chegada-de-vitor-pereira-ao-flamengo-e-treta-movimenta-o-twitter\/#primaryimage","url":"https:\/\/www.gaveanews.com\/wp-content\/uploads\/Mauro-Cezar-em-participacao-na-Uol-Esporte.webp","contentUrl":"https:\/\/www.gaveanews.com\/wp-content\/uploads\/Mauro-Cezar-em-participacao-na-Uol-Esporte.webp","width":900,"height":506,"caption":"Mauro Cezar, comentarista da UOL Esporte (Foto: Reprodu\u00e7\u00e3o\/UOL Esporte)"},{"@type":"BreadcrumbList","@id":"https:\/\/www.gaveanews.com\/index.php\/2022\/11\/28\/mauro-cezar-pereira-cutuca-apresentador-devido-a-chegada-de-vitor-pereira-ao-flamengo-e-treta-movimenta-o-twitter\/#breadcrumb","itemListElement":[{"@type":"ListItem","position":1,"name":"Home","item":"https:\/\/www.gaveanews.com\/"},{"@type":"ListItem","position":2,"name":"Mauro Cezar Pereira &#8216;cutuca&#8217; apresentador devido a chegada de V\u00edtor Pereira ao Flamengo e &#8216;treta&#8217; movimenta o Twitter"}]},{"@type":"WebSite","@id":"https:\/\/www.gaveanews.com\/#website","url":"https:\/\/www.gaveanews.com\/","name":"G\u00e1vea News","description":"Veja todas as not\u00edcias sobre o Flamengo: Contrata\u00e7\u00f5es, categorias de base, resultados das partidas, tabela de classifica\u00e7\u00e3o, pr\u00f3ximos jogos!","potentialAction":[{"@type":"SearchAction","target":{"@type":"EntryPoint","urlTemplate":"https:\/\/www.gaveanews.com\/?s={search_term_string}"},"query-input":{"@type":"PropertyValueSpecification","valueRequired":true,"valueName":"search_term_string"}}],"inLanguage":"pt-BR"},{"@type":"Person","@id":"https:\/\/www.gaveanews.com\/#\/schema\/person\/2ec14f73fb96be2caf28f91afb14749d","name":"Equipe G\u00e1vea News","image":{"@type":"ImageObject","inLanguage":"pt-BR","@id":"https:\/\/www.gaveanews.com\/#\/schema\/person\/image\/","url":"https:\/\/secure.gravatar.com\/avatar\/1e1956f1facbffd3f8fa53a326721950116b3b9dc9bd44939c01180fd4a745a9?s=96&d=mm&r=g","contentUrl":"https:\/\/secure.gravatar.com\/avatar\/1e1956f1facbffd3f8fa53a326721950116b3b9dc9bd44939c01180fd4a745a9?s=96&d=mm&r=g","caption":"Equipe G\u00e1vea News"}}]}},"_links":{"self":[{"href":"https:\/\/www.gaveanews.com\/index.php\/wp-json\/wp\/v2\/posts\/91339","targetHints":{"allow":["GET"]}}],"collection":[{"href":"https:\/\/www.gaveanews.com\/index.php\/wp-json\/wp\/v2\/posts"}],"about":[{"href":"https:\/\/www.gaveanews.com\/index.php\/wp-json\/wp\/v2\/types\/post"}],"author":[{"embeddable":true,"href":"https:\/\/www.gaveanews.com\/index.php\/wp-json\/wp\/v2\/users\/1"}],"replies":[{"embeddable":true,"href":"https:\/\/www.gaveanews.com\/index.php\/wp-json\/wp\/v2\/comments?post=91339"}],"version-history":[{"count":1,"href":"https:\/\/www.gaveanews.com\/index.php\/wp-json\/wp\/v2\/posts\/91339\/revisions"}],"predecessor-version":[{"id":134546,"href":"https:\/\/www.gaveanews.com\/index.php\/wp-json\/wp\/v2\/posts\/91339\/revisions\/134546"}],"wp:featuredmedia":[{"embeddable":true,"href":"https:\/\/www.gaveanews.com\/index.php\/wp-json\/wp\/v2\/media\/56367"}],"wp:attachment":[{"href":"https:\/\/www.gaveanews.com\/index.php\/wp-json\/wp\/v2\/media?parent=91339"}],"wp:term":[{"taxonomy":"category","embeddable":true,"href":"https:\/\/www.gaveanews.com\/index.php\/wp-json\/wp\/v2\/categories?post=91339"},{"taxonomy":"post_tag","embeddable":true,"href":"https:\/\/www.gaveanews.com\/index.php\/wp-json\/wp\/v2\/tags?post=91339"}],"curies":[{"name":"wp","href":"https:\/\/api.w.org\/{rel}","templated":true}]}}