{"id":91431,"date":"2022-11-30T15:01:26","date_gmt":"2022-11-30T18:01:26","guid":{"rendered":"https:\/\/www.gaveanews.com\/?p=91431"},"modified":"2022-11-30T15:02:09","modified_gmt":"2022-11-30T18:02:09","slug":"desejado-pelo-flamengo-gerson-falta-treino-do-olympique-de-marseille","status":"publish","type":"post","link":"https:\/\/www.gaveanews.com\/index.php\/2022\/11\/30\/desejado-pelo-flamengo-gerson-falta-treino-do-olympique-de-marseille\/","title":{"rendered":"Desejado pelo Flamengo, Gerson falta treino do Olympique de Marseille"},"content":{"rendered":"\n<p>A negocia\u00e7\u00e3o entre Flamengo e Gerson esfriou nos \u00faltimos dias e um poss\u00edvel retorno do Coringa para a G\u00e1vea ficou mais dif\u00edcil. O jogador, no entanto, de acordo com o portal \u2018La Provence\u2019 parece estar disposto a deixar o time franc\u00eas nesta janela.<\/p>\n\n\n\n<p>Isso porque, Gerson era aguardado no treino do Olympique de Marseille nesta quarta-feira, mas n\u00e3o compareceu. Vale destacar que, al\u00e9m do Meng\u00e3o, o Sevilla tamb\u00e9m tem interesse em contratar o volante.<\/p>\n\n\n\n<p><em>* mat\u00e9ria em atualiza\u00e7\u00e3o<\/em><\/p>\n\n\n\n<p>Retirado de: Di\u00e1rio do Fla<\/p>\n","protected":false},"excerpt":{"rendered":"<p>A negocia\u00e7\u00e3o entre Flamengo e Gerson esfriou nos \u00faltimos dias e um poss\u00edvel retorno do Coringa para a G\u00e1vea ficou mais dif\u00edcil. O jogador, no entanto, de acordo com o portal \u2018La Provence\u2019 parece estar disposto a deixar o time franc\u00eas nesta janela. Isso porque, Gerson era aguardado no treino do Olympique de Marseille nesta [&hellip;]<\/p>\n","protected":false},"author":1,"featured_media":73149,"comment_status":"open","ping_status":"closed","sticky":false,"template":"","format":"standard","meta":{"footnotes":""},"categories":[48],"tags":[],"class_list":["post-91431","post","type-post","status-publish","format-standard","has-post-thumbnail","hentry","category-negociacoes"],"yoast_head":"<!-- This site is optimized with the Yoast SEO Premium plugin v24.2 (Yoast SEO v26.9) - https:\/\/yoast.com\/product\/yoast-seo-premium-wordpress\/ -->\n<title>Desejado pelo Flamengo, Gerson falta treino do Olympique de Marseille<\/title>\n<meta name=\"robots\" content=\"index, follow, max-snippet:-1, max-image-preview:large, max-video-preview:-1\" \/>\n<link rel=\"canonical\" href=\"https:\/\/www.gaveanews.com\/index.php\/2022\/11\/30\/desejado-pelo-flamengo-gerson-falta-treino-do-olympique-de-marseille\/\" \/>\n<meta property=\"og:locale\" content=\"pt_BR\" \/>\n<meta property=\"og:type\" content=\"article\" \/>\n<meta property=\"og:title\" content=\"Desejado pelo Flamengo, Gerson falta treino do Olympique de Marseille\" \/>\n<meta property=\"og:description\" content=\"A negocia\u00e7\u00e3o entre Flamengo e Gerson esfriou nos \u00faltimos dias e um poss\u00edvel retorno do Coringa para a G\u00e1vea ficou mais dif\u00edcil. O jogador, no entanto, de acordo com o portal \u2018La Provence\u2019 parece estar disposto a deixar o time franc\u00eas nesta janela. Isso porque, Gerson era aguardado no treino do Olympique de Marseille nesta [&hellip;]\" \/>\n<meta property=\"og:url\" content=\"https:\/\/www.gaveanews.com\/index.php\/2022\/11\/30\/desejado-pelo-flamengo-gerson-falta-treino-do-olympique-de-marseille\/\" \/>\n<meta property=\"og:site_name\" content=\"G\u00e1vea News\" \/>\n<meta property=\"article:publisher\" content=\"https:\/\/facebook.com\/gaveaNews\/\" \/>\n<meta property=\"article:published_time\" content=\"2022-11-30T18:01:26+00:00\" \/>\n<meta property=\"article:modified_time\" content=\"2022-11-30T18:02:09+00:00\" \/>\n<meta property=\"og:image\" content=\"https:\/\/www.gaveanews.com\/wp-content\/uploads\/Gerson-em-acao-pelo-Olympique-de-Marseille.webp\" \/>\n\t<meta property=\"og:image:width\" content=\"1920\" \/>\n\t<meta property=\"og:image:height\" content=\"1079\" \/>\n\t<meta property=\"og:image:type\" content=\"image\/jpeg\" \/>\n<meta name=\"author\" content=\"Equipe G\u00e1vea News\" \/>\n<meta name=\"twitter:card\" content=\"summary_large_image\" \/>\n<meta name=\"twitter:label1\" content=\"Escrito por\" \/>\n\t<meta name=\"twitter:data1\" content=\"Equipe G\u00e1vea News\" \/>\n\t<meta name=\"twitter:label2\" content=\"Est. tempo de leitura\" \/>\n\t<meta name=\"twitter:data2\" content=\"1 minuto\" \/>\n<script type=\"application\/ld+json\" class=\"yoast-schema-graph\">{\"@context\":\"https:\/\/schema.org\",\"@graph\":[{\"@type\":\"NewsArticle\",\"@id\":\"https:\/\/www.gaveanews.com\/index.php\/2022\/11\/30\/desejado-pelo-flamengo-gerson-falta-treino-do-olympique-de-marseille\/#article\",\"isPartOf\":{\"@id\":\"https:\/\/www.gaveanews.com\/index.php\/2022\/11\/30\/desejado-pelo-flamengo-gerson-falta-treino-do-olympique-de-marseille\/\"},\"author\":{\"name\":\"Equipe G\u00e1vea News\",\"@id\":\"https:\/\/www.gaveanews.com\/#\/schema\/person\/2ec14f73fb96be2caf28f91afb14749d\"},\"headline\":\"Desejado pelo Flamengo, Gerson falta treino do Olympique de Marseille\",\"datePublished\":\"2022-11-30T18:01:26+00:00\",\"dateModified\":\"2022-11-30T18:02:09+00:00\",\"mainEntityOfPage\":{\"@id\":\"https:\/\/www.gaveanews.com\/index.php\/2022\/11\/30\/desejado-pelo-flamengo-gerson-falta-treino-do-olympique-de-marseille\/\"},\"wordCount\":104,\"commentCount\":0,\"image\":{\"@id\":\"https:\/\/www.gaveanews.com\/index.php\/2022\/11\/30\/desejado-pelo-flamengo-gerson-falta-treino-do-olympique-de-marseille\/#primaryimage\"},\"thumbnailUrl\":\"https:\/\/www.gaveanews.com\/wp-content\/uploads\/Gerson-em-acao-pelo-Olympique-de-Marseille.webp\",\"articleSection\":[\"Negocia\u00e7\u00f5es\"],\"inLanguage\":\"pt-BR\",\"potentialAction\":[{\"@type\":\"CommentAction\",\"name\":\"Comment\",\"target\":[\"https:\/\/www.gaveanews.com\/index.php\/2022\/11\/30\/desejado-pelo-flamengo-gerson-falta-treino-do-olympique-de-marseille\/#respond\"]}],\"copyrightYear\":\"2022\",\"copyrightHolder\":{\"@id\":\"https:\/\/www.gaveanews.com\/#organization\"}},{\"@type\":\"WebPage\",\"@id\":\"https:\/\/www.gaveanews.com\/index.php\/2022\/11\/30\/desejado-pelo-flamengo-gerson-falta-treino-do-olympique-de-marseille\/\",\"url\":\"https:\/\/www.gaveanews.com\/index.php\/2022\/11\/30\/desejado-pelo-flamengo-gerson-falta-treino-do-olympique-de-marseille\/\",\"name\":\"Desejado pelo Flamengo, Gerson falta treino do Olympique de Marseille\",\"isPartOf\":{\"@id\":\"https:\/\/www.gaveanews.com\/#website\"},\"primaryImageOfPage\":{\"@id\":\"https:\/\/www.gaveanews.com\/index.php\/2022\/11\/30\/desejado-pelo-flamengo-gerson-falta-treino-do-olympique-de-marseille\/#primaryimage\"},\"image\":{\"@id\":\"https:\/\/www.gaveanews.com\/index.php\/2022\/11\/30\/desejado-pelo-flamengo-gerson-falta-treino-do-olympique-de-marseille\/#primaryimage\"},\"thumbnailUrl\":\"https:\/\/www.gaveanews.com\/wp-content\/uploads\/Gerson-em-acao-pelo-Olympique-de-Marseille.webp\",\"datePublished\":\"2022-11-30T18:01:26+00:00\",\"dateModified\":\"2022-11-30T18:02:09+00:00\",\"author\":{\"@id\":\"https:\/\/www.gaveanews.com\/#\/schema\/person\/2ec14f73fb96be2caf28f91afb14749d\"},\"breadcrumb\":{\"@id\":\"https:\/\/www.gaveanews.com\/index.php\/2022\/11\/30\/desejado-pelo-flamengo-gerson-falta-treino-do-olympique-de-marseille\/#breadcrumb\"},\"inLanguage\":\"pt-BR\",\"potentialAction\":[{\"@type\":\"ReadAction\",\"target\":[\"https:\/\/www.gaveanews.com\/index.php\/2022\/11\/30\/desejado-pelo-flamengo-gerson-falta-treino-do-olympique-de-marseille\/\"]}]},{\"@type\":\"ImageObject\",\"inLanguage\":\"pt-BR\",\"@id\":\"https:\/\/www.gaveanews.com\/index.php\/2022\/11\/30\/desejado-pelo-flamengo-gerson-falta-treino-do-olympique-de-marseille\/#primaryimage\",\"url\":\"https:\/\/www.gaveanews.com\/wp-content\/uploads\/Gerson-em-acao-pelo-Olympique-de-Marseille.webp\",\"contentUrl\":\"https:\/\/www.gaveanews.com\/wp-content\/uploads\/Gerson-em-acao-pelo-Olympique-de-Marseille.webp\",\"width\":1920,\"height\":1079,\"caption\":\"Gerson em a\u00e7\u00e3o pelo Olympique de Marseille (Foto: Divulga\u00e7\u00e3o\/Olympique de Marseille)\"},{\"@type\":\"BreadcrumbList\",\"@id\":\"https:\/\/www.gaveanews.com\/index.php\/2022\/11\/30\/desejado-pelo-flamengo-gerson-falta-treino-do-olympique-de-marseille\/#breadcrumb\",\"itemListElement\":[{\"@type\":\"ListItem\",\"position\":1,\"name\":\"Home\",\"item\":\"https:\/\/www.gaveanews.com\/\"},{\"@type\":\"ListItem\",\"position\":2,\"name\":\"Desejado pelo Flamengo, Gerson falta treino do Olympique de Marseille\"}]},{\"@type\":\"WebSite\",\"@id\":\"https:\/\/www.gaveanews.com\/#website\",\"url\":\"https:\/\/www.gaveanews.com\/\",\"name\":\"G\u00e1vea News\",\"description\":\"Veja todas as not\u00edcias sobre o Flamengo: Contrata\u00e7\u00f5es, categorias de base, resultados das partidas, tabela de classifica\u00e7\u00e3o, pr\u00f3ximos jogos!\",\"potentialAction\":[{\"@type\":\"SearchAction\",\"target\":{\"@type\":\"EntryPoint\",\"urlTemplate\":\"https:\/\/www.gaveanews.com\/?s={search_term_string}\"},\"query-input\":{\"@type\":\"PropertyValueSpecification\",\"valueRequired\":true,\"valueName\":\"search_term_string\"}}],\"inLanguage\":\"pt-BR\"},{\"@type\":\"Person\",\"@id\":\"https:\/\/www.gaveanews.com\/#\/schema\/person\/2ec14f73fb96be2caf28f91afb14749d\",\"name\":\"Equipe G\u00e1vea News\",\"image\":{\"@type\":\"ImageObject\",\"inLanguage\":\"pt-BR\",\"@id\":\"https:\/\/www.gaveanews.com\/#\/schema\/person\/image\/\",\"url\":\"https:\/\/secure.gravatar.com\/avatar\/1e1956f1facbffd3f8fa53a326721950116b3b9dc9bd44939c01180fd4a745a9?s=96&d=mm&r=g\",\"contentUrl\":\"https:\/\/secure.gravatar.com\/avatar\/1e1956f1facbffd3f8fa53a326721950116b3b9dc9bd44939c01180fd4a745a9?s=96&d=mm&r=g\",\"caption\":\"Equipe G\u00e1vea News\"}}]}<\/script>\n<!-- \/ Yoast SEO Premium plugin. -->","yoast_head_json":{"title":"Desejado pelo Flamengo, Gerson falta treino do Olympique de Marseille","robots":{"index":"index","follow":"follow","max-snippet":"max-snippet:-1","max-image-preview":"max-image-preview:large","max-video-preview":"max-video-preview:-1"},"canonical":"https:\/\/www.gaveanews.com\/index.php\/2022\/11\/30\/desejado-pelo-flamengo-gerson-falta-treino-do-olympique-de-marseille\/","og_locale":"pt_BR","og_type":"article","og_title":"Desejado pelo Flamengo, Gerson falta treino do Olympique de Marseille","og_description":"A negocia\u00e7\u00e3o entre Flamengo e Gerson esfriou nos \u00faltimos dias e um poss\u00edvel retorno do Coringa para a G\u00e1vea ficou mais dif\u00edcil. O jogador, no entanto, de acordo com o portal \u2018La Provence\u2019 parece estar disposto a deixar o time franc\u00eas nesta janela. Isso porque, Gerson era aguardado no treino do Olympique de Marseille nesta [&hellip;]","og_url":"https:\/\/www.gaveanews.com\/index.php\/2022\/11\/30\/desejado-pelo-flamengo-gerson-falta-treino-do-olympique-de-marseille\/","og_site_name":"G\u00e1vea News","article_publisher":"https:\/\/facebook.com\/gaveaNews\/","article_published_time":"2022-11-30T18:01:26+00:00","article_modified_time":"2022-11-30T18:02:09+00:00","og_image":[{"width":1920,"height":1079,"url":"https:\/\/www.gaveanews.com\/wp-content\/uploads\/Gerson-em-acao-pelo-Olympique-de-Marseille.webp","type":"image\/jpeg"}],"author":"Equipe G\u00e1vea News","twitter_card":"summary_large_image","twitter_misc":{"Escrito por":"Equipe G\u00e1vea News","Est. tempo de leitura":"1 minuto"},"schema":{"@context":"https:\/\/schema.org","@graph":[{"@type":"NewsArticle","@id":"https:\/\/www.gaveanews.com\/index.php\/2022\/11\/30\/desejado-pelo-flamengo-gerson-falta-treino-do-olympique-de-marseille\/#article","isPartOf":{"@id":"https:\/\/www.gaveanews.com\/index.php\/2022\/11\/30\/desejado-pelo-flamengo-gerson-falta-treino-do-olympique-de-marseille\/"},"author":{"name":"Equipe G\u00e1vea News","@id":"https:\/\/www.gaveanews.com\/#\/schema\/person\/2ec14f73fb96be2caf28f91afb14749d"},"headline":"Desejado pelo Flamengo, Gerson falta treino do Olympique de Marseille","datePublished":"2022-11-30T18:01:26+00:00","dateModified":"2022-11-30T18:02:09+00:00","mainEntityOfPage":{"@id":"https:\/\/www.gaveanews.com\/index.php\/2022\/11\/30\/desejado-pelo-flamengo-gerson-falta-treino-do-olympique-de-marseille\/"},"wordCount":104,"commentCount":0,"image":{"@id":"https:\/\/www.gaveanews.com\/index.php\/2022\/11\/30\/desejado-pelo-flamengo-gerson-falta-treino-do-olympique-de-marseille\/#primaryimage"},"thumbnailUrl":"https:\/\/www.gaveanews.com\/wp-content\/uploads\/Gerson-em-acao-pelo-Olympique-de-Marseille.webp","articleSection":["Negocia\u00e7\u00f5es"],"inLanguage":"pt-BR","potentialAction":[{"@type":"CommentAction","name":"Comment","target":["https:\/\/www.gaveanews.com\/index.php\/2022\/11\/30\/desejado-pelo-flamengo-gerson-falta-treino-do-olympique-de-marseille\/#respond"]}],"copyrightYear":"2022","copyrightHolder":{"@id":"https:\/\/www.gaveanews.com\/#organization"}},{"@type":"WebPage","@id":"https:\/\/www.gaveanews.com\/index.php\/2022\/11\/30\/desejado-pelo-flamengo-gerson-falta-treino-do-olympique-de-marseille\/","url":"https:\/\/www.gaveanews.com\/index.php\/2022\/11\/30\/desejado-pelo-flamengo-gerson-falta-treino-do-olympique-de-marseille\/","name":"Desejado pelo Flamengo, Gerson falta treino do Olympique de Marseille","isPartOf":{"@id":"https:\/\/www.gaveanews.com\/#website"},"primaryImageOfPage":{"@id":"https:\/\/www.gaveanews.com\/index.php\/2022\/11\/30\/desejado-pelo-flamengo-gerson-falta-treino-do-olympique-de-marseille\/#primaryimage"},"image":{"@id":"https:\/\/www.gaveanews.com\/index.php\/2022\/11\/30\/desejado-pelo-flamengo-gerson-falta-treino-do-olympique-de-marseille\/#primaryimage"},"thumbnailUrl":"https:\/\/www.gaveanews.com\/wp-content\/uploads\/Gerson-em-acao-pelo-Olympique-de-Marseille.webp","datePublished":"2022-11-30T18:01:26+00:00","dateModified":"2022-11-30T18:02:09+00:00","author":{"@id":"https:\/\/www.gaveanews.com\/#\/schema\/person\/2ec14f73fb96be2caf28f91afb14749d"},"breadcrumb":{"@id":"https:\/\/www.gaveanews.com\/index.php\/2022\/11\/30\/desejado-pelo-flamengo-gerson-falta-treino-do-olympique-de-marseille\/#breadcrumb"},"inLanguage":"pt-BR","potentialAction":[{"@type":"ReadAction","target":["https:\/\/www.gaveanews.com\/index.php\/2022\/11\/30\/desejado-pelo-flamengo-gerson-falta-treino-do-olympique-de-marseille\/"]}]},{"@type":"ImageObject","inLanguage":"pt-BR","@id":"https:\/\/www.gaveanews.com\/index.php\/2022\/11\/30\/desejado-pelo-flamengo-gerson-falta-treino-do-olympique-de-marseille\/#primaryimage","url":"https:\/\/www.gaveanews.com\/wp-content\/uploads\/Gerson-em-acao-pelo-Olympique-de-Marseille.webp","contentUrl":"https:\/\/www.gaveanews.com\/wp-content\/uploads\/Gerson-em-acao-pelo-Olympique-de-Marseille.webp","width":1920,"height":1079,"caption":"Gerson em a\u00e7\u00e3o pelo Olympique de Marseille (Foto: Divulga\u00e7\u00e3o\/Olympique de Marseille)"},{"@type":"BreadcrumbList","@id":"https:\/\/www.gaveanews.com\/index.php\/2022\/11\/30\/desejado-pelo-flamengo-gerson-falta-treino-do-olympique-de-marseille\/#breadcrumb","itemListElement":[{"@type":"ListItem","position":1,"name":"Home","item":"https:\/\/www.gaveanews.com\/"},{"@type":"ListItem","position":2,"name":"Desejado pelo Flamengo, Gerson falta treino do Olympique de Marseille"}]},{"@type":"WebSite","@id":"https:\/\/www.gaveanews.com\/#website","url":"https:\/\/www.gaveanews.com\/","name":"G\u00e1vea News","description":"Veja todas as not\u00edcias sobre o Flamengo: Contrata\u00e7\u00f5es, categorias de base, resultados das partidas, tabela de classifica\u00e7\u00e3o, pr\u00f3ximos jogos!","potentialAction":[{"@type":"SearchAction","target":{"@type":"EntryPoint","urlTemplate":"https:\/\/www.gaveanews.com\/?s={search_term_string}"},"query-input":{"@type":"PropertyValueSpecification","valueRequired":true,"valueName":"search_term_string"}}],"inLanguage":"pt-BR"},{"@type":"Person","@id":"https:\/\/www.gaveanews.com\/#\/schema\/person\/2ec14f73fb96be2caf28f91afb14749d","name":"Equipe G\u00e1vea News","image":{"@type":"ImageObject","inLanguage":"pt-BR","@id":"https:\/\/www.gaveanews.com\/#\/schema\/person\/image\/","url":"https:\/\/secure.gravatar.com\/avatar\/1e1956f1facbffd3f8fa53a326721950116b3b9dc9bd44939c01180fd4a745a9?s=96&d=mm&r=g","contentUrl":"https:\/\/secure.gravatar.com\/avatar\/1e1956f1facbffd3f8fa53a326721950116b3b9dc9bd44939c01180fd4a745a9?s=96&d=mm&r=g","caption":"Equipe G\u00e1vea News"}}]}},"_links":{"self":[{"href":"https:\/\/www.gaveanews.com\/index.php\/wp-json\/wp\/v2\/posts\/91431","targetHints":{"allow":["GET"]}}],"collection":[{"href":"https:\/\/www.gaveanews.com\/index.php\/wp-json\/wp\/v2\/posts"}],"about":[{"href":"https:\/\/www.gaveanews.com\/index.php\/wp-json\/wp\/v2\/types\/post"}],"author":[{"embeddable":true,"href":"https:\/\/www.gaveanews.com\/index.php\/wp-json\/wp\/v2\/users\/1"}],"replies":[{"embeddable":true,"href":"https:\/\/www.gaveanews.com\/index.php\/wp-json\/wp\/v2\/comments?post=91431"}],"version-history":[{"count":0,"href":"https:\/\/www.gaveanews.com\/index.php\/wp-json\/wp\/v2\/posts\/91431\/revisions"}],"wp:featuredmedia":[{"embeddable":true,"href":"https:\/\/www.gaveanews.com\/index.php\/wp-json\/wp\/v2\/media\/73149"}],"wp:attachment":[{"href":"https:\/\/www.gaveanews.com\/index.php\/wp-json\/wp\/v2\/media?parent=91431"}],"wp:term":[{"taxonomy":"category","embeddable":true,"href":"https:\/\/www.gaveanews.com\/index.php\/wp-json\/wp\/v2\/categories?post=91431"},{"taxonomy":"post_tag","embeddable":true,"href":"https:\/\/www.gaveanews.com\/index.php\/wp-json\/wp\/v2\/tags?post=91431"}],"curies":[{"name":"wp","href":"https:\/\/api.w.org\/{rel}","templated":true}]}}