{"id":91438,"date":"2022-11-30T16:25:53","date_gmt":"2022-11-30T19:25:53","guid":{"rendered":"https:\/\/www.gaveanews.com\/?p=91438"},"modified":"2022-11-30T16:25:56","modified_gmt":"2022-11-30T19:25:56","slug":"torcida-do-flamengo-pede-a-contratacao-de-dudu-do-palmeiras","status":"publish","type":"post","link":"https:\/\/www.gaveanews.com\/index.php\/2022\/11\/30\/torcida-do-flamengo-pede-a-contratacao-de-dudu-do-palmeiras\/","title":{"rendered":"Torcida do Flamengo pede a contrata\u00e7\u00e3o de Dudu, do Palmeiras"},"content":{"rendered":"\n<p>O Flamengo avalia suas possibilidades para a pr\u00f3xima janela de transfer\u00eancias e espera garantir novas contrata\u00e7\u00f5es. No cen\u00e1rio brasileiro, uma possibilidade pode ter sido criada e, como de costume, a torcida rubro-negra fica de olho e opina nas redes sociais.<\/p>\n\n\n\n<p>Embora a ideia n\u00e3o tenha sido aceita de forma un\u00e2nime, parte dos torcedores est\u00e3o pedindo a contrata\u00e7\u00e3o de Dudu, que est\u00e1 com renova\u00e7\u00e3o travada com o Palmeiras. Muitos, inclusive, est\u00e3o relembrando da declara\u00e7\u00e3o do atacante na qual ele disse que era flamenguista na inf\u00e2ncia.<\/p>\n\n\n\n<p>O entrave entre o Alviverde e o atacante foi noticiado nos \u00faltimos dias. O contrato atual vai at\u00e9 dezembro de 2023. Sendo assim, Dudu poderia assinar um pr\u00e9-contrato a partir de julho do ano que vem.<\/p>\n\n\n\n<h2 class=\"wp-block-heading\" id=\"h-confira-as-publicacoes\">Confira as publica\u00e7\u00f5es:<\/h2>\n\n\n\n<figure class=\"wp-block-embed is-type-rich is-provider-twitter wp-block-embed-twitter\"><div class=\"wp-block-embed__wrapper\">\n<blockquote class=\"twitter-tweet\" data-width=\"550\" data-dnt=\"true\"><p lang=\"pt\" dir=\"ltr\">&quot;<a href=\"https:\/\/twitter.com\/hashtag\/PALMEIRAS?src=hash&amp;ref_src=twsrc%5Etfw\">#PALMEIRAS<\/a> E DUDU CONGELARAM AS NEGOCIA\u00c7\u00d5ES DE RENOVA\u00c7\u00c3O &quot;<br><br>BRAZ VENDO ISSO <a href=\"https:\/\/t.co\/Fa6aae1RSz\">pic.twitter.com\/Fa6aae1RSz<\/a><\/p>&mdash; CENTRAL DO FLAMENGO \u1d9c\u02b3\u1da0 \uea00 (@CentralFlaNacao) <a href=\"https:\/\/twitter.com\/CentralFlaNacao\/status\/1597985478036574208?ref_src=twsrc%5Etfw\">November 30, 2022<\/a><\/blockquote><script async src=\"https:\/\/platform.twitter.com\/widgets.js\" charset=\"utf-8\"><\/script>\n<\/div><\/figure>\n\n\n\n<figure class=\"wp-block-embed is-type-rich is-provider-twitter wp-block-embed-twitter\"><div class=\"wp-block-embed__wrapper\">\nhttps:\/\/twitter.com\/betojr10\/status\/1598007437667479552?s=20&#038;t=ziXS0Qcur7nqHF7iafQ3eA\n<\/div><\/figure>\n\n\n\n<figure class=\"wp-block-embed is-type-rich is-provider-twitter wp-block-embed-twitter\"><div class=\"wp-block-embed__wrapper\">\n<blockquote class=\"twitter-tweet\" data-width=\"550\" data-dnt=\"true\"><p lang=\"pt\" dir=\"ltr\">Dudu pode vim pro Flamengo a gente te aceita aproveita e traz o piquerez!<\/p>&mdash; \u1d04\u1d00\u0280\u1d0f\u029f\u1d00!\u0274\u028f. \u1d9c\u02b3\u1da0 (@_carolllgs) <a href=\"https:\/\/twitter.com\/_carolllgs\/status\/1597728277397131265?ref_src=twsrc%5Etfw\">November 29, 2022<\/a><\/blockquote><script async src=\"https:\/\/platform.twitter.com\/widgets.js\" charset=\"utf-8\"><\/script>\n<\/div><\/figure>\n\n\n\n<figure class=\"wp-block-embed is-type-rich is-provider-twitter wp-block-embed-twitter\"><div class=\"wp-block-embed__wrapper\">\n<blockquote class=\"twitter-tweet\" data-width=\"550\" data-dnt=\"true\"><p lang=\"pt\" dir=\"ltr\">Dudu no Flamengo seria um upgrade consider\u00e1vel.<\/p>&mdash; FLARA\u00cdBA (@ConsuladoFlaPB) <a href=\"https:\/\/twitter.com\/ConsuladoFlaPB\/status\/1597763432723644419?ref_src=twsrc%5Etfw\">November 30, 2022<\/a><\/blockquote><script async src=\"https:\/\/platform.twitter.com\/widgets.js\" charset=\"utf-8\"><\/script>\n<\/div><\/figure>\n\n\n\n<figure class=\"wp-block-embed is-type-rich is-provider-twitter wp-block-embed-twitter\"><div class=\"wp-block-embed__wrapper\">\n<blockquote class=\"twitter-tweet\" data-width=\"550\" data-dnt=\"true\"><p lang=\"pt\" dir=\"ltr\">Vale dar um confere l\u00e1 no dudu em, <a href=\"https:\/\/twitter.com\/Flamengo?ref_src=twsrc%5Etfw\">@Flamengo<\/a><\/p>&mdash; Felippo Freitas (@FelippoFreitas) <a href=\"https:\/\/twitter.com\/FelippoFreitas\/status\/1597674860532363264?ref_src=twsrc%5Etfw\">November 29, 2022<\/a><\/blockquote><script async src=\"https:\/\/platform.twitter.com\/widgets.js\" charset=\"utf-8\"><\/script>\n<\/div><\/figure>\n\n\n\n<figure class=\"wp-block-embed is-type-rich is-provider-twitter wp-block-embed-twitter\"><div class=\"wp-block-embed__wrapper\">\n<blockquote class=\"twitter-tweet\" data-width=\"550\" data-dnt=\"true\"><p lang=\"pt\" dir=\"ltr\">Rapaz se o palmeiras n\u00e3o renovar com Dudu eu queria esse cara no Flamengo<\/p>&mdash; F (@felipepereiram_) <a href=\"https:\/\/twitter.com\/felipepereiram_\/status\/1597759448856301568?ref_src=twsrc%5Etfw\">November 30, 2022<\/a><\/blockquote><script async src=\"https:\/\/platform.twitter.com\/widgets.js\" charset=\"utf-8\"><\/script>\n<\/div><\/figure>\n\n\n\n<p><\/p>\n","protected":false},"excerpt":{"rendered":"<p>O Flamengo avalia suas possibilidades para a pr\u00f3xima janela de transfer\u00eancias e espera garantir novas contrata\u00e7\u00f5es. No cen\u00e1rio brasileiro, uma possibilidade pode ter sido criada e, como de costume, a torcida rubro-negra fica de olho e opina nas redes sociais. Embora a ideia n\u00e3o tenha sido aceita de forma un\u00e2nime, parte dos torcedores est\u00e3o pedindo [&hellip;]<\/p>\n","protected":false},"author":4,"featured_media":91439,"comment_status":"open","ping_status":"closed","sticky":false,"template":"","format":"standard","meta":{"footnotes":""},"categories":[1],"tags":[],"class_list":["post-91438","post","type-post","status-publish","format-standard","has-post-thumbnail","hentry","category-flamengo"],"yoast_head":"<!-- This site is optimized with the Yoast SEO Premium plugin v24.2 (Yoast SEO v26.9) - https:\/\/yoast.com\/product\/yoast-seo-premium-wordpress\/ -->\n<title>Torcida do Flamengo pede a contrata\u00e7\u00e3o de Dudu, do Palmeiras<\/title>\n<meta name=\"robots\" content=\"index, follow, max-snippet:-1, max-image-preview:large, max-video-preview:-1\" \/>\n<link rel=\"canonical\" href=\"https:\/\/www.gaveanews.com\/index.php\/2022\/11\/30\/torcida-do-flamengo-pede-a-contratacao-de-dudu-do-palmeiras\/\" \/>\n<meta property=\"og:locale\" content=\"pt_BR\" \/>\n<meta property=\"og:type\" content=\"article\" \/>\n<meta property=\"og:title\" content=\"Torcida do Flamengo pede a contrata\u00e7\u00e3o de Dudu, do Palmeiras\" \/>\n<meta property=\"og:description\" content=\"O Flamengo avalia suas possibilidades para a pr\u00f3xima janela de transfer\u00eancias e espera garantir novas contrata\u00e7\u00f5es. No cen\u00e1rio brasileiro, uma possibilidade pode ter sido criada e, como de costume, a torcida rubro-negra fica de olho e opina nas redes sociais. Embora a ideia n\u00e3o tenha sido aceita de forma un\u00e2nime, parte dos torcedores est\u00e3o pedindo [&hellip;]\" \/>\n<meta property=\"og:url\" content=\"https:\/\/www.gaveanews.com\/index.php\/2022\/11\/30\/torcida-do-flamengo-pede-a-contratacao-de-dudu-do-palmeiras\/\" \/>\n<meta property=\"og:site_name\" content=\"G\u00e1vea News\" \/>\n<meta property=\"article:publisher\" content=\"https:\/\/facebook.com\/gaveaNews\/\" \/>\n<meta property=\"article:published_time\" content=\"2022-11-30T19:25:53+00:00\" \/>\n<meta property=\"article:modified_time\" content=\"2022-11-30T19:25:56+00:00\" \/>\n<meta property=\"og:image\" content=\"https:\/\/www.gaveanews.com\/wp-content\/uploads\/dudu-palmeiras.webp\" \/>\n\t<meta property=\"og:image:width\" content=\"846\" \/>\n\t<meta property=\"og:image:height\" content=\"476\" \/>\n\t<meta property=\"og:image:type\" content=\"image\/webp\" \/>\n<meta name=\"author\" content=\"Let\u00edcia Gerheim\" \/>\n<meta name=\"twitter:card\" content=\"summary_large_image\" \/>\n<meta name=\"twitter:label1\" content=\"Escrito por\" \/>\n\t<meta name=\"twitter:data1\" content=\"Let\u00edcia Gerheim\" \/>\n\t<meta name=\"twitter:label2\" content=\"Est. tempo de leitura\" \/>\n\t<meta name=\"twitter:data2\" content=\"1 minuto\" \/>\n<script type=\"application\/ld+json\" class=\"yoast-schema-graph\">{\"@context\":\"https:\/\/schema.org\",\"@graph\":[{\"@type\":\"NewsArticle\",\"@id\":\"https:\/\/www.gaveanews.com\/index.php\/2022\/11\/30\/torcida-do-flamengo-pede-a-contratacao-de-dudu-do-palmeiras\/#article\",\"isPartOf\":{\"@id\":\"https:\/\/www.gaveanews.com\/index.php\/2022\/11\/30\/torcida-do-flamengo-pede-a-contratacao-de-dudu-do-palmeiras\/\"},\"author\":{\"name\":\"Let\u00edcia Gerheim\",\"@id\":\"https:\/\/www.gaveanews.com\/#\/schema\/person\/714c67050b836198af2450ba1c142a67\"},\"headline\":\"Torcida do Flamengo pede a contrata\u00e7\u00e3o de Dudu, do Palmeiras\",\"datePublished\":\"2022-11-30T19:25:53+00:00\",\"dateModified\":\"2022-11-30T19:25:56+00:00\",\"mainEntityOfPage\":{\"@id\":\"https:\/\/www.gaveanews.com\/index.php\/2022\/11\/30\/torcida-do-flamengo-pede-a-contratacao-de-dudu-do-palmeiras\/\"},\"wordCount\":226,\"commentCount\":0,\"image\":{\"@id\":\"https:\/\/www.gaveanews.com\/index.php\/2022\/11\/30\/torcida-do-flamengo-pede-a-contratacao-de-dudu-do-palmeiras\/#primaryimage\"},\"thumbnailUrl\":\"https:\/\/www.gaveanews.com\/wp-content\/uploads\/dudu-palmeiras.webp\",\"articleSection\":[\"Flamengo\"],\"inLanguage\":\"pt-BR\",\"potentialAction\":[{\"@type\":\"CommentAction\",\"name\":\"Comment\",\"target\":[\"https:\/\/www.gaveanews.com\/index.php\/2022\/11\/30\/torcida-do-flamengo-pede-a-contratacao-de-dudu-do-palmeiras\/#respond\"]}],\"copyrightYear\":\"2022\",\"copyrightHolder\":{\"@id\":\"https:\/\/www.gaveanews.com\/#organization\"}},{\"@type\":\"WebPage\",\"@id\":\"https:\/\/www.gaveanews.com\/index.php\/2022\/11\/30\/torcida-do-flamengo-pede-a-contratacao-de-dudu-do-palmeiras\/\",\"url\":\"https:\/\/www.gaveanews.com\/index.php\/2022\/11\/30\/torcida-do-flamengo-pede-a-contratacao-de-dudu-do-palmeiras\/\",\"name\":\"Torcida do Flamengo pede a contrata\u00e7\u00e3o de Dudu, do Palmeiras\",\"isPartOf\":{\"@id\":\"https:\/\/www.gaveanews.com\/#website\"},\"primaryImageOfPage\":{\"@id\":\"https:\/\/www.gaveanews.com\/index.php\/2022\/11\/30\/torcida-do-flamengo-pede-a-contratacao-de-dudu-do-palmeiras\/#primaryimage\"},\"image\":{\"@id\":\"https:\/\/www.gaveanews.com\/index.php\/2022\/11\/30\/torcida-do-flamengo-pede-a-contratacao-de-dudu-do-palmeiras\/#primaryimage\"},\"thumbnailUrl\":\"https:\/\/www.gaveanews.com\/wp-content\/uploads\/dudu-palmeiras.webp\",\"datePublished\":\"2022-11-30T19:25:53+00:00\",\"dateModified\":\"2022-11-30T19:25:56+00:00\",\"author\":{\"@id\":\"https:\/\/www.gaveanews.com\/#\/schema\/person\/714c67050b836198af2450ba1c142a67\"},\"breadcrumb\":{\"@id\":\"https:\/\/www.gaveanews.com\/index.php\/2022\/11\/30\/torcida-do-flamengo-pede-a-contratacao-de-dudu-do-palmeiras\/#breadcrumb\"},\"inLanguage\":\"pt-BR\",\"potentialAction\":[{\"@type\":\"ReadAction\",\"target\":[\"https:\/\/www.gaveanews.com\/index.php\/2022\/11\/30\/torcida-do-flamengo-pede-a-contratacao-de-dudu-do-palmeiras\/\"]}]},{\"@type\":\"ImageObject\",\"inLanguage\":\"pt-BR\",\"@id\":\"https:\/\/www.gaveanews.com\/index.php\/2022\/11\/30\/torcida-do-flamengo-pede-a-contratacao-de-dudu-do-palmeiras\/#primaryimage\",\"url\":\"https:\/\/www.gaveanews.com\/wp-content\/uploads\/dudu-palmeiras.webp\",\"contentUrl\":\"https:\/\/www.gaveanews.com\/wp-content\/uploads\/dudu-palmeiras.webp\",\"width\":846,\"height\":476,\"caption\":\"Dudu em jogo do Palmeiras (Foto: Cesar Greco\/Palmeiras)\"},{\"@type\":\"BreadcrumbList\",\"@id\":\"https:\/\/www.gaveanews.com\/index.php\/2022\/11\/30\/torcida-do-flamengo-pede-a-contratacao-de-dudu-do-palmeiras\/#breadcrumb\",\"itemListElement\":[{\"@type\":\"ListItem\",\"position\":1,\"name\":\"Home\",\"item\":\"https:\/\/www.gaveanews.com\/\"},{\"@type\":\"ListItem\",\"position\":2,\"name\":\"Torcida do Flamengo pede a contrata\u00e7\u00e3o de Dudu, do Palmeiras\"}]},{\"@type\":\"WebSite\",\"@id\":\"https:\/\/www.gaveanews.com\/#website\",\"url\":\"https:\/\/www.gaveanews.com\/\",\"name\":\"G\u00e1vea News\",\"description\":\"Veja todas as not\u00edcias sobre o Flamengo: Contrata\u00e7\u00f5es, categorias de base, resultados das partidas, tabela de classifica\u00e7\u00e3o, pr\u00f3ximos jogos!\",\"potentialAction\":[{\"@type\":\"SearchAction\",\"target\":{\"@type\":\"EntryPoint\",\"urlTemplate\":\"https:\/\/www.gaveanews.com\/?s={search_term_string}\"},\"query-input\":{\"@type\":\"PropertyValueSpecification\",\"valueRequired\":true,\"valueName\":\"search_term_string\"}}],\"inLanguage\":\"pt-BR\"},{\"@type\":\"Person\",\"@id\":\"https:\/\/www.gaveanews.com\/#\/schema\/person\/714c67050b836198af2450ba1c142a67\",\"name\":\"Let\u00edcia Gerheim\",\"image\":{\"@type\":\"ImageObject\",\"inLanguage\":\"pt-BR\",\"@id\":\"https:\/\/www.gaveanews.com\/#\/schema\/person\/image\/\",\"url\":\"https:\/\/secure.gravatar.com\/avatar\/60734739c50fcebfbac509e2a826ccd0ff405c019bc73aab9354f19ecad1dcb4?s=96&d=mm&r=g\",\"contentUrl\":\"https:\/\/secure.gravatar.com\/avatar\/60734739c50fcebfbac509e2a826ccd0ff405c019bc73aab9354f19ecad1dcb4?s=96&d=mm&r=g\",\"caption\":\"Let\u00edcia Gerheim\"}}]}<\/script>\n<!-- \/ Yoast SEO Premium plugin. -->","yoast_head_json":{"title":"Torcida do Flamengo pede a contrata\u00e7\u00e3o de Dudu, do Palmeiras","robots":{"index":"index","follow":"follow","max-snippet":"max-snippet:-1","max-image-preview":"max-image-preview:large","max-video-preview":"max-video-preview:-1"},"canonical":"https:\/\/www.gaveanews.com\/index.php\/2022\/11\/30\/torcida-do-flamengo-pede-a-contratacao-de-dudu-do-palmeiras\/","og_locale":"pt_BR","og_type":"article","og_title":"Torcida do Flamengo pede a contrata\u00e7\u00e3o de Dudu, do Palmeiras","og_description":"O Flamengo avalia suas possibilidades para a pr\u00f3xima janela de transfer\u00eancias e espera garantir novas contrata\u00e7\u00f5es. No cen\u00e1rio brasileiro, uma possibilidade pode ter sido criada e, como de costume, a torcida rubro-negra fica de olho e opina nas redes sociais. Embora a ideia n\u00e3o tenha sido aceita de forma un\u00e2nime, parte dos torcedores est\u00e3o pedindo [&hellip;]","og_url":"https:\/\/www.gaveanews.com\/index.php\/2022\/11\/30\/torcida-do-flamengo-pede-a-contratacao-de-dudu-do-palmeiras\/","og_site_name":"G\u00e1vea News","article_publisher":"https:\/\/facebook.com\/gaveaNews\/","article_published_time":"2022-11-30T19:25:53+00:00","article_modified_time":"2022-11-30T19:25:56+00:00","og_image":[{"width":846,"height":476,"url":"https:\/\/www.gaveanews.com\/wp-content\/uploads\/dudu-palmeiras.webp","type":"image\/webp"}],"author":"Let\u00edcia Gerheim","twitter_card":"summary_large_image","twitter_misc":{"Escrito por":"Let\u00edcia Gerheim","Est. tempo de leitura":"1 minuto"},"schema":{"@context":"https:\/\/schema.org","@graph":[{"@type":"NewsArticle","@id":"https:\/\/www.gaveanews.com\/index.php\/2022\/11\/30\/torcida-do-flamengo-pede-a-contratacao-de-dudu-do-palmeiras\/#article","isPartOf":{"@id":"https:\/\/www.gaveanews.com\/index.php\/2022\/11\/30\/torcida-do-flamengo-pede-a-contratacao-de-dudu-do-palmeiras\/"},"author":{"name":"Let\u00edcia Gerheim","@id":"https:\/\/www.gaveanews.com\/#\/schema\/person\/714c67050b836198af2450ba1c142a67"},"headline":"Torcida do Flamengo pede a contrata\u00e7\u00e3o de Dudu, do Palmeiras","datePublished":"2022-11-30T19:25:53+00:00","dateModified":"2022-11-30T19:25:56+00:00","mainEntityOfPage":{"@id":"https:\/\/www.gaveanews.com\/index.php\/2022\/11\/30\/torcida-do-flamengo-pede-a-contratacao-de-dudu-do-palmeiras\/"},"wordCount":226,"commentCount":0,"image":{"@id":"https:\/\/www.gaveanews.com\/index.php\/2022\/11\/30\/torcida-do-flamengo-pede-a-contratacao-de-dudu-do-palmeiras\/#primaryimage"},"thumbnailUrl":"https:\/\/www.gaveanews.com\/wp-content\/uploads\/dudu-palmeiras.webp","articleSection":["Flamengo"],"inLanguage":"pt-BR","potentialAction":[{"@type":"CommentAction","name":"Comment","target":["https:\/\/www.gaveanews.com\/index.php\/2022\/11\/30\/torcida-do-flamengo-pede-a-contratacao-de-dudu-do-palmeiras\/#respond"]}],"copyrightYear":"2022","copyrightHolder":{"@id":"https:\/\/www.gaveanews.com\/#organization"}},{"@type":"WebPage","@id":"https:\/\/www.gaveanews.com\/index.php\/2022\/11\/30\/torcida-do-flamengo-pede-a-contratacao-de-dudu-do-palmeiras\/","url":"https:\/\/www.gaveanews.com\/index.php\/2022\/11\/30\/torcida-do-flamengo-pede-a-contratacao-de-dudu-do-palmeiras\/","name":"Torcida do Flamengo pede a contrata\u00e7\u00e3o de Dudu, do Palmeiras","isPartOf":{"@id":"https:\/\/www.gaveanews.com\/#website"},"primaryImageOfPage":{"@id":"https:\/\/www.gaveanews.com\/index.php\/2022\/11\/30\/torcida-do-flamengo-pede-a-contratacao-de-dudu-do-palmeiras\/#primaryimage"},"image":{"@id":"https:\/\/www.gaveanews.com\/index.php\/2022\/11\/30\/torcida-do-flamengo-pede-a-contratacao-de-dudu-do-palmeiras\/#primaryimage"},"thumbnailUrl":"https:\/\/www.gaveanews.com\/wp-content\/uploads\/dudu-palmeiras.webp","datePublished":"2022-11-30T19:25:53+00:00","dateModified":"2022-11-30T19:25:56+00:00","author":{"@id":"https:\/\/www.gaveanews.com\/#\/schema\/person\/714c67050b836198af2450ba1c142a67"},"breadcrumb":{"@id":"https:\/\/www.gaveanews.com\/index.php\/2022\/11\/30\/torcida-do-flamengo-pede-a-contratacao-de-dudu-do-palmeiras\/#breadcrumb"},"inLanguage":"pt-BR","potentialAction":[{"@type":"ReadAction","target":["https:\/\/www.gaveanews.com\/index.php\/2022\/11\/30\/torcida-do-flamengo-pede-a-contratacao-de-dudu-do-palmeiras\/"]}]},{"@type":"ImageObject","inLanguage":"pt-BR","@id":"https:\/\/www.gaveanews.com\/index.php\/2022\/11\/30\/torcida-do-flamengo-pede-a-contratacao-de-dudu-do-palmeiras\/#primaryimage","url":"https:\/\/www.gaveanews.com\/wp-content\/uploads\/dudu-palmeiras.webp","contentUrl":"https:\/\/www.gaveanews.com\/wp-content\/uploads\/dudu-palmeiras.webp","width":846,"height":476,"caption":"Dudu em jogo do Palmeiras (Foto: Cesar Greco\/Palmeiras)"},{"@type":"BreadcrumbList","@id":"https:\/\/www.gaveanews.com\/index.php\/2022\/11\/30\/torcida-do-flamengo-pede-a-contratacao-de-dudu-do-palmeiras\/#breadcrumb","itemListElement":[{"@type":"ListItem","position":1,"name":"Home","item":"https:\/\/www.gaveanews.com\/"},{"@type":"ListItem","position":2,"name":"Torcida do Flamengo pede a contrata\u00e7\u00e3o de Dudu, do Palmeiras"}]},{"@type":"WebSite","@id":"https:\/\/www.gaveanews.com\/#website","url":"https:\/\/www.gaveanews.com\/","name":"G\u00e1vea News","description":"Veja todas as not\u00edcias sobre o Flamengo: Contrata\u00e7\u00f5es, categorias de base, resultados das partidas, tabela de classifica\u00e7\u00e3o, pr\u00f3ximos jogos!","potentialAction":[{"@type":"SearchAction","target":{"@type":"EntryPoint","urlTemplate":"https:\/\/www.gaveanews.com\/?s={search_term_string}"},"query-input":{"@type":"PropertyValueSpecification","valueRequired":true,"valueName":"search_term_string"}}],"inLanguage":"pt-BR"},{"@type":"Person","@id":"https:\/\/www.gaveanews.com\/#\/schema\/person\/714c67050b836198af2450ba1c142a67","name":"Let\u00edcia Gerheim","image":{"@type":"ImageObject","inLanguage":"pt-BR","@id":"https:\/\/www.gaveanews.com\/#\/schema\/person\/image\/","url":"https:\/\/secure.gravatar.com\/avatar\/60734739c50fcebfbac509e2a826ccd0ff405c019bc73aab9354f19ecad1dcb4?s=96&d=mm&r=g","contentUrl":"https:\/\/secure.gravatar.com\/avatar\/60734739c50fcebfbac509e2a826ccd0ff405c019bc73aab9354f19ecad1dcb4?s=96&d=mm&r=g","caption":"Let\u00edcia Gerheim"}}]}},"_links":{"self":[{"href":"https:\/\/www.gaveanews.com\/index.php\/wp-json\/wp\/v2\/posts\/91438","targetHints":{"allow":["GET"]}}],"collection":[{"href":"https:\/\/www.gaveanews.com\/index.php\/wp-json\/wp\/v2\/posts"}],"about":[{"href":"https:\/\/www.gaveanews.com\/index.php\/wp-json\/wp\/v2\/types\/post"}],"author":[{"embeddable":true,"href":"https:\/\/www.gaveanews.com\/index.php\/wp-json\/wp\/v2\/users\/4"}],"replies":[{"embeddable":true,"href":"https:\/\/www.gaveanews.com\/index.php\/wp-json\/wp\/v2\/comments?post=91438"}],"version-history":[{"count":0,"href":"https:\/\/www.gaveanews.com\/index.php\/wp-json\/wp\/v2\/posts\/91438\/revisions"}],"wp:featuredmedia":[{"embeddable":true,"href":"https:\/\/www.gaveanews.com\/index.php\/wp-json\/wp\/v2\/media\/91439"}],"wp:attachment":[{"href":"https:\/\/www.gaveanews.com\/index.php\/wp-json\/wp\/v2\/media?parent=91438"}],"wp:term":[{"taxonomy":"category","embeddable":true,"href":"https:\/\/www.gaveanews.com\/index.php\/wp-json\/wp\/v2\/categories?post=91438"},{"taxonomy":"post_tag","embeddable":true,"href":"https:\/\/www.gaveanews.com\/index.php\/wp-json\/wp\/v2\/tags?post=91438"}],"curies":[{"name":"wp","href":"https:\/\/api.w.org\/{rel}","templated":true}]}}