{"id":91456,"date":"2022-12-01T09:17:34","date_gmt":"2022-12-01T12:17:34","guid":{"rendered":"https:\/\/www.gaveanews.com\/?p=91456"},"modified":"2022-12-01T09:17:36","modified_gmt":"2022-12-01T12:17:36","slug":"flamengo-nao-quer-ter-atrito-com-o-palmeiras","status":"publish","type":"post","link":"https:\/\/www.gaveanews.com\/index.php\/2022\/12\/01\/flamengo-nao-quer-ter-atrito-com-o-palmeiras\/","title":{"rendered":"Flamengo n\u00e3o quer ter atrito com o Palmeiras"},"content":{"rendered":"\n<p>O Flamengo est\u00e1 em busca de refor\u00e7os para a pr\u00f3xima temporada. O clube tem negocia\u00e7\u00f5es encaminhadas com V\u00edtor Pereira para assumir a equipe em 2023, e enquanto aguarda a oficializa\u00e7\u00e3o do acordo, se prepara para a pr\u00f3xima janela de transfer\u00eancias.<\/p>\n\n\n\n<p>H\u00e1 uma lista de prioridades da diretoria para a ida ao mercado, mas o clube tamb\u00e9m fica atento \u00e0s oportunidades que podem surgir. Nos \u00faltimos dias, a informa\u00e7\u00e3o do entrave na renova\u00e7\u00e3o entre Palmeiras e Dudu agitou os flamenguistas e dividiu opini\u00f5es sobre a contrata\u00e7\u00e3o.<\/p>\n\n\n\n<p>Em um primeiro momento, o Flamengo n\u00e3o quer se indispor com o Palmeiras e acompanhar\u00e1 o caso de longe. Contudo, caso surja a oportunidade, o clube pode entrar na conversa e tentar trazer o jogador para o Mais Querido. A informa\u00e7\u00e3o foi divulgada inicialmente pelo GE.<\/p>\n\n\n\n<p>Dudu \u00e9 um atleta com caracter\u00edsticas bastante peculiares e que o permitem ser bastante vers\u00e1til em campo. O jogador, inclusive, \u00e9 capaz de atuar em todas as fun\u00e7\u00f5es do meio de campo para frente.<\/p>\n\n\n\n<p>As caracter\u00edsticas s\u00e3o bem avaliadas pela diretoria rubro-negra. Sendo assim, uma negocia\u00e7\u00e3o pelo atleta n\u00e3o est\u00e1 descartada pelos dirigentes do Fla.<\/p>\n","protected":false},"excerpt":{"rendered":"<p>O Flamengo est\u00e1 em busca de refor\u00e7os para a pr\u00f3xima temporada. O clube tem negocia\u00e7\u00f5es encaminhadas com V\u00edtor Pereira para assumir a equipe em 2023, e enquanto aguarda a oficializa\u00e7\u00e3o do acordo, se prepara para a pr\u00f3xima janela de transfer\u00eancias. H\u00e1 uma lista de prioridades da diretoria para a ida ao mercado, mas o clube [&hellip;]<\/p>\n","protected":false},"author":4,"featured_media":91439,"comment_status":"open","ping_status":"closed","sticky":false,"template":"","format":"standard","meta":{"footnotes":""},"categories":[1],"tags":[],"class_list":["post-91456","post","type-post","status-publish","format-standard","has-post-thumbnail","hentry","category-flamengo"],"yoast_head":"<!-- This site is optimized with the Yoast SEO Premium plugin v24.2 (Yoast SEO v26.9) - https:\/\/yoast.com\/product\/yoast-seo-premium-wordpress\/ -->\n<title>Flamengo n\u00e3o quer ter atrito com o Palmeiras<\/title>\n<meta name=\"robots\" content=\"index, follow, max-snippet:-1, max-image-preview:large, max-video-preview:-1\" \/>\n<link rel=\"canonical\" href=\"https:\/\/www.gaveanews.com\/index.php\/2022\/12\/01\/flamengo-nao-quer-ter-atrito-com-o-palmeiras\/\" \/>\n<meta property=\"og:locale\" content=\"pt_BR\" \/>\n<meta property=\"og:type\" content=\"article\" \/>\n<meta property=\"og:title\" content=\"Flamengo n\u00e3o quer ter atrito com o Palmeiras\" \/>\n<meta property=\"og:description\" content=\"O Flamengo est\u00e1 em busca de refor\u00e7os para a pr\u00f3xima temporada. O clube tem negocia\u00e7\u00f5es encaminhadas com V\u00edtor Pereira para assumir a equipe em 2023, e enquanto aguarda a oficializa\u00e7\u00e3o do acordo, se prepara para a pr\u00f3xima janela de transfer\u00eancias. H\u00e1 uma lista de prioridades da diretoria para a ida ao mercado, mas o clube [&hellip;]\" \/>\n<meta property=\"og:url\" content=\"https:\/\/www.gaveanews.com\/index.php\/2022\/12\/01\/flamengo-nao-quer-ter-atrito-com-o-palmeiras\/\" \/>\n<meta property=\"og:site_name\" content=\"G\u00e1vea News\" \/>\n<meta property=\"article:publisher\" content=\"https:\/\/facebook.com\/gaveaNews\/\" \/>\n<meta property=\"article:published_time\" content=\"2022-12-01T12:17:34+00:00\" \/>\n<meta property=\"article:modified_time\" content=\"2022-12-01T12:17:36+00:00\" \/>\n<meta property=\"og:image\" content=\"https:\/\/www.gaveanews.com\/wp-content\/uploads\/dudu-palmeiras.webp\" \/>\n\t<meta property=\"og:image:width\" content=\"846\" \/>\n\t<meta property=\"og:image:height\" content=\"476\" \/>\n\t<meta property=\"og:image:type\" content=\"image\/webp\" \/>\n<meta name=\"author\" content=\"Let\u00edcia Gerheim\" \/>\n<meta name=\"twitter:card\" content=\"summary_large_image\" \/>\n<meta name=\"twitter:label1\" content=\"Escrito por\" \/>\n\t<meta name=\"twitter:data1\" content=\"Let\u00edcia Gerheim\" \/>\n\t<meta name=\"twitter:label2\" content=\"Est. tempo de leitura\" \/>\n\t<meta name=\"twitter:data2\" content=\"2 minutos\" \/>\n<script type=\"application\/ld+json\" class=\"yoast-schema-graph\">{\"@context\":\"https:\/\/schema.org\",\"@graph\":[{\"@type\":\"NewsArticle\",\"@id\":\"https:\/\/www.gaveanews.com\/index.php\/2022\/12\/01\/flamengo-nao-quer-ter-atrito-com-o-palmeiras\/#article\",\"isPartOf\":{\"@id\":\"https:\/\/www.gaveanews.com\/index.php\/2022\/12\/01\/flamengo-nao-quer-ter-atrito-com-o-palmeiras\/\"},\"author\":{\"name\":\"Let\u00edcia Gerheim\",\"@id\":\"https:\/\/www.gaveanews.com\/#\/schema\/person\/714c67050b836198af2450ba1c142a67\"},\"headline\":\"Flamengo n\u00e3o quer ter atrito com o Palmeiras\",\"datePublished\":\"2022-12-01T12:17:34+00:00\",\"dateModified\":\"2022-12-01T12:17:36+00:00\",\"mainEntityOfPage\":{\"@id\":\"https:\/\/www.gaveanews.com\/index.php\/2022\/12\/01\/flamengo-nao-quer-ter-atrito-com-o-palmeiras\/\"},\"wordCount\":213,\"commentCount\":0,\"image\":{\"@id\":\"https:\/\/www.gaveanews.com\/index.php\/2022\/12\/01\/flamengo-nao-quer-ter-atrito-com-o-palmeiras\/#primaryimage\"},\"thumbnailUrl\":\"https:\/\/www.gaveanews.com\/wp-content\/uploads\/dudu-palmeiras.webp\",\"articleSection\":[\"Flamengo\"],\"inLanguage\":\"pt-BR\",\"potentialAction\":[{\"@type\":\"CommentAction\",\"name\":\"Comment\",\"target\":[\"https:\/\/www.gaveanews.com\/index.php\/2022\/12\/01\/flamengo-nao-quer-ter-atrito-com-o-palmeiras\/#respond\"]}],\"copyrightYear\":\"2022\",\"copyrightHolder\":{\"@id\":\"https:\/\/www.gaveanews.com\/#organization\"}},{\"@type\":\"WebPage\",\"@id\":\"https:\/\/www.gaveanews.com\/index.php\/2022\/12\/01\/flamengo-nao-quer-ter-atrito-com-o-palmeiras\/\",\"url\":\"https:\/\/www.gaveanews.com\/index.php\/2022\/12\/01\/flamengo-nao-quer-ter-atrito-com-o-palmeiras\/\",\"name\":\"Flamengo n\u00e3o quer ter atrito com o Palmeiras\",\"isPartOf\":{\"@id\":\"https:\/\/www.gaveanews.com\/#website\"},\"primaryImageOfPage\":{\"@id\":\"https:\/\/www.gaveanews.com\/index.php\/2022\/12\/01\/flamengo-nao-quer-ter-atrito-com-o-palmeiras\/#primaryimage\"},\"image\":{\"@id\":\"https:\/\/www.gaveanews.com\/index.php\/2022\/12\/01\/flamengo-nao-quer-ter-atrito-com-o-palmeiras\/#primaryimage\"},\"thumbnailUrl\":\"https:\/\/www.gaveanews.com\/wp-content\/uploads\/dudu-palmeiras.webp\",\"datePublished\":\"2022-12-01T12:17:34+00:00\",\"dateModified\":\"2022-12-01T12:17:36+00:00\",\"author\":{\"@id\":\"https:\/\/www.gaveanews.com\/#\/schema\/person\/714c67050b836198af2450ba1c142a67\"},\"breadcrumb\":{\"@id\":\"https:\/\/www.gaveanews.com\/index.php\/2022\/12\/01\/flamengo-nao-quer-ter-atrito-com-o-palmeiras\/#breadcrumb\"},\"inLanguage\":\"pt-BR\",\"potentialAction\":[{\"@type\":\"ReadAction\",\"target\":[\"https:\/\/www.gaveanews.com\/index.php\/2022\/12\/01\/flamengo-nao-quer-ter-atrito-com-o-palmeiras\/\"]}]},{\"@type\":\"ImageObject\",\"inLanguage\":\"pt-BR\",\"@id\":\"https:\/\/www.gaveanews.com\/index.php\/2022\/12\/01\/flamengo-nao-quer-ter-atrito-com-o-palmeiras\/#primaryimage\",\"url\":\"https:\/\/www.gaveanews.com\/wp-content\/uploads\/dudu-palmeiras.webp\",\"contentUrl\":\"https:\/\/www.gaveanews.com\/wp-content\/uploads\/dudu-palmeiras.webp\",\"width\":846,\"height\":476,\"caption\":\"Dudu em jogo do Palmeiras (Foto: Cesar Greco\/Palmeiras)\"},{\"@type\":\"BreadcrumbList\",\"@id\":\"https:\/\/www.gaveanews.com\/index.php\/2022\/12\/01\/flamengo-nao-quer-ter-atrito-com-o-palmeiras\/#breadcrumb\",\"itemListElement\":[{\"@type\":\"ListItem\",\"position\":1,\"name\":\"Home\",\"item\":\"https:\/\/www.gaveanews.com\/\"},{\"@type\":\"ListItem\",\"position\":2,\"name\":\"Flamengo n\u00e3o quer ter atrito com o Palmeiras\"}]},{\"@type\":\"WebSite\",\"@id\":\"https:\/\/www.gaveanews.com\/#website\",\"url\":\"https:\/\/www.gaveanews.com\/\",\"name\":\"G\u00e1vea News\",\"description\":\"Veja todas as not\u00edcias sobre o Flamengo: Contrata\u00e7\u00f5es, categorias de base, resultados das partidas, tabela de classifica\u00e7\u00e3o, pr\u00f3ximos jogos!\",\"potentialAction\":[{\"@type\":\"SearchAction\",\"target\":{\"@type\":\"EntryPoint\",\"urlTemplate\":\"https:\/\/www.gaveanews.com\/?s={search_term_string}\"},\"query-input\":{\"@type\":\"PropertyValueSpecification\",\"valueRequired\":true,\"valueName\":\"search_term_string\"}}],\"inLanguage\":\"pt-BR\"},{\"@type\":\"Person\",\"@id\":\"https:\/\/www.gaveanews.com\/#\/schema\/person\/714c67050b836198af2450ba1c142a67\",\"name\":\"Let\u00edcia Gerheim\",\"image\":{\"@type\":\"ImageObject\",\"inLanguage\":\"pt-BR\",\"@id\":\"https:\/\/www.gaveanews.com\/#\/schema\/person\/image\/\",\"url\":\"https:\/\/secure.gravatar.com\/avatar\/60734739c50fcebfbac509e2a826ccd0ff405c019bc73aab9354f19ecad1dcb4?s=96&d=mm&r=g\",\"contentUrl\":\"https:\/\/secure.gravatar.com\/avatar\/60734739c50fcebfbac509e2a826ccd0ff405c019bc73aab9354f19ecad1dcb4?s=96&d=mm&r=g\",\"caption\":\"Let\u00edcia Gerheim\"}}]}<\/script>\n<!-- \/ Yoast SEO Premium plugin. -->","yoast_head_json":{"title":"Flamengo n\u00e3o quer ter atrito com o Palmeiras","robots":{"index":"index","follow":"follow","max-snippet":"max-snippet:-1","max-image-preview":"max-image-preview:large","max-video-preview":"max-video-preview:-1"},"canonical":"https:\/\/www.gaveanews.com\/index.php\/2022\/12\/01\/flamengo-nao-quer-ter-atrito-com-o-palmeiras\/","og_locale":"pt_BR","og_type":"article","og_title":"Flamengo n\u00e3o quer ter atrito com o Palmeiras","og_description":"O Flamengo est\u00e1 em busca de refor\u00e7os para a pr\u00f3xima temporada. O clube tem negocia\u00e7\u00f5es encaminhadas com V\u00edtor Pereira para assumir a equipe em 2023, e enquanto aguarda a oficializa\u00e7\u00e3o do acordo, se prepara para a pr\u00f3xima janela de transfer\u00eancias. H\u00e1 uma lista de prioridades da diretoria para a ida ao mercado, mas o clube [&hellip;]","og_url":"https:\/\/www.gaveanews.com\/index.php\/2022\/12\/01\/flamengo-nao-quer-ter-atrito-com-o-palmeiras\/","og_site_name":"G\u00e1vea News","article_publisher":"https:\/\/facebook.com\/gaveaNews\/","article_published_time":"2022-12-01T12:17:34+00:00","article_modified_time":"2022-12-01T12:17:36+00:00","og_image":[{"width":846,"height":476,"url":"https:\/\/www.gaveanews.com\/wp-content\/uploads\/dudu-palmeiras.webp","type":"image\/webp"}],"author":"Let\u00edcia Gerheim","twitter_card":"summary_large_image","twitter_misc":{"Escrito por":"Let\u00edcia Gerheim","Est. tempo de leitura":"2 minutos"},"schema":{"@context":"https:\/\/schema.org","@graph":[{"@type":"NewsArticle","@id":"https:\/\/www.gaveanews.com\/index.php\/2022\/12\/01\/flamengo-nao-quer-ter-atrito-com-o-palmeiras\/#article","isPartOf":{"@id":"https:\/\/www.gaveanews.com\/index.php\/2022\/12\/01\/flamengo-nao-quer-ter-atrito-com-o-palmeiras\/"},"author":{"name":"Let\u00edcia Gerheim","@id":"https:\/\/www.gaveanews.com\/#\/schema\/person\/714c67050b836198af2450ba1c142a67"},"headline":"Flamengo n\u00e3o quer ter atrito com o Palmeiras","datePublished":"2022-12-01T12:17:34+00:00","dateModified":"2022-12-01T12:17:36+00:00","mainEntityOfPage":{"@id":"https:\/\/www.gaveanews.com\/index.php\/2022\/12\/01\/flamengo-nao-quer-ter-atrito-com-o-palmeiras\/"},"wordCount":213,"commentCount":0,"image":{"@id":"https:\/\/www.gaveanews.com\/index.php\/2022\/12\/01\/flamengo-nao-quer-ter-atrito-com-o-palmeiras\/#primaryimage"},"thumbnailUrl":"https:\/\/www.gaveanews.com\/wp-content\/uploads\/dudu-palmeiras.webp","articleSection":["Flamengo"],"inLanguage":"pt-BR","potentialAction":[{"@type":"CommentAction","name":"Comment","target":["https:\/\/www.gaveanews.com\/index.php\/2022\/12\/01\/flamengo-nao-quer-ter-atrito-com-o-palmeiras\/#respond"]}],"copyrightYear":"2022","copyrightHolder":{"@id":"https:\/\/www.gaveanews.com\/#organization"}},{"@type":"WebPage","@id":"https:\/\/www.gaveanews.com\/index.php\/2022\/12\/01\/flamengo-nao-quer-ter-atrito-com-o-palmeiras\/","url":"https:\/\/www.gaveanews.com\/index.php\/2022\/12\/01\/flamengo-nao-quer-ter-atrito-com-o-palmeiras\/","name":"Flamengo n\u00e3o quer ter atrito com o Palmeiras","isPartOf":{"@id":"https:\/\/www.gaveanews.com\/#website"},"primaryImageOfPage":{"@id":"https:\/\/www.gaveanews.com\/index.php\/2022\/12\/01\/flamengo-nao-quer-ter-atrito-com-o-palmeiras\/#primaryimage"},"image":{"@id":"https:\/\/www.gaveanews.com\/index.php\/2022\/12\/01\/flamengo-nao-quer-ter-atrito-com-o-palmeiras\/#primaryimage"},"thumbnailUrl":"https:\/\/www.gaveanews.com\/wp-content\/uploads\/dudu-palmeiras.webp","datePublished":"2022-12-01T12:17:34+00:00","dateModified":"2022-12-01T12:17:36+00:00","author":{"@id":"https:\/\/www.gaveanews.com\/#\/schema\/person\/714c67050b836198af2450ba1c142a67"},"breadcrumb":{"@id":"https:\/\/www.gaveanews.com\/index.php\/2022\/12\/01\/flamengo-nao-quer-ter-atrito-com-o-palmeiras\/#breadcrumb"},"inLanguage":"pt-BR","potentialAction":[{"@type":"ReadAction","target":["https:\/\/www.gaveanews.com\/index.php\/2022\/12\/01\/flamengo-nao-quer-ter-atrito-com-o-palmeiras\/"]}]},{"@type":"ImageObject","inLanguage":"pt-BR","@id":"https:\/\/www.gaveanews.com\/index.php\/2022\/12\/01\/flamengo-nao-quer-ter-atrito-com-o-palmeiras\/#primaryimage","url":"https:\/\/www.gaveanews.com\/wp-content\/uploads\/dudu-palmeiras.webp","contentUrl":"https:\/\/www.gaveanews.com\/wp-content\/uploads\/dudu-palmeiras.webp","width":846,"height":476,"caption":"Dudu em jogo do Palmeiras (Foto: Cesar Greco\/Palmeiras)"},{"@type":"BreadcrumbList","@id":"https:\/\/www.gaveanews.com\/index.php\/2022\/12\/01\/flamengo-nao-quer-ter-atrito-com-o-palmeiras\/#breadcrumb","itemListElement":[{"@type":"ListItem","position":1,"name":"Home","item":"https:\/\/www.gaveanews.com\/"},{"@type":"ListItem","position":2,"name":"Flamengo n\u00e3o quer ter atrito com o Palmeiras"}]},{"@type":"WebSite","@id":"https:\/\/www.gaveanews.com\/#website","url":"https:\/\/www.gaveanews.com\/","name":"G\u00e1vea News","description":"Veja todas as not\u00edcias sobre o Flamengo: Contrata\u00e7\u00f5es, categorias de base, resultados das partidas, tabela de classifica\u00e7\u00e3o, pr\u00f3ximos jogos!","potentialAction":[{"@type":"SearchAction","target":{"@type":"EntryPoint","urlTemplate":"https:\/\/www.gaveanews.com\/?s={search_term_string}"},"query-input":{"@type":"PropertyValueSpecification","valueRequired":true,"valueName":"search_term_string"}}],"inLanguage":"pt-BR"},{"@type":"Person","@id":"https:\/\/www.gaveanews.com\/#\/schema\/person\/714c67050b836198af2450ba1c142a67","name":"Let\u00edcia Gerheim","image":{"@type":"ImageObject","inLanguage":"pt-BR","@id":"https:\/\/www.gaveanews.com\/#\/schema\/person\/image\/","url":"https:\/\/secure.gravatar.com\/avatar\/60734739c50fcebfbac509e2a826ccd0ff405c019bc73aab9354f19ecad1dcb4?s=96&d=mm&r=g","contentUrl":"https:\/\/secure.gravatar.com\/avatar\/60734739c50fcebfbac509e2a826ccd0ff405c019bc73aab9354f19ecad1dcb4?s=96&d=mm&r=g","caption":"Let\u00edcia Gerheim"}}]}},"_links":{"self":[{"href":"https:\/\/www.gaveanews.com\/index.php\/wp-json\/wp\/v2\/posts\/91456","targetHints":{"allow":["GET"]}}],"collection":[{"href":"https:\/\/www.gaveanews.com\/index.php\/wp-json\/wp\/v2\/posts"}],"about":[{"href":"https:\/\/www.gaveanews.com\/index.php\/wp-json\/wp\/v2\/types\/post"}],"author":[{"embeddable":true,"href":"https:\/\/www.gaveanews.com\/index.php\/wp-json\/wp\/v2\/users\/4"}],"replies":[{"embeddable":true,"href":"https:\/\/www.gaveanews.com\/index.php\/wp-json\/wp\/v2\/comments?post=91456"}],"version-history":[{"count":0,"href":"https:\/\/www.gaveanews.com\/index.php\/wp-json\/wp\/v2\/posts\/91456\/revisions"}],"wp:featuredmedia":[{"embeddable":true,"href":"https:\/\/www.gaveanews.com\/index.php\/wp-json\/wp\/v2\/media\/91439"}],"wp:attachment":[{"href":"https:\/\/www.gaveanews.com\/index.php\/wp-json\/wp\/v2\/media?parent=91456"}],"wp:term":[{"taxonomy":"category","embeddable":true,"href":"https:\/\/www.gaveanews.com\/index.php\/wp-json\/wp\/v2\/categories?post=91456"},{"taxonomy":"post_tag","embeddable":true,"href":"https:\/\/www.gaveanews.com\/index.php\/wp-json\/wp\/v2\/tags?post=91456"}],"curies":[{"name":"wp","href":"https:\/\/api.w.org\/{rel}","templated":true}]}}