{"id":91464,"date":"2022-12-01T13:42:10","date_gmt":"2022-12-01T16:42:10","guid":{"rendered":"https:\/\/www.gaveanews.com\/?p=91464"},"modified":"2022-12-01T13:42:12","modified_gmt":"2022-12-01T16:42:12","slug":"campeao-da-libertadores-e-do-mundial-pelo-flamengo-e-assaltado-no-rio-de-janeiro","status":"publish","type":"post","link":"https:\/\/www.gaveanews.com\/index.php\/2022\/12\/01\/campeao-da-libertadores-e-do-mundial-pelo-flamengo-e-assaltado-no-rio-de-janeiro\/","title":{"rendered":"Campe\u00e3o da Libertadores e do Mundial pelo Flamengo \u00e9 assaltado no Rio de Janeiro"},"content":{"rendered":"\n<p>Um dos grandes nomes na hist\u00f3ria do Flamengo passou por um susto ontem (quarta-feira) \u00e0 noite no Rio. teve carro, documentos e v\u00e1rios pertences roubados na Linha Vermelha, na altura da Pavuna zona norte da cidade.<\/p>\n\n\n\n<p>O ex-jogador estava num Jeep branco, e teve o carro levado pelos assaltantes, outros pertences como cord\u00e3o, rel\u00f3gio e pulseira tamb\u00e9m foram levados. Nunes tamb\u00e9m informou que foi agredido e que os bandidos roubaram contratos de jogadores que estavam no carro.<\/p>\n\n\n\n<p>Nunes foi cercado por dois carros e tivera a arma apontada para si em diversos momentos do ocorrido. O ex-atleta agora aguarda que a Pol\u00edcia Militar consiga readquirir os pertences.<\/p>\n\n\n\n<p>Nunes conquistou tr\u00eas Campeonatos Brasileiros, a Libertadores da Am\u00e9rica e a Copa Intercontinental com a camisa do Flamengo.<\/p>\n\n\n\n<p>Retirado de: Di\u00e1rio do Fla<\/p>\n","protected":false},"excerpt":{"rendered":"<p>Um dos grandes nomes na hist\u00f3ria do Flamengo passou por um susto ontem (quarta-feira) \u00e0 noite no Rio. teve carro, documentos e v\u00e1rios pertences roubados na Linha Vermelha, na altura da Pavuna zona norte da cidade. O ex-jogador estava num Jeep branco, e teve o carro levado pelos assaltantes, outros pertences como cord\u00e3o, rel\u00f3gio e [&hellip;]<\/p>\n","protected":false},"author":1,"featured_media":78773,"comment_status":"open","ping_status":"closed","sticky":false,"template":"","format":"standard","meta":{"footnotes":""},"categories":[1],"tags":[],"class_list":["post-91464","post","type-post","status-publish","format-standard","has-post-thumbnail","hentry","category-flamengo"],"yoast_head":"<!-- This site is optimized with the Yoast SEO Premium plugin v24.2 (Yoast SEO v26.9) - https:\/\/yoast.com\/product\/yoast-seo-premium-wordpress\/ -->\n<title>Campe\u00e3o da Libertadores e do Mundial pelo Flamengo \u00e9 assaltado no Rio de Janeiro<\/title>\n<meta name=\"robots\" content=\"index, follow, max-snippet:-1, max-image-preview:large, max-video-preview:-1\" \/>\n<link rel=\"canonical\" href=\"https:\/\/www.gaveanews.com\/index.php\/2022\/12\/01\/campeao-da-libertadores-e-do-mundial-pelo-flamengo-e-assaltado-no-rio-de-janeiro\/\" \/>\n<meta property=\"og:locale\" content=\"pt_BR\" \/>\n<meta property=\"og:type\" content=\"article\" \/>\n<meta property=\"og:title\" content=\"Campe\u00e3o da Libertadores e do Mundial pelo Flamengo \u00e9 assaltado no Rio de Janeiro\" \/>\n<meta property=\"og:description\" content=\"Um dos grandes nomes na hist\u00f3ria do Flamengo passou por um susto ontem (quarta-feira) \u00e0 noite no Rio. teve carro, documentos e v\u00e1rios pertences roubados na Linha Vermelha, na altura da Pavuna zona norte da cidade. O ex-jogador estava num Jeep branco, e teve o carro levado pelos assaltantes, outros pertences como cord\u00e3o, rel\u00f3gio e [&hellip;]\" \/>\n<meta property=\"og:url\" content=\"https:\/\/www.gaveanews.com\/index.php\/2022\/12\/01\/campeao-da-libertadores-e-do-mundial-pelo-flamengo-e-assaltado-no-rio-de-janeiro\/\" \/>\n<meta property=\"og:site_name\" content=\"G\u00e1vea News\" \/>\n<meta property=\"article:publisher\" content=\"https:\/\/facebook.com\/gaveaNews\/\" \/>\n<meta property=\"article:published_time\" content=\"2022-12-01T16:42:10+00:00\" \/>\n<meta property=\"article:modified_time\" content=\"2022-12-01T16:42:12+00:00\" \/>\n<meta property=\"og:image\" content=\"https:\/\/www.gaveanews.com\/wp-content\/uploads\/Nunes-e-Gabigol-sao-homenageados-e-deixam-marca-na-calcada-da-fama-do-Maracana.webp\" \/>\n\t<meta property=\"og:image:width\" content=\"2048\" \/>\n\t<meta property=\"og:image:height\" content=\"1364\" \/>\n\t<meta property=\"og:image:type\" content=\"image\/jpeg\" \/>\n<meta name=\"author\" content=\"Equipe G\u00e1vea News\" \/>\n<meta name=\"twitter:card\" content=\"summary_large_image\" \/>\n<meta name=\"twitter:label1\" content=\"Escrito por\" \/>\n\t<meta name=\"twitter:data1\" content=\"Equipe G\u00e1vea News\" \/>\n\t<meta name=\"twitter:label2\" content=\"Est. tempo de leitura\" \/>\n\t<meta name=\"twitter:data2\" content=\"1 minuto\" \/>\n<script type=\"application\/ld+json\" class=\"yoast-schema-graph\">{\"@context\":\"https:\/\/schema.org\",\"@graph\":[{\"@type\":\"NewsArticle\",\"@id\":\"https:\/\/www.gaveanews.com\/index.php\/2022\/12\/01\/campeao-da-libertadores-e-do-mundial-pelo-flamengo-e-assaltado-no-rio-de-janeiro\/#article\",\"isPartOf\":{\"@id\":\"https:\/\/www.gaveanews.com\/index.php\/2022\/12\/01\/campeao-da-libertadores-e-do-mundial-pelo-flamengo-e-assaltado-no-rio-de-janeiro\/\"},\"author\":{\"name\":\"Equipe G\u00e1vea News\",\"@id\":\"https:\/\/www.gaveanews.com\/#\/schema\/person\/2ec14f73fb96be2caf28f91afb14749d\"},\"headline\":\"Campe\u00e3o da Libertadores e do Mundial pelo Flamengo \u00e9 assaltado no Rio de Janeiro\",\"datePublished\":\"2022-12-01T16:42:10+00:00\",\"dateModified\":\"2022-12-01T16:42:12+00:00\",\"mainEntityOfPage\":{\"@id\":\"https:\/\/www.gaveanews.com\/index.php\/2022\/12\/01\/campeao-da-libertadores-e-do-mundial-pelo-flamengo-e-assaltado-no-rio-de-janeiro\/\"},\"wordCount\":153,\"commentCount\":0,\"image\":{\"@id\":\"https:\/\/www.gaveanews.com\/index.php\/2022\/12\/01\/campeao-da-libertadores-e-do-mundial-pelo-flamengo-e-assaltado-no-rio-de-janeiro\/#primaryimage\"},\"thumbnailUrl\":\"https:\/\/www.gaveanews.com\/wp-content\/uploads\/Nunes-e-Gabigol-sao-homenageados-e-deixam-marca-na-calcada-da-fama-do-Maracana.webp\",\"articleSection\":[\"Flamengo\"],\"inLanguage\":\"pt-BR\",\"potentialAction\":[{\"@type\":\"CommentAction\",\"name\":\"Comment\",\"target\":[\"https:\/\/www.gaveanews.com\/index.php\/2022\/12\/01\/campeao-da-libertadores-e-do-mundial-pelo-flamengo-e-assaltado-no-rio-de-janeiro\/#respond\"]}],\"copyrightYear\":\"2022\",\"copyrightHolder\":{\"@id\":\"https:\/\/www.gaveanews.com\/#organization\"}},{\"@type\":\"WebPage\",\"@id\":\"https:\/\/www.gaveanews.com\/index.php\/2022\/12\/01\/campeao-da-libertadores-e-do-mundial-pelo-flamengo-e-assaltado-no-rio-de-janeiro\/\",\"url\":\"https:\/\/www.gaveanews.com\/index.php\/2022\/12\/01\/campeao-da-libertadores-e-do-mundial-pelo-flamengo-e-assaltado-no-rio-de-janeiro\/\",\"name\":\"Campe\u00e3o da Libertadores e do Mundial pelo Flamengo \u00e9 assaltado no Rio de Janeiro\",\"isPartOf\":{\"@id\":\"https:\/\/www.gaveanews.com\/#website\"},\"primaryImageOfPage\":{\"@id\":\"https:\/\/www.gaveanews.com\/index.php\/2022\/12\/01\/campeao-da-libertadores-e-do-mundial-pelo-flamengo-e-assaltado-no-rio-de-janeiro\/#primaryimage\"},\"image\":{\"@id\":\"https:\/\/www.gaveanews.com\/index.php\/2022\/12\/01\/campeao-da-libertadores-e-do-mundial-pelo-flamengo-e-assaltado-no-rio-de-janeiro\/#primaryimage\"},\"thumbnailUrl\":\"https:\/\/www.gaveanews.com\/wp-content\/uploads\/Nunes-e-Gabigol-sao-homenageados-e-deixam-marca-na-calcada-da-fama-do-Maracana.webp\",\"datePublished\":\"2022-12-01T16:42:10+00:00\",\"dateModified\":\"2022-12-01T16:42:12+00:00\",\"author\":{\"@id\":\"https:\/\/www.gaveanews.com\/#\/schema\/person\/2ec14f73fb96be2caf28f91afb14749d\"},\"breadcrumb\":{\"@id\":\"https:\/\/www.gaveanews.com\/index.php\/2022\/12\/01\/campeao-da-libertadores-e-do-mundial-pelo-flamengo-e-assaltado-no-rio-de-janeiro\/#breadcrumb\"},\"inLanguage\":\"pt-BR\",\"potentialAction\":[{\"@type\":\"ReadAction\",\"target\":[\"https:\/\/www.gaveanews.com\/index.php\/2022\/12\/01\/campeao-da-libertadores-e-do-mundial-pelo-flamengo-e-assaltado-no-rio-de-janeiro\/\"]}]},{\"@type\":\"ImageObject\",\"inLanguage\":\"pt-BR\",\"@id\":\"https:\/\/www.gaveanews.com\/index.php\/2022\/12\/01\/campeao-da-libertadores-e-do-mundial-pelo-flamengo-e-assaltado-no-rio-de-janeiro\/#primaryimage\",\"url\":\"https:\/\/www.gaveanews.com\/wp-content\/uploads\/Nunes-e-Gabigol-sao-homenageados-e-deixam-marca-na-calcada-da-fama-do-Maracana.webp\",\"contentUrl\":\"https:\/\/www.gaveanews.com\/wp-content\/uploads\/Nunes-e-Gabigol-sao-homenageados-e-deixam-marca-na-calcada-da-fama-do-Maracana.webp\",\"width\":2048,\"height\":1364,\"caption\":\"Nunes e Gabigol s\u00e3o homenageados e deixam marca na cal\u00e7ada da fama do Maracan\u00e3 (Foto: Marcelo Cortes\/Flamengo)\"},{\"@type\":\"BreadcrumbList\",\"@id\":\"https:\/\/www.gaveanews.com\/index.php\/2022\/12\/01\/campeao-da-libertadores-e-do-mundial-pelo-flamengo-e-assaltado-no-rio-de-janeiro\/#breadcrumb\",\"itemListElement\":[{\"@type\":\"ListItem\",\"position\":1,\"name\":\"Home\",\"item\":\"https:\/\/www.gaveanews.com\/\"},{\"@type\":\"ListItem\",\"position\":2,\"name\":\"Campe\u00e3o da Libertadores e do Mundial pelo Flamengo \u00e9 assaltado no Rio de Janeiro\"}]},{\"@type\":\"WebSite\",\"@id\":\"https:\/\/www.gaveanews.com\/#website\",\"url\":\"https:\/\/www.gaveanews.com\/\",\"name\":\"G\u00e1vea News\",\"description\":\"Veja todas as not\u00edcias sobre o Flamengo: Contrata\u00e7\u00f5es, categorias de base, resultados das partidas, tabela de classifica\u00e7\u00e3o, pr\u00f3ximos jogos!\",\"potentialAction\":[{\"@type\":\"SearchAction\",\"target\":{\"@type\":\"EntryPoint\",\"urlTemplate\":\"https:\/\/www.gaveanews.com\/?s={search_term_string}\"},\"query-input\":{\"@type\":\"PropertyValueSpecification\",\"valueRequired\":true,\"valueName\":\"search_term_string\"}}],\"inLanguage\":\"pt-BR\"},{\"@type\":\"Person\",\"@id\":\"https:\/\/www.gaveanews.com\/#\/schema\/person\/2ec14f73fb96be2caf28f91afb14749d\",\"name\":\"Equipe G\u00e1vea News\",\"image\":{\"@type\":\"ImageObject\",\"inLanguage\":\"pt-BR\",\"@id\":\"https:\/\/www.gaveanews.com\/#\/schema\/person\/image\/\",\"url\":\"https:\/\/secure.gravatar.com\/avatar\/1e1956f1facbffd3f8fa53a326721950116b3b9dc9bd44939c01180fd4a745a9?s=96&d=mm&r=g\",\"contentUrl\":\"https:\/\/secure.gravatar.com\/avatar\/1e1956f1facbffd3f8fa53a326721950116b3b9dc9bd44939c01180fd4a745a9?s=96&d=mm&r=g\",\"caption\":\"Equipe G\u00e1vea News\"}}]}<\/script>\n<!-- \/ Yoast SEO Premium plugin. -->","yoast_head_json":{"title":"Campe\u00e3o da Libertadores e do Mundial pelo Flamengo \u00e9 assaltado no Rio de Janeiro","robots":{"index":"index","follow":"follow","max-snippet":"max-snippet:-1","max-image-preview":"max-image-preview:large","max-video-preview":"max-video-preview:-1"},"canonical":"https:\/\/www.gaveanews.com\/index.php\/2022\/12\/01\/campeao-da-libertadores-e-do-mundial-pelo-flamengo-e-assaltado-no-rio-de-janeiro\/","og_locale":"pt_BR","og_type":"article","og_title":"Campe\u00e3o da Libertadores e do Mundial pelo Flamengo \u00e9 assaltado no Rio de Janeiro","og_description":"Um dos grandes nomes na hist\u00f3ria do Flamengo passou por um susto ontem (quarta-feira) \u00e0 noite no Rio. teve carro, documentos e v\u00e1rios pertences roubados na Linha Vermelha, na altura da Pavuna zona norte da cidade. O ex-jogador estava num Jeep branco, e teve o carro levado pelos assaltantes, outros pertences como cord\u00e3o, rel\u00f3gio e [&hellip;]","og_url":"https:\/\/www.gaveanews.com\/index.php\/2022\/12\/01\/campeao-da-libertadores-e-do-mundial-pelo-flamengo-e-assaltado-no-rio-de-janeiro\/","og_site_name":"G\u00e1vea News","article_publisher":"https:\/\/facebook.com\/gaveaNews\/","article_published_time":"2022-12-01T16:42:10+00:00","article_modified_time":"2022-12-01T16:42:12+00:00","og_image":[{"width":2048,"height":1364,"url":"https:\/\/www.gaveanews.com\/wp-content\/uploads\/Nunes-e-Gabigol-sao-homenageados-e-deixam-marca-na-calcada-da-fama-do-Maracana.webp","type":"image\/jpeg"}],"author":"Equipe G\u00e1vea News","twitter_card":"summary_large_image","twitter_misc":{"Escrito por":"Equipe G\u00e1vea News","Est. tempo de leitura":"1 minuto"},"schema":{"@context":"https:\/\/schema.org","@graph":[{"@type":"NewsArticle","@id":"https:\/\/www.gaveanews.com\/index.php\/2022\/12\/01\/campeao-da-libertadores-e-do-mundial-pelo-flamengo-e-assaltado-no-rio-de-janeiro\/#article","isPartOf":{"@id":"https:\/\/www.gaveanews.com\/index.php\/2022\/12\/01\/campeao-da-libertadores-e-do-mundial-pelo-flamengo-e-assaltado-no-rio-de-janeiro\/"},"author":{"name":"Equipe G\u00e1vea News","@id":"https:\/\/www.gaveanews.com\/#\/schema\/person\/2ec14f73fb96be2caf28f91afb14749d"},"headline":"Campe\u00e3o da Libertadores e do Mundial pelo Flamengo \u00e9 assaltado no Rio de Janeiro","datePublished":"2022-12-01T16:42:10+00:00","dateModified":"2022-12-01T16:42:12+00:00","mainEntityOfPage":{"@id":"https:\/\/www.gaveanews.com\/index.php\/2022\/12\/01\/campeao-da-libertadores-e-do-mundial-pelo-flamengo-e-assaltado-no-rio-de-janeiro\/"},"wordCount":153,"commentCount":0,"image":{"@id":"https:\/\/www.gaveanews.com\/index.php\/2022\/12\/01\/campeao-da-libertadores-e-do-mundial-pelo-flamengo-e-assaltado-no-rio-de-janeiro\/#primaryimage"},"thumbnailUrl":"https:\/\/www.gaveanews.com\/wp-content\/uploads\/Nunes-e-Gabigol-sao-homenageados-e-deixam-marca-na-calcada-da-fama-do-Maracana.webp","articleSection":["Flamengo"],"inLanguage":"pt-BR","potentialAction":[{"@type":"CommentAction","name":"Comment","target":["https:\/\/www.gaveanews.com\/index.php\/2022\/12\/01\/campeao-da-libertadores-e-do-mundial-pelo-flamengo-e-assaltado-no-rio-de-janeiro\/#respond"]}],"copyrightYear":"2022","copyrightHolder":{"@id":"https:\/\/www.gaveanews.com\/#organization"}},{"@type":"WebPage","@id":"https:\/\/www.gaveanews.com\/index.php\/2022\/12\/01\/campeao-da-libertadores-e-do-mundial-pelo-flamengo-e-assaltado-no-rio-de-janeiro\/","url":"https:\/\/www.gaveanews.com\/index.php\/2022\/12\/01\/campeao-da-libertadores-e-do-mundial-pelo-flamengo-e-assaltado-no-rio-de-janeiro\/","name":"Campe\u00e3o da Libertadores e do Mundial pelo Flamengo \u00e9 assaltado no Rio de Janeiro","isPartOf":{"@id":"https:\/\/www.gaveanews.com\/#website"},"primaryImageOfPage":{"@id":"https:\/\/www.gaveanews.com\/index.php\/2022\/12\/01\/campeao-da-libertadores-e-do-mundial-pelo-flamengo-e-assaltado-no-rio-de-janeiro\/#primaryimage"},"image":{"@id":"https:\/\/www.gaveanews.com\/index.php\/2022\/12\/01\/campeao-da-libertadores-e-do-mundial-pelo-flamengo-e-assaltado-no-rio-de-janeiro\/#primaryimage"},"thumbnailUrl":"https:\/\/www.gaveanews.com\/wp-content\/uploads\/Nunes-e-Gabigol-sao-homenageados-e-deixam-marca-na-calcada-da-fama-do-Maracana.webp","datePublished":"2022-12-01T16:42:10+00:00","dateModified":"2022-12-01T16:42:12+00:00","author":{"@id":"https:\/\/www.gaveanews.com\/#\/schema\/person\/2ec14f73fb96be2caf28f91afb14749d"},"breadcrumb":{"@id":"https:\/\/www.gaveanews.com\/index.php\/2022\/12\/01\/campeao-da-libertadores-e-do-mundial-pelo-flamengo-e-assaltado-no-rio-de-janeiro\/#breadcrumb"},"inLanguage":"pt-BR","potentialAction":[{"@type":"ReadAction","target":["https:\/\/www.gaveanews.com\/index.php\/2022\/12\/01\/campeao-da-libertadores-e-do-mundial-pelo-flamengo-e-assaltado-no-rio-de-janeiro\/"]}]},{"@type":"ImageObject","inLanguage":"pt-BR","@id":"https:\/\/www.gaveanews.com\/index.php\/2022\/12\/01\/campeao-da-libertadores-e-do-mundial-pelo-flamengo-e-assaltado-no-rio-de-janeiro\/#primaryimage","url":"https:\/\/www.gaveanews.com\/wp-content\/uploads\/Nunes-e-Gabigol-sao-homenageados-e-deixam-marca-na-calcada-da-fama-do-Maracana.webp","contentUrl":"https:\/\/www.gaveanews.com\/wp-content\/uploads\/Nunes-e-Gabigol-sao-homenageados-e-deixam-marca-na-calcada-da-fama-do-Maracana.webp","width":2048,"height":1364,"caption":"Nunes e Gabigol s\u00e3o homenageados e deixam marca na cal\u00e7ada da fama do Maracan\u00e3 (Foto: Marcelo Cortes\/Flamengo)"},{"@type":"BreadcrumbList","@id":"https:\/\/www.gaveanews.com\/index.php\/2022\/12\/01\/campeao-da-libertadores-e-do-mundial-pelo-flamengo-e-assaltado-no-rio-de-janeiro\/#breadcrumb","itemListElement":[{"@type":"ListItem","position":1,"name":"Home","item":"https:\/\/www.gaveanews.com\/"},{"@type":"ListItem","position":2,"name":"Campe\u00e3o da Libertadores e do Mundial pelo Flamengo \u00e9 assaltado no Rio de Janeiro"}]},{"@type":"WebSite","@id":"https:\/\/www.gaveanews.com\/#website","url":"https:\/\/www.gaveanews.com\/","name":"G\u00e1vea News","description":"Veja todas as not\u00edcias sobre o Flamengo: Contrata\u00e7\u00f5es, categorias de base, resultados das partidas, tabela de classifica\u00e7\u00e3o, pr\u00f3ximos jogos!","potentialAction":[{"@type":"SearchAction","target":{"@type":"EntryPoint","urlTemplate":"https:\/\/www.gaveanews.com\/?s={search_term_string}"},"query-input":{"@type":"PropertyValueSpecification","valueRequired":true,"valueName":"search_term_string"}}],"inLanguage":"pt-BR"},{"@type":"Person","@id":"https:\/\/www.gaveanews.com\/#\/schema\/person\/2ec14f73fb96be2caf28f91afb14749d","name":"Equipe G\u00e1vea News","image":{"@type":"ImageObject","inLanguage":"pt-BR","@id":"https:\/\/www.gaveanews.com\/#\/schema\/person\/image\/","url":"https:\/\/secure.gravatar.com\/avatar\/1e1956f1facbffd3f8fa53a326721950116b3b9dc9bd44939c01180fd4a745a9?s=96&d=mm&r=g","contentUrl":"https:\/\/secure.gravatar.com\/avatar\/1e1956f1facbffd3f8fa53a326721950116b3b9dc9bd44939c01180fd4a745a9?s=96&d=mm&r=g","caption":"Equipe G\u00e1vea News"}}]}},"_links":{"self":[{"href":"https:\/\/www.gaveanews.com\/index.php\/wp-json\/wp\/v2\/posts\/91464","targetHints":{"allow":["GET"]}}],"collection":[{"href":"https:\/\/www.gaveanews.com\/index.php\/wp-json\/wp\/v2\/posts"}],"about":[{"href":"https:\/\/www.gaveanews.com\/index.php\/wp-json\/wp\/v2\/types\/post"}],"author":[{"embeddable":true,"href":"https:\/\/www.gaveanews.com\/index.php\/wp-json\/wp\/v2\/users\/1"}],"replies":[{"embeddable":true,"href":"https:\/\/www.gaveanews.com\/index.php\/wp-json\/wp\/v2\/comments?post=91464"}],"version-history":[{"count":0,"href":"https:\/\/www.gaveanews.com\/index.php\/wp-json\/wp\/v2\/posts\/91464\/revisions"}],"wp:featuredmedia":[{"embeddable":true,"href":"https:\/\/www.gaveanews.com\/index.php\/wp-json\/wp\/v2\/media\/78773"}],"wp:attachment":[{"href":"https:\/\/www.gaveanews.com\/index.php\/wp-json\/wp\/v2\/media?parent=91464"}],"wp:term":[{"taxonomy":"category","embeddable":true,"href":"https:\/\/www.gaveanews.com\/index.php\/wp-json\/wp\/v2\/categories?post=91464"},{"taxonomy":"post_tag","embeddable":true,"href":"https:\/\/www.gaveanews.com\/index.php\/wp-json\/wp\/v2\/tags?post=91464"}],"curies":[{"name":"wp","href":"https:\/\/api.w.org\/{rel}","templated":true}]}}