{"id":91518,"date":"2022-12-03T11:29:22","date_gmt":"2022-12-03T14:29:22","guid":{"rendered":"https:\/\/www.gaveanews.com\/?p=91518"},"modified":"2022-12-03T11:29:24","modified_gmt":"2022-12-03T14:29:24","slug":"ex-flamengo-vinicius-junior-faz-desabafo-nas-redes-sociais","status":"publish","type":"post","link":"https:\/\/www.gaveanews.com\/index.php\/2022\/12\/03\/ex-flamengo-vinicius-junior-faz-desabafo-nas-redes-sociais\/","title":{"rendered":"Ex-Flamengo, Vinicius J\u00fanior faz desabafo nas redes sociais"},"content":{"rendered":"\n<p>O Minist\u00e9rio P\u00fablico de Madri arquivou a den\u00fancia sobre gritos e c\u00e2nticos racistas dirigidos a Vin\u00edcius J\u00fanior, atacante do Real Madrid, por torcedores do rival Atl\u00e9tico de Madrid durante cl\u00e1ssico disputado em setembro deste ano. O \u00f3rg\u00e3o aponta que os atos &#8220;n\u00e3o constituiriam crime contra a dignidade da pessoa afetada&#8221;, al\u00e9m de argumentar que os cantos n\u00e3o foram repetidos mais de duas vezes &#8220;e que duraram alguns segundos&#8221;.<\/p>\n\n\n\n<p>Apesar de o Minist\u00e9rio P\u00fablico considerar que os cantos foram &#8220;nojentos&#8221;, &#8220;inadequados&#8221; e &#8220;desrespeitosos&#8221;, o \u00f3rg\u00e3o entende que eles foram lan\u00e7ados durante a celebra\u00e7\u00e3o de uma partida de futebol de &#8220;m\u00e1xima rivalidade&#8221; juntamente com outros &#8220;depreciativos&#8221; ou &#8220;zombeteiros&#8221; marcados pela competi\u00e7\u00e3o esportiva.<\/p>\n\n\n\n<p><em>\u2014 Quem mata passa duas horas esfaqueando? Ou dois minutos? Isso \u00e9 incr\u00edvel<\/em> &#8211; disse Esteban Ibarra, presidente do Movimento contra a Intoler\u00e2ncia, o Racismo e a Xenofobia, que apresentou a den\u00fancia em setembro.<\/p>\n\n\n\n<p>O cerne da quest\u00e3o, para ele, \u00e9 que a Pol\u00edcia n\u00e3o forneceu dados e imagens, por isso, pede \u00e0s autoridades que revejam como garantir a incorpora\u00e7\u00e3o das grava\u00e7\u00f5es de \u00e1udio de eventos que ocorrem nas proximidades do est\u00e1dio para que &#8220;os respons\u00e1veis \u200b\u200bpossam ser identificados&#8221;. A Lei espanhola contra a viol\u00eancia, racismo, xenofobia e intoler\u00e2ncia no esporte considera o entorno dos est\u00e1dios como um espa\u00e7o de prote\u00e7\u00e3o e seguran\u00e7a que os clubes devem garantir.<\/p>\n\n\n\n<p><em>\u2014 \u00c9 perturbador que eles tenham tomado essa decis\u00e3o e que ela n\u00e3o tenha sido suficientemente investigada. Isso abre as portas para a impunidade nesse tipo de evento em campos de futebol<\/em> &#8211; concluiu Ibarra.<\/p>\n\n\n\n<p>\u00c0 \u00e9poca, a den\u00fancia se deu ap\u00f3s todos os setores, do esporte \u00e0 pol\u00edtica, condenarem de forma un\u00e2nime as ofensas racistas contra Vin\u00edcius. Os gritos de &#8220;voc\u00ea \u00e9 um macaco, voc\u00ea \u00e9 um macaco&#8221; valeram at\u00e9 a interven\u00e7\u00e3o do Congresso &#8211; houve uma declara\u00e7\u00e3o institucional assinada por todos os grupos &#8211; e do Presidente do Governo, Pedro S\u00e1nchez ,que disse em entrevista que esperava uma resposta contundente do Atl\u00e9tico, seu clube do cora\u00e7\u00e3o.<\/p>\n\n\n\n<p>A La Liga, organizadora do Campeonato Espanhol, denunciou 24 mensagens ofensivas na partida, tr\u00eas delas racistas. E a Comiss\u00e3o Anti-Viol\u00eancia espanhola, pediu aos clubes que ajudem a identificar aqueles que espalham mensagens racistas no futebol.<\/p>\n\n\n\n<h2 class=\"wp-block-heading\" id=\"h-vinicius-respondeu-em-campo\">Vin\u00edcius respondeu em campo<\/h2>\n\n\n\n<p>O Real Madrid venceu o &#8220;derby de Madri&#8221; contra o rival Atl\u00e9tico, que jogava em casa, no Est\u00e1dio Metropolitano. Aos 18 minutos, os merengues fizeram 1 a 0, com o brasileiro Rodrygo, companheiro de Vini no clube e na sele\u00e7\u00e3o brasileira. Na comemora\u00e7\u00e3o, os dois brasileiros sambaram diante dos torcedores, que vaiavam o jogador no in\u00edcio da partida.<\/p>\n\n\n\n<p>Mas a rea\u00e7\u00e3o das arquibancadas veio logo: arremessaram objetos em campo e o juiz entregou ao delegado da partida, comunicando aos oficiais do est\u00e1dio que a atitude foi um ato discriminat\u00f3rio, de acordo com a transmiss\u00e3o do Star+.<\/p>\n\n\n\n<p>A dan\u00e7a n\u00e3o foi transmitida no tel\u00e3o do est\u00e1dio e, mesmo assim, a torcida do Atleti chegou a gritar &#8220;Vinic\u00edus, morra&#8221;, de acordo com o jornal espanhol Marca. Durante a partida, um an\u00fancio foi feito nos alto-falantes advertindo os torcedores da casa a agirem com respeito, ap\u00f3s os arremessos dos objetos.<\/p>\n\n\n\n<p>Aos 36 minutos, a estrela de Vin\u00edcius Junior brilhou de novo. Em passe na medida de Modric, o atacante recebeu a bola e chutou com o bico da chuteira no canto esquerdo do gol, mas a bola explodiu na trave. No rebote, Valverde n\u00e3o desperdi\u00e7ou e estufou as redes: 2 a 0 para o Real. Na comemora\u00e7\u00e3o, todos os jogadores do clube se abra\u00e7aram, em um belo momento de companheirismo.<\/p>\n\n\n\n<p>Na reta final do jogo, Hermoso descontou e a partida terminou em 2 a 1 para o time de Vin\u00edcius.<\/p>\n\n\n\n<p>\u00c0 \u00e9poca, o jogador foi \u00e0 redes sociais se pronunciar sobre o caso e abriu o v\u00eddeo falando que tem tatuada em seu corpo a frase &#8220;Enquanto a cor da pele for mais importante que o brilho dos olhos, haver\u00e1 guerra&#8221;.<\/p>\n\n\n\n<p><em>\u2014 Fui v\u00edtima de xenofobia e racismo em uma s\u00f3 declara\u00e7\u00e3o, mas nada disso come\u00e7ou ontem. H\u00e1 semanas, come\u00e7aram a criminalizar minhas dan\u00e7as. Dan\u00e7as que n\u00e3o s\u00e3o minhas: s\u00e3o de Ronaldinho, Neymar, Paquet\u00e1, Pogba, Matheus Cunha, Griezmann e Jo\u00e3o F\u00e9lix; dos funkeiros e sambistas brasileiros, dos cantores latinos de reggaeton e dos pretos americanos. S\u00e3o dan\u00e7as para celebrar a diversidade cultural do mundo. Aceitem, respeitem, ou surtem. Eu n\u00e3o vou parar<\/em> &#8211; disse em depoimento emocionante.<\/p>\n\n\n\n<p>\u00c0 \u00e9poca, o craque brasileiro tamb\u00e9m disse que continuar\u00e1 a &#8220;bailar&#8221;:<\/p>\n\n\n\n<p><em>\u2014 E o roteiro sempre termina com um pedido de desculpas ou um &#8220;Fui mal interpretado&#8221;. Mas repito para voc\u00ea, racista: Eu n\u00e3o vou parar de bailar. Seja no Samb\u00f3dromo, no Bernab\u00e9u ou onde eu quiser<\/em> &#8211; concluiu.<\/p>\n\n\n\n<p>Vini Jr. faz parte do elenco brasileiro no Catar para a disputa do mundial. O craque foi titular nas duas primeiras partidas, contra S\u00e9rvia e Su\u00ed\u00e7a, e se destacou em campo.<\/p>\n\n\n\n<h2 class=\"wp-block-heading\" id=\"h-desabafo-nas-redes-sociais\">Desabafo nas redes sociais<\/h2>\n\n\n\n<p>Atrav\u00e9s de seu perfil oficial no Twitter, o jogador fez quest\u00e3o de publicar um breve desabafo. Ele ainda fez quest\u00e3o de frisar que seguir\u00e1 na luta e n\u00e3o ir\u00e1 parar. <strong>Veja a publica\u00e7\u00e3o abaixo:<\/strong><\/p>\n\n\n\n<figure class=\"wp-block-embed is-type-rich is-provider-twitter wp-block-embed-twitter\"><div class=\"wp-block-embed__wrapper\">\n<blockquote class=\"twitter-tweet\" data-width=\"550\" data-dnt=\"true\"><p lang=\"pt\" dir=\"ltr\">Tudo normal, mas seguiremos na luta. Eu n\u00e3o vou parar. Madrid hay uno solo\u2026 \ud83e\udd19\ud83c\udffe\ud83e\udd0d <a href=\"https:\/\/t.co\/9riV9uwJR4\">https:\/\/t.co\/9riV9uwJR4<\/a><\/p>&mdash; Vini Jr. (@vinijr) <a href=\"https:\/\/twitter.com\/vinijr\/status\/1598807893255458817?ref_src=twsrc%5Etfw\">December 2, 2022<\/a><\/blockquote><script async src=\"https:\/\/platform.twitter.com\/widgets.js\" charset=\"utf-8\"><\/script>\n<\/div><\/figure>\n\n\n\n<p>Retirado de: O Globo<\/p>\n","protected":false},"excerpt":{"rendered":"<p>O Minist\u00e9rio P\u00fablico de Madri arquivou a den\u00fancia sobre gritos e c\u00e2nticos racistas dirigidos a Vin\u00edcius J\u00fanior, atacante do Real Madrid, por torcedores do rival Atl\u00e9tico de Madrid durante cl\u00e1ssico disputado em setembro deste ano. O \u00f3rg\u00e3o aponta que os atos &#8220;n\u00e3o constituiriam crime contra a dignidade da pessoa afetada&#8221;, al\u00e9m de argumentar que os [&hellip;]<\/p>\n","protected":false},"author":1,"featured_media":91392,"comment_status":"open","ping_status":"closed","sticky":false,"template":"","format":"standard","meta":{"footnotes":""},"categories":[47],"tags":[],"class_list":["post-91518","post","type-post","status-publish","format-standard","has-post-thumbnail","hentry","category-destaques"],"yoast_head":"<!-- This site is optimized with the Yoast SEO Premium plugin v24.2 (Yoast SEO v26.9) - https:\/\/yoast.com\/product\/yoast-seo-premium-wordpress\/ -->\n<title>Ex-Flamengo, Vinicius J\u00fanior faz desabafo nas redes sociais<\/title>\n<meta name=\"robots\" content=\"index, follow, max-snippet:-1, max-image-preview:large, max-video-preview:-1\" \/>\n<link rel=\"canonical\" href=\"https:\/\/www.gaveanews.com\/index.php\/2022\/12\/03\/ex-flamengo-vinicius-junior-faz-desabafo-nas-redes-sociais\/\" \/>\n<meta property=\"og:locale\" content=\"pt_BR\" \/>\n<meta property=\"og:type\" content=\"article\" \/>\n<meta property=\"og:title\" content=\"Ex-Flamengo, Vinicius J\u00fanior faz desabafo nas redes sociais\" \/>\n<meta property=\"og:description\" content=\"O Minist\u00e9rio P\u00fablico de Madri arquivou a den\u00fancia sobre gritos e c\u00e2nticos racistas dirigidos a Vin\u00edcius J\u00fanior, atacante do Real Madrid, por torcedores do rival Atl\u00e9tico de Madrid durante cl\u00e1ssico disputado em setembro deste ano. O \u00f3rg\u00e3o aponta que os atos &#8220;n\u00e3o constituiriam crime contra a dignidade da pessoa afetada&#8221;, al\u00e9m de argumentar que os [&hellip;]\" \/>\n<meta property=\"og:url\" content=\"https:\/\/www.gaveanews.com\/index.php\/2022\/12\/03\/ex-flamengo-vinicius-junior-faz-desabafo-nas-redes-sociais\/\" \/>\n<meta property=\"og:site_name\" content=\"G\u00e1vea News\" \/>\n<meta property=\"article:publisher\" content=\"https:\/\/facebook.com\/gaveaNews\/\" \/>\n<meta property=\"article:published_time\" content=\"2022-12-03T14:29:22+00:00\" \/>\n<meta property=\"article:modified_time\" content=\"2022-12-03T14:29:24+00:00\" \/>\n<meta property=\"og:image\" content=\"https:\/\/www.gaveanews.com\/wp-content\/uploads\/vinicius-junior-selecao-brasileira-copa-do-mundo-qatar.webp\" \/>\n\t<meta property=\"og:image:width\" content=\"799\" \/>\n\t<meta property=\"og:image:height\" content=\"533\" \/>\n\t<meta property=\"og:image:type\" content=\"image\/jpeg\" \/>\n<meta name=\"author\" content=\"Equipe G\u00e1vea News\" \/>\n<meta name=\"twitter:card\" content=\"summary_large_image\" \/>\n<meta name=\"twitter:label1\" content=\"Escrito por\" \/>\n\t<meta name=\"twitter:data1\" content=\"Equipe G\u00e1vea News\" \/>\n\t<meta name=\"twitter:label2\" content=\"Est. tempo de leitura\" \/>\n\t<meta name=\"twitter:data2\" content=\"5 minutos\" \/>\n<script type=\"application\/ld+json\" class=\"yoast-schema-graph\">{\"@context\":\"https:\/\/schema.org\",\"@graph\":[{\"@type\":\"NewsArticle\",\"@id\":\"https:\/\/www.gaveanews.com\/index.php\/2022\/12\/03\/ex-flamengo-vinicius-junior-faz-desabafo-nas-redes-sociais\/#article\",\"isPartOf\":{\"@id\":\"https:\/\/www.gaveanews.com\/index.php\/2022\/12\/03\/ex-flamengo-vinicius-junior-faz-desabafo-nas-redes-sociais\/\"},\"author\":{\"name\":\"Equipe G\u00e1vea News\",\"@id\":\"https:\/\/www.gaveanews.com\/#\/schema\/person\/2ec14f73fb96be2caf28f91afb14749d\"},\"headline\":\"Ex-Flamengo, Vinicius J\u00fanior faz desabafo nas redes sociais\",\"datePublished\":\"2022-12-03T14:29:22+00:00\",\"dateModified\":\"2022-12-03T14:29:24+00:00\",\"mainEntityOfPage\":{\"@id\":\"https:\/\/www.gaveanews.com\/index.php\/2022\/12\/03\/ex-flamengo-vinicius-junior-faz-desabafo-nas-redes-sociais\/\"},\"wordCount\":940,\"commentCount\":0,\"image\":{\"@id\":\"https:\/\/www.gaveanews.com\/index.php\/2022\/12\/03\/ex-flamengo-vinicius-junior-faz-desabafo-nas-redes-sociais\/#primaryimage\"},\"thumbnailUrl\":\"https:\/\/www.gaveanews.com\/wp-content\/uploads\/vinicius-junior-selecao-brasileira-copa-do-mundo-qatar.webp\",\"articleSection\":[\"Destaques\"],\"inLanguage\":\"pt-BR\",\"potentialAction\":[{\"@type\":\"CommentAction\",\"name\":\"Comment\",\"target\":[\"https:\/\/www.gaveanews.com\/index.php\/2022\/12\/03\/ex-flamengo-vinicius-junior-faz-desabafo-nas-redes-sociais\/#respond\"]}],\"copyrightYear\":\"2022\",\"copyrightHolder\":{\"@id\":\"https:\/\/www.gaveanews.com\/#organization\"}},{\"@type\":\"WebPage\",\"@id\":\"https:\/\/www.gaveanews.com\/index.php\/2022\/12\/03\/ex-flamengo-vinicius-junior-faz-desabafo-nas-redes-sociais\/\",\"url\":\"https:\/\/www.gaveanews.com\/index.php\/2022\/12\/03\/ex-flamengo-vinicius-junior-faz-desabafo-nas-redes-sociais\/\",\"name\":\"Ex-Flamengo, Vinicius J\u00fanior faz desabafo nas redes sociais\",\"isPartOf\":{\"@id\":\"https:\/\/www.gaveanews.com\/#website\"},\"primaryImageOfPage\":{\"@id\":\"https:\/\/www.gaveanews.com\/index.php\/2022\/12\/03\/ex-flamengo-vinicius-junior-faz-desabafo-nas-redes-sociais\/#primaryimage\"},\"image\":{\"@id\":\"https:\/\/www.gaveanews.com\/index.php\/2022\/12\/03\/ex-flamengo-vinicius-junior-faz-desabafo-nas-redes-sociais\/#primaryimage\"},\"thumbnailUrl\":\"https:\/\/www.gaveanews.com\/wp-content\/uploads\/vinicius-junior-selecao-brasileira-copa-do-mundo-qatar.webp\",\"datePublished\":\"2022-12-03T14:29:22+00:00\",\"dateModified\":\"2022-12-03T14:29:24+00:00\",\"author\":{\"@id\":\"https:\/\/www.gaveanews.com\/#\/schema\/person\/2ec14f73fb96be2caf28f91afb14749d\"},\"breadcrumb\":{\"@id\":\"https:\/\/www.gaveanews.com\/index.php\/2022\/12\/03\/ex-flamengo-vinicius-junior-faz-desabafo-nas-redes-sociais\/#breadcrumb\"},\"inLanguage\":\"pt-BR\",\"potentialAction\":[{\"@type\":\"ReadAction\",\"target\":[\"https:\/\/www.gaveanews.com\/index.php\/2022\/12\/03\/ex-flamengo-vinicius-junior-faz-desabafo-nas-redes-sociais\/\"]}]},{\"@type\":\"ImageObject\",\"inLanguage\":\"pt-BR\",\"@id\":\"https:\/\/www.gaveanews.com\/index.php\/2022\/12\/03\/ex-flamengo-vinicius-junior-faz-desabafo-nas-redes-sociais\/#primaryimage\",\"url\":\"https:\/\/www.gaveanews.com\/wp-content\/uploads\/vinicius-junior-selecao-brasileira-copa-do-mundo-qatar.webp\",\"contentUrl\":\"https:\/\/www.gaveanews.com\/wp-content\/uploads\/vinicius-junior-selecao-brasileira-copa-do-mundo-qatar.webp\",\"width\":799,\"height\":533,\"caption\":\"Vin\u00edcius J\u00fanior em jogo do Brasil contra a Su\u00ed\u00e7a na Copa do Mundo do Qatar (Foto: Lucas Figueiredo\/CBF)\"},{\"@type\":\"BreadcrumbList\",\"@id\":\"https:\/\/www.gaveanews.com\/index.php\/2022\/12\/03\/ex-flamengo-vinicius-junior-faz-desabafo-nas-redes-sociais\/#breadcrumb\",\"itemListElement\":[{\"@type\":\"ListItem\",\"position\":1,\"name\":\"Home\",\"item\":\"https:\/\/www.gaveanews.com\/\"},{\"@type\":\"ListItem\",\"position\":2,\"name\":\"Ex-Flamengo, Vinicius J\u00fanior faz desabafo nas redes sociais\"}]},{\"@type\":\"WebSite\",\"@id\":\"https:\/\/www.gaveanews.com\/#website\",\"url\":\"https:\/\/www.gaveanews.com\/\",\"name\":\"G\u00e1vea News\",\"description\":\"Veja todas as not\u00edcias sobre o Flamengo: Contrata\u00e7\u00f5es, categorias de base, resultados das partidas, tabela de classifica\u00e7\u00e3o, pr\u00f3ximos jogos!\",\"potentialAction\":[{\"@type\":\"SearchAction\",\"target\":{\"@type\":\"EntryPoint\",\"urlTemplate\":\"https:\/\/www.gaveanews.com\/?s={search_term_string}\"},\"query-input\":{\"@type\":\"PropertyValueSpecification\",\"valueRequired\":true,\"valueName\":\"search_term_string\"}}],\"inLanguage\":\"pt-BR\"},{\"@type\":\"Person\",\"@id\":\"https:\/\/www.gaveanews.com\/#\/schema\/person\/2ec14f73fb96be2caf28f91afb14749d\",\"name\":\"Equipe G\u00e1vea News\",\"image\":{\"@type\":\"ImageObject\",\"inLanguage\":\"pt-BR\",\"@id\":\"https:\/\/www.gaveanews.com\/#\/schema\/person\/image\/\",\"url\":\"https:\/\/secure.gravatar.com\/avatar\/1e1956f1facbffd3f8fa53a326721950116b3b9dc9bd44939c01180fd4a745a9?s=96&d=mm&r=g\",\"contentUrl\":\"https:\/\/secure.gravatar.com\/avatar\/1e1956f1facbffd3f8fa53a326721950116b3b9dc9bd44939c01180fd4a745a9?s=96&d=mm&r=g\",\"caption\":\"Equipe G\u00e1vea News\"}}]}<\/script>\n<!-- \/ Yoast SEO Premium plugin. -->","yoast_head_json":{"title":"Ex-Flamengo, Vinicius J\u00fanior faz desabafo nas redes sociais","robots":{"index":"index","follow":"follow","max-snippet":"max-snippet:-1","max-image-preview":"max-image-preview:large","max-video-preview":"max-video-preview:-1"},"canonical":"https:\/\/www.gaveanews.com\/index.php\/2022\/12\/03\/ex-flamengo-vinicius-junior-faz-desabafo-nas-redes-sociais\/","og_locale":"pt_BR","og_type":"article","og_title":"Ex-Flamengo, Vinicius J\u00fanior faz desabafo nas redes sociais","og_description":"O Minist\u00e9rio P\u00fablico de Madri arquivou a den\u00fancia sobre gritos e c\u00e2nticos racistas dirigidos a Vin\u00edcius J\u00fanior, atacante do Real Madrid, por torcedores do rival Atl\u00e9tico de Madrid durante cl\u00e1ssico disputado em setembro deste ano. O \u00f3rg\u00e3o aponta que os atos &#8220;n\u00e3o constituiriam crime contra a dignidade da pessoa afetada&#8221;, al\u00e9m de argumentar que os [&hellip;]","og_url":"https:\/\/www.gaveanews.com\/index.php\/2022\/12\/03\/ex-flamengo-vinicius-junior-faz-desabafo-nas-redes-sociais\/","og_site_name":"G\u00e1vea News","article_publisher":"https:\/\/facebook.com\/gaveaNews\/","article_published_time":"2022-12-03T14:29:22+00:00","article_modified_time":"2022-12-03T14:29:24+00:00","og_image":[{"width":799,"height":533,"url":"https:\/\/www.gaveanews.com\/wp-content\/uploads\/vinicius-junior-selecao-brasileira-copa-do-mundo-qatar.webp","type":"image\/jpeg"}],"author":"Equipe G\u00e1vea News","twitter_card":"summary_large_image","twitter_misc":{"Escrito por":"Equipe G\u00e1vea News","Est. tempo de leitura":"5 minutos"},"schema":{"@context":"https:\/\/schema.org","@graph":[{"@type":"NewsArticle","@id":"https:\/\/www.gaveanews.com\/index.php\/2022\/12\/03\/ex-flamengo-vinicius-junior-faz-desabafo-nas-redes-sociais\/#article","isPartOf":{"@id":"https:\/\/www.gaveanews.com\/index.php\/2022\/12\/03\/ex-flamengo-vinicius-junior-faz-desabafo-nas-redes-sociais\/"},"author":{"name":"Equipe G\u00e1vea News","@id":"https:\/\/www.gaveanews.com\/#\/schema\/person\/2ec14f73fb96be2caf28f91afb14749d"},"headline":"Ex-Flamengo, Vinicius J\u00fanior faz desabafo nas redes sociais","datePublished":"2022-12-03T14:29:22+00:00","dateModified":"2022-12-03T14:29:24+00:00","mainEntityOfPage":{"@id":"https:\/\/www.gaveanews.com\/index.php\/2022\/12\/03\/ex-flamengo-vinicius-junior-faz-desabafo-nas-redes-sociais\/"},"wordCount":940,"commentCount":0,"image":{"@id":"https:\/\/www.gaveanews.com\/index.php\/2022\/12\/03\/ex-flamengo-vinicius-junior-faz-desabafo-nas-redes-sociais\/#primaryimage"},"thumbnailUrl":"https:\/\/www.gaveanews.com\/wp-content\/uploads\/vinicius-junior-selecao-brasileira-copa-do-mundo-qatar.webp","articleSection":["Destaques"],"inLanguage":"pt-BR","potentialAction":[{"@type":"CommentAction","name":"Comment","target":["https:\/\/www.gaveanews.com\/index.php\/2022\/12\/03\/ex-flamengo-vinicius-junior-faz-desabafo-nas-redes-sociais\/#respond"]}],"copyrightYear":"2022","copyrightHolder":{"@id":"https:\/\/www.gaveanews.com\/#organization"}},{"@type":"WebPage","@id":"https:\/\/www.gaveanews.com\/index.php\/2022\/12\/03\/ex-flamengo-vinicius-junior-faz-desabafo-nas-redes-sociais\/","url":"https:\/\/www.gaveanews.com\/index.php\/2022\/12\/03\/ex-flamengo-vinicius-junior-faz-desabafo-nas-redes-sociais\/","name":"Ex-Flamengo, Vinicius J\u00fanior faz desabafo nas redes sociais","isPartOf":{"@id":"https:\/\/www.gaveanews.com\/#website"},"primaryImageOfPage":{"@id":"https:\/\/www.gaveanews.com\/index.php\/2022\/12\/03\/ex-flamengo-vinicius-junior-faz-desabafo-nas-redes-sociais\/#primaryimage"},"image":{"@id":"https:\/\/www.gaveanews.com\/index.php\/2022\/12\/03\/ex-flamengo-vinicius-junior-faz-desabafo-nas-redes-sociais\/#primaryimage"},"thumbnailUrl":"https:\/\/www.gaveanews.com\/wp-content\/uploads\/vinicius-junior-selecao-brasileira-copa-do-mundo-qatar.webp","datePublished":"2022-12-03T14:29:22+00:00","dateModified":"2022-12-03T14:29:24+00:00","author":{"@id":"https:\/\/www.gaveanews.com\/#\/schema\/person\/2ec14f73fb96be2caf28f91afb14749d"},"breadcrumb":{"@id":"https:\/\/www.gaveanews.com\/index.php\/2022\/12\/03\/ex-flamengo-vinicius-junior-faz-desabafo-nas-redes-sociais\/#breadcrumb"},"inLanguage":"pt-BR","potentialAction":[{"@type":"ReadAction","target":["https:\/\/www.gaveanews.com\/index.php\/2022\/12\/03\/ex-flamengo-vinicius-junior-faz-desabafo-nas-redes-sociais\/"]}]},{"@type":"ImageObject","inLanguage":"pt-BR","@id":"https:\/\/www.gaveanews.com\/index.php\/2022\/12\/03\/ex-flamengo-vinicius-junior-faz-desabafo-nas-redes-sociais\/#primaryimage","url":"https:\/\/www.gaveanews.com\/wp-content\/uploads\/vinicius-junior-selecao-brasileira-copa-do-mundo-qatar.webp","contentUrl":"https:\/\/www.gaveanews.com\/wp-content\/uploads\/vinicius-junior-selecao-brasileira-copa-do-mundo-qatar.webp","width":799,"height":533,"caption":"Vin\u00edcius J\u00fanior em jogo do Brasil contra a Su\u00ed\u00e7a na Copa do Mundo do Qatar (Foto: Lucas Figueiredo\/CBF)"},{"@type":"BreadcrumbList","@id":"https:\/\/www.gaveanews.com\/index.php\/2022\/12\/03\/ex-flamengo-vinicius-junior-faz-desabafo-nas-redes-sociais\/#breadcrumb","itemListElement":[{"@type":"ListItem","position":1,"name":"Home","item":"https:\/\/www.gaveanews.com\/"},{"@type":"ListItem","position":2,"name":"Ex-Flamengo, Vinicius J\u00fanior faz desabafo nas redes sociais"}]},{"@type":"WebSite","@id":"https:\/\/www.gaveanews.com\/#website","url":"https:\/\/www.gaveanews.com\/","name":"G\u00e1vea News","description":"Veja todas as not\u00edcias sobre o Flamengo: Contrata\u00e7\u00f5es, categorias de base, resultados das partidas, tabela de classifica\u00e7\u00e3o, pr\u00f3ximos jogos!","potentialAction":[{"@type":"SearchAction","target":{"@type":"EntryPoint","urlTemplate":"https:\/\/www.gaveanews.com\/?s={search_term_string}"},"query-input":{"@type":"PropertyValueSpecification","valueRequired":true,"valueName":"search_term_string"}}],"inLanguage":"pt-BR"},{"@type":"Person","@id":"https:\/\/www.gaveanews.com\/#\/schema\/person\/2ec14f73fb96be2caf28f91afb14749d","name":"Equipe G\u00e1vea News","image":{"@type":"ImageObject","inLanguage":"pt-BR","@id":"https:\/\/www.gaveanews.com\/#\/schema\/person\/image\/","url":"https:\/\/secure.gravatar.com\/avatar\/1e1956f1facbffd3f8fa53a326721950116b3b9dc9bd44939c01180fd4a745a9?s=96&d=mm&r=g","contentUrl":"https:\/\/secure.gravatar.com\/avatar\/1e1956f1facbffd3f8fa53a326721950116b3b9dc9bd44939c01180fd4a745a9?s=96&d=mm&r=g","caption":"Equipe G\u00e1vea News"}}]}},"_links":{"self":[{"href":"https:\/\/www.gaveanews.com\/index.php\/wp-json\/wp\/v2\/posts\/91518","targetHints":{"allow":["GET"]}}],"collection":[{"href":"https:\/\/www.gaveanews.com\/index.php\/wp-json\/wp\/v2\/posts"}],"about":[{"href":"https:\/\/www.gaveanews.com\/index.php\/wp-json\/wp\/v2\/types\/post"}],"author":[{"embeddable":true,"href":"https:\/\/www.gaveanews.com\/index.php\/wp-json\/wp\/v2\/users\/1"}],"replies":[{"embeddable":true,"href":"https:\/\/www.gaveanews.com\/index.php\/wp-json\/wp\/v2\/comments?post=91518"}],"version-history":[{"count":0,"href":"https:\/\/www.gaveanews.com\/index.php\/wp-json\/wp\/v2\/posts\/91518\/revisions"}],"wp:featuredmedia":[{"embeddable":true,"href":"https:\/\/www.gaveanews.com\/index.php\/wp-json\/wp\/v2\/media\/91392"}],"wp:attachment":[{"href":"https:\/\/www.gaveanews.com\/index.php\/wp-json\/wp\/v2\/media?parent=91518"}],"wp:term":[{"taxonomy":"category","embeddable":true,"href":"https:\/\/www.gaveanews.com\/index.php\/wp-json\/wp\/v2\/categories?post=91518"},{"taxonomy":"post_tag","embeddable":true,"href":"https:\/\/www.gaveanews.com\/index.php\/wp-json\/wp\/v2\/tags?post=91518"}],"curies":[{"name":"wp","href":"https:\/\/api.w.org\/{rel}","templated":true}]}}