{"id":91525,"date":"2022-12-03T19:49:37","date_gmt":"2022-12-03T22:49:37","guid":{"rendered":"https:\/\/www.gaveanews.com\/?p=91525"},"modified":"2022-12-03T19:49:40","modified_gmt":"2022-12-03T22:49:40","slug":"meio-campista-ex-flamengo-e-contratado-pelo-gremio","status":"publish","type":"post","link":"https:\/\/www.gaveanews.com\/index.php\/2022\/12\/03\/meio-campista-ex-flamengo-e-contratado-pelo-gremio\/","title":{"rendered":"Meio-campista ex-Flamengo \u00e9 contratado pelo Gr\u00eamio"},"content":{"rendered":"\n<p>O Gr\u00eamio acertou a contrata\u00e7\u00e3o do volante Pep\u00ea na tarde desta sexta-feira. O clube ga\u00facho aumentou a proposta para o Cuiab\u00e1 e superou detalhes para concretizar o neg\u00f3cio, que agora precisa ser formalizado. O pr\u00f3ximo passo \u00e9 o jogador passar por exames m\u00e9dicos para posterior assinatura de contrato.<\/p>\n\n\n\n<p>A vontade do meio-campista pesou para a decis\u00e3o do Dourado. O departamento de futebol gremista mudou a oferta e aumentou os valores para o Cuiab\u00e1. O clube de Mato Grosso aceitou. A primeira investida envolvia um jogador, mas foi recha\u00e7ada. O contrato do meio-campista ainda est\u00e1 em discuss\u00e3o, mas ser\u00e1 de tr\u00eas ou quatro anos.<\/p>\n\n\n\n<p>Os valores da transfer\u00eancia ainda s\u00e3o mantidos em sigilo. Os direitos econ\u00f4micos de Pep\u00ea s\u00e3o divididos em 80% para o Cuiab\u00e1 e 20% para o Flamengo. O Tricolor comp\u00f4s um percentual dos direitos e n\u00e3o adquirir\u00e1 a totalidade, conforme apurou o Globo Esporte.<\/p>\n\n\n\n<p>A vontade do volante de atuar no Gr\u00eamio foi crucial para o Cuiab\u00e1 aceitar a oferta. Desde os primeiros contatos, o atleta se mostrou interessado no projeto do clube ga\u00facho e conversou com os dirigentes do Dourado para fechar o neg\u00f3cio.<\/p>\n\n\n\n<p>O jogador de 24 anos foi revelado pelo Flamengo e tem passagem pelo Portimonense, de Portugal. Chegou no Cuiab\u00e1 em 2021, \u00e9 considerado pe\u00e7a importante na perman\u00eancia do time na S\u00e9rie A do Brasileiro nas \u00faltimas duas temporadas.<\/p>\n\n\n\n<p>Em 2022, o meia jogou em 43 partidas e fez dois gols. No total, disputou 77 jogos com a camisa do Dourado e balan\u00e7ou a rede cinco vezes.<\/p>\n\n\n\n<p>Retirado de: Globo Esporte<\/p>\n","protected":false},"excerpt":{"rendered":"<p>O Gr\u00eamio acertou a contrata\u00e7\u00e3o do volante Pep\u00ea na tarde desta sexta-feira. O clube ga\u00facho aumentou a proposta para o Cuiab\u00e1 e superou detalhes para concretizar o neg\u00f3cio, que agora precisa ser formalizado. O pr\u00f3ximo passo \u00e9 o jogador passar por exames m\u00e9dicos para posterior assinatura de contrato. A vontade do meio-campista pesou para a [&hellip;]<\/p>\n","protected":false},"author":1,"featured_media":57644,"comment_status":"open","ping_status":"closed","sticky":false,"template":"","format":"standard","meta":{"footnotes":""},"categories":[48],"tags":[],"class_list":["post-91525","post","type-post","status-publish","format-standard","has-post-thumbnail","hentry","category-negociacoes"],"yoast_head":"<!-- This site is optimized with the Yoast SEO Premium plugin v24.2 (Yoast SEO v26.9) - https:\/\/yoast.com\/product\/yoast-seo-premium-wordpress\/ -->\n<title>Meio-campista ex-Flamengo \u00e9 contratado pelo Gr\u00eamio<\/title>\n<meta name=\"description\" content=\"O contrato do meio-campista ainda est\u00e1 em discuss\u00e3o pela diretoria do Gr\u00eamio, mas ser\u00e1 de tr\u00eas ou quatro anos.\" \/>\n<meta name=\"robots\" content=\"index, follow, max-snippet:-1, max-image-preview:large, max-video-preview:-1\" \/>\n<link rel=\"canonical\" href=\"https:\/\/www.gaveanews.com\/index.php\/2022\/12\/03\/meio-campista-ex-flamengo-e-contratado-pelo-gremio\/\" \/>\n<meta property=\"og:locale\" content=\"pt_BR\" \/>\n<meta property=\"og:type\" content=\"article\" \/>\n<meta property=\"og:title\" content=\"Meio-campista ex-Flamengo \u00e9 contratado pelo Gr\u00eamio\" \/>\n<meta property=\"og:description\" content=\"O contrato do meio-campista ainda est\u00e1 em discuss\u00e3o pela diretoria do Gr\u00eamio, mas ser\u00e1 de tr\u00eas ou quatro anos.\" \/>\n<meta property=\"og:url\" content=\"https:\/\/www.gaveanews.com\/index.php\/2022\/12\/03\/meio-campista-ex-flamengo-e-contratado-pelo-gremio\/\" \/>\n<meta property=\"og:site_name\" content=\"G\u00e1vea News\" \/>\n<meta property=\"article:publisher\" content=\"https:\/\/facebook.com\/gaveaNews\/\" \/>\n<meta property=\"article:published_time\" content=\"2022-12-03T22:49:37+00:00\" \/>\n<meta property=\"article:modified_time\" content=\"2022-12-03T22:49:40+00:00\" \/>\n<meta property=\"og:image\" content=\"https:\/\/www.gaveanews.com\/wp-content\/uploads\/Pepe-em-acao-pelo-Flamengo-contra-o-Fluminense.webp\" \/>\n\t<meta property=\"og:image:width\" content=\"800\" \/>\n\t<meta property=\"og:image:height\" content=\"533\" \/>\n\t<meta property=\"og:image:type\" content=\"image\/jpeg\" \/>\n<meta name=\"author\" content=\"Equipe G\u00e1vea News\" \/>\n<meta name=\"twitter:card\" content=\"summary_large_image\" \/>\n<meta name=\"twitter:label1\" content=\"Escrito por\" \/>\n\t<meta name=\"twitter:data1\" content=\"Equipe G\u00e1vea News\" \/>\n\t<meta name=\"twitter:label2\" content=\"Est. tempo de leitura\" \/>\n\t<meta name=\"twitter:data2\" content=\"2 minutos\" \/>\n<script type=\"application\/ld+json\" class=\"yoast-schema-graph\">{\"@context\":\"https:\/\/schema.org\",\"@graph\":[{\"@type\":\"NewsArticle\",\"@id\":\"https:\/\/www.gaveanews.com\/index.php\/2022\/12\/03\/meio-campista-ex-flamengo-e-contratado-pelo-gremio\/#article\",\"isPartOf\":{\"@id\":\"https:\/\/www.gaveanews.com\/index.php\/2022\/12\/03\/meio-campista-ex-flamengo-e-contratado-pelo-gremio\/\"},\"author\":{\"name\":\"Equipe G\u00e1vea News\",\"@id\":\"https:\/\/www.gaveanews.com\/#\/schema\/person\/2ec14f73fb96be2caf28f91afb14749d\"},\"headline\":\"Meio-campista ex-Flamengo \u00e9 contratado pelo Gr\u00eamio\",\"datePublished\":\"2022-12-03T22:49:37+00:00\",\"dateModified\":\"2022-12-03T22:49:40+00:00\",\"mainEntityOfPage\":{\"@id\":\"https:\/\/www.gaveanews.com\/index.php\/2022\/12\/03\/meio-campista-ex-flamengo-e-contratado-pelo-gremio\/\"},\"wordCount\":277,\"commentCount\":0,\"image\":{\"@id\":\"https:\/\/www.gaveanews.com\/index.php\/2022\/12\/03\/meio-campista-ex-flamengo-e-contratado-pelo-gremio\/#primaryimage\"},\"thumbnailUrl\":\"https:\/\/www.gaveanews.com\/wp-content\/uploads\/Pepe-em-acao-pelo-Flamengo-contra-o-Fluminense.webp\",\"articleSection\":[\"Negocia\u00e7\u00f5es\"],\"inLanguage\":\"pt-BR\",\"potentialAction\":[{\"@type\":\"CommentAction\",\"name\":\"Comment\",\"target\":[\"https:\/\/www.gaveanews.com\/index.php\/2022\/12\/03\/meio-campista-ex-flamengo-e-contratado-pelo-gremio\/#respond\"]}],\"copyrightYear\":\"2022\",\"copyrightHolder\":{\"@id\":\"https:\/\/www.gaveanews.com\/#organization\"}},{\"@type\":\"WebPage\",\"@id\":\"https:\/\/www.gaveanews.com\/index.php\/2022\/12\/03\/meio-campista-ex-flamengo-e-contratado-pelo-gremio\/\",\"url\":\"https:\/\/www.gaveanews.com\/index.php\/2022\/12\/03\/meio-campista-ex-flamengo-e-contratado-pelo-gremio\/\",\"name\":\"Meio-campista ex-Flamengo \u00e9 contratado pelo Gr\u00eamio\",\"isPartOf\":{\"@id\":\"https:\/\/www.gaveanews.com\/#website\"},\"primaryImageOfPage\":{\"@id\":\"https:\/\/www.gaveanews.com\/index.php\/2022\/12\/03\/meio-campista-ex-flamengo-e-contratado-pelo-gremio\/#primaryimage\"},\"image\":{\"@id\":\"https:\/\/www.gaveanews.com\/index.php\/2022\/12\/03\/meio-campista-ex-flamengo-e-contratado-pelo-gremio\/#primaryimage\"},\"thumbnailUrl\":\"https:\/\/www.gaveanews.com\/wp-content\/uploads\/Pepe-em-acao-pelo-Flamengo-contra-o-Fluminense.webp\",\"datePublished\":\"2022-12-03T22:49:37+00:00\",\"dateModified\":\"2022-12-03T22:49:40+00:00\",\"author\":{\"@id\":\"https:\/\/www.gaveanews.com\/#\/schema\/person\/2ec14f73fb96be2caf28f91afb14749d\"},\"description\":\"O contrato do meio-campista ainda est\u00e1 em discuss\u00e3o pela diretoria do Gr\u00eamio, mas ser\u00e1 de tr\u00eas ou quatro anos.\",\"breadcrumb\":{\"@id\":\"https:\/\/www.gaveanews.com\/index.php\/2022\/12\/03\/meio-campista-ex-flamengo-e-contratado-pelo-gremio\/#breadcrumb\"},\"inLanguage\":\"pt-BR\",\"potentialAction\":[{\"@type\":\"ReadAction\",\"target\":[\"https:\/\/www.gaveanews.com\/index.php\/2022\/12\/03\/meio-campista-ex-flamengo-e-contratado-pelo-gremio\/\"]}]},{\"@type\":\"ImageObject\",\"inLanguage\":\"pt-BR\",\"@id\":\"https:\/\/www.gaveanews.com\/index.php\/2022\/12\/03\/meio-campista-ex-flamengo-e-contratado-pelo-gremio\/#primaryimage\",\"url\":\"https:\/\/www.gaveanews.com\/wp-content\/uploads\/Pepe-em-acao-pelo-Flamengo-contra-o-Fluminense.webp\",\"contentUrl\":\"https:\/\/www.gaveanews.com\/wp-content\/uploads\/Pepe-em-acao-pelo-Flamengo-contra-o-Fluminense.webp\",\"width\":800,\"height\":533,\"caption\":\"Pep\u00ea em a\u00e7\u00e3o pelo Flamengo contra o Fluminense (Foto: Alexandre Vidal\/Flamengo)\"},{\"@type\":\"BreadcrumbList\",\"@id\":\"https:\/\/www.gaveanews.com\/index.php\/2022\/12\/03\/meio-campista-ex-flamengo-e-contratado-pelo-gremio\/#breadcrumb\",\"itemListElement\":[{\"@type\":\"ListItem\",\"position\":1,\"name\":\"Home\",\"item\":\"https:\/\/www.gaveanews.com\/\"},{\"@type\":\"ListItem\",\"position\":2,\"name\":\"Meio-campista ex-Flamengo \u00e9 contratado pelo Gr\u00eamio\"}]},{\"@type\":\"WebSite\",\"@id\":\"https:\/\/www.gaveanews.com\/#website\",\"url\":\"https:\/\/www.gaveanews.com\/\",\"name\":\"G\u00e1vea News\",\"description\":\"Veja todas as not\u00edcias sobre o Flamengo: Contrata\u00e7\u00f5es, categorias de base, resultados das partidas, tabela de classifica\u00e7\u00e3o, pr\u00f3ximos jogos!\",\"potentialAction\":[{\"@type\":\"SearchAction\",\"target\":{\"@type\":\"EntryPoint\",\"urlTemplate\":\"https:\/\/www.gaveanews.com\/?s={search_term_string}\"},\"query-input\":{\"@type\":\"PropertyValueSpecification\",\"valueRequired\":true,\"valueName\":\"search_term_string\"}}],\"inLanguage\":\"pt-BR\"},{\"@type\":\"Person\",\"@id\":\"https:\/\/www.gaveanews.com\/#\/schema\/person\/2ec14f73fb96be2caf28f91afb14749d\",\"name\":\"Equipe G\u00e1vea News\",\"image\":{\"@type\":\"ImageObject\",\"inLanguage\":\"pt-BR\",\"@id\":\"https:\/\/www.gaveanews.com\/#\/schema\/person\/image\/\",\"url\":\"https:\/\/secure.gravatar.com\/avatar\/1e1956f1facbffd3f8fa53a326721950116b3b9dc9bd44939c01180fd4a745a9?s=96&d=mm&r=g\",\"contentUrl\":\"https:\/\/secure.gravatar.com\/avatar\/1e1956f1facbffd3f8fa53a326721950116b3b9dc9bd44939c01180fd4a745a9?s=96&d=mm&r=g\",\"caption\":\"Equipe G\u00e1vea News\"}}]}<\/script>\n<!-- \/ Yoast SEO Premium plugin. -->","yoast_head_json":{"title":"Meio-campista ex-Flamengo \u00e9 contratado pelo Gr\u00eamio","description":"O contrato do meio-campista ainda est\u00e1 em discuss\u00e3o pela diretoria do Gr\u00eamio, mas ser\u00e1 de tr\u00eas ou quatro anos.","robots":{"index":"index","follow":"follow","max-snippet":"max-snippet:-1","max-image-preview":"max-image-preview:large","max-video-preview":"max-video-preview:-1"},"canonical":"https:\/\/www.gaveanews.com\/index.php\/2022\/12\/03\/meio-campista-ex-flamengo-e-contratado-pelo-gremio\/","og_locale":"pt_BR","og_type":"article","og_title":"Meio-campista ex-Flamengo \u00e9 contratado pelo Gr\u00eamio","og_description":"O contrato do meio-campista ainda est\u00e1 em discuss\u00e3o pela diretoria do Gr\u00eamio, mas ser\u00e1 de tr\u00eas ou quatro anos.","og_url":"https:\/\/www.gaveanews.com\/index.php\/2022\/12\/03\/meio-campista-ex-flamengo-e-contratado-pelo-gremio\/","og_site_name":"G\u00e1vea News","article_publisher":"https:\/\/facebook.com\/gaveaNews\/","article_published_time":"2022-12-03T22:49:37+00:00","article_modified_time":"2022-12-03T22:49:40+00:00","og_image":[{"width":800,"height":533,"url":"https:\/\/www.gaveanews.com\/wp-content\/uploads\/Pepe-em-acao-pelo-Flamengo-contra-o-Fluminense.webp","type":"image\/jpeg"}],"author":"Equipe G\u00e1vea News","twitter_card":"summary_large_image","twitter_misc":{"Escrito por":"Equipe G\u00e1vea News","Est. tempo de leitura":"2 minutos"},"schema":{"@context":"https:\/\/schema.org","@graph":[{"@type":"NewsArticle","@id":"https:\/\/www.gaveanews.com\/index.php\/2022\/12\/03\/meio-campista-ex-flamengo-e-contratado-pelo-gremio\/#article","isPartOf":{"@id":"https:\/\/www.gaveanews.com\/index.php\/2022\/12\/03\/meio-campista-ex-flamengo-e-contratado-pelo-gremio\/"},"author":{"name":"Equipe G\u00e1vea News","@id":"https:\/\/www.gaveanews.com\/#\/schema\/person\/2ec14f73fb96be2caf28f91afb14749d"},"headline":"Meio-campista ex-Flamengo \u00e9 contratado pelo Gr\u00eamio","datePublished":"2022-12-03T22:49:37+00:00","dateModified":"2022-12-03T22:49:40+00:00","mainEntityOfPage":{"@id":"https:\/\/www.gaveanews.com\/index.php\/2022\/12\/03\/meio-campista-ex-flamengo-e-contratado-pelo-gremio\/"},"wordCount":277,"commentCount":0,"image":{"@id":"https:\/\/www.gaveanews.com\/index.php\/2022\/12\/03\/meio-campista-ex-flamengo-e-contratado-pelo-gremio\/#primaryimage"},"thumbnailUrl":"https:\/\/www.gaveanews.com\/wp-content\/uploads\/Pepe-em-acao-pelo-Flamengo-contra-o-Fluminense.webp","articleSection":["Negocia\u00e7\u00f5es"],"inLanguage":"pt-BR","potentialAction":[{"@type":"CommentAction","name":"Comment","target":["https:\/\/www.gaveanews.com\/index.php\/2022\/12\/03\/meio-campista-ex-flamengo-e-contratado-pelo-gremio\/#respond"]}],"copyrightYear":"2022","copyrightHolder":{"@id":"https:\/\/www.gaveanews.com\/#organization"}},{"@type":"WebPage","@id":"https:\/\/www.gaveanews.com\/index.php\/2022\/12\/03\/meio-campista-ex-flamengo-e-contratado-pelo-gremio\/","url":"https:\/\/www.gaveanews.com\/index.php\/2022\/12\/03\/meio-campista-ex-flamengo-e-contratado-pelo-gremio\/","name":"Meio-campista ex-Flamengo \u00e9 contratado pelo Gr\u00eamio","isPartOf":{"@id":"https:\/\/www.gaveanews.com\/#website"},"primaryImageOfPage":{"@id":"https:\/\/www.gaveanews.com\/index.php\/2022\/12\/03\/meio-campista-ex-flamengo-e-contratado-pelo-gremio\/#primaryimage"},"image":{"@id":"https:\/\/www.gaveanews.com\/index.php\/2022\/12\/03\/meio-campista-ex-flamengo-e-contratado-pelo-gremio\/#primaryimage"},"thumbnailUrl":"https:\/\/www.gaveanews.com\/wp-content\/uploads\/Pepe-em-acao-pelo-Flamengo-contra-o-Fluminense.webp","datePublished":"2022-12-03T22:49:37+00:00","dateModified":"2022-12-03T22:49:40+00:00","author":{"@id":"https:\/\/www.gaveanews.com\/#\/schema\/person\/2ec14f73fb96be2caf28f91afb14749d"},"description":"O contrato do meio-campista ainda est\u00e1 em discuss\u00e3o pela diretoria do Gr\u00eamio, mas ser\u00e1 de tr\u00eas ou quatro anos.","breadcrumb":{"@id":"https:\/\/www.gaveanews.com\/index.php\/2022\/12\/03\/meio-campista-ex-flamengo-e-contratado-pelo-gremio\/#breadcrumb"},"inLanguage":"pt-BR","potentialAction":[{"@type":"ReadAction","target":["https:\/\/www.gaveanews.com\/index.php\/2022\/12\/03\/meio-campista-ex-flamengo-e-contratado-pelo-gremio\/"]}]},{"@type":"ImageObject","inLanguage":"pt-BR","@id":"https:\/\/www.gaveanews.com\/index.php\/2022\/12\/03\/meio-campista-ex-flamengo-e-contratado-pelo-gremio\/#primaryimage","url":"https:\/\/www.gaveanews.com\/wp-content\/uploads\/Pepe-em-acao-pelo-Flamengo-contra-o-Fluminense.webp","contentUrl":"https:\/\/www.gaveanews.com\/wp-content\/uploads\/Pepe-em-acao-pelo-Flamengo-contra-o-Fluminense.webp","width":800,"height":533,"caption":"Pep\u00ea em a\u00e7\u00e3o pelo Flamengo contra o Fluminense (Foto: Alexandre Vidal\/Flamengo)"},{"@type":"BreadcrumbList","@id":"https:\/\/www.gaveanews.com\/index.php\/2022\/12\/03\/meio-campista-ex-flamengo-e-contratado-pelo-gremio\/#breadcrumb","itemListElement":[{"@type":"ListItem","position":1,"name":"Home","item":"https:\/\/www.gaveanews.com\/"},{"@type":"ListItem","position":2,"name":"Meio-campista ex-Flamengo \u00e9 contratado pelo Gr\u00eamio"}]},{"@type":"WebSite","@id":"https:\/\/www.gaveanews.com\/#website","url":"https:\/\/www.gaveanews.com\/","name":"G\u00e1vea News","description":"Veja todas as not\u00edcias sobre o Flamengo: Contrata\u00e7\u00f5es, categorias de base, resultados das partidas, tabela de classifica\u00e7\u00e3o, pr\u00f3ximos jogos!","potentialAction":[{"@type":"SearchAction","target":{"@type":"EntryPoint","urlTemplate":"https:\/\/www.gaveanews.com\/?s={search_term_string}"},"query-input":{"@type":"PropertyValueSpecification","valueRequired":true,"valueName":"search_term_string"}}],"inLanguage":"pt-BR"},{"@type":"Person","@id":"https:\/\/www.gaveanews.com\/#\/schema\/person\/2ec14f73fb96be2caf28f91afb14749d","name":"Equipe G\u00e1vea News","image":{"@type":"ImageObject","inLanguage":"pt-BR","@id":"https:\/\/www.gaveanews.com\/#\/schema\/person\/image\/","url":"https:\/\/secure.gravatar.com\/avatar\/1e1956f1facbffd3f8fa53a326721950116b3b9dc9bd44939c01180fd4a745a9?s=96&d=mm&r=g","contentUrl":"https:\/\/secure.gravatar.com\/avatar\/1e1956f1facbffd3f8fa53a326721950116b3b9dc9bd44939c01180fd4a745a9?s=96&d=mm&r=g","caption":"Equipe G\u00e1vea News"}}]}},"_links":{"self":[{"href":"https:\/\/www.gaveanews.com\/index.php\/wp-json\/wp\/v2\/posts\/91525","targetHints":{"allow":["GET"]}}],"collection":[{"href":"https:\/\/www.gaveanews.com\/index.php\/wp-json\/wp\/v2\/posts"}],"about":[{"href":"https:\/\/www.gaveanews.com\/index.php\/wp-json\/wp\/v2\/types\/post"}],"author":[{"embeddable":true,"href":"https:\/\/www.gaveanews.com\/index.php\/wp-json\/wp\/v2\/users\/1"}],"replies":[{"embeddable":true,"href":"https:\/\/www.gaveanews.com\/index.php\/wp-json\/wp\/v2\/comments?post=91525"}],"version-history":[{"count":0,"href":"https:\/\/www.gaveanews.com\/index.php\/wp-json\/wp\/v2\/posts\/91525\/revisions"}],"wp:featuredmedia":[{"embeddable":true,"href":"https:\/\/www.gaveanews.com\/index.php\/wp-json\/wp\/v2\/media\/57644"}],"wp:attachment":[{"href":"https:\/\/www.gaveanews.com\/index.php\/wp-json\/wp\/v2\/media?parent=91525"}],"wp:term":[{"taxonomy":"category","embeddable":true,"href":"https:\/\/www.gaveanews.com\/index.php\/wp-json\/wp\/v2\/categories?post=91525"},{"taxonomy":"post_tag","embeddable":true,"href":"https:\/\/www.gaveanews.com\/index.php\/wp-json\/wp\/v2\/tags?post=91525"}],"curies":[{"name":"wp","href":"https:\/\/api.w.org\/{rel}","templated":true}]}}