{"id":91528,"date":"2022-12-04T10:47:26","date_gmt":"2022-12-04T13:47:26","guid":{"rendered":"https:\/\/www.gaveanews.com\/?p=91528"},"modified":"2022-12-04T10:47:33","modified_gmt":"2022-12-04T13:47:33","slug":"perdeu-a-linha-idolo-do-corinthians-ameaca-vitor-pereira-devido-ao-flamengo","status":"publish","type":"post","link":"https:\/\/www.gaveanews.com\/index.php\/2022\/12\/04\/perdeu-a-linha-idolo-do-corinthians-ameaca-vitor-pereira-devido-ao-flamengo\/","title":{"rendered":"Perdeu a linha: \u00cddolo do Corinthians amea\u00e7a V\u00edtor Pereira devido ao Flamengo"},"content":{"rendered":"\n<p>Como a maioria da torcida do Corinthians, Neto tamb\u00e9m se revoltou com a situa\u00e7\u00e3o da poss\u00edvel ida de V\u00edtor Pereira ao Flamengo apenas alguns dias de sair do clube paulista alegando uma quest\u00e3o familiar. Assim, o comentarista esportivo amea\u00e7ou o treinador com supostos detalhes dos bastidores:  <\/p>\n\n\n\n<p>\u2014&nbsp;<em>Voc\u00ea vai ver o que eu vou fazer com o V\u00edtor Pereira, se ele for para o Flamengo. Sabe por que eu n\u00e3o falei at\u00e9 agora? Porque ele ainda n\u00e3o assinou. Ele tem contrato com o Corinthians at\u00e9 dia 31 de dezembro. A\u00ed, eu vou falar e colocar tudo que tenho para colocar nos Donos da Bola e no Baita Amigos<\/em>&nbsp;-, disse, antes de prosseguir:<\/p>\n\n\n\n<p>\u2014&nbsp;<em>Eu vou acabar com um monte de gente. Eu vou arrebentar. N\u00f3s sempre protegemos as pessoas quando fazem um bom trabalho, mas Judas.. j\u00e1 chega Judas, n\u00e9\u2026 Mas treinador tem pouca moral, clube de futebol tem pouca moral<\/em>&nbsp;-, concluiu o ex-jogador e apresentador, em tom de amea\u00e7a.<\/p>\n\n\n\n<p>Adaptado de: Torcedores<\/p>\n","protected":false},"excerpt":{"rendered":"<p>Como a maioria da torcida do Corinthians, Neto tamb\u00e9m se revoltou com a situa\u00e7\u00e3o da poss\u00edvel ida de V\u00edtor Pereira ao Flamengo apenas alguns dias de sair do clube paulista alegando uma quest\u00e3o familiar. Assim, o comentarista esportivo amea\u00e7ou o treinador com supostos detalhes dos bastidores: \u2014&nbsp;Voc\u00ea vai ver o que eu vou fazer com [&hellip;]<\/p>\n","protected":false},"author":1,"featured_media":91310,"comment_status":"open","ping_status":"closed","sticky":false,"template":"","format":"standard","meta":{"footnotes":""},"categories":[1],"tags":[],"class_list":["post-91528","post","type-post","status-publish","format-standard","has-post-thumbnail","hentry","category-flamengo"],"yoast_head":"<!-- This site is optimized with the Yoast SEO Premium plugin v24.2 (Yoast SEO v26.9) - https:\/\/yoast.com\/product\/yoast-seo-premium-wordpress\/ -->\n<title>Perdeu a linha: \u00cddolo do Corinthians amea\u00e7a V\u00edtor Pereira devido ao Flamengo<\/title>\n<meta name=\"description\" content=\"Devido ao acerto com o Flamengo, o comentarista esportivo amea\u00e7ou o treinador V\u00edtor Pereira com supostos detalhes dos bastidores.\" \/>\n<meta name=\"robots\" content=\"index, follow, max-snippet:-1, max-image-preview:large, max-video-preview:-1\" \/>\n<link rel=\"canonical\" href=\"https:\/\/www.gaveanews.com\/index.php\/2022\/12\/04\/perdeu-a-linha-idolo-do-corinthians-ameaca-vitor-pereira-devido-ao-flamengo\/\" \/>\n<meta property=\"og:locale\" content=\"pt_BR\" \/>\n<meta property=\"og:type\" content=\"article\" \/>\n<meta property=\"og:title\" content=\"Perdeu a linha: \u00cddolo do Corinthians amea\u00e7a V\u00edtor Pereira devido ao Flamengo\" \/>\n<meta property=\"og:description\" content=\"Devido ao acerto com o Flamengo, o comentarista esportivo amea\u00e7ou o treinador V\u00edtor Pereira com supostos detalhes dos bastidores.\" \/>\n<meta property=\"og:url\" content=\"https:\/\/www.gaveanews.com\/index.php\/2022\/12\/04\/perdeu-a-linha-idolo-do-corinthians-ameaca-vitor-pereira-devido-ao-flamengo\/\" \/>\n<meta property=\"og:site_name\" content=\"G\u00e1vea News\" \/>\n<meta property=\"article:publisher\" content=\"https:\/\/facebook.com\/gaveaNews\/\" \/>\n<meta property=\"article:published_time\" content=\"2022-12-04T13:47:26+00:00\" \/>\n<meta property=\"article:modified_time\" content=\"2022-12-04T13:47:33+00:00\" \/>\n<meta property=\"og:image\" content=\"https:\/\/www.gaveanews.com\/wp-content\/uploads\/vitor-pereira-corinthians-flamengo.webp\" \/>\n\t<meta property=\"og:image:width\" content=\"984\" \/>\n\t<meta property=\"og:image:height\" content=\"656\" \/>\n\t<meta property=\"og:image:type\" content=\"image\/webp\" \/>\n<meta name=\"author\" content=\"Equipe G\u00e1vea News\" \/>\n<meta name=\"twitter:card\" content=\"summary_large_image\" \/>\n<meta name=\"twitter:label1\" content=\"Escrito por\" \/>\n\t<meta name=\"twitter:data1\" content=\"Equipe G\u00e1vea News\" \/>\n\t<meta name=\"twitter:label2\" content=\"Est. tempo de leitura\" \/>\n\t<meta name=\"twitter:data2\" content=\"1 minuto\" \/>\n<script type=\"application\/ld+json\" class=\"yoast-schema-graph\">{\"@context\":\"https:\/\/schema.org\",\"@graph\":[{\"@type\":\"NewsArticle\",\"@id\":\"https:\/\/www.gaveanews.com\/index.php\/2022\/12\/04\/perdeu-a-linha-idolo-do-corinthians-ameaca-vitor-pereira-devido-ao-flamengo\/#article\",\"isPartOf\":{\"@id\":\"https:\/\/www.gaveanews.com\/index.php\/2022\/12\/04\/perdeu-a-linha-idolo-do-corinthians-ameaca-vitor-pereira-devido-ao-flamengo\/\"},\"author\":{\"name\":\"Equipe G\u00e1vea News\",\"@id\":\"https:\/\/www.gaveanews.com\/#\/schema\/person\/2ec14f73fb96be2caf28f91afb14749d\"},\"headline\":\"Perdeu a linha: \u00cddolo do Corinthians amea\u00e7a V\u00edtor Pereira devido ao Flamengo\",\"datePublished\":\"2022-12-04T13:47:26+00:00\",\"dateModified\":\"2022-12-04T13:47:33+00:00\",\"mainEntityOfPage\":{\"@id\":\"https:\/\/www.gaveanews.com\/index.php\/2022\/12\/04\/perdeu-a-linha-idolo-do-corinthians-ameaca-vitor-pereira-devido-ao-flamengo\/\"},\"wordCount\":191,\"commentCount\":0,\"image\":{\"@id\":\"https:\/\/www.gaveanews.com\/index.php\/2022\/12\/04\/perdeu-a-linha-idolo-do-corinthians-ameaca-vitor-pereira-devido-ao-flamengo\/#primaryimage\"},\"thumbnailUrl\":\"https:\/\/www.gaveanews.com\/wp-content\/uploads\/vitor-pereira-corinthians-flamengo.webp\",\"articleSection\":[\"Flamengo\"],\"inLanguage\":\"pt-BR\",\"potentialAction\":[{\"@type\":\"CommentAction\",\"name\":\"Comment\",\"target\":[\"https:\/\/www.gaveanews.com\/index.php\/2022\/12\/04\/perdeu-a-linha-idolo-do-corinthians-ameaca-vitor-pereira-devido-ao-flamengo\/#respond\"]}],\"copyrightYear\":\"2022\",\"copyrightHolder\":{\"@id\":\"https:\/\/www.gaveanews.com\/#organization\"}},{\"@type\":\"WebPage\",\"@id\":\"https:\/\/www.gaveanews.com\/index.php\/2022\/12\/04\/perdeu-a-linha-idolo-do-corinthians-ameaca-vitor-pereira-devido-ao-flamengo\/\",\"url\":\"https:\/\/www.gaveanews.com\/index.php\/2022\/12\/04\/perdeu-a-linha-idolo-do-corinthians-ameaca-vitor-pereira-devido-ao-flamengo\/\",\"name\":\"Perdeu a linha: \u00cddolo do Corinthians amea\u00e7a V\u00edtor Pereira devido ao Flamengo\",\"isPartOf\":{\"@id\":\"https:\/\/www.gaveanews.com\/#website\"},\"primaryImageOfPage\":{\"@id\":\"https:\/\/www.gaveanews.com\/index.php\/2022\/12\/04\/perdeu-a-linha-idolo-do-corinthians-ameaca-vitor-pereira-devido-ao-flamengo\/#primaryimage\"},\"image\":{\"@id\":\"https:\/\/www.gaveanews.com\/index.php\/2022\/12\/04\/perdeu-a-linha-idolo-do-corinthians-ameaca-vitor-pereira-devido-ao-flamengo\/#primaryimage\"},\"thumbnailUrl\":\"https:\/\/www.gaveanews.com\/wp-content\/uploads\/vitor-pereira-corinthians-flamengo.webp\",\"datePublished\":\"2022-12-04T13:47:26+00:00\",\"dateModified\":\"2022-12-04T13:47:33+00:00\",\"author\":{\"@id\":\"https:\/\/www.gaveanews.com\/#\/schema\/person\/2ec14f73fb96be2caf28f91afb14749d\"},\"description\":\"Devido ao acerto com o Flamengo, o comentarista esportivo amea\u00e7ou o treinador V\u00edtor Pereira com supostos detalhes dos bastidores.\",\"breadcrumb\":{\"@id\":\"https:\/\/www.gaveanews.com\/index.php\/2022\/12\/04\/perdeu-a-linha-idolo-do-corinthians-ameaca-vitor-pereira-devido-ao-flamengo\/#breadcrumb\"},\"inLanguage\":\"pt-BR\",\"potentialAction\":[{\"@type\":\"ReadAction\",\"target\":[\"https:\/\/www.gaveanews.com\/index.php\/2022\/12\/04\/perdeu-a-linha-idolo-do-corinthians-ameaca-vitor-pereira-devido-ao-flamengo\/\"]}]},{\"@type\":\"ImageObject\",\"inLanguage\":\"pt-BR\",\"@id\":\"https:\/\/www.gaveanews.com\/index.php\/2022\/12\/04\/perdeu-a-linha-idolo-do-corinthians-ameaca-vitor-pereira-devido-ao-flamengo\/#primaryimage\",\"url\":\"https:\/\/www.gaveanews.com\/wp-content\/uploads\/vitor-pereira-corinthians-flamengo.webp\",\"contentUrl\":\"https:\/\/www.gaveanews.com\/wp-content\/uploads\/vitor-pereira-corinthians-flamengo.webp\",\"width\":984,\"height\":656,\"caption\":\"V\u00edtor Pereira pelo Corinthians (Foto: Gabriel Machado\/AGIF)\"},{\"@type\":\"BreadcrumbList\",\"@id\":\"https:\/\/www.gaveanews.com\/index.php\/2022\/12\/04\/perdeu-a-linha-idolo-do-corinthians-ameaca-vitor-pereira-devido-ao-flamengo\/#breadcrumb\",\"itemListElement\":[{\"@type\":\"ListItem\",\"position\":1,\"name\":\"Home\",\"item\":\"https:\/\/www.gaveanews.com\/\"},{\"@type\":\"ListItem\",\"position\":2,\"name\":\"Perdeu a linha: \u00cddolo do Corinthians amea\u00e7a V\u00edtor Pereira devido ao Flamengo\"}]},{\"@type\":\"WebSite\",\"@id\":\"https:\/\/www.gaveanews.com\/#website\",\"url\":\"https:\/\/www.gaveanews.com\/\",\"name\":\"G\u00e1vea News\",\"description\":\"Veja todas as not\u00edcias sobre o Flamengo: Contrata\u00e7\u00f5es, categorias de base, resultados das partidas, tabela de classifica\u00e7\u00e3o, pr\u00f3ximos jogos!\",\"potentialAction\":[{\"@type\":\"SearchAction\",\"target\":{\"@type\":\"EntryPoint\",\"urlTemplate\":\"https:\/\/www.gaveanews.com\/?s={search_term_string}\"},\"query-input\":{\"@type\":\"PropertyValueSpecification\",\"valueRequired\":true,\"valueName\":\"search_term_string\"}}],\"inLanguage\":\"pt-BR\"},{\"@type\":\"Person\",\"@id\":\"https:\/\/www.gaveanews.com\/#\/schema\/person\/2ec14f73fb96be2caf28f91afb14749d\",\"name\":\"Equipe G\u00e1vea News\",\"image\":{\"@type\":\"ImageObject\",\"inLanguage\":\"pt-BR\",\"@id\":\"https:\/\/www.gaveanews.com\/#\/schema\/person\/image\/\",\"url\":\"https:\/\/secure.gravatar.com\/avatar\/1e1956f1facbffd3f8fa53a326721950116b3b9dc9bd44939c01180fd4a745a9?s=96&d=mm&r=g\",\"contentUrl\":\"https:\/\/secure.gravatar.com\/avatar\/1e1956f1facbffd3f8fa53a326721950116b3b9dc9bd44939c01180fd4a745a9?s=96&d=mm&r=g\",\"caption\":\"Equipe G\u00e1vea News\"}}]}<\/script>\n<!-- \/ Yoast SEO Premium plugin. -->","yoast_head_json":{"title":"Perdeu a linha: \u00cddolo do Corinthians amea\u00e7a V\u00edtor Pereira devido ao Flamengo","description":"Devido ao acerto com o Flamengo, o comentarista esportivo amea\u00e7ou o treinador V\u00edtor Pereira com supostos detalhes dos bastidores.","robots":{"index":"index","follow":"follow","max-snippet":"max-snippet:-1","max-image-preview":"max-image-preview:large","max-video-preview":"max-video-preview:-1"},"canonical":"https:\/\/www.gaveanews.com\/index.php\/2022\/12\/04\/perdeu-a-linha-idolo-do-corinthians-ameaca-vitor-pereira-devido-ao-flamengo\/","og_locale":"pt_BR","og_type":"article","og_title":"Perdeu a linha: \u00cddolo do Corinthians amea\u00e7a V\u00edtor Pereira devido ao Flamengo","og_description":"Devido ao acerto com o Flamengo, o comentarista esportivo amea\u00e7ou o treinador V\u00edtor Pereira com supostos detalhes dos bastidores.","og_url":"https:\/\/www.gaveanews.com\/index.php\/2022\/12\/04\/perdeu-a-linha-idolo-do-corinthians-ameaca-vitor-pereira-devido-ao-flamengo\/","og_site_name":"G\u00e1vea News","article_publisher":"https:\/\/facebook.com\/gaveaNews\/","article_published_time":"2022-12-04T13:47:26+00:00","article_modified_time":"2022-12-04T13:47:33+00:00","og_image":[{"width":984,"height":656,"url":"https:\/\/www.gaveanews.com\/wp-content\/uploads\/vitor-pereira-corinthians-flamengo.webp","type":"image\/webp"}],"author":"Equipe G\u00e1vea News","twitter_card":"summary_large_image","twitter_misc":{"Escrito por":"Equipe G\u00e1vea News","Est. tempo de leitura":"1 minuto"},"schema":{"@context":"https:\/\/schema.org","@graph":[{"@type":"NewsArticle","@id":"https:\/\/www.gaveanews.com\/index.php\/2022\/12\/04\/perdeu-a-linha-idolo-do-corinthians-ameaca-vitor-pereira-devido-ao-flamengo\/#article","isPartOf":{"@id":"https:\/\/www.gaveanews.com\/index.php\/2022\/12\/04\/perdeu-a-linha-idolo-do-corinthians-ameaca-vitor-pereira-devido-ao-flamengo\/"},"author":{"name":"Equipe G\u00e1vea News","@id":"https:\/\/www.gaveanews.com\/#\/schema\/person\/2ec14f73fb96be2caf28f91afb14749d"},"headline":"Perdeu a linha: \u00cddolo do Corinthians amea\u00e7a V\u00edtor Pereira devido ao Flamengo","datePublished":"2022-12-04T13:47:26+00:00","dateModified":"2022-12-04T13:47:33+00:00","mainEntityOfPage":{"@id":"https:\/\/www.gaveanews.com\/index.php\/2022\/12\/04\/perdeu-a-linha-idolo-do-corinthians-ameaca-vitor-pereira-devido-ao-flamengo\/"},"wordCount":191,"commentCount":0,"image":{"@id":"https:\/\/www.gaveanews.com\/index.php\/2022\/12\/04\/perdeu-a-linha-idolo-do-corinthians-ameaca-vitor-pereira-devido-ao-flamengo\/#primaryimage"},"thumbnailUrl":"https:\/\/www.gaveanews.com\/wp-content\/uploads\/vitor-pereira-corinthians-flamengo.webp","articleSection":["Flamengo"],"inLanguage":"pt-BR","potentialAction":[{"@type":"CommentAction","name":"Comment","target":["https:\/\/www.gaveanews.com\/index.php\/2022\/12\/04\/perdeu-a-linha-idolo-do-corinthians-ameaca-vitor-pereira-devido-ao-flamengo\/#respond"]}],"copyrightYear":"2022","copyrightHolder":{"@id":"https:\/\/www.gaveanews.com\/#organization"}},{"@type":"WebPage","@id":"https:\/\/www.gaveanews.com\/index.php\/2022\/12\/04\/perdeu-a-linha-idolo-do-corinthians-ameaca-vitor-pereira-devido-ao-flamengo\/","url":"https:\/\/www.gaveanews.com\/index.php\/2022\/12\/04\/perdeu-a-linha-idolo-do-corinthians-ameaca-vitor-pereira-devido-ao-flamengo\/","name":"Perdeu a linha: \u00cddolo do Corinthians amea\u00e7a V\u00edtor Pereira devido ao Flamengo","isPartOf":{"@id":"https:\/\/www.gaveanews.com\/#website"},"primaryImageOfPage":{"@id":"https:\/\/www.gaveanews.com\/index.php\/2022\/12\/04\/perdeu-a-linha-idolo-do-corinthians-ameaca-vitor-pereira-devido-ao-flamengo\/#primaryimage"},"image":{"@id":"https:\/\/www.gaveanews.com\/index.php\/2022\/12\/04\/perdeu-a-linha-idolo-do-corinthians-ameaca-vitor-pereira-devido-ao-flamengo\/#primaryimage"},"thumbnailUrl":"https:\/\/www.gaveanews.com\/wp-content\/uploads\/vitor-pereira-corinthians-flamengo.webp","datePublished":"2022-12-04T13:47:26+00:00","dateModified":"2022-12-04T13:47:33+00:00","author":{"@id":"https:\/\/www.gaveanews.com\/#\/schema\/person\/2ec14f73fb96be2caf28f91afb14749d"},"description":"Devido ao acerto com o Flamengo, o comentarista esportivo amea\u00e7ou o treinador V\u00edtor Pereira com supostos detalhes dos bastidores.","breadcrumb":{"@id":"https:\/\/www.gaveanews.com\/index.php\/2022\/12\/04\/perdeu-a-linha-idolo-do-corinthians-ameaca-vitor-pereira-devido-ao-flamengo\/#breadcrumb"},"inLanguage":"pt-BR","potentialAction":[{"@type":"ReadAction","target":["https:\/\/www.gaveanews.com\/index.php\/2022\/12\/04\/perdeu-a-linha-idolo-do-corinthians-ameaca-vitor-pereira-devido-ao-flamengo\/"]}]},{"@type":"ImageObject","inLanguage":"pt-BR","@id":"https:\/\/www.gaveanews.com\/index.php\/2022\/12\/04\/perdeu-a-linha-idolo-do-corinthians-ameaca-vitor-pereira-devido-ao-flamengo\/#primaryimage","url":"https:\/\/www.gaveanews.com\/wp-content\/uploads\/vitor-pereira-corinthians-flamengo.webp","contentUrl":"https:\/\/www.gaveanews.com\/wp-content\/uploads\/vitor-pereira-corinthians-flamengo.webp","width":984,"height":656,"caption":"V\u00edtor Pereira pelo Corinthians (Foto: Gabriel Machado\/AGIF)"},{"@type":"BreadcrumbList","@id":"https:\/\/www.gaveanews.com\/index.php\/2022\/12\/04\/perdeu-a-linha-idolo-do-corinthians-ameaca-vitor-pereira-devido-ao-flamengo\/#breadcrumb","itemListElement":[{"@type":"ListItem","position":1,"name":"Home","item":"https:\/\/www.gaveanews.com\/"},{"@type":"ListItem","position":2,"name":"Perdeu a linha: \u00cddolo do Corinthians amea\u00e7a V\u00edtor Pereira devido ao Flamengo"}]},{"@type":"WebSite","@id":"https:\/\/www.gaveanews.com\/#website","url":"https:\/\/www.gaveanews.com\/","name":"G\u00e1vea News","description":"Veja todas as not\u00edcias sobre o Flamengo: Contrata\u00e7\u00f5es, categorias de base, resultados das partidas, tabela de classifica\u00e7\u00e3o, pr\u00f3ximos jogos!","potentialAction":[{"@type":"SearchAction","target":{"@type":"EntryPoint","urlTemplate":"https:\/\/www.gaveanews.com\/?s={search_term_string}"},"query-input":{"@type":"PropertyValueSpecification","valueRequired":true,"valueName":"search_term_string"}}],"inLanguage":"pt-BR"},{"@type":"Person","@id":"https:\/\/www.gaveanews.com\/#\/schema\/person\/2ec14f73fb96be2caf28f91afb14749d","name":"Equipe G\u00e1vea News","image":{"@type":"ImageObject","inLanguage":"pt-BR","@id":"https:\/\/www.gaveanews.com\/#\/schema\/person\/image\/","url":"https:\/\/secure.gravatar.com\/avatar\/1e1956f1facbffd3f8fa53a326721950116b3b9dc9bd44939c01180fd4a745a9?s=96&d=mm&r=g","contentUrl":"https:\/\/secure.gravatar.com\/avatar\/1e1956f1facbffd3f8fa53a326721950116b3b9dc9bd44939c01180fd4a745a9?s=96&d=mm&r=g","caption":"Equipe G\u00e1vea News"}}]}},"_links":{"self":[{"href":"https:\/\/www.gaveanews.com\/index.php\/wp-json\/wp\/v2\/posts\/91528","targetHints":{"allow":["GET"]}}],"collection":[{"href":"https:\/\/www.gaveanews.com\/index.php\/wp-json\/wp\/v2\/posts"}],"about":[{"href":"https:\/\/www.gaveanews.com\/index.php\/wp-json\/wp\/v2\/types\/post"}],"author":[{"embeddable":true,"href":"https:\/\/www.gaveanews.com\/index.php\/wp-json\/wp\/v2\/users\/1"}],"replies":[{"embeddable":true,"href":"https:\/\/www.gaveanews.com\/index.php\/wp-json\/wp\/v2\/comments?post=91528"}],"version-history":[{"count":0,"href":"https:\/\/www.gaveanews.com\/index.php\/wp-json\/wp\/v2\/posts\/91528\/revisions"}],"wp:featuredmedia":[{"embeddable":true,"href":"https:\/\/www.gaveanews.com\/index.php\/wp-json\/wp\/v2\/media\/91310"}],"wp:attachment":[{"href":"https:\/\/www.gaveanews.com\/index.php\/wp-json\/wp\/v2\/media?parent=91528"}],"wp:term":[{"taxonomy":"category","embeddable":true,"href":"https:\/\/www.gaveanews.com\/index.php\/wp-json\/wp\/v2\/categories?post=91528"},{"taxonomy":"post_tag","embeddable":true,"href":"https:\/\/www.gaveanews.com\/index.php\/wp-json\/wp\/v2\/tags?post=91528"}],"curies":[{"name":"wp","href":"https:\/\/api.w.org\/{rel}","templated":true}]}}