{"id":91550,"date":"2022-12-04T23:48:52","date_gmt":"2022-12-05T02:48:52","guid":{"rendered":"https:\/\/www.gaveanews.com\/?p=91550"},"modified":"2022-12-04T23:48:55","modified_gmt":"2022-12-05T02:48:55","slug":"reuniao-podera-definir-retorno-de-gerson-ao-flamengo","status":"publish","type":"post","link":"https:\/\/www.gaveanews.com\/index.php\/2022\/12\/04\/reuniao-podera-definir-retorno-de-gerson-ao-flamengo\/","title":{"rendered":"Reuni\u00e3o poder\u00e1 definir retorno de Gerson ao Flamengo"},"content":{"rendered":"\n<p>A situa\u00e7\u00e3o de Gerson segue indefinida. Em negocia\u00e7\u00e3o com o Flamengo, o jogador n\u00e3o se reapresentou ao Olympique de Marselha, da Fran\u00e7a, no dia combinado. Na sequencia, o brasileiro ficou de fora dos jogadores que far\u00e3o uma pr\u00e9-temporada na Espanha, em Marbella.<\/p>\n\n\n\n<p>E de acordo com o jornalista Julio Miguel Neto, o empres\u00e1rio do jovem, Marc\u00e3o, tem reuni\u00e3o agendada com Javier Ribalta, diretor esportivo do Olympique, no pr\u00f3ximo dia 10 de dezembro, para definir a situa\u00e7\u00e3o de Gerson, que n\u00e3o est\u00e1 nos planos do clube franc\u00eas e interessa ao Flamengo.<\/p>\n\n\n\n<p>O meio-campista embarcou hoje para a Fran\u00e7a e n\u00e3o seguir\u00e1 para a Espanha com o restante do grupo do Marselha. As partes ainda buscam acerto por um retorno de Gerson ao Flamengo. Eles j\u00e1 est\u00e3o acertados, faltando apenas um acordo do clube carioca com os franceses.<\/p>\n\n\n\n<p>Apesar de n\u00e3o descartar uma venda para o Flamengo, o Olympique de Marselha monitora a sondagem de outros clubes europeus e aguarda propostas mais vantajosas que o Rubro-Negro. O clube carioca j\u00e1 deixou claro que n\u00e3o deve pagar os 20 milh\u00f5es de euros desejados pelos franceses.<\/p>\n\n\n\n<p>Por fim, Gerson deixou claro seu desejo de retornar ao Flamengo e j\u00e1 tem acordo de cinco anos, com base salarial acertada, para ser jogador do Rubro-Negro novamente. A postura do Olympique tem colocado dificuldade, mas pode acabar cedendo no in\u00edcio de 2023.<\/p>\n\n\n\n<p>Retirado de: Mercado do Futebol<\/p>\n","protected":false},"excerpt":{"rendered":"<p>A situa\u00e7\u00e3o de Gerson segue indefinida. Em negocia\u00e7\u00e3o com o Flamengo, o jogador n\u00e3o se reapresentou ao Olympique de Marselha, da Fran\u00e7a, no dia combinado. Na sequencia, o brasileiro ficou de fora dos jogadores que far\u00e3o uma pr\u00e9-temporada na Espanha, em Marbella. E de acordo com o jornalista Julio Miguel Neto, o empres\u00e1rio do jovem, [&hellip;]<\/p>\n","protected":false},"author":1,"featured_media":59663,"comment_status":"open","ping_status":"closed","sticky":false,"template":"","format":"standard","meta":{"footnotes":""},"categories":[1],"tags":[],"class_list":["post-91550","post","type-post","status-publish","format-standard","has-post-thumbnail","hentry","category-flamengo"],"yoast_head":"<!-- This site is optimized with the Yoast SEO Premium plugin v24.2 (Yoast SEO v26.9) - https:\/\/yoast.com\/product\/yoast-seo-premium-wordpress\/ -->\n<title>Reuni\u00e3o poder\u00e1 definir retorno de Gerson ao Flamengo<\/title>\n<meta name=\"robots\" content=\"index, follow, max-snippet:-1, max-image-preview:large, max-video-preview:-1\" \/>\n<link rel=\"canonical\" href=\"https:\/\/www.gaveanews.com\/index.php\/2022\/12\/04\/reuniao-podera-definir-retorno-de-gerson-ao-flamengo\/\" \/>\n<meta property=\"og:locale\" content=\"pt_BR\" \/>\n<meta property=\"og:type\" content=\"article\" \/>\n<meta property=\"og:title\" content=\"Reuni\u00e3o poder\u00e1 definir retorno de Gerson ao Flamengo\" \/>\n<meta property=\"og:description\" content=\"A situa\u00e7\u00e3o de Gerson segue indefinida. Em negocia\u00e7\u00e3o com o Flamengo, o jogador n\u00e3o se reapresentou ao Olympique de Marselha, da Fran\u00e7a, no dia combinado. Na sequencia, o brasileiro ficou de fora dos jogadores que far\u00e3o uma pr\u00e9-temporada na Espanha, em Marbella. E de acordo com o jornalista Julio Miguel Neto, o empres\u00e1rio do jovem, [&hellip;]\" \/>\n<meta property=\"og:url\" content=\"https:\/\/www.gaveanews.com\/index.php\/2022\/12\/04\/reuniao-podera-definir-retorno-de-gerson-ao-flamengo\/\" \/>\n<meta property=\"og:site_name\" content=\"G\u00e1vea News\" \/>\n<meta property=\"article:publisher\" content=\"https:\/\/facebook.com\/gaveaNews\/\" \/>\n<meta property=\"article:published_time\" content=\"2022-12-05T02:48:52+00:00\" \/>\n<meta property=\"article:modified_time\" content=\"2022-12-05T02:48:55+00:00\" \/>\n<meta property=\"og:image\" content=\"https:\/\/www.gaveanews.com\/wp-content\/uploads\/Gerson-em-acao-pelo-Flamengo-durante-o-jogo-contra-o-Velez-na-Copa-Libertadores-da-America-de-2021.webp\" \/>\n\t<meta property=\"og:image:width\" content=\"800\" \/>\n\t<meta property=\"og:image:height\" content=\"533\" \/>\n\t<meta property=\"og:image:type\" content=\"image\/jpeg\" \/>\n<meta name=\"author\" content=\"Equipe G\u00e1vea News\" \/>\n<meta name=\"twitter:card\" content=\"summary_large_image\" \/>\n<meta name=\"twitter:label1\" content=\"Escrito por\" \/>\n\t<meta name=\"twitter:data1\" content=\"Equipe G\u00e1vea News\" \/>\n\t<meta name=\"twitter:label2\" content=\"Est. tempo de leitura\" \/>\n\t<meta name=\"twitter:data2\" content=\"2 minutos\" \/>\n<script type=\"application\/ld+json\" class=\"yoast-schema-graph\">{\"@context\":\"https:\/\/schema.org\",\"@graph\":[{\"@type\":\"NewsArticle\",\"@id\":\"https:\/\/www.gaveanews.com\/index.php\/2022\/12\/04\/reuniao-podera-definir-retorno-de-gerson-ao-flamengo\/#article\",\"isPartOf\":{\"@id\":\"https:\/\/www.gaveanews.com\/index.php\/2022\/12\/04\/reuniao-podera-definir-retorno-de-gerson-ao-flamengo\/\"},\"author\":{\"name\":\"Equipe G\u00e1vea News\",\"@id\":\"https:\/\/www.gaveanews.com\/#\/schema\/person\/2ec14f73fb96be2caf28f91afb14749d\"},\"headline\":\"Reuni\u00e3o poder\u00e1 definir retorno de Gerson ao Flamengo\",\"datePublished\":\"2022-12-05T02:48:52+00:00\",\"dateModified\":\"2022-12-05T02:48:55+00:00\",\"mainEntityOfPage\":{\"@id\":\"https:\/\/www.gaveanews.com\/index.php\/2022\/12\/04\/reuniao-podera-definir-retorno-de-gerson-ao-flamengo\/\"},\"wordCount\":256,\"commentCount\":0,\"image\":{\"@id\":\"https:\/\/www.gaveanews.com\/index.php\/2022\/12\/04\/reuniao-podera-definir-retorno-de-gerson-ao-flamengo\/#primaryimage\"},\"thumbnailUrl\":\"https:\/\/www.gaveanews.com\/wp-content\/uploads\/Gerson-em-acao-pelo-Flamengo-durante-o-jogo-contra-o-Velez-na-Copa-Libertadores-da-America-de-2021.webp\",\"articleSection\":[\"Flamengo\"],\"inLanguage\":\"pt-BR\",\"potentialAction\":[{\"@type\":\"CommentAction\",\"name\":\"Comment\",\"target\":[\"https:\/\/www.gaveanews.com\/index.php\/2022\/12\/04\/reuniao-podera-definir-retorno-de-gerson-ao-flamengo\/#respond\"]}],\"copyrightYear\":\"2022\",\"copyrightHolder\":{\"@id\":\"https:\/\/www.gaveanews.com\/#organization\"}},{\"@type\":\"WebPage\",\"@id\":\"https:\/\/www.gaveanews.com\/index.php\/2022\/12\/04\/reuniao-podera-definir-retorno-de-gerson-ao-flamengo\/\",\"url\":\"https:\/\/www.gaveanews.com\/index.php\/2022\/12\/04\/reuniao-podera-definir-retorno-de-gerson-ao-flamengo\/\",\"name\":\"Reuni\u00e3o poder\u00e1 definir retorno de Gerson ao Flamengo\",\"isPartOf\":{\"@id\":\"https:\/\/www.gaveanews.com\/#website\"},\"primaryImageOfPage\":{\"@id\":\"https:\/\/www.gaveanews.com\/index.php\/2022\/12\/04\/reuniao-podera-definir-retorno-de-gerson-ao-flamengo\/#primaryimage\"},\"image\":{\"@id\":\"https:\/\/www.gaveanews.com\/index.php\/2022\/12\/04\/reuniao-podera-definir-retorno-de-gerson-ao-flamengo\/#primaryimage\"},\"thumbnailUrl\":\"https:\/\/www.gaveanews.com\/wp-content\/uploads\/Gerson-em-acao-pelo-Flamengo-durante-o-jogo-contra-o-Velez-na-Copa-Libertadores-da-America-de-2021.webp\",\"datePublished\":\"2022-12-05T02:48:52+00:00\",\"dateModified\":\"2022-12-05T02:48:55+00:00\",\"author\":{\"@id\":\"https:\/\/www.gaveanews.com\/#\/schema\/person\/2ec14f73fb96be2caf28f91afb14749d\"},\"breadcrumb\":{\"@id\":\"https:\/\/www.gaveanews.com\/index.php\/2022\/12\/04\/reuniao-podera-definir-retorno-de-gerson-ao-flamengo\/#breadcrumb\"},\"inLanguage\":\"pt-BR\",\"potentialAction\":[{\"@type\":\"ReadAction\",\"target\":[\"https:\/\/www.gaveanews.com\/index.php\/2022\/12\/04\/reuniao-podera-definir-retorno-de-gerson-ao-flamengo\/\"]}]},{\"@type\":\"ImageObject\",\"inLanguage\":\"pt-BR\",\"@id\":\"https:\/\/www.gaveanews.com\/index.php\/2022\/12\/04\/reuniao-podera-definir-retorno-de-gerson-ao-flamengo\/#primaryimage\",\"url\":\"https:\/\/www.gaveanews.com\/wp-content\/uploads\/Gerson-em-acao-pelo-Flamengo-durante-o-jogo-contra-o-Velez-na-Copa-Libertadores-da-America-de-2021.webp\",\"contentUrl\":\"https:\/\/www.gaveanews.com\/wp-content\/uploads\/Gerson-em-acao-pelo-Flamengo-durante-o-jogo-contra-o-Velez-na-Copa-Libertadores-da-America-de-2021.webp\",\"width\":800,\"height\":533,\"caption\":\"Gerson em a\u00e7\u00e3o pelo Flamengo durante o jogo contra o Velez na Copa Libertadores da Am\u00e9rica de 2021 (Foto: Marcelo Cortes \/Flamengo)\"},{\"@type\":\"BreadcrumbList\",\"@id\":\"https:\/\/www.gaveanews.com\/index.php\/2022\/12\/04\/reuniao-podera-definir-retorno-de-gerson-ao-flamengo\/#breadcrumb\",\"itemListElement\":[{\"@type\":\"ListItem\",\"position\":1,\"name\":\"Home\",\"item\":\"https:\/\/www.gaveanews.com\/\"},{\"@type\":\"ListItem\",\"position\":2,\"name\":\"Reuni\u00e3o poder\u00e1 definir retorno de Gerson ao Flamengo\"}]},{\"@type\":\"WebSite\",\"@id\":\"https:\/\/www.gaveanews.com\/#website\",\"url\":\"https:\/\/www.gaveanews.com\/\",\"name\":\"G\u00e1vea News\",\"description\":\"Veja todas as not\u00edcias sobre o Flamengo: Contrata\u00e7\u00f5es, categorias de base, resultados das partidas, tabela de classifica\u00e7\u00e3o, pr\u00f3ximos jogos!\",\"potentialAction\":[{\"@type\":\"SearchAction\",\"target\":{\"@type\":\"EntryPoint\",\"urlTemplate\":\"https:\/\/www.gaveanews.com\/?s={search_term_string}\"},\"query-input\":{\"@type\":\"PropertyValueSpecification\",\"valueRequired\":true,\"valueName\":\"search_term_string\"}}],\"inLanguage\":\"pt-BR\"},{\"@type\":\"Person\",\"@id\":\"https:\/\/www.gaveanews.com\/#\/schema\/person\/2ec14f73fb96be2caf28f91afb14749d\",\"name\":\"Equipe G\u00e1vea News\",\"image\":{\"@type\":\"ImageObject\",\"inLanguage\":\"pt-BR\",\"@id\":\"https:\/\/www.gaveanews.com\/#\/schema\/person\/image\/\",\"url\":\"https:\/\/secure.gravatar.com\/avatar\/1e1956f1facbffd3f8fa53a326721950116b3b9dc9bd44939c01180fd4a745a9?s=96&d=mm&r=g\",\"contentUrl\":\"https:\/\/secure.gravatar.com\/avatar\/1e1956f1facbffd3f8fa53a326721950116b3b9dc9bd44939c01180fd4a745a9?s=96&d=mm&r=g\",\"caption\":\"Equipe G\u00e1vea News\"}}]}<\/script>\n<!-- \/ Yoast SEO Premium plugin. -->","yoast_head_json":{"title":"Reuni\u00e3o poder\u00e1 definir retorno de Gerson ao Flamengo","robots":{"index":"index","follow":"follow","max-snippet":"max-snippet:-1","max-image-preview":"max-image-preview:large","max-video-preview":"max-video-preview:-1"},"canonical":"https:\/\/www.gaveanews.com\/index.php\/2022\/12\/04\/reuniao-podera-definir-retorno-de-gerson-ao-flamengo\/","og_locale":"pt_BR","og_type":"article","og_title":"Reuni\u00e3o poder\u00e1 definir retorno de Gerson ao Flamengo","og_description":"A situa\u00e7\u00e3o de Gerson segue indefinida. Em negocia\u00e7\u00e3o com o Flamengo, o jogador n\u00e3o se reapresentou ao Olympique de Marselha, da Fran\u00e7a, no dia combinado. Na sequencia, o brasileiro ficou de fora dos jogadores que far\u00e3o uma pr\u00e9-temporada na Espanha, em Marbella. E de acordo com o jornalista Julio Miguel Neto, o empres\u00e1rio do jovem, [&hellip;]","og_url":"https:\/\/www.gaveanews.com\/index.php\/2022\/12\/04\/reuniao-podera-definir-retorno-de-gerson-ao-flamengo\/","og_site_name":"G\u00e1vea News","article_publisher":"https:\/\/facebook.com\/gaveaNews\/","article_published_time":"2022-12-05T02:48:52+00:00","article_modified_time":"2022-12-05T02:48:55+00:00","og_image":[{"width":800,"height":533,"url":"https:\/\/www.gaveanews.com\/wp-content\/uploads\/Gerson-em-acao-pelo-Flamengo-durante-o-jogo-contra-o-Velez-na-Copa-Libertadores-da-America-de-2021.webp","type":"image\/jpeg"}],"author":"Equipe G\u00e1vea News","twitter_card":"summary_large_image","twitter_misc":{"Escrito por":"Equipe G\u00e1vea News","Est. tempo de leitura":"2 minutos"},"schema":{"@context":"https:\/\/schema.org","@graph":[{"@type":"NewsArticle","@id":"https:\/\/www.gaveanews.com\/index.php\/2022\/12\/04\/reuniao-podera-definir-retorno-de-gerson-ao-flamengo\/#article","isPartOf":{"@id":"https:\/\/www.gaveanews.com\/index.php\/2022\/12\/04\/reuniao-podera-definir-retorno-de-gerson-ao-flamengo\/"},"author":{"name":"Equipe G\u00e1vea News","@id":"https:\/\/www.gaveanews.com\/#\/schema\/person\/2ec14f73fb96be2caf28f91afb14749d"},"headline":"Reuni\u00e3o poder\u00e1 definir retorno de Gerson ao Flamengo","datePublished":"2022-12-05T02:48:52+00:00","dateModified":"2022-12-05T02:48:55+00:00","mainEntityOfPage":{"@id":"https:\/\/www.gaveanews.com\/index.php\/2022\/12\/04\/reuniao-podera-definir-retorno-de-gerson-ao-flamengo\/"},"wordCount":256,"commentCount":0,"image":{"@id":"https:\/\/www.gaveanews.com\/index.php\/2022\/12\/04\/reuniao-podera-definir-retorno-de-gerson-ao-flamengo\/#primaryimage"},"thumbnailUrl":"https:\/\/www.gaveanews.com\/wp-content\/uploads\/Gerson-em-acao-pelo-Flamengo-durante-o-jogo-contra-o-Velez-na-Copa-Libertadores-da-America-de-2021.webp","articleSection":["Flamengo"],"inLanguage":"pt-BR","potentialAction":[{"@type":"CommentAction","name":"Comment","target":["https:\/\/www.gaveanews.com\/index.php\/2022\/12\/04\/reuniao-podera-definir-retorno-de-gerson-ao-flamengo\/#respond"]}],"copyrightYear":"2022","copyrightHolder":{"@id":"https:\/\/www.gaveanews.com\/#organization"}},{"@type":"WebPage","@id":"https:\/\/www.gaveanews.com\/index.php\/2022\/12\/04\/reuniao-podera-definir-retorno-de-gerson-ao-flamengo\/","url":"https:\/\/www.gaveanews.com\/index.php\/2022\/12\/04\/reuniao-podera-definir-retorno-de-gerson-ao-flamengo\/","name":"Reuni\u00e3o poder\u00e1 definir retorno de Gerson ao Flamengo","isPartOf":{"@id":"https:\/\/www.gaveanews.com\/#website"},"primaryImageOfPage":{"@id":"https:\/\/www.gaveanews.com\/index.php\/2022\/12\/04\/reuniao-podera-definir-retorno-de-gerson-ao-flamengo\/#primaryimage"},"image":{"@id":"https:\/\/www.gaveanews.com\/index.php\/2022\/12\/04\/reuniao-podera-definir-retorno-de-gerson-ao-flamengo\/#primaryimage"},"thumbnailUrl":"https:\/\/www.gaveanews.com\/wp-content\/uploads\/Gerson-em-acao-pelo-Flamengo-durante-o-jogo-contra-o-Velez-na-Copa-Libertadores-da-America-de-2021.webp","datePublished":"2022-12-05T02:48:52+00:00","dateModified":"2022-12-05T02:48:55+00:00","author":{"@id":"https:\/\/www.gaveanews.com\/#\/schema\/person\/2ec14f73fb96be2caf28f91afb14749d"},"breadcrumb":{"@id":"https:\/\/www.gaveanews.com\/index.php\/2022\/12\/04\/reuniao-podera-definir-retorno-de-gerson-ao-flamengo\/#breadcrumb"},"inLanguage":"pt-BR","potentialAction":[{"@type":"ReadAction","target":["https:\/\/www.gaveanews.com\/index.php\/2022\/12\/04\/reuniao-podera-definir-retorno-de-gerson-ao-flamengo\/"]}]},{"@type":"ImageObject","inLanguage":"pt-BR","@id":"https:\/\/www.gaveanews.com\/index.php\/2022\/12\/04\/reuniao-podera-definir-retorno-de-gerson-ao-flamengo\/#primaryimage","url":"https:\/\/www.gaveanews.com\/wp-content\/uploads\/Gerson-em-acao-pelo-Flamengo-durante-o-jogo-contra-o-Velez-na-Copa-Libertadores-da-America-de-2021.webp","contentUrl":"https:\/\/www.gaveanews.com\/wp-content\/uploads\/Gerson-em-acao-pelo-Flamengo-durante-o-jogo-contra-o-Velez-na-Copa-Libertadores-da-America-de-2021.webp","width":800,"height":533,"caption":"Gerson em a\u00e7\u00e3o pelo Flamengo durante o jogo contra o Velez na Copa Libertadores da Am\u00e9rica de 2021 (Foto: Marcelo Cortes \/Flamengo)"},{"@type":"BreadcrumbList","@id":"https:\/\/www.gaveanews.com\/index.php\/2022\/12\/04\/reuniao-podera-definir-retorno-de-gerson-ao-flamengo\/#breadcrumb","itemListElement":[{"@type":"ListItem","position":1,"name":"Home","item":"https:\/\/www.gaveanews.com\/"},{"@type":"ListItem","position":2,"name":"Reuni\u00e3o poder\u00e1 definir retorno de Gerson ao Flamengo"}]},{"@type":"WebSite","@id":"https:\/\/www.gaveanews.com\/#website","url":"https:\/\/www.gaveanews.com\/","name":"G\u00e1vea News","description":"Veja todas as not\u00edcias sobre o Flamengo: Contrata\u00e7\u00f5es, categorias de base, resultados das partidas, tabela de classifica\u00e7\u00e3o, pr\u00f3ximos jogos!","potentialAction":[{"@type":"SearchAction","target":{"@type":"EntryPoint","urlTemplate":"https:\/\/www.gaveanews.com\/?s={search_term_string}"},"query-input":{"@type":"PropertyValueSpecification","valueRequired":true,"valueName":"search_term_string"}}],"inLanguage":"pt-BR"},{"@type":"Person","@id":"https:\/\/www.gaveanews.com\/#\/schema\/person\/2ec14f73fb96be2caf28f91afb14749d","name":"Equipe G\u00e1vea News","image":{"@type":"ImageObject","inLanguage":"pt-BR","@id":"https:\/\/www.gaveanews.com\/#\/schema\/person\/image\/","url":"https:\/\/secure.gravatar.com\/avatar\/1e1956f1facbffd3f8fa53a326721950116b3b9dc9bd44939c01180fd4a745a9?s=96&d=mm&r=g","contentUrl":"https:\/\/secure.gravatar.com\/avatar\/1e1956f1facbffd3f8fa53a326721950116b3b9dc9bd44939c01180fd4a745a9?s=96&d=mm&r=g","caption":"Equipe G\u00e1vea News"}}]}},"_links":{"self":[{"href":"https:\/\/www.gaveanews.com\/index.php\/wp-json\/wp\/v2\/posts\/91550","targetHints":{"allow":["GET"]}}],"collection":[{"href":"https:\/\/www.gaveanews.com\/index.php\/wp-json\/wp\/v2\/posts"}],"about":[{"href":"https:\/\/www.gaveanews.com\/index.php\/wp-json\/wp\/v2\/types\/post"}],"author":[{"embeddable":true,"href":"https:\/\/www.gaveanews.com\/index.php\/wp-json\/wp\/v2\/users\/1"}],"replies":[{"embeddable":true,"href":"https:\/\/www.gaveanews.com\/index.php\/wp-json\/wp\/v2\/comments?post=91550"}],"version-history":[{"count":0,"href":"https:\/\/www.gaveanews.com\/index.php\/wp-json\/wp\/v2\/posts\/91550\/revisions"}],"wp:featuredmedia":[{"embeddable":true,"href":"https:\/\/www.gaveanews.com\/index.php\/wp-json\/wp\/v2\/media\/59663"}],"wp:attachment":[{"href":"https:\/\/www.gaveanews.com\/index.php\/wp-json\/wp\/v2\/media?parent=91550"}],"wp:term":[{"taxonomy":"category","embeddable":true,"href":"https:\/\/www.gaveanews.com\/index.php\/wp-json\/wp\/v2\/categories?post=91550"},{"taxonomy":"post_tag","embeddable":true,"href":"https:\/\/www.gaveanews.com\/index.php\/wp-json\/wp\/v2\/tags?post=91550"}],"curies":[{"name":"wp","href":"https:\/\/api.w.org\/{rel}","templated":true}]}}