{"id":91560,"date":"2022-12-05T09:48:19","date_gmt":"2022-12-05T12:48:19","guid":{"rendered":"https:\/\/www.gaveanews.com\/?p=91560"},"modified":"2022-12-05T09:48:22","modified_gmt":"2022-12-05T12:48:22","slug":"imprensa-da-espanha-coloca-arrascaeta-do-flamengo-no-futebol-da-europa","status":"publish","type":"post","link":"https:\/\/www.gaveanews.com\/index.php\/2022\/12\/05\/imprensa-da-espanha-coloca-arrascaeta-do-flamengo-no-futebol-da-europa\/","title":{"rendered":"Imprensa da Espanha coloca Arrascaeta, do Flamengo, no futebol da Europa"},"content":{"rendered":"\n<p>A elimina\u00e7\u00e3o na fase de grupos da Copa do Mundo n\u00e3o impediu que Arrascaeta ganhasse men\u00e7\u00f5es na m\u00eddia europeia. Pouco acionado pelo t\u00e9cnico Diego Alonso, o meia foi notado e recebeu destaque de um dos tradicionais jornais da Espanha.<\/p>\n\n\n\n<p>O <em>As <\/em>destacou cinco jogadores que n\u00e3o avan\u00e7aram para a fase mata-mata da Copa do Mundo e que mereciam um resultado melhor. Um dos atletas mencionados foi Arrascaeta.<\/p>\n\n\n\n<p>O portal destacou a qualidade t\u00e9cnica do meia e o colocou como principal arma da Sele\u00e7\u00e3o do Uruguai, a qual, na vis\u00e3o do jornal, poderia ter passado para as oitavas de final se o jogador tivesse ganhado mais minutos em campo.<\/p>\n\n\n\n<p><em>\u201cO fato de uma equipe com Luis Su\u00e1rez, Cavani e Darwin N\u00fa\u00f1ez ter encerrado sua participa\u00e7\u00e3o na Copa do Mundo com dois gols fala das dificuldades que teve para gerar perigo. E os dois gols foram marcados por um meio-campista, Giorgian de Arrascaeta, que n\u00e3o havia jogado contra a Coreia do Sul, teve 28 minutos contra Portugal e decidiu o duelo contra Gana com seus dois gols. Aos 28 anos, o talentoso meio-campista nunca jogou na Europa e este tipo de torneio o aprova. Uma das grandes cr\u00edticas a Diego Alonso \u00e9 ter lhe dado t\u00e3o pouco destaque\u201d.<\/em><\/p>\n\n\n\n<p>Embora tenha despertado o interesse de equipes europeias, <a href=\"https:\/\/www.gaveanews.com\/index.php\/2022\/12\/04\/time-da-alemanha-quer-contratar-arrascaeta-do-flamengo\/\">como \u00e9 o caso do Borussia Dortmund, da Alemanha,<\/a> Arrascaeta \u00e9 visto como pe\u00e7a indispens\u00e1vel no elenco do Flamengo. O jogador tem contrato com o clube da G\u00e1vea at\u00e9 o final de 2026 e uma <a href=\"https:\/\/www.gaveanews.com\/index.php\/2022\/12\/05\/desejado-pelo-borussia-dortmund-veja-o-valor-da-multa-de-arrascaeta-no-flamengo\/\">multa rescis\u00f3ria bastante alta.<\/a><\/p>\n","protected":false},"excerpt":{"rendered":"<p>A elimina\u00e7\u00e3o na fase de grupos da Copa do Mundo n\u00e3o impediu que Arrascaeta ganhasse men\u00e7\u00f5es na m\u00eddia europeia. Pouco acionado pelo t\u00e9cnico Diego Alonso, o meia foi notado e recebeu destaque de um dos tradicionais jornais da Espanha. O As destacou cinco jogadores que n\u00e3o avan\u00e7aram para a fase mata-mata da Copa do Mundo [&hellip;]<\/p>\n","protected":false},"author":4,"featured_media":91508,"comment_status":"open","ping_status":"closed","sticky":false,"template":"","format":"standard","meta":{"footnotes":""},"categories":[1],"tags":[],"class_list":["post-91560","post","type-post","status-publish","format-standard","has-post-thumbnail","hentry","category-flamengo"],"yoast_head":"<!-- This site is optimized with the Yoast SEO Premium plugin v24.2 (Yoast SEO v26.9) - https:\/\/yoast.com\/product\/yoast-seo-premium-wordpress\/ -->\n<title>Imprensa da Espanha coloca Arrascaeta, do Flamengo, no futebol da Europa<\/title>\n<meta name=\"robots\" content=\"index, follow, max-snippet:-1, max-image-preview:large, max-video-preview:-1\" \/>\n<link rel=\"canonical\" href=\"https:\/\/www.gaveanews.com\/index.php\/2022\/12\/05\/imprensa-da-espanha-coloca-arrascaeta-do-flamengo-no-futebol-da-europa\/\" \/>\n<meta property=\"og:locale\" content=\"pt_BR\" \/>\n<meta property=\"og:type\" content=\"article\" \/>\n<meta property=\"og:title\" content=\"Imprensa da Espanha coloca Arrascaeta, do Flamengo, no futebol da Europa\" \/>\n<meta property=\"og:description\" content=\"A elimina\u00e7\u00e3o na fase de grupos da Copa do Mundo n\u00e3o impediu que Arrascaeta ganhasse men\u00e7\u00f5es na m\u00eddia europeia. Pouco acionado pelo t\u00e9cnico Diego Alonso, o meia foi notado e recebeu destaque de um dos tradicionais jornais da Espanha. O As destacou cinco jogadores que n\u00e3o avan\u00e7aram para a fase mata-mata da Copa do Mundo [&hellip;]\" \/>\n<meta property=\"og:url\" content=\"https:\/\/www.gaveanews.com\/index.php\/2022\/12\/05\/imprensa-da-espanha-coloca-arrascaeta-do-flamengo-no-futebol-da-europa\/\" \/>\n<meta property=\"og:site_name\" content=\"G\u00e1vea News\" \/>\n<meta property=\"article:publisher\" content=\"https:\/\/facebook.com\/gaveaNews\/\" \/>\n<meta property=\"article:published_time\" content=\"2022-12-05T12:48:19+00:00\" \/>\n<meta property=\"article:modified_time\" content=\"2022-12-05T12:48:22+00:00\" \/>\n<meta property=\"og:image\" content=\"https:\/\/www.gaveanews.com\/wp-content\/uploads\/arrascaeta-uruguai-copa-do-mundo-flamengo.webp\" \/>\n\t<meta property=\"og:image:width\" content=\"900\" \/>\n\t<meta property=\"og:image:height\" content=\"629\" \/>\n\t<meta property=\"og:image:type\" content=\"image\/jpeg\" \/>\n<meta name=\"author\" content=\"Let\u00edcia Gerheim\" \/>\n<meta name=\"twitter:card\" content=\"summary_large_image\" \/>\n<meta name=\"twitter:label1\" content=\"Escrito por\" \/>\n\t<meta name=\"twitter:data1\" content=\"Let\u00edcia Gerheim\" \/>\n\t<meta name=\"twitter:label2\" content=\"Est. tempo de leitura\" \/>\n\t<meta name=\"twitter:data2\" content=\"2 minutos\" \/>\n<script type=\"application\/ld+json\" class=\"yoast-schema-graph\">{\"@context\":\"https:\/\/schema.org\",\"@graph\":[{\"@type\":\"NewsArticle\",\"@id\":\"https:\/\/www.gaveanews.com\/index.php\/2022\/12\/05\/imprensa-da-espanha-coloca-arrascaeta-do-flamengo-no-futebol-da-europa\/#article\",\"isPartOf\":{\"@id\":\"https:\/\/www.gaveanews.com\/index.php\/2022\/12\/05\/imprensa-da-espanha-coloca-arrascaeta-do-flamengo-no-futebol-da-europa\/\"},\"author\":{\"name\":\"Let\u00edcia Gerheim\",\"@id\":\"https:\/\/www.gaveanews.com\/#\/schema\/person\/714c67050b836198af2450ba1c142a67\"},\"headline\":\"Imprensa da Espanha coloca Arrascaeta, do Flamengo, no futebol da Europa\",\"datePublished\":\"2022-12-05T12:48:19+00:00\",\"dateModified\":\"2022-12-05T12:48:22+00:00\",\"mainEntityOfPage\":{\"@id\":\"https:\/\/www.gaveanews.com\/index.php\/2022\/12\/05\/imprensa-da-espanha-coloca-arrascaeta-do-flamengo-no-futebol-da-europa\/\"},\"wordCount\":278,\"commentCount\":0,\"image\":{\"@id\":\"https:\/\/www.gaveanews.com\/index.php\/2022\/12\/05\/imprensa-da-espanha-coloca-arrascaeta-do-flamengo-no-futebol-da-europa\/#primaryimage\"},\"thumbnailUrl\":\"https:\/\/www.gaveanews.com\/wp-content\/uploads\/arrascaeta-uruguai-copa-do-mundo-flamengo.webp\",\"articleSection\":[\"Flamengo\"],\"inLanguage\":\"pt-BR\",\"potentialAction\":[{\"@type\":\"CommentAction\",\"name\":\"Comment\",\"target\":[\"https:\/\/www.gaveanews.com\/index.php\/2022\/12\/05\/imprensa-da-espanha-coloca-arrascaeta-do-flamengo-no-futebol-da-europa\/#respond\"]}],\"copyrightYear\":\"2022\",\"copyrightHolder\":{\"@id\":\"https:\/\/www.gaveanews.com\/#organization\"}},{\"@type\":\"WebPage\",\"@id\":\"https:\/\/www.gaveanews.com\/index.php\/2022\/12\/05\/imprensa-da-espanha-coloca-arrascaeta-do-flamengo-no-futebol-da-europa\/\",\"url\":\"https:\/\/www.gaveanews.com\/index.php\/2022\/12\/05\/imprensa-da-espanha-coloca-arrascaeta-do-flamengo-no-futebol-da-europa\/\",\"name\":\"Imprensa da Espanha coloca Arrascaeta, do Flamengo, no futebol da Europa\",\"isPartOf\":{\"@id\":\"https:\/\/www.gaveanews.com\/#website\"},\"primaryImageOfPage\":{\"@id\":\"https:\/\/www.gaveanews.com\/index.php\/2022\/12\/05\/imprensa-da-espanha-coloca-arrascaeta-do-flamengo-no-futebol-da-europa\/#primaryimage\"},\"image\":{\"@id\":\"https:\/\/www.gaveanews.com\/index.php\/2022\/12\/05\/imprensa-da-espanha-coloca-arrascaeta-do-flamengo-no-futebol-da-europa\/#primaryimage\"},\"thumbnailUrl\":\"https:\/\/www.gaveanews.com\/wp-content\/uploads\/arrascaeta-uruguai-copa-do-mundo-flamengo.webp\",\"datePublished\":\"2022-12-05T12:48:19+00:00\",\"dateModified\":\"2022-12-05T12:48:22+00:00\",\"author\":{\"@id\":\"https:\/\/www.gaveanews.com\/#\/schema\/person\/714c67050b836198af2450ba1c142a67\"},\"breadcrumb\":{\"@id\":\"https:\/\/www.gaveanews.com\/index.php\/2022\/12\/05\/imprensa-da-espanha-coloca-arrascaeta-do-flamengo-no-futebol-da-europa\/#breadcrumb\"},\"inLanguage\":\"pt-BR\",\"potentialAction\":[{\"@type\":\"ReadAction\",\"target\":[\"https:\/\/www.gaveanews.com\/index.php\/2022\/12\/05\/imprensa-da-espanha-coloca-arrascaeta-do-flamengo-no-futebol-da-europa\/\"]}]},{\"@type\":\"ImageObject\",\"inLanguage\":\"pt-BR\",\"@id\":\"https:\/\/www.gaveanews.com\/index.php\/2022\/12\/05\/imprensa-da-espanha-coloca-arrascaeta-do-flamengo-no-futebol-da-europa\/#primaryimage\",\"url\":\"https:\/\/www.gaveanews.com\/wp-content\/uploads\/arrascaeta-uruguai-copa-do-mundo-flamengo.webp\",\"contentUrl\":\"https:\/\/www.gaveanews.com\/wp-content\/uploads\/arrascaeta-uruguai-copa-do-mundo-flamengo.webp\",\"width\":900,\"height\":629,\"caption\":\"Arrascaeta em a\u00e7\u00e3o pela Sele\u00e7\u00e3o do Uruguai (Foto: REUTERS\/John Sibley)\"},{\"@type\":\"BreadcrumbList\",\"@id\":\"https:\/\/www.gaveanews.com\/index.php\/2022\/12\/05\/imprensa-da-espanha-coloca-arrascaeta-do-flamengo-no-futebol-da-europa\/#breadcrumb\",\"itemListElement\":[{\"@type\":\"ListItem\",\"position\":1,\"name\":\"Home\",\"item\":\"https:\/\/www.gaveanews.com\/\"},{\"@type\":\"ListItem\",\"position\":2,\"name\":\"Imprensa da Espanha coloca Arrascaeta, do Flamengo, no futebol da Europa\"}]},{\"@type\":\"WebSite\",\"@id\":\"https:\/\/www.gaveanews.com\/#website\",\"url\":\"https:\/\/www.gaveanews.com\/\",\"name\":\"G\u00e1vea News\",\"description\":\"Veja todas as not\u00edcias sobre o Flamengo: Contrata\u00e7\u00f5es, categorias de base, resultados das partidas, tabela de classifica\u00e7\u00e3o, pr\u00f3ximos jogos!\",\"potentialAction\":[{\"@type\":\"SearchAction\",\"target\":{\"@type\":\"EntryPoint\",\"urlTemplate\":\"https:\/\/www.gaveanews.com\/?s={search_term_string}\"},\"query-input\":{\"@type\":\"PropertyValueSpecification\",\"valueRequired\":true,\"valueName\":\"search_term_string\"}}],\"inLanguage\":\"pt-BR\"},{\"@type\":\"Person\",\"@id\":\"https:\/\/www.gaveanews.com\/#\/schema\/person\/714c67050b836198af2450ba1c142a67\",\"name\":\"Let\u00edcia Gerheim\",\"image\":{\"@type\":\"ImageObject\",\"inLanguage\":\"pt-BR\",\"@id\":\"https:\/\/www.gaveanews.com\/#\/schema\/person\/image\/\",\"url\":\"https:\/\/secure.gravatar.com\/avatar\/60734739c50fcebfbac509e2a826ccd0ff405c019bc73aab9354f19ecad1dcb4?s=96&d=mm&r=g\",\"contentUrl\":\"https:\/\/secure.gravatar.com\/avatar\/60734739c50fcebfbac509e2a826ccd0ff405c019bc73aab9354f19ecad1dcb4?s=96&d=mm&r=g\",\"caption\":\"Let\u00edcia Gerheim\"}}]}<\/script>\n<!-- \/ Yoast SEO Premium plugin. -->","yoast_head_json":{"title":"Imprensa da Espanha coloca Arrascaeta, do Flamengo, no futebol da Europa","robots":{"index":"index","follow":"follow","max-snippet":"max-snippet:-1","max-image-preview":"max-image-preview:large","max-video-preview":"max-video-preview:-1"},"canonical":"https:\/\/www.gaveanews.com\/index.php\/2022\/12\/05\/imprensa-da-espanha-coloca-arrascaeta-do-flamengo-no-futebol-da-europa\/","og_locale":"pt_BR","og_type":"article","og_title":"Imprensa da Espanha coloca Arrascaeta, do Flamengo, no futebol da Europa","og_description":"A elimina\u00e7\u00e3o na fase de grupos da Copa do Mundo n\u00e3o impediu que Arrascaeta ganhasse men\u00e7\u00f5es na m\u00eddia europeia. Pouco acionado pelo t\u00e9cnico Diego Alonso, o meia foi notado e recebeu destaque de um dos tradicionais jornais da Espanha. O As destacou cinco jogadores que n\u00e3o avan\u00e7aram para a fase mata-mata da Copa do Mundo [&hellip;]","og_url":"https:\/\/www.gaveanews.com\/index.php\/2022\/12\/05\/imprensa-da-espanha-coloca-arrascaeta-do-flamengo-no-futebol-da-europa\/","og_site_name":"G\u00e1vea News","article_publisher":"https:\/\/facebook.com\/gaveaNews\/","article_published_time":"2022-12-05T12:48:19+00:00","article_modified_time":"2022-12-05T12:48:22+00:00","og_image":[{"width":900,"height":629,"url":"https:\/\/www.gaveanews.com\/wp-content\/uploads\/arrascaeta-uruguai-copa-do-mundo-flamengo.webp","type":"image\/jpeg"}],"author":"Let\u00edcia Gerheim","twitter_card":"summary_large_image","twitter_misc":{"Escrito por":"Let\u00edcia Gerheim","Est. tempo de leitura":"2 minutos"},"schema":{"@context":"https:\/\/schema.org","@graph":[{"@type":"NewsArticle","@id":"https:\/\/www.gaveanews.com\/index.php\/2022\/12\/05\/imprensa-da-espanha-coloca-arrascaeta-do-flamengo-no-futebol-da-europa\/#article","isPartOf":{"@id":"https:\/\/www.gaveanews.com\/index.php\/2022\/12\/05\/imprensa-da-espanha-coloca-arrascaeta-do-flamengo-no-futebol-da-europa\/"},"author":{"name":"Let\u00edcia Gerheim","@id":"https:\/\/www.gaveanews.com\/#\/schema\/person\/714c67050b836198af2450ba1c142a67"},"headline":"Imprensa da Espanha coloca Arrascaeta, do Flamengo, no futebol da Europa","datePublished":"2022-12-05T12:48:19+00:00","dateModified":"2022-12-05T12:48:22+00:00","mainEntityOfPage":{"@id":"https:\/\/www.gaveanews.com\/index.php\/2022\/12\/05\/imprensa-da-espanha-coloca-arrascaeta-do-flamengo-no-futebol-da-europa\/"},"wordCount":278,"commentCount":0,"image":{"@id":"https:\/\/www.gaveanews.com\/index.php\/2022\/12\/05\/imprensa-da-espanha-coloca-arrascaeta-do-flamengo-no-futebol-da-europa\/#primaryimage"},"thumbnailUrl":"https:\/\/www.gaveanews.com\/wp-content\/uploads\/arrascaeta-uruguai-copa-do-mundo-flamengo.webp","articleSection":["Flamengo"],"inLanguage":"pt-BR","potentialAction":[{"@type":"CommentAction","name":"Comment","target":["https:\/\/www.gaveanews.com\/index.php\/2022\/12\/05\/imprensa-da-espanha-coloca-arrascaeta-do-flamengo-no-futebol-da-europa\/#respond"]}],"copyrightYear":"2022","copyrightHolder":{"@id":"https:\/\/www.gaveanews.com\/#organization"}},{"@type":"WebPage","@id":"https:\/\/www.gaveanews.com\/index.php\/2022\/12\/05\/imprensa-da-espanha-coloca-arrascaeta-do-flamengo-no-futebol-da-europa\/","url":"https:\/\/www.gaveanews.com\/index.php\/2022\/12\/05\/imprensa-da-espanha-coloca-arrascaeta-do-flamengo-no-futebol-da-europa\/","name":"Imprensa da Espanha coloca Arrascaeta, do Flamengo, no futebol da Europa","isPartOf":{"@id":"https:\/\/www.gaveanews.com\/#website"},"primaryImageOfPage":{"@id":"https:\/\/www.gaveanews.com\/index.php\/2022\/12\/05\/imprensa-da-espanha-coloca-arrascaeta-do-flamengo-no-futebol-da-europa\/#primaryimage"},"image":{"@id":"https:\/\/www.gaveanews.com\/index.php\/2022\/12\/05\/imprensa-da-espanha-coloca-arrascaeta-do-flamengo-no-futebol-da-europa\/#primaryimage"},"thumbnailUrl":"https:\/\/www.gaveanews.com\/wp-content\/uploads\/arrascaeta-uruguai-copa-do-mundo-flamengo.webp","datePublished":"2022-12-05T12:48:19+00:00","dateModified":"2022-12-05T12:48:22+00:00","author":{"@id":"https:\/\/www.gaveanews.com\/#\/schema\/person\/714c67050b836198af2450ba1c142a67"},"breadcrumb":{"@id":"https:\/\/www.gaveanews.com\/index.php\/2022\/12\/05\/imprensa-da-espanha-coloca-arrascaeta-do-flamengo-no-futebol-da-europa\/#breadcrumb"},"inLanguage":"pt-BR","potentialAction":[{"@type":"ReadAction","target":["https:\/\/www.gaveanews.com\/index.php\/2022\/12\/05\/imprensa-da-espanha-coloca-arrascaeta-do-flamengo-no-futebol-da-europa\/"]}]},{"@type":"ImageObject","inLanguage":"pt-BR","@id":"https:\/\/www.gaveanews.com\/index.php\/2022\/12\/05\/imprensa-da-espanha-coloca-arrascaeta-do-flamengo-no-futebol-da-europa\/#primaryimage","url":"https:\/\/www.gaveanews.com\/wp-content\/uploads\/arrascaeta-uruguai-copa-do-mundo-flamengo.webp","contentUrl":"https:\/\/www.gaveanews.com\/wp-content\/uploads\/arrascaeta-uruguai-copa-do-mundo-flamengo.webp","width":900,"height":629,"caption":"Arrascaeta em a\u00e7\u00e3o pela Sele\u00e7\u00e3o do Uruguai (Foto: REUTERS\/John Sibley)"},{"@type":"BreadcrumbList","@id":"https:\/\/www.gaveanews.com\/index.php\/2022\/12\/05\/imprensa-da-espanha-coloca-arrascaeta-do-flamengo-no-futebol-da-europa\/#breadcrumb","itemListElement":[{"@type":"ListItem","position":1,"name":"Home","item":"https:\/\/www.gaveanews.com\/"},{"@type":"ListItem","position":2,"name":"Imprensa da Espanha coloca Arrascaeta, do Flamengo, no futebol da Europa"}]},{"@type":"WebSite","@id":"https:\/\/www.gaveanews.com\/#website","url":"https:\/\/www.gaveanews.com\/","name":"G\u00e1vea News","description":"Veja todas as not\u00edcias sobre o Flamengo: Contrata\u00e7\u00f5es, categorias de base, resultados das partidas, tabela de classifica\u00e7\u00e3o, pr\u00f3ximos jogos!","potentialAction":[{"@type":"SearchAction","target":{"@type":"EntryPoint","urlTemplate":"https:\/\/www.gaveanews.com\/?s={search_term_string}"},"query-input":{"@type":"PropertyValueSpecification","valueRequired":true,"valueName":"search_term_string"}}],"inLanguage":"pt-BR"},{"@type":"Person","@id":"https:\/\/www.gaveanews.com\/#\/schema\/person\/714c67050b836198af2450ba1c142a67","name":"Let\u00edcia Gerheim","image":{"@type":"ImageObject","inLanguage":"pt-BR","@id":"https:\/\/www.gaveanews.com\/#\/schema\/person\/image\/","url":"https:\/\/secure.gravatar.com\/avatar\/60734739c50fcebfbac509e2a826ccd0ff405c019bc73aab9354f19ecad1dcb4?s=96&d=mm&r=g","contentUrl":"https:\/\/secure.gravatar.com\/avatar\/60734739c50fcebfbac509e2a826ccd0ff405c019bc73aab9354f19ecad1dcb4?s=96&d=mm&r=g","caption":"Let\u00edcia Gerheim"}}]}},"_links":{"self":[{"href":"https:\/\/www.gaveanews.com\/index.php\/wp-json\/wp\/v2\/posts\/91560","targetHints":{"allow":["GET"]}}],"collection":[{"href":"https:\/\/www.gaveanews.com\/index.php\/wp-json\/wp\/v2\/posts"}],"about":[{"href":"https:\/\/www.gaveanews.com\/index.php\/wp-json\/wp\/v2\/types\/post"}],"author":[{"embeddable":true,"href":"https:\/\/www.gaveanews.com\/index.php\/wp-json\/wp\/v2\/users\/4"}],"replies":[{"embeddable":true,"href":"https:\/\/www.gaveanews.com\/index.php\/wp-json\/wp\/v2\/comments?post=91560"}],"version-history":[{"count":0,"href":"https:\/\/www.gaveanews.com\/index.php\/wp-json\/wp\/v2\/posts\/91560\/revisions"}],"wp:featuredmedia":[{"embeddable":true,"href":"https:\/\/www.gaveanews.com\/index.php\/wp-json\/wp\/v2\/media\/91508"}],"wp:attachment":[{"href":"https:\/\/www.gaveanews.com\/index.php\/wp-json\/wp\/v2\/media?parent=91560"}],"wp:term":[{"taxonomy":"category","embeddable":true,"href":"https:\/\/www.gaveanews.com\/index.php\/wp-json\/wp\/v2\/categories?post=91560"},{"taxonomy":"post_tag","embeddable":true,"href":"https:\/\/www.gaveanews.com\/index.php\/wp-json\/wp\/v2\/tags?post=91560"}],"curies":[{"name":"wp","href":"https:\/\/api.w.org\/{rel}","templated":true}]}}