{"id":91567,"date":"2022-12-05T11:17:27","date_gmt":"2022-12-05T14:17:27","guid":{"rendered":"https:\/\/www.gaveanews.com\/?p=91567"},"modified":"2022-12-05T11:17:29","modified_gmt":"2022-12-05T14:17:29","slug":"luva-de-pedreiro-e-ameacado-pela-torcida-do-vasco-influenciador-apareceu-na-tv-globo-com-a-camisa-do-flamengo","status":"publish","type":"post","link":"https:\/\/www.gaveanews.com\/index.php\/2022\/12\/05\/luva-de-pedreiro-e-ameacado-pela-torcida-do-vasco-influenciador-apareceu-na-tv-globo-com-a-camisa-do-flamengo\/","title":{"rendered":"Luva de Pedreiro \u00e9 amea\u00e7ado pela torcida do Vasco; influenciador apareceu na TV Globo com a camisa do Flamengo"},"content":{"rendered":"\n<p>O influenciador digital Luva de Pedreiro foi duramente criticado pela torcida do Vasco. O jovem participou do Doming\u00e3o com o Huck e entrou com a camisa do Flamengo desta vez.<\/p>\n\n\n\n<p>a atitude foi detonada pelos torcedores do rival carioca, que chegaram at\u00e9 a fazer amea\u00e7as. Em resposta, o influencer afirmou que sempre vestiu camisa dos mais diversos times do Brasil e do mundo n\u00e3o tinha problemas com isso. Al\u00e9m disso, ele tamb\u00e9m ponderou sobre a Adidas, sua patrocinadora e fornecedora de materiais esportivos do Flamengo.<\/p>\n\n\n\n<p>\u2014\u00a0<em>Fala, minha tropa. Algumas pessoas est\u00e3o me criticando porque eu usei a camisa do\u00a0Flamengo. Galera, eu sou do futebol. Todo mundo sabe que uso a camisa de todos os times. Sou vasca\u00edno de cora\u00e7\u00e3o. O meu time de cora\u00e7\u00e3o \u00e9 o Vasco, com toda certeza.<\/em><\/p>\n\n\n\n<p><em>\u2014 Se liga, vamos parar com esse neg\u00f3cio de viol\u00eancia, porque o cara usa camisa de um time e torce para outro. Galera, eu sou brasileiro. Quem \u00e9 patrocinadora do\u00a0Flamengo\u00a0\u00e9 a Adidas. Eu sou embaixador da Adidas. N\u00e3o posso usar a camisa que a minha patrocinadora patrocina? Onde j\u00e1 se viu um neg\u00f3cio desses? \u00c9 meu trabalho, parceiro. Sou do Brasil, sou da torcida toda. Receba, gra\u00e7as a Deus.<\/em><\/p>\n\n\n\n<p>De fato, o jovem j\u00e1 fez v\u00eddeos e foi visto com camisas dos mais diversos clubes do mundo. Luva de Pedreiro ainda deixou claro que n\u00e3o ir\u00e1 ceder \u00e0s amea\u00e7as e continuar\u00e1 usando blusas de outros clubes al\u00e9m do Vasco, seu time do cora\u00e7\u00e3o.<\/p>\n","protected":false},"excerpt":{"rendered":"<p>O influenciador digital Luva de Pedreiro foi duramente criticado pela torcida do Vasco. O jovem participou do Doming\u00e3o com o Huck e entrou com a camisa do Flamengo desta vez. a atitude foi detonada pelos torcedores do rival carioca, que chegaram at\u00e9 a fazer amea\u00e7as. Em resposta, o influencer afirmou que sempre vestiu camisa dos [&hellip;]<\/p>\n","protected":false},"author":4,"featured_media":91569,"comment_status":"open","ping_status":"closed","sticky":false,"template":"","format":"standard","meta":{"footnotes":""},"categories":[1],"tags":[],"class_list":["post-91567","post","type-post","status-publish","format-standard","has-post-thumbnail","hentry","category-flamengo"],"yoast_head":"<!-- This site is optimized with the Yoast SEO Premium plugin v24.2 (Yoast SEO v26.9) - https:\/\/yoast.com\/product\/yoast-seo-premium-wordpress\/ -->\n<title>Luva de Pedreiro \u00e9 amea\u00e7ado pela torcida do Vasco; influenciador apareceu na TV Globo com a camisa do Flamengo<\/title>\n<meta name=\"robots\" content=\"index, follow, max-snippet:-1, max-image-preview:large, max-video-preview:-1\" \/>\n<link rel=\"canonical\" href=\"https:\/\/www.gaveanews.com\/index.php\/2022\/12\/05\/luva-de-pedreiro-e-ameacado-pela-torcida-do-vasco-influenciador-apareceu-na-tv-globo-com-a-camisa-do-flamengo\/\" \/>\n<meta property=\"og:locale\" content=\"pt_BR\" \/>\n<meta property=\"og:type\" content=\"article\" \/>\n<meta property=\"og:title\" content=\"Luva de Pedreiro \u00e9 amea\u00e7ado pela torcida do Vasco; influenciador apareceu na TV Globo com a camisa do Flamengo\" \/>\n<meta property=\"og:description\" content=\"O influenciador digital Luva de Pedreiro foi duramente criticado pela torcida do Vasco. O jovem participou do Doming\u00e3o com o Huck e entrou com a camisa do Flamengo desta vez. a atitude foi detonada pelos torcedores do rival carioca, que chegaram at\u00e9 a fazer amea\u00e7as. Em resposta, o influencer afirmou que sempre vestiu camisa dos [&hellip;]\" \/>\n<meta property=\"og:url\" content=\"https:\/\/www.gaveanews.com\/index.php\/2022\/12\/05\/luva-de-pedreiro-e-ameacado-pela-torcida-do-vasco-influenciador-apareceu-na-tv-globo-com-a-camisa-do-flamengo\/\" \/>\n<meta property=\"og:site_name\" content=\"G\u00e1vea News\" \/>\n<meta property=\"article:publisher\" content=\"https:\/\/facebook.com\/gaveaNews\/\" \/>\n<meta property=\"article:published_time\" content=\"2022-12-05T14:17:27+00:00\" \/>\n<meta property=\"article:modified_time\" content=\"2022-12-05T14:17:29+00:00\" \/>\n<meta property=\"og:image\" content=\"https:\/\/www.gaveanews.com\/wp-content\/uploads\/flamengo-luva-de-pedreior.webp\" \/>\n\t<meta property=\"og:image:width\" content=\"819\" \/>\n\t<meta property=\"og:image:height\" content=\"461\" \/>\n\t<meta property=\"og:image:type\" content=\"image\/jpeg\" \/>\n<meta name=\"author\" content=\"Let\u00edcia Gerheim\" \/>\n<meta name=\"twitter:card\" content=\"summary_large_image\" \/>\n<meta name=\"twitter:label1\" content=\"Escrito por\" \/>\n\t<meta name=\"twitter:data1\" content=\"Let\u00edcia Gerheim\" \/>\n\t<meta name=\"twitter:label2\" content=\"Est. tempo de leitura\" \/>\n\t<meta name=\"twitter:data2\" content=\"2 minutos\" \/>\n<script type=\"application\/ld+json\" class=\"yoast-schema-graph\">{\"@context\":\"https:\/\/schema.org\",\"@graph\":[{\"@type\":\"NewsArticle\",\"@id\":\"https:\/\/www.gaveanews.com\/index.php\/2022\/12\/05\/luva-de-pedreiro-e-ameacado-pela-torcida-do-vasco-influenciador-apareceu-na-tv-globo-com-a-camisa-do-flamengo\/#article\",\"isPartOf\":{\"@id\":\"https:\/\/www.gaveanews.com\/index.php\/2022\/12\/05\/luva-de-pedreiro-e-ameacado-pela-torcida-do-vasco-influenciador-apareceu-na-tv-globo-com-a-camisa-do-flamengo\/\"},\"author\":{\"name\":\"Let\u00edcia Gerheim\",\"@id\":\"https:\/\/www.gaveanews.com\/#\/schema\/person\/714c67050b836198af2450ba1c142a67\"},\"headline\":\"Luva de Pedreiro \u00e9 amea\u00e7ado pela torcida do Vasco; influenciador apareceu na TV Globo com a camisa do Flamengo\",\"datePublished\":\"2022-12-05T14:17:27+00:00\",\"dateModified\":\"2022-12-05T14:17:29+00:00\",\"mainEntityOfPage\":{\"@id\":\"https:\/\/www.gaveanews.com\/index.php\/2022\/12\/05\/luva-de-pedreiro-e-ameacado-pela-torcida-do-vasco-influenciador-apareceu-na-tv-globo-com-a-camisa-do-flamengo\/\"},\"wordCount\":279,\"commentCount\":0,\"image\":{\"@id\":\"https:\/\/www.gaveanews.com\/index.php\/2022\/12\/05\/luva-de-pedreiro-e-ameacado-pela-torcida-do-vasco-influenciador-apareceu-na-tv-globo-com-a-camisa-do-flamengo\/#primaryimage\"},\"thumbnailUrl\":\"https:\/\/www.gaveanews.com\/wp-content\/uploads\/flamengo-luva-de-pedreior.webp\",\"articleSection\":[\"Flamengo\"],\"inLanguage\":\"pt-BR\",\"potentialAction\":[{\"@type\":\"CommentAction\",\"name\":\"Comment\",\"target\":[\"https:\/\/www.gaveanews.com\/index.php\/2022\/12\/05\/luva-de-pedreiro-e-ameacado-pela-torcida-do-vasco-influenciador-apareceu-na-tv-globo-com-a-camisa-do-flamengo\/#respond\"]}],\"copyrightYear\":\"2022\",\"copyrightHolder\":{\"@id\":\"https:\/\/www.gaveanews.com\/#organization\"}},{\"@type\":\"WebPage\",\"@id\":\"https:\/\/www.gaveanews.com\/index.php\/2022\/12\/05\/luva-de-pedreiro-e-ameacado-pela-torcida-do-vasco-influenciador-apareceu-na-tv-globo-com-a-camisa-do-flamengo\/\",\"url\":\"https:\/\/www.gaveanews.com\/index.php\/2022\/12\/05\/luva-de-pedreiro-e-ameacado-pela-torcida-do-vasco-influenciador-apareceu-na-tv-globo-com-a-camisa-do-flamengo\/\",\"name\":\"Luva de Pedreiro \u00e9 amea\u00e7ado pela torcida do Vasco; influenciador apareceu na TV Globo com a camisa do Flamengo\",\"isPartOf\":{\"@id\":\"https:\/\/www.gaveanews.com\/#website\"},\"primaryImageOfPage\":{\"@id\":\"https:\/\/www.gaveanews.com\/index.php\/2022\/12\/05\/luva-de-pedreiro-e-ameacado-pela-torcida-do-vasco-influenciador-apareceu-na-tv-globo-com-a-camisa-do-flamengo\/#primaryimage\"},\"image\":{\"@id\":\"https:\/\/www.gaveanews.com\/index.php\/2022\/12\/05\/luva-de-pedreiro-e-ameacado-pela-torcida-do-vasco-influenciador-apareceu-na-tv-globo-com-a-camisa-do-flamengo\/#primaryimage\"},\"thumbnailUrl\":\"https:\/\/www.gaveanews.com\/wp-content\/uploads\/flamengo-luva-de-pedreior.webp\",\"datePublished\":\"2022-12-05T14:17:27+00:00\",\"dateModified\":\"2022-12-05T14:17:29+00:00\",\"author\":{\"@id\":\"https:\/\/www.gaveanews.com\/#\/schema\/person\/714c67050b836198af2450ba1c142a67\"},\"breadcrumb\":{\"@id\":\"https:\/\/www.gaveanews.com\/index.php\/2022\/12\/05\/luva-de-pedreiro-e-ameacado-pela-torcida-do-vasco-influenciador-apareceu-na-tv-globo-com-a-camisa-do-flamengo\/#breadcrumb\"},\"inLanguage\":\"pt-BR\",\"potentialAction\":[{\"@type\":\"ReadAction\",\"target\":[\"https:\/\/www.gaveanews.com\/index.php\/2022\/12\/05\/luva-de-pedreiro-e-ameacado-pela-torcida-do-vasco-influenciador-apareceu-na-tv-globo-com-a-camisa-do-flamengo\/\"]}]},{\"@type\":\"ImageObject\",\"inLanguage\":\"pt-BR\",\"@id\":\"https:\/\/www.gaveanews.com\/index.php\/2022\/12\/05\/luva-de-pedreiro-e-ameacado-pela-torcida-do-vasco-influenciador-apareceu-na-tv-globo-com-a-camisa-do-flamengo\/#primaryimage\",\"url\":\"https:\/\/www.gaveanews.com\/wp-content\/uploads\/flamengo-luva-de-pedreior.webp\",\"contentUrl\":\"https:\/\/www.gaveanews.com\/wp-content\/uploads\/flamengo-luva-de-pedreior.webp\",\"width\":819,\"height\":461,\"caption\":\"Luva de Pedreiro com a camisa do Flamengo no Doming\u00e3o com o Huck (Foto: Reprodu\u00e7\u00e3o\/TV Globo)\"},{\"@type\":\"BreadcrumbList\",\"@id\":\"https:\/\/www.gaveanews.com\/index.php\/2022\/12\/05\/luva-de-pedreiro-e-ameacado-pela-torcida-do-vasco-influenciador-apareceu-na-tv-globo-com-a-camisa-do-flamengo\/#breadcrumb\",\"itemListElement\":[{\"@type\":\"ListItem\",\"position\":1,\"name\":\"Home\",\"item\":\"https:\/\/www.gaveanews.com\/\"},{\"@type\":\"ListItem\",\"position\":2,\"name\":\"Luva de Pedreiro \u00e9 amea\u00e7ado pela torcida do Vasco; influenciador apareceu na TV Globo com a camisa do Flamengo\"}]},{\"@type\":\"WebSite\",\"@id\":\"https:\/\/www.gaveanews.com\/#website\",\"url\":\"https:\/\/www.gaveanews.com\/\",\"name\":\"G\u00e1vea News\",\"description\":\"Veja todas as not\u00edcias sobre o Flamengo: Contrata\u00e7\u00f5es, categorias de base, resultados das partidas, tabela de classifica\u00e7\u00e3o, pr\u00f3ximos jogos!\",\"potentialAction\":[{\"@type\":\"SearchAction\",\"target\":{\"@type\":\"EntryPoint\",\"urlTemplate\":\"https:\/\/www.gaveanews.com\/?s={search_term_string}\"},\"query-input\":{\"@type\":\"PropertyValueSpecification\",\"valueRequired\":true,\"valueName\":\"search_term_string\"}}],\"inLanguage\":\"pt-BR\"},{\"@type\":\"Person\",\"@id\":\"https:\/\/www.gaveanews.com\/#\/schema\/person\/714c67050b836198af2450ba1c142a67\",\"name\":\"Let\u00edcia Gerheim\",\"image\":{\"@type\":\"ImageObject\",\"inLanguage\":\"pt-BR\",\"@id\":\"https:\/\/www.gaveanews.com\/#\/schema\/person\/image\/\",\"url\":\"https:\/\/secure.gravatar.com\/avatar\/60734739c50fcebfbac509e2a826ccd0ff405c019bc73aab9354f19ecad1dcb4?s=96&d=mm&r=g\",\"contentUrl\":\"https:\/\/secure.gravatar.com\/avatar\/60734739c50fcebfbac509e2a826ccd0ff405c019bc73aab9354f19ecad1dcb4?s=96&d=mm&r=g\",\"caption\":\"Let\u00edcia Gerheim\"}}]}<\/script>\n<!-- \/ Yoast SEO Premium plugin. -->","yoast_head_json":{"title":"Luva de Pedreiro \u00e9 amea\u00e7ado pela torcida do Vasco; influenciador apareceu na TV Globo com a camisa do Flamengo","robots":{"index":"index","follow":"follow","max-snippet":"max-snippet:-1","max-image-preview":"max-image-preview:large","max-video-preview":"max-video-preview:-1"},"canonical":"https:\/\/www.gaveanews.com\/index.php\/2022\/12\/05\/luva-de-pedreiro-e-ameacado-pela-torcida-do-vasco-influenciador-apareceu-na-tv-globo-com-a-camisa-do-flamengo\/","og_locale":"pt_BR","og_type":"article","og_title":"Luva de Pedreiro \u00e9 amea\u00e7ado pela torcida do Vasco; influenciador apareceu na TV Globo com a camisa do Flamengo","og_description":"O influenciador digital Luva de Pedreiro foi duramente criticado pela torcida do Vasco. O jovem participou do Doming\u00e3o com o Huck e entrou com a camisa do Flamengo desta vez. a atitude foi detonada pelos torcedores do rival carioca, que chegaram at\u00e9 a fazer amea\u00e7as. Em resposta, o influencer afirmou que sempre vestiu camisa dos [&hellip;]","og_url":"https:\/\/www.gaveanews.com\/index.php\/2022\/12\/05\/luva-de-pedreiro-e-ameacado-pela-torcida-do-vasco-influenciador-apareceu-na-tv-globo-com-a-camisa-do-flamengo\/","og_site_name":"G\u00e1vea News","article_publisher":"https:\/\/facebook.com\/gaveaNews\/","article_published_time":"2022-12-05T14:17:27+00:00","article_modified_time":"2022-12-05T14:17:29+00:00","og_image":[{"width":819,"height":461,"url":"https:\/\/www.gaveanews.com\/wp-content\/uploads\/flamengo-luva-de-pedreior.webp","type":"image\/jpeg"}],"author":"Let\u00edcia Gerheim","twitter_card":"summary_large_image","twitter_misc":{"Escrito por":"Let\u00edcia Gerheim","Est. tempo de leitura":"2 minutos"},"schema":{"@context":"https:\/\/schema.org","@graph":[{"@type":"NewsArticle","@id":"https:\/\/www.gaveanews.com\/index.php\/2022\/12\/05\/luva-de-pedreiro-e-ameacado-pela-torcida-do-vasco-influenciador-apareceu-na-tv-globo-com-a-camisa-do-flamengo\/#article","isPartOf":{"@id":"https:\/\/www.gaveanews.com\/index.php\/2022\/12\/05\/luva-de-pedreiro-e-ameacado-pela-torcida-do-vasco-influenciador-apareceu-na-tv-globo-com-a-camisa-do-flamengo\/"},"author":{"name":"Let\u00edcia Gerheim","@id":"https:\/\/www.gaveanews.com\/#\/schema\/person\/714c67050b836198af2450ba1c142a67"},"headline":"Luva de Pedreiro \u00e9 amea\u00e7ado pela torcida do Vasco; influenciador apareceu na TV Globo com a camisa do Flamengo","datePublished":"2022-12-05T14:17:27+00:00","dateModified":"2022-12-05T14:17:29+00:00","mainEntityOfPage":{"@id":"https:\/\/www.gaveanews.com\/index.php\/2022\/12\/05\/luva-de-pedreiro-e-ameacado-pela-torcida-do-vasco-influenciador-apareceu-na-tv-globo-com-a-camisa-do-flamengo\/"},"wordCount":279,"commentCount":0,"image":{"@id":"https:\/\/www.gaveanews.com\/index.php\/2022\/12\/05\/luva-de-pedreiro-e-ameacado-pela-torcida-do-vasco-influenciador-apareceu-na-tv-globo-com-a-camisa-do-flamengo\/#primaryimage"},"thumbnailUrl":"https:\/\/www.gaveanews.com\/wp-content\/uploads\/flamengo-luva-de-pedreior.webp","articleSection":["Flamengo"],"inLanguage":"pt-BR","potentialAction":[{"@type":"CommentAction","name":"Comment","target":["https:\/\/www.gaveanews.com\/index.php\/2022\/12\/05\/luva-de-pedreiro-e-ameacado-pela-torcida-do-vasco-influenciador-apareceu-na-tv-globo-com-a-camisa-do-flamengo\/#respond"]}],"copyrightYear":"2022","copyrightHolder":{"@id":"https:\/\/www.gaveanews.com\/#organization"}},{"@type":"WebPage","@id":"https:\/\/www.gaveanews.com\/index.php\/2022\/12\/05\/luva-de-pedreiro-e-ameacado-pela-torcida-do-vasco-influenciador-apareceu-na-tv-globo-com-a-camisa-do-flamengo\/","url":"https:\/\/www.gaveanews.com\/index.php\/2022\/12\/05\/luva-de-pedreiro-e-ameacado-pela-torcida-do-vasco-influenciador-apareceu-na-tv-globo-com-a-camisa-do-flamengo\/","name":"Luva de Pedreiro \u00e9 amea\u00e7ado pela torcida do Vasco; influenciador apareceu na TV Globo com a camisa do Flamengo","isPartOf":{"@id":"https:\/\/www.gaveanews.com\/#website"},"primaryImageOfPage":{"@id":"https:\/\/www.gaveanews.com\/index.php\/2022\/12\/05\/luva-de-pedreiro-e-ameacado-pela-torcida-do-vasco-influenciador-apareceu-na-tv-globo-com-a-camisa-do-flamengo\/#primaryimage"},"image":{"@id":"https:\/\/www.gaveanews.com\/index.php\/2022\/12\/05\/luva-de-pedreiro-e-ameacado-pela-torcida-do-vasco-influenciador-apareceu-na-tv-globo-com-a-camisa-do-flamengo\/#primaryimage"},"thumbnailUrl":"https:\/\/www.gaveanews.com\/wp-content\/uploads\/flamengo-luva-de-pedreior.webp","datePublished":"2022-12-05T14:17:27+00:00","dateModified":"2022-12-05T14:17:29+00:00","author":{"@id":"https:\/\/www.gaveanews.com\/#\/schema\/person\/714c67050b836198af2450ba1c142a67"},"breadcrumb":{"@id":"https:\/\/www.gaveanews.com\/index.php\/2022\/12\/05\/luva-de-pedreiro-e-ameacado-pela-torcida-do-vasco-influenciador-apareceu-na-tv-globo-com-a-camisa-do-flamengo\/#breadcrumb"},"inLanguage":"pt-BR","potentialAction":[{"@type":"ReadAction","target":["https:\/\/www.gaveanews.com\/index.php\/2022\/12\/05\/luva-de-pedreiro-e-ameacado-pela-torcida-do-vasco-influenciador-apareceu-na-tv-globo-com-a-camisa-do-flamengo\/"]}]},{"@type":"ImageObject","inLanguage":"pt-BR","@id":"https:\/\/www.gaveanews.com\/index.php\/2022\/12\/05\/luva-de-pedreiro-e-ameacado-pela-torcida-do-vasco-influenciador-apareceu-na-tv-globo-com-a-camisa-do-flamengo\/#primaryimage","url":"https:\/\/www.gaveanews.com\/wp-content\/uploads\/flamengo-luva-de-pedreior.webp","contentUrl":"https:\/\/www.gaveanews.com\/wp-content\/uploads\/flamengo-luva-de-pedreior.webp","width":819,"height":461,"caption":"Luva de Pedreiro com a camisa do Flamengo no Doming\u00e3o com o Huck (Foto: Reprodu\u00e7\u00e3o\/TV Globo)"},{"@type":"BreadcrumbList","@id":"https:\/\/www.gaveanews.com\/index.php\/2022\/12\/05\/luva-de-pedreiro-e-ameacado-pela-torcida-do-vasco-influenciador-apareceu-na-tv-globo-com-a-camisa-do-flamengo\/#breadcrumb","itemListElement":[{"@type":"ListItem","position":1,"name":"Home","item":"https:\/\/www.gaveanews.com\/"},{"@type":"ListItem","position":2,"name":"Luva de Pedreiro \u00e9 amea\u00e7ado pela torcida do Vasco; influenciador apareceu na TV Globo com a camisa do Flamengo"}]},{"@type":"WebSite","@id":"https:\/\/www.gaveanews.com\/#website","url":"https:\/\/www.gaveanews.com\/","name":"G\u00e1vea News","description":"Veja todas as not\u00edcias sobre o Flamengo: Contrata\u00e7\u00f5es, categorias de base, resultados das partidas, tabela de classifica\u00e7\u00e3o, pr\u00f3ximos jogos!","potentialAction":[{"@type":"SearchAction","target":{"@type":"EntryPoint","urlTemplate":"https:\/\/www.gaveanews.com\/?s={search_term_string}"},"query-input":{"@type":"PropertyValueSpecification","valueRequired":true,"valueName":"search_term_string"}}],"inLanguage":"pt-BR"},{"@type":"Person","@id":"https:\/\/www.gaveanews.com\/#\/schema\/person\/714c67050b836198af2450ba1c142a67","name":"Let\u00edcia Gerheim","image":{"@type":"ImageObject","inLanguage":"pt-BR","@id":"https:\/\/www.gaveanews.com\/#\/schema\/person\/image\/","url":"https:\/\/secure.gravatar.com\/avatar\/60734739c50fcebfbac509e2a826ccd0ff405c019bc73aab9354f19ecad1dcb4?s=96&d=mm&r=g","contentUrl":"https:\/\/secure.gravatar.com\/avatar\/60734739c50fcebfbac509e2a826ccd0ff405c019bc73aab9354f19ecad1dcb4?s=96&d=mm&r=g","caption":"Let\u00edcia Gerheim"}}]}},"_links":{"self":[{"href":"https:\/\/www.gaveanews.com\/index.php\/wp-json\/wp\/v2\/posts\/91567","targetHints":{"allow":["GET"]}}],"collection":[{"href":"https:\/\/www.gaveanews.com\/index.php\/wp-json\/wp\/v2\/posts"}],"about":[{"href":"https:\/\/www.gaveanews.com\/index.php\/wp-json\/wp\/v2\/types\/post"}],"author":[{"embeddable":true,"href":"https:\/\/www.gaveanews.com\/index.php\/wp-json\/wp\/v2\/users\/4"}],"replies":[{"embeddable":true,"href":"https:\/\/www.gaveanews.com\/index.php\/wp-json\/wp\/v2\/comments?post=91567"}],"version-history":[{"count":0,"href":"https:\/\/www.gaveanews.com\/index.php\/wp-json\/wp\/v2\/posts\/91567\/revisions"}],"wp:featuredmedia":[{"embeddable":true,"href":"https:\/\/www.gaveanews.com\/index.php\/wp-json\/wp\/v2\/media\/91569"}],"wp:attachment":[{"href":"https:\/\/www.gaveanews.com\/index.php\/wp-json\/wp\/v2\/media?parent=91567"}],"wp:term":[{"taxonomy":"category","embeddable":true,"href":"https:\/\/www.gaveanews.com\/index.php\/wp-json\/wp\/v2\/categories?post=91567"},{"taxonomy":"post_tag","embeddable":true,"href":"https:\/\/www.gaveanews.com\/index.php\/wp-json\/wp\/v2\/tags?post=91567"}],"curies":[{"name":"wp","href":"https:\/\/api.w.org\/{rel}","templated":true}]}}