{"id":91599,"date":"2022-12-06T08:06:29","date_gmt":"2022-12-06T11:06:29","guid":{"rendered":"https:\/\/www.gaveanews.com\/?p=91599"},"modified":"2022-12-06T08:06:32","modified_gmt":"2022-12-06T11:06:32","slug":"focado-jogador-do-flamengo-revela-vicio-inusitado","status":"publish","type":"post","link":"https:\/\/www.gaveanews.com\/index.php\/2022\/12\/06\/focado-jogador-do-flamengo-revela-vicio-inusitado\/","title":{"rendered":"Focado: jogador do Flamengo revela &#8216;v\u00edcio&#8217; inusitado"},"content":{"rendered":"\n<p>A base do Flamengo est\u00e1 ficando ainda mais respeitada e famosa do que j\u00e1 era nos \u00faltimos anos. O clube, conhecido por revelar grandes atletas, recebeu maior protagonismo em rela\u00e7\u00e3o aos brasileiros pelo desempenho dos Garotos do Ninho nos grandes clubes europeus e na Copa do Mundo.<\/p>\n\n\n\n<p>E este \u00e9 o sonho de cada um dos jovens que treinam na base do clube. Enquanto trabalham duro em busca do diferencial que o Flamengo proporciona, os garotos acompanham jogos n\u00e3o s\u00f3 do Meng\u00e3o, mas de outros clubes e at\u00e9 mesmo Sele\u00e7\u00f5es.<\/p>\n\n\n\n<p>Victor Hugo revelou que este \u00e9 seu v\u00edcio. O jovem de 18 anos estreou no futebol profissional neste ano e agradou bastante a torcida rubro-negra com sua capacidade t\u00e9cnica e maturidade nas atua\u00e7\u00f5es ao lado de grandes nomes do futebol.<\/p>\n\n\n\n<p>Em entrevista ao GE, o meia contou que assiste um grande n\u00famero de partidas. O garoto declarou que n\u00e3o importa se \u00e9 futebol brasileiro ou europeu, ele sempre tira tempo para assistir jogos.<\/p>\n\n\n\n<p><em>\u2014 Eu assisto o tempo inteiro. Eu gosto muito e n\u00e3o fico sem assistir. Eu estou de f\u00e9rias, posso fazer qualquer coisa, mas se tiver jogo eu assisto. Eu vejo tudo, futebol europeu, futebol brasileiro\u2026 Tudo. \u00c0s vezes eu acho que n\u00e3o aguento mais, mas a\u00ed vejo um jogo e esquece.<\/em><\/p>\n\n\n\n<p>Victor Hugo, apesar de muito jovem, j\u00e1 atrai interesse de clubes do exterior. Por ora, o meia comp\u00f5e o elenco rubro-negro e aguarda para iniciar a pr\u00f3xima temporada pelo Meng\u00e3o.<\/p>\n\n\n\n<p>A apresenta\u00e7\u00e3o do elenco para as atividades de 2023 acontecer\u00e1 na primeira semana de janeiro, quando o grupo iniciar\u00e1 o trabalho com V\u00edtor Pereira, novo t\u00e9cnico do Flamengo.<\/p>\n","protected":false},"excerpt":{"rendered":"<p>A base do Flamengo est\u00e1 ficando ainda mais respeitada e famosa do que j\u00e1 era nos \u00faltimos anos. O clube, conhecido por revelar grandes atletas, recebeu maior protagonismo em rela\u00e7\u00e3o aos brasileiros pelo desempenho dos Garotos do Ninho nos grandes clubes europeus e na Copa do Mundo. E este \u00e9 o sonho de cada um [&hellip;]<\/p>\n","protected":false},"author":4,"featured_media":89592,"comment_status":"open","ping_status":"closed","sticky":false,"template":"","format":"standard","meta":{"footnotes":""},"categories":[1],"tags":[],"class_list":["post-91599","post","type-post","status-publish","format-standard","has-post-thumbnail","hentry","category-flamengo"],"yoast_head":"<!-- This site is optimized with the Yoast SEO Premium plugin v24.2 (Yoast SEO v26.9) - https:\/\/yoast.com\/product\/yoast-seo-premium-wordpress\/ -->\n<title>Focado: jogador do Flamengo revela &#039;v\u00edcio&#039; inusitado<\/title>\n<meta name=\"robots\" content=\"index, follow, max-snippet:-1, max-image-preview:large, max-video-preview:-1\" \/>\n<link rel=\"canonical\" href=\"https:\/\/www.gaveanews.com\/index.php\/2022\/12\/06\/focado-jogador-do-flamengo-revela-vicio-inusitado\/\" \/>\n<meta property=\"og:locale\" content=\"pt_BR\" \/>\n<meta property=\"og:type\" content=\"article\" \/>\n<meta property=\"og:title\" content=\"Focado: jogador do Flamengo revela &#039;v\u00edcio&#039; inusitado\" \/>\n<meta property=\"og:description\" content=\"A base do Flamengo est\u00e1 ficando ainda mais respeitada e famosa do que j\u00e1 era nos \u00faltimos anos. O clube, conhecido por revelar grandes atletas, recebeu maior protagonismo em rela\u00e7\u00e3o aos brasileiros pelo desempenho dos Garotos do Ninho nos grandes clubes europeus e na Copa do Mundo. E este \u00e9 o sonho de cada um [&hellip;]\" \/>\n<meta property=\"og:url\" content=\"https:\/\/www.gaveanews.com\/index.php\/2022\/12\/06\/focado-jogador-do-flamengo-revela-vicio-inusitado\/\" \/>\n<meta property=\"og:site_name\" content=\"G\u00e1vea News\" \/>\n<meta property=\"article:publisher\" content=\"https:\/\/facebook.com\/gaveaNews\/\" \/>\n<meta property=\"article:published_time\" content=\"2022-12-06T11:06:29+00:00\" \/>\n<meta property=\"article:modified_time\" content=\"2022-12-06T11:06:32+00:00\" \/>\n<meta property=\"og:image\" content=\"https:\/\/www.gaveanews.com\/wp-content\/uploads\/David-Luiz-e-Victor-Hugo.webp\" \/>\n\t<meta property=\"og:image:width\" content=\"800\" \/>\n\t<meta property=\"og:image:height\" content=\"533\" \/>\n\t<meta property=\"og:image:type\" content=\"image\/jpeg\" \/>\n<meta name=\"author\" content=\"Let\u00edcia Gerheim\" \/>\n<meta name=\"twitter:card\" content=\"summary_large_image\" \/>\n<meta name=\"twitter:label1\" content=\"Escrito por\" \/>\n\t<meta name=\"twitter:data1\" content=\"Let\u00edcia Gerheim\" \/>\n\t<meta name=\"twitter:label2\" content=\"Est. tempo de leitura\" \/>\n\t<meta name=\"twitter:data2\" content=\"2 minutos\" \/>\n<script type=\"application\/ld+json\" class=\"yoast-schema-graph\">{\"@context\":\"https:\/\/schema.org\",\"@graph\":[{\"@type\":\"NewsArticle\",\"@id\":\"https:\/\/www.gaveanews.com\/index.php\/2022\/12\/06\/focado-jogador-do-flamengo-revela-vicio-inusitado\/#article\",\"isPartOf\":{\"@id\":\"https:\/\/www.gaveanews.com\/index.php\/2022\/12\/06\/focado-jogador-do-flamengo-revela-vicio-inusitado\/\"},\"author\":{\"name\":\"Let\u00edcia Gerheim\",\"@id\":\"https:\/\/www.gaveanews.com\/#\/schema\/person\/714c67050b836198af2450ba1c142a67\"},\"headline\":\"Focado: jogador do Flamengo revela &#8216;v\u00edcio&#8217; inusitado\",\"datePublished\":\"2022-12-06T11:06:29+00:00\",\"dateModified\":\"2022-12-06T11:06:32+00:00\",\"mainEntityOfPage\":{\"@id\":\"https:\/\/www.gaveanews.com\/index.php\/2022\/12\/06\/focado-jogador-do-flamengo-revela-vicio-inusitado\/\"},\"wordCount\":292,\"commentCount\":0,\"image\":{\"@id\":\"https:\/\/www.gaveanews.com\/index.php\/2022\/12\/06\/focado-jogador-do-flamengo-revela-vicio-inusitado\/#primaryimage\"},\"thumbnailUrl\":\"https:\/\/www.gaveanews.com\/wp-content\/uploads\/David-Luiz-e-Victor-Hugo.webp\",\"articleSection\":[\"Flamengo\"],\"inLanguage\":\"pt-BR\",\"potentialAction\":[{\"@type\":\"CommentAction\",\"name\":\"Comment\",\"target\":[\"https:\/\/www.gaveanews.com\/index.php\/2022\/12\/06\/focado-jogador-do-flamengo-revela-vicio-inusitado\/#respond\"]}],\"copyrightYear\":\"2022\",\"copyrightHolder\":{\"@id\":\"https:\/\/www.gaveanews.com\/#organization\"}},{\"@type\":\"WebPage\",\"@id\":\"https:\/\/www.gaveanews.com\/index.php\/2022\/12\/06\/focado-jogador-do-flamengo-revela-vicio-inusitado\/\",\"url\":\"https:\/\/www.gaveanews.com\/index.php\/2022\/12\/06\/focado-jogador-do-flamengo-revela-vicio-inusitado\/\",\"name\":\"Focado: jogador do Flamengo revela 'v\u00edcio' inusitado\",\"isPartOf\":{\"@id\":\"https:\/\/www.gaveanews.com\/#website\"},\"primaryImageOfPage\":{\"@id\":\"https:\/\/www.gaveanews.com\/index.php\/2022\/12\/06\/focado-jogador-do-flamengo-revela-vicio-inusitado\/#primaryimage\"},\"image\":{\"@id\":\"https:\/\/www.gaveanews.com\/index.php\/2022\/12\/06\/focado-jogador-do-flamengo-revela-vicio-inusitado\/#primaryimage\"},\"thumbnailUrl\":\"https:\/\/www.gaveanews.com\/wp-content\/uploads\/David-Luiz-e-Victor-Hugo.webp\",\"datePublished\":\"2022-12-06T11:06:29+00:00\",\"dateModified\":\"2022-12-06T11:06:32+00:00\",\"author\":{\"@id\":\"https:\/\/www.gaveanews.com\/#\/schema\/person\/714c67050b836198af2450ba1c142a67\"},\"breadcrumb\":{\"@id\":\"https:\/\/www.gaveanews.com\/index.php\/2022\/12\/06\/focado-jogador-do-flamengo-revela-vicio-inusitado\/#breadcrumb\"},\"inLanguage\":\"pt-BR\",\"potentialAction\":[{\"@type\":\"ReadAction\",\"target\":[\"https:\/\/www.gaveanews.com\/index.php\/2022\/12\/06\/focado-jogador-do-flamengo-revela-vicio-inusitado\/\"]}]},{\"@type\":\"ImageObject\",\"inLanguage\":\"pt-BR\",\"@id\":\"https:\/\/www.gaveanews.com\/index.php\/2022\/12\/06\/focado-jogador-do-flamengo-revela-vicio-inusitado\/#primaryimage\",\"url\":\"https:\/\/www.gaveanews.com\/wp-content\/uploads\/David-Luiz-e-Victor-Hugo.webp\",\"contentUrl\":\"https:\/\/www.gaveanews.com\/wp-content\/uploads\/David-Luiz-e-Victor-Hugo.webp\",\"width\":800,\"height\":533,\"caption\":\"David Luiz e Victor Hugo em treino do Flamengo no Ninho do Urubu (Foto: Marcelo Cortes\/Flamengo)\"},{\"@type\":\"BreadcrumbList\",\"@id\":\"https:\/\/www.gaveanews.com\/index.php\/2022\/12\/06\/focado-jogador-do-flamengo-revela-vicio-inusitado\/#breadcrumb\",\"itemListElement\":[{\"@type\":\"ListItem\",\"position\":1,\"name\":\"Home\",\"item\":\"https:\/\/www.gaveanews.com\/\"},{\"@type\":\"ListItem\",\"position\":2,\"name\":\"Focado: jogador do Flamengo revela &#8216;v\u00edcio&#8217; inusitado\"}]},{\"@type\":\"WebSite\",\"@id\":\"https:\/\/www.gaveanews.com\/#website\",\"url\":\"https:\/\/www.gaveanews.com\/\",\"name\":\"G\u00e1vea News\",\"description\":\"Veja todas as not\u00edcias sobre o Flamengo: Contrata\u00e7\u00f5es, categorias de base, resultados das partidas, tabela de classifica\u00e7\u00e3o, pr\u00f3ximos jogos!\",\"potentialAction\":[{\"@type\":\"SearchAction\",\"target\":{\"@type\":\"EntryPoint\",\"urlTemplate\":\"https:\/\/www.gaveanews.com\/?s={search_term_string}\"},\"query-input\":{\"@type\":\"PropertyValueSpecification\",\"valueRequired\":true,\"valueName\":\"search_term_string\"}}],\"inLanguage\":\"pt-BR\"},{\"@type\":\"Person\",\"@id\":\"https:\/\/www.gaveanews.com\/#\/schema\/person\/714c67050b836198af2450ba1c142a67\",\"name\":\"Let\u00edcia Gerheim\",\"image\":{\"@type\":\"ImageObject\",\"inLanguage\":\"pt-BR\",\"@id\":\"https:\/\/www.gaveanews.com\/#\/schema\/person\/image\/\",\"url\":\"https:\/\/secure.gravatar.com\/avatar\/60734739c50fcebfbac509e2a826ccd0ff405c019bc73aab9354f19ecad1dcb4?s=96&d=mm&r=g\",\"contentUrl\":\"https:\/\/secure.gravatar.com\/avatar\/60734739c50fcebfbac509e2a826ccd0ff405c019bc73aab9354f19ecad1dcb4?s=96&d=mm&r=g\",\"caption\":\"Let\u00edcia Gerheim\"}}]}<\/script>\n<!-- \/ Yoast SEO Premium plugin. -->","yoast_head_json":{"title":"Focado: jogador do Flamengo revela 'v\u00edcio' inusitado","robots":{"index":"index","follow":"follow","max-snippet":"max-snippet:-1","max-image-preview":"max-image-preview:large","max-video-preview":"max-video-preview:-1"},"canonical":"https:\/\/www.gaveanews.com\/index.php\/2022\/12\/06\/focado-jogador-do-flamengo-revela-vicio-inusitado\/","og_locale":"pt_BR","og_type":"article","og_title":"Focado: jogador do Flamengo revela 'v\u00edcio' inusitado","og_description":"A base do Flamengo est\u00e1 ficando ainda mais respeitada e famosa do que j\u00e1 era nos \u00faltimos anos. O clube, conhecido por revelar grandes atletas, recebeu maior protagonismo em rela\u00e7\u00e3o aos brasileiros pelo desempenho dos Garotos do Ninho nos grandes clubes europeus e na Copa do Mundo. E este \u00e9 o sonho de cada um [&hellip;]","og_url":"https:\/\/www.gaveanews.com\/index.php\/2022\/12\/06\/focado-jogador-do-flamengo-revela-vicio-inusitado\/","og_site_name":"G\u00e1vea News","article_publisher":"https:\/\/facebook.com\/gaveaNews\/","article_published_time":"2022-12-06T11:06:29+00:00","article_modified_time":"2022-12-06T11:06:32+00:00","og_image":[{"width":800,"height":533,"url":"https:\/\/www.gaveanews.com\/wp-content\/uploads\/David-Luiz-e-Victor-Hugo.webp","type":"image\/jpeg"}],"author":"Let\u00edcia Gerheim","twitter_card":"summary_large_image","twitter_misc":{"Escrito por":"Let\u00edcia Gerheim","Est. tempo de leitura":"2 minutos"},"schema":{"@context":"https:\/\/schema.org","@graph":[{"@type":"NewsArticle","@id":"https:\/\/www.gaveanews.com\/index.php\/2022\/12\/06\/focado-jogador-do-flamengo-revela-vicio-inusitado\/#article","isPartOf":{"@id":"https:\/\/www.gaveanews.com\/index.php\/2022\/12\/06\/focado-jogador-do-flamengo-revela-vicio-inusitado\/"},"author":{"name":"Let\u00edcia Gerheim","@id":"https:\/\/www.gaveanews.com\/#\/schema\/person\/714c67050b836198af2450ba1c142a67"},"headline":"Focado: jogador do Flamengo revela &#8216;v\u00edcio&#8217; inusitado","datePublished":"2022-12-06T11:06:29+00:00","dateModified":"2022-12-06T11:06:32+00:00","mainEntityOfPage":{"@id":"https:\/\/www.gaveanews.com\/index.php\/2022\/12\/06\/focado-jogador-do-flamengo-revela-vicio-inusitado\/"},"wordCount":292,"commentCount":0,"image":{"@id":"https:\/\/www.gaveanews.com\/index.php\/2022\/12\/06\/focado-jogador-do-flamengo-revela-vicio-inusitado\/#primaryimage"},"thumbnailUrl":"https:\/\/www.gaveanews.com\/wp-content\/uploads\/David-Luiz-e-Victor-Hugo.webp","articleSection":["Flamengo"],"inLanguage":"pt-BR","potentialAction":[{"@type":"CommentAction","name":"Comment","target":["https:\/\/www.gaveanews.com\/index.php\/2022\/12\/06\/focado-jogador-do-flamengo-revela-vicio-inusitado\/#respond"]}],"copyrightYear":"2022","copyrightHolder":{"@id":"https:\/\/www.gaveanews.com\/#organization"}},{"@type":"WebPage","@id":"https:\/\/www.gaveanews.com\/index.php\/2022\/12\/06\/focado-jogador-do-flamengo-revela-vicio-inusitado\/","url":"https:\/\/www.gaveanews.com\/index.php\/2022\/12\/06\/focado-jogador-do-flamengo-revela-vicio-inusitado\/","name":"Focado: jogador do Flamengo revela 'v\u00edcio' inusitado","isPartOf":{"@id":"https:\/\/www.gaveanews.com\/#website"},"primaryImageOfPage":{"@id":"https:\/\/www.gaveanews.com\/index.php\/2022\/12\/06\/focado-jogador-do-flamengo-revela-vicio-inusitado\/#primaryimage"},"image":{"@id":"https:\/\/www.gaveanews.com\/index.php\/2022\/12\/06\/focado-jogador-do-flamengo-revela-vicio-inusitado\/#primaryimage"},"thumbnailUrl":"https:\/\/www.gaveanews.com\/wp-content\/uploads\/David-Luiz-e-Victor-Hugo.webp","datePublished":"2022-12-06T11:06:29+00:00","dateModified":"2022-12-06T11:06:32+00:00","author":{"@id":"https:\/\/www.gaveanews.com\/#\/schema\/person\/714c67050b836198af2450ba1c142a67"},"breadcrumb":{"@id":"https:\/\/www.gaveanews.com\/index.php\/2022\/12\/06\/focado-jogador-do-flamengo-revela-vicio-inusitado\/#breadcrumb"},"inLanguage":"pt-BR","potentialAction":[{"@type":"ReadAction","target":["https:\/\/www.gaveanews.com\/index.php\/2022\/12\/06\/focado-jogador-do-flamengo-revela-vicio-inusitado\/"]}]},{"@type":"ImageObject","inLanguage":"pt-BR","@id":"https:\/\/www.gaveanews.com\/index.php\/2022\/12\/06\/focado-jogador-do-flamengo-revela-vicio-inusitado\/#primaryimage","url":"https:\/\/www.gaveanews.com\/wp-content\/uploads\/David-Luiz-e-Victor-Hugo.webp","contentUrl":"https:\/\/www.gaveanews.com\/wp-content\/uploads\/David-Luiz-e-Victor-Hugo.webp","width":800,"height":533,"caption":"David Luiz e Victor Hugo em treino do Flamengo no Ninho do Urubu (Foto: Marcelo Cortes\/Flamengo)"},{"@type":"BreadcrumbList","@id":"https:\/\/www.gaveanews.com\/index.php\/2022\/12\/06\/focado-jogador-do-flamengo-revela-vicio-inusitado\/#breadcrumb","itemListElement":[{"@type":"ListItem","position":1,"name":"Home","item":"https:\/\/www.gaveanews.com\/"},{"@type":"ListItem","position":2,"name":"Focado: jogador do Flamengo revela &#8216;v\u00edcio&#8217; inusitado"}]},{"@type":"WebSite","@id":"https:\/\/www.gaveanews.com\/#website","url":"https:\/\/www.gaveanews.com\/","name":"G\u00e1vea News","description":"Veja todas as not\u00edcias sobre o Flamengo: Contrata\u00e7\u00f5es, categorias de base, resultados das partidas, tabela de classifica\u00e7\u00e3o, pr\u00f3ximos jogos!","potentialAction":[{"@type":"SearchAction","target":{"@type":"EntryPoint","urlTemplate":"https:\/\/www.gaveanews.com\/?s={search_term_string}"},"query-input":{"@type":"PropertyValueSpecification","valueRequired":true,"valueName":"search_term_string"}}],"inLanguage":"pt-BR"},{"@type":"Person","@id":"https:\/\/www.gaveanews.com\/#\/schema\/person\/714c67050b836198af2450ba1c142a67","name":"Let\u00edcia Gerheim","image":{"@type":"ImageObject","inLanguage":"pt-BR","@id":"https:\/\/www.gaveanews.com\/#\/schema\/person\/image\/","url":"https:\/\/secure.gravatar.com\/avatar\/60734739c50fcebfbac509e2a826ccd0ff405c019bc73aab9354f19ecad1dcb4?s=96&d=mm&r=g","contentUrl":"https:\/\/secure.gravatar.com\/avatar\/60734739c50fcebfbac509e2a826ccd0ff405c019bc73aab9354f19ecad1dcb4?s=96&d=mm&r=g","caption":"Let\u00edcia Gerheim"}}]}},"_links":{"self":[{"href":"https:\/\/www.gaveanews.com\/index.php\/wp-json\/wp\/v2\/posts\/91599","targetHints":{"allow":["GET"]}}],"collection":[{"href":"https:\/\/www.gaveanews.com\/index.php\/wp-json\/wp\/v2\/posts"}],"about":[{"href":"https:\/\/www.gaveanews.com\/index.php\/wp-json\/wp\/v2\/types\/post"}],"author":[{"embeddable":true,"href":"https:\/\/www.gaveanews.com\/index.php\/wp-json\/wp\/v2\/users\/4"}],"replies":[{"embeddable":true,"href":"https:\/\/www.gaveanews.com\/index.php\/wp-json\/wp\/v2\/comments?post=91599"}],"version-history":[{"count":0,"href":"https:\/\/www.gaveanews.com\/index.php\/wp-json\/wp\/v2\/posts\/91599\/revisions"}],"wp:featuredmedia":[{"embeddable":true,"href":"https:\/\/www.gaveanews.com\/index.php\/wp-json\/wp\/v2\/media\/89592"}],"wp:attachment":[{"href":"https:\/\/www.gaveanews.com\/index.php\/wp-json\/wp\/v2\/media?parent=91599"}],"wp:term":[{"taxonomy":"category","embeddable":true,"href":"https:\/\/www.gaveanews.com\/index.php\/wp-json\/wp\/v2\/categories?post=91599"},{"taxonomy":"post_tag","embeddable":true,"href":"https:\/\/www.gaveanews.com\/index.php\/wp-json\/wp\/v2\/tags?post=91599"}],"curies":[{"name":"wp","href":"https:\/\/api.w.org\/{rel}","templated":true}]}}