{"id":91618,"date":"2022-12-06T12:50:35","date_gmt":"2022-12-06T15:50:35","guid":{"rendered":"https:\/\/www.gaveanews.com\/?p=91618"},"modified":"2022-12-06T12:50:38","modified_gmt":"2022-12-06T15:50:38","slug":"diretor-do-goias-lamenta-ter-perdido-destaque-para-o-flamengo","status":"publish","type":"post","link":"https:\/\/www.gaveanews.com\/index.php\/2022\/12\/06\/diretor-do-goias-lamenta-ter-perdido-destaque-para-o-flamengo\/","title":{"rendered":"Diretor do Goi\u00e1s lamenta ter perdido destaque para o Flamengo"},"content":{"rendered":"\n<p>O Flamengo pensa no futuro e para isso, garimpa os campos pelo Brasil em busca de novos talentos para o clube, mesmo que ao longo prazo. Esse foi o caso do menino Dieguinho, de apenas 8 anos, que estava no Goi\u00e1s e agora virou \u2018cria do Ninho\u2019. <\/p>\n\n\n\n<p>Em entrevista para o canal do Youtube \u2018Sintonia Esmeraldina\u2019, o diretor das categorias de base do Goi\u00e1s Eduardo Pinheiro falou da sa\u00edda do pequeno craque e diz ser imposs\u00edvel \u201cbrigar\u201d com o Flamengo.<\/p>\n\n\n\n<p><em>\u2014 Tem uma brecha na Lei que os empres\u00e1rios entram na CNRD (C\u00e2mara Nacional de Resolu\u00e7\u00e3o de Disputas) e tiram os meninos pela porta dos fundos. Teve um caso, do Vilela, que foi para o Atl\u00e9tico-MG, que n\u00e3o conseguimos porcentagem [\u2026] N\u00e3o tinha v\u00ednculo nenhum com o Goi\u00e1s. Dos 13 aos 16 anos s\u00e3o federados. S\u00f3 a partir dos 16 que pode assinar contrato profissional<\/em>, disse o diretor, antes de continuar:<\/p>\n\n\n\n<p><em>\u2014 Voc\u00ea s\u00f3 pode federar depois dos 13 anos. Dos oito aos 13, que \u00e9 o caso do Dieguinho, que foi para o Flamengo, o Goi\u00e1s n\u00e3o est\u00e1 segurado, nem o Flamengo est\u00e1 segurado. O Palmeiras pode chegar, dar R$ 200 mil nas m\u00e3os do pai, que nada segura<\/em>, finalizou Eduardo Pinheiro.<\/p>\n\n\n\n<p>O dirigente ainda falou sobre o fato dos pais quererem ver o filho jogando no Flamengo. Isso para eles, seria um sonho se realizando.<\/p>\n\n\n\n<p><em>\u2014 O captador do Flamengo o achou interessante e o levou. Neste caso, n\u00e3o tinha o que fazer. Eu pedi pro pai segurar, deixa-lo aqui no Goi\u00e1s, mas n\u00e3o tem como. \u00c9 o sonho do garoto, do pai, ent\u00e3o juridicamente n\u00e3o t\u00ednhamos o que fazer. O que pod\u00edamos fazer, \u00e9 ter uma conviv\u00eancia melhor com os pais, como dar ingressos, uma camisa do Goi\u00e1s. A maioria desses pais, n\u00e3o liga pra dinheiro, porque eles t\u00eam condi\u00e7\u00e3o financeira. S\u00e3o pais que matricularam o menino no Goi\u00e1s, que \u00e9 caro, ent\u00e3o eles est\u00e3o mais ligados no cuidado com o filho. Tamb\u00e9m tem a situa\u00e7\u00e3o de v\u00ea-lo jogar pelo Flamengo, que as vezes \u00e9 o sonho do pai.<\/em><\/p>\n\n\n\n<p>Dieguinho chegou no Rio em Novembro e j\u00e1 estreou pelo seu novo clube. A promessa rubro-negra est\u00e1 agora na final da Copa Rio, que ser\u00e1 no pr\u00f3ximo s\u00e1bado (11) contra o Botafogo.<\/p>\n\n\n\n<p>Retirado de: Di\u00e1rio do Fla<\/p>\n","protected":false},"excerpt":{"rendered":"<p>O Flamengo pensa no futuro e para isso, garimpa os campos pelo Brasil em busca de novos talentos para o clube, mesmo que ao longo prazo. Esse foi o caso do menino Dieguinho, de apenas 8 anos, que estava no Goi\u00e1s e agora virou \u2018cria do Ninho\u2019. Em entrevista para o canal do Youtube \u2018Sintonia [&hellip;]<\/p>\n","protected":false},"author":1,"featured_media":91038,"comment_status":"open","ping_status":"closed","sticky":false,"template":"","format":"standard","meta":{"footnotes":""},"categories":[48],"tags":[],"class_list":["post-91618","post","type-post","status-publish","format-standard","has-post-thumbnail","hentry","category-negociacoes"],"yoast_head":"<!-- This site is optimized with the Yoast SEO Premium plugin v24.2 (Yoast SEO v26.9) - https:\/\/yoast.com\/product\/yoast-seo-premium-wordpress\/ -->\n<title>Diretor do Goi\u00e1s lamenta ter perdido destaque para o Flamengo<\/title>\n<meta name=\"description\" content=\"Em entrevista para o canal do &#039;Sintonia Esmeraldina\u2019, o diretor falou sobre a sa\u00edda do craque e diz ser imposs\u00edvel brigar com o Flamengo.\" \/>\n<meta name=\"robots\" content=\"index, follow, max-snippet:-1, max-image-preview:large, max-video-preview:-1\" \/>\n<link rel=\"canonical\" href=\"https:\/\/www.gaveanews.com\/index.php\/2022\/12\/06\/diretor-do-goias-lamenta-ter-perdido-destaque-para-o-flamengo\/\" \/>\n<meta property=\"og:locale\" content=\"pt_BR\" \/>\n<meta property=\"og:type\" content=\"article\" \/>\n<meta property=\"og:title\" content=\"Diretor do Goi\u00e1s lamenta ter perdido destaque para o Flamengo\" \/>\n<meta property=\"og:description\" content=\"Em entrevista para o canal do &#039;Sintonia Esmeraldina\u2019, o diretor falou sobre a sa\u00edda do craque e diz ser imposs\u00edvel brigar com o Flamengo.\" \/>\n<meta property=\"og:url\" content=\"https:\/\/www.gaveanews.com\/index.php\/2022\/12\/06\/diretor-do-goias-lamenta-ter-perdido-destaque-para-o-flamengo\/\" \/>\n<meta property=\"og:site_name\" content=\"G\u00e1vea News\" \/>\n<meta property=\"article:publisher\" content=\"https:\/\/facebook.com\/gaveaNews\/\" \/>\n<meta property=\"article:published_time\" content=\"2022-12-06T15:50:35+00:00\" \/>\n<meta property=\"article:modified_time\" content=\"2022-12-06T15:50:38+00:00\" \/>\n<meta property=\"og:image\" content=\"https:\/\/www.gaveanews.com\/wp-content\/uploads\/dieguinho-goias.webp\" \/>\n\t<meta property=\"og:image:width\" content=\"746\" \/>\n\t<meta property=\"og:image:height\" content=\"932\" \/>\n\t<meta property=\"og:image:type\" content=\"image\/jpeg\" \/>\n<meta name=\"author\" content=\"Equipe G\u00e1vea News\" \/>\n<meta name=\"twitter:card\" content=\"summary_large_image\" \/>\n<meta name=\"twitter:label1\" content=\"Escrito por\" \/>\n\t<meta name=\"twitter:data1\" content=\"Equipe G\u00e1vea News\" \/>\n\t<meta name=\"twitter:label2\" content=\"Est. tempo de leitura\" \/>\n\t<meta name=\"twitter:data2\" content=\"3 minutos\" \/>\n<script type=\"application\/ld+json\" class=\"yoast-schema-graph\">{\"@context\":\"https:\/\/schema.org\",\"@graph\":[{\"@type\":\"NewsArticle\",\"@id\":\"https:\/\/www.gaveanews.com\/index.php\/2022\/12\/06\/diretor-do-goias-lamenta-ter-perdido-destaque-para-o-flamengo\/#article\",\"isPartOf\":{\"@id\":\"https:\/\/www.gaveanews.com\/index.php\/2022\/12\/06\/diretor-do-goias-lamenta-ter-perdido-destaque-para-o-flamengo\/\"},\"author\":{\"name\":\"Equipe G\u00e1vea News\",\"@id\":\"https:\/\/www.gaveanews.com\/#\/schema\/person\/2ec14f73fb96be2caf28f91afb14749d\"},\"headline\":\"Diretor do Goi\u00e1s lamenta ter perdido destaque para o Flamengo\",\"datePublished\":\"2022-12-06T15:50:35+00:00\",\"dateModified\":\"2022-12-06T15:50:38+00:00\",\"mainEntityOfPage\":{\"@id\":\"https:\/\/www.gaveanews.com\/index.php\/2022\/12\/06\/diretor-do-goias-lamenta-ter-perdido-destaque-para-o-flamengo\/\"},\"wordCount\":411,\"commentCount\":0,\"image\":{\"@id\":\"https:\/\/www.gaveanews.com\/index.php\/2022\/12\/06\/diretor-do-goias-lamenta-ter-perdido-destaque-para-o-flamengo\/#primaryimage\"},\"thumbnailUrl\":\"https:\/\/www.gaveanews.com\/wp-content\/uploads\/dieguinho-goias.webp\",\"articleSection\":[\"Negocia\u00e7\u00f5es\"],\"inLanguage\":\"pt-BR\",\"potentialAction\":[{\"@type\":\"CommentAction\",\"name\":\"Comment\",\"target\":[\"https:\/\/www.gaveanews.com\/index.php\/2022\/12\/06\/diretor-do-goias-lamenta-ter-perdido-destaque-para-o-flamengo\/#respond\"]}],\"copyrightYear\":\"2022\",\"copyrightHolder\":{\"@id\":\"https:\/\/www.gaveanews.com\/#organization\"}},{\"@type\":\"WebPage\",\"@id\":\"https:\/\/www.gaveanews.com\/index.php\/2022\/12\/06\/diretor-do-goias-lamenta-ter-perdido-destaque-para-o-flamengo\/\",\"url\":\"https:\/\/www.gaveanews.com\/index.php\/2022\/12\/06\/diretor-do-goias-lamenta-ter-perdido-destaque-para-o-flamengo\/\",\"name\":\"Diretor do Goi\u00e1s lamenta ter perdido destaque para o Flamengo\",\"isPartOf\":{\"@id\":\"https:\/\/www.gaveanews.com\/#website\"},\"primaryImageOfPage\":{\"@id\":\"https:\/\/www.gaveanews.com\/index.php\/2022\/12\/06\/diretor-do-goias-lamenta-ter-perdido-destaque-para-o-flamengo\/#primaryimage\"},\"image\":{\"@id\":\"https:\/\/www.gaveanews.com\/index.php\/2022\/12\/06\/diretor-do-goias-lamenta-ter-perdido-destaque-para-o-flamengo\/#primaryimage\"},\"thumbnailUrl\":\"https:\/\/www.gaveanews.com\/wp-content\/uploads\/dieguinho-goias.webp\",\"datePublished\":\"2022-12-06T15:50:35+00:00\",\"dateModified\":\"2022-12-06T15:50:38+00:00\",\"author\":{\"@id\":\"https:\/\/www.gaveanews.com\/#\/schema\/person\/2ec14f73fb96be2caf28f91afb14749d\"},\"description\":\"Em entrevista para o canal do 'Sintonia Esmeraldina\u2019, o diretor falou sobre a sa\u00edda do craque e diz ser imposs\u00edvel brigar com o Flamengo.\",\"breadcrumb\":{\"@id\":\"https:\/\/www.gaveanews.com\/index.php\/2022\/12\/06\/diretor-do-goias-lamenta-ter-perdido-destaque-para-o-flamengo\/#breadcrumb\"},\"inLanguage\":\"pt-BR\",\"potentialAction\":[{\"@type\":\"ReadAction\",\"target\":[\"https:\/\/www.gaveanews.com\/index.php\/2022\/12\/06\/diretor-do-goias-lamenta-ter-perdido-destaque-para-o-flamengo\/\"]}]},{\"@type\":\"ImageObject\",\"inLanguage\":\"pt-BR\",\"@id\":\"https:\/\/www.gaveanews.com\/index.php\/2022\/12\/06\/diretor-do-goias-lamenta-ter-perdido-destaque-para-o-flamengo\/#primaryimage\",\"url\":\"https:\/\/www.gaveanews.com\/wp-content\/uploads\/dieguinho-goias.webp\",\"contentUrl\":\"https:\/\/www.gaveanews.com\/wp-content\/uploads\/dieguinho-goias.webp\",\"width\":746,\"height\":932,\"caption\":\"Dieguinho, promessa do Goi\u00e1s (Foto: Divulga\u00e7\u00e3o)\"},{\"@type\":\"BreadcrumbList\",\"@id\":\"https:\/\/www.gaveanews.com\/index.php\/2022\/12\/06\/diretor-do-goias-lamenta-ter-perdido-destaque-para-o-flamengo\/#breadcrumb\",\"itemListElement\":[{\"@type\":\"ListItem\",\"position\":1,\"name\":\"Home\",\"item\":\"https:\/\/www.gaveanews.com\/\"},{\"@type\":\"ListItem\",\"position\":2,\"name\":\"Diretor do Goi\u00e1s lamenta ter perdido destaque para o Flamengo\"}]},{\"@type\":\"WebSite\",\"@id\":\"https:\/\/www.gaveanews.com\/#website\",\"url\":\"https:\/\/www.gaveanews.com\/\",\"name\":\"G\u00e1vea News\",\"description\":\"Veja todas as not\u00edcias sobre o Flamengo: Contrata\u00e7\u00f5es, categorias de base, resultados das partidas, tabela de classifica\u00e7\u00e3o, pr\u00f3ximos jogos!\",\"potentialAction\":[{\"@type\":\"SearchAction\",\"target\":{\"@type\":\"EntryPoint\",\"urlTemplate\":\"https:\/\/www.gaveanews.com\/?s={search_term_string}\"},\"query-input\":{\"@type\":\"PropertyValueSpecification\",\"valueRequired\":true,\"valueName\":\"search_term_string\"}}],\"inLanguage\":\"pt-BR\"},{\"@type\":\"Person\",\"@id\":\"https:\/\/www.gaveanews.com\/#\/schema\/person\/2ec14f73fb96be2caf28f91afb14749d\",\"name\":\"Equipe G\u00e1vea News\",\"image\":{\"@type\":\"ImageObject\",\"inLanguage\":\"pt-BR\",\"@id\":\"https:\/\/www.gaveanews.com\/#\/schema\/person\/image\/\",\"url\":\"https:\/\/secure.gravatar.com\/avatar\/1e1956f1facbffd3f8fa53a326721950116b3b9dc9bd44939c01180fd4a745a9?s=96&d=mm&r=g\",\"contentUrl\":\"https:\/\/secure.gravatar.com\/avatar\/1e1956f1facbffd3f8fa53a326721950116b3b9dc9bd44939c01180fd4a745a9?s=96&d=mm&r=g\",\"caption\":\"Equipe G\u00e1vea News\"}}]}<\/script>\n<!-- \/ Yoast SEO Premium plugin. -->","yoast_head_json":{"title":"Diretor do Goi\u00e1s lamenta ter perdido destaque para o Flamengo","description":"Em entrevista para o canal do 'Sintonia Esmeraldina\u2019, o diretor falou sobre a sa\u00edda do craque e diz ser imposs\u00edvel brigar com o Flamengo.","robots":{"index":"index","follow":"follow","max-snippet":"max-snippet:-1","max-image-preview":"max-image-preview:large","max-video-preview":"max-video-preview:-1"},"canonical":"https:\/\/www.gaveanews.com\/index.php\/2022\/12\/06\/diretor-do-goias-lamenta-ter-perdido-destaque-para-o-flamengo\/","og_locale":"pt_BR","og_type":"article","og_title":"Diretor do Goi\u00e1s lamenta ter perdido destaque para o Flamengo","og_description":"Em entrevista para o canal do 'Sintonia Esmeraldina\u2019, o diretor falou sobre a sa\u00edda do craque e diz ser imposs\u00edvel brigar com o Flamengo.","og_url":"https:\/\/www.gaveanews.com\/index.php\/2022\/12\/06\/diretor-do-goias-lamenta-ter-perdido-destaque-para-o-flamengo\/","og_site_name":"G\u00e1vea News","article_publisher":"https:\/\/facebook.com\/gaveaNews\/","article_published_time":"2022-12-06T15:50:35+00:00","article_modified_time":"2022-12-06T15:50:38+00:00","og_image":[{"width":746,"height":932,"url":"https:\/\/www.gaveanews.com\/wp-content\/uploads\/dieguinho-goias.webp","type":"image\/jpeg"}],"author":"Equipe G\u00e1vea News","twitter_card":"summary_large_image","twitter_misc":{"Escrito por":"Equipe G\u00e1vea News","Est. tempo de leitura":"3 minutos"},"schema":{"@context":"https:\/\/schema.org","@graph":[{"@type":"NewsArticle","@id":"https:\/\/www.gaveanews.com\/index.php\/2022\/12\/06\/diretor-do-goias-lamenta-ter-perdido-destaque-para-o-flamengo\/#article","isPartOf":{"@id":"https:\/\/www.gaveanews.com\/index.php\/2022\/12\/06\/diretor-do-goias-lamenta-ter-perdido-destaque-para-o-flamengo\/"},"author":{"name":"Equipe G\u00e1vea News","@id":"https:\/\/www.gaveanews.com\/#\/schema\/person\/2ec14f73fb96be2caf28f91afb14749d"},"headline":"Diretor do Goi\u00e1s lamenta ter perdido destaque para o Flamengo","datePublished":"2022-12-06T15:50:35+00:00","dateModified":"2022-12-06T15:50:38+00:00","mainEntityOfPage":{"@id":"https:\/\/www.gaveanews.com\/index.php\/2022\/12\/06\/diretor-do-goias-lamenta-ter-perdido-destaque-para-o-flamengo\/"},"wordCount":411,"commentCount":0,"image":{"@id":"https:\/\/www.gaveanews.com\/index.php\/2022\/12\/06\/diretor-do-goias-lamenta-ter-perdido-destaque-para-o-flamengo\/#primaryimage"},"thumbnailUrl":"https:\/\/www.gaveanews.com\/wp-content\/uploads\/dieguinho-goias.webp","articleSection":["Negocia\u00e7\u00f5es"],"inLanguage":"pt-BR","potentialAction":[{"@type":"CommentAction","name":"Comment","target":["https:\/\/www.gaveanews.com\/index.php\/2022\/12\/06\/diretor-do-goias-lamenta-ter-perdido-destaque-para-o-flamengo\/#respond"]}],"copyrightYear":"2022","copyrightHolder":{"@id":"https:\/\/www.gaveanews.com\/#organization"}},{"@type":"WebPage","@id":"https:\/\/www.gaveanews.com\/index.php\/2022\/12\/06\/diretor-do-goias-lamenta-ter-perdido-destaque-para-o-flamengo\/","url":"https:\/\/www.gaveanews.com\/index.php\/2022\/12\/06\/diretor-do-goias-lamenta-ter-perdido-destaque-para-o-flamengo\/","name":"Diretor do Goi\u00e1s lamenta ter perdido destaque para o Flamengo","isPartOf":{"@id":"https:\/\/www.gaveanews.com\/#website"},"primaryImageOfPage":{"@id":"https:\/\/www.gaveanews.com\/index.php\/2022\/12\/06\/diretor-do-goias-lamenta-ter-perdido-destaque-para-o-flamengo\/#primaryimage"},"image":{"@id":"https:\/\/www.gaveanews.com\/index.php\/2022\/12\/06\/diretor-do-goias-lamenta-ter-perdido-destaque-para-o-flamengo\/#primaryimage"},"thumbnailUrl":"https:\/\/www.gaveanews.com\/wp-content\/uploads\/dieguinho-goias.webp","datePublished":"2022-12-06T15:50:35+00:00","dateModified":"2022-12-06T15:50:38+00:00","author":{"@id":"https:\/\/www.gaveanews.com\/#\/schema\/person\/2ec14f73fb96be2caf28f91afb14749d"},"description":"Em entrevista para o canal do 'Sintonia Esmeraldina\u2019, o diretor falou sobre a sa\u00edda do craque e diz ser imposs\u00edvel brigar com o Flamengo.","breadcrumb":{"@id":"https:\/\/www.gaveanews.com\/index.php\/2022\/12\/06\/diretor-do-goias-lamenta-ter-perdido-destaque-para-o-flamengo\/#breadcrumb"},"inLanguage":"pt-BR","potentialAction":[{"@type":"ReadAction","target":["https:\/\/www.gaveanews.com\/index.php\/2022\/12\/06\/diretor-do-goias-lamenta-ter-perdido-destaque-para-o-flamengo\/"]}]},{"@type":"ImageObject","inLanguage":"pt-BR","@id":"https:\/\/www.gaveanews.com\/index.php\/2022\/12\/06\/diretor-do-goias-lamenta-ter-perdido-destaque-para-o-flamengo\/#primaryimage","url":"https:\/\/www.gaveanews.com\/wp-content\/uploads\/dieguinho-goias.webp","contentUrl":"https:\/\/www.gaveanews.com\/wp-content\/uploads\/dieguinho-goias.webp","width":746,"height":932,"caption":"Dieguinho, promessa do Goi\u00e1s (Foto: Divulga\u00e7\u00e3o)"},{"@type":"BreadcrumbList","@id":"https:\/\/www.gaveanews.com\/index.php\/2022\/12\/06\/diretor-do-goias-lamenta-ter-perdido-destaque-para-o-flamengo\/#breadcrumb","itemListElement":[{"@type":"ListItem","position":1,"name":"Home","item":"https:\/\/www.gaveanews.com\/"},{"@type":"ListItem","position":2,"name":"Diretor do Goi\u00e1s lamenta ter perdido destaque para o Flamengo"}]},{"@type":"WebSite","@id":"https:\/\/www.gaveanews.com\/#website","url":"https:\/\/www.gaveanews.com\/","name":"G\u00e1vea News","description":"Veja todas as not\u00edcias sobre o Flamengo: Contrata\u00e7\u00f5es, categorias de base, resultados das partidas, tabela de classifica\u00e7\u00e3o, pr\u00f3ximos jogos!","potentialAction":[{"@type":"SearchAction","target":{"@type":"EntryPoint","urlTemplate":"https:\/\/www.gaveanews.com\/?s={search_term_string}"},"query-input":{"@type":"PropertyValueSpecification","valueRequired":true,"valueName":"search_term_string"}}],"inLanguage":"pt-BR"},{"@type":"Person","@id":"https:\/\/www.gaveanews.com\/#\/schema\/person\/2ec14f73fb96be2caf28f91afb14749d","name":"Equipe G\u00e1vea News","image":{"@type":"ImageObject","inLanguage":"pt-BR","@id":"https:\/\/www.gaveanews.com\/#\/schema\/person\/image\/","url":"https:\/\/secure.gravatar.com\/avatar\/1e1956f1facbffd3f8fa53a326721950116b3b9dc9bd44939c01180fd4a745a9?s=96&d=mm&r=g","contentUrl":"https:\/\/secure.gravatar.com\/avatar\/1e1956f1facbffd3f8fa53a326721950116b3b9dc9bd44939c01180fd4a745a9?s=96&d=mm&r=g","caption":"Equipe G\u00e1vea News"}}]}},"_links":{"self":[{"href":"https:\/\/www.gaveanews.com\/index.php\/wp-json\/wp\/v2\/posts\/91618","targetHints":{"allow":["GET"]}}],"collection":[{"href":"https:\/\/www.gaveanews.com\/index.php\/wp-json\/wp\/v2\/posts"}],"about":[{"href":"https:\/\/www.gaveanews.com\/index.php\/wp-json\/wp\/v2\/types\/post"}],"author":[{"embeddable":true,"href":"https:\/\/www.gaveanews.com\/index.php\/wp-json\/wp\/v2\/users\/1"}],"replies":[{"embeddable":true,"href":"https:\/\/www.gaveanews.com\/index.php\/wp-json\/wp\/v2\/comments?post=91618"}],"version-history":[{"count":0,"href":"https:\/\/www.gaveanews.com\/index.php\/wp-json\/wp\/v2\/posts\/91618\/revisions"}],"wp:featuredmedia":[{"embeddable":true,"href":"https:\/\/www.gaveanews.com\/index.php\/wp-json\/wp\/v2\/media\/91038"}],"wp:attachment":[{"href":"https:\/\/www.gaveanews.com\/index.php\/wp-json\/wp\/v2\/media?parent=91618"}],"wp:term":[{"taxonomy":"category","embeddable":true,"href":"https:\/\/www.gaveanews.com\/index.php\/wp-json\/wp\/v2\/categories?post=91618"},{"taxonomy":"post_tag","embeddable":true,"href":"https:\/\/www.gaveanews.com\/index.php\/wp-json\/wp\/v2\/tags?post=91618"}],"curies":[{"name":"wp","href":"https:\/\/api.w.org\/{rel}","templated":true}]}}