{"id":91627,"date":"2022-12-06T15:21:46","date_gmt":"2022-12-06T18:21:46","guid":{"rendered":"https:\/\/www.gaveanews.com\/?p=91627"},"modified":"2022-12-06T15:21:48","modified_gmt":"2022-12-06T18:21:48","slug":"arrascaeta-pode-estar-de-saida-do-flamengo-para-jogar-na-espanha","status":"publish","type":"post","link":"https:\/\/www.gaveanews.com\/index.php\/2022\/12\/06\/arrascaeta-pode-estar-de-saida-do-flamengo-para-jogar-na-espanha\/","title":{"rendered":"Arrascaeta pode estar de sa\u00edda do Flamengo para jogar na Espanha"},"content":{"rendered":"\n<p>A visibilidade ganha na Copa do Mundo pelo desempenho, sobretudo na rodada final da fase de grupos, <a href=\"https:\/\/www.gaveanews.com\/index.php\/2022\/12\/05\/imprensa-da-espanha-coloca-arrascaeta-do-flamengo-no-futebol-da-europa\/\">voltou os olhares de clubes europeus a Arrascaeta.<\/a><\/p>\n\n\n\n<p> O meia n\u00e3o recebeu muitas oportunidades no mundial, mas o pouco que ele apareceu j\u00e1 foi o suficiente para que o atleta recebesse sondagens.<\/p>\n\n\n\n<p>De acordo com o canal Fla Na\u00e7\u00e3o VVP, do influencer Fabr\u00edcio, o uruguaio \u00e9 a principal escolha de Diego Simeone para o Al\u00e9tico de Madrid na pr\u00f3xima janela de transfer\u00eancias. O clube espanhol muito provavelmente precisar\u00e1 ir ao mercado em busca de reposi\u00e7\u00e3o para a fun\u00e7\u00e3o de Jo\u00e3o F\u00e9lix, que deve deixar a equipe.<\/p>\n\n\n\n<p><em>\u2014 O Atl\u00e9tico de Madrid d\u00e1 como certa a sa\u00edda de Jo\u00e3o F\u00e9lix na janela de janeiro. Por isso, Diego Simeone estaria procurando um substituto para o portugu\u00eas e o n\u00famero um da lista de Simeone est\u00e1 dentro do Flamengo. Diego Simeone quer contratar Giorgian De Arrascaeta. O argentino ficou impressionando com a atua\u00e7\u00e3o do jogador durante a Copa do Mundo e acha que ele pode exercer a mesma fun\u00e7\u00e3o ofensiva de Jo\u00e3o F\u00e9lix.<\/em><\/p>\n\n\n\n<p>A quest\u00e3o dos valores que envolveriam a transfer\u00eancia diverge bastante da m\u00eddia espanhola para a brasileira. No Velho Continente est\u00e3o afirmando que o Flamengo negociaria o camisa 14 por 19 milh\u00f5es de euros (pouco mais de R$ 104 milh\u00f5es na cota\u00e7\u00e3o atual). Contudo, o Mais Querido n\u00e3o tem interesse em se desfazer do meia e <a href=\"https:\/\/www.gaveanews.com\/index.php\/2022\/12\/05\/desejado-pelo-borussia-dortmund-veja-o-valor-da-multa-de-arrascaeta-no-flamengo\/\">n\u00e3o ir\u00e1 facilitar a venda.<\/a><\/p>\n\n\n\n<p><em>\u2014 Na Espanha se fala que o Flamengo aceitaria 19 milh\u00f5es de euros para vender o jogador. Aqui no Brasil, segundo eu apurei, o Fla n\u00e3o tem inten\u00e7\u00e3o de negociar o Arrascaeta. A \u00fanica maneira de tirar Arrascaeta do Flamengo seria pagando a multa. O Arrasca tem contrato at\u00e9 dezembro de 2026.<\/em><\/p>\n","protected":false},"excerpt":{"rendered":"<p>A visibilidade ganha na Copa do Mundo pelo desempenho, sobretudo na rodada final da fase de grupos, voltou os olhares de clubes europeus a Arrascaeta. O meia n\u00e3o recebeu muitas oportunidades no mundial, mas o pouco que ele apareceu j\u00e1 foi o suficiente para que o atleta recebesse sondagens. De acordo com o canal Fla [&hellip;]<\/p>\n","protected":false},"author":4,"featured_media":89670,"comment_status":"open","ping_status":"closed","sticky":false,"template":"","format":"standard","meta":{"footnotes":""},"categories":[48],"tags":[],"class_list":["post-91627","post","type-post","status-publish","format-standard","has-post-thumbnail","hentry","category-negociacoes"],"yoast_head":"<!-- This site is optimized with the Yoast SEO Premium plugin v24.2 (Yoast SEO v26.9) - https:\/\/yoast.com\/product\/yoast-seo-premium-wordpress\/ -->\n<title>Arrascaeta pode estar de sa\u00edda do Flamengo para jogar na Espanha<\/title>\n<meta name=\"robots\" content=\"index, follow, max-snippet:-1, max-image-preview:large, max-video-preview:-1\" \/>\n<link rel=\"canonical\" href=\"https:\/\/www.gaveanews.com\/index.php\/2022\/12\/06\/arrascaeta-pode-estar-de-saida-do-flamengo-para-jogar-na-espanha\/\" \/>\n<meta property=\"og:locale\" content=\"pt_BR\" \/>\n<meta property=\"og:type\" content=\"article\" \/>\n<meta property=\"og:title\" content=\"Arrascaeta pode estar de sa\u00edda do Flamengo para jogar na Espanha\" \/>\n<meta property=\"og:description\" content=\"A visibilidade ganha na Copa do Mundo pelo desempenho, sobretudo na rodada final da fase de grupos, voltou os olhares de clubes europeus a Arrascaeta. O meia n\u00e3o recebeu muitas oportunidades no mundial, mas o pouco que ele apareceu j\u00e1 foi o suficiente para que o atleta recebesse sondagens. De acordo com o canal Fla [&hellip;]\" \/>\n<meta property=\"og:url\" content=\"https:\/\/www.gaveanews.com\/index.php\/2022\/12\/06\/arrascaeta-pode-estar-de-saida-do-flamengo-para-jogar-na-espanha\/\" \/>\n<meta property=\"og:site_name\" content=\"G\u00e1vea News\" \/>\n<meta property=\"article:publisher\" content=\"https:\/\/facebook.com\/gaveaNews\/\" \/>\n<meta property=\"article:published_time\" content=\"2022-12-06T18:21:46+00:00\" \/>\n<meta property=\"article:modified_time\" content=\"2022-12-06T18:21:48+00:00\" \/>\n<meta property=\"og:image\" content=\"https:\/\/www.gaveanews.com\/wp-content\/uploads\/Arrascaeta-comemora-gol-marcado-pelo-Flamengo-contra-o-Santos.webp\" \/>\n\t<meta property=\"og:image:width\" content=\"799\" \/>\n\t<meta property=\"og:image:height\" content=\"533\" \/>\n\t<meta property=\"og:image:type\" content=\"image\/jpeg\" \/>\n<meta name=\"author\" content=\"Let\u00edcia Gerheim\" \/>\n<meta name=\"twitter:card\" content=\"summary_large_image\" \/>\n<meta name=\"twitter:label1\" content=\"Escrito por\" \/>\n\t<meta name=\"twitter:data1\" content=\"Let\u00edcia Gerheim\" \/>\n\t<meta name=\"twitter:label2\" content=\"Est. tempo de leitura\" \/>\n\t<meta name=\"twitter:data2\" content=\"2 minutos\" \/>\n<script type=\"application\/ld+json\" class=\"yoast-schema-graph\">{\"@context\":\"https:\/\/schema.org\",\"@graph\":[{\"@type\":\"NewsArticle\",\"@id\":\"https:\/\/www.gaveanews.com\/index.php\/2022\/12\/06\/arrascaeta-pode-estar-de-saida-do-flamengo-para-jogar-na-espanha\/#article\",\"isPartOf\":{\"@id\":\"https:\/\/www.gaveanews.com\/index.php\/2022\/12\/06\/arrascaeta-pode-estar-de-saida-do-flamengo-para-jogar-na-espanha\/\"},\"author\":{\"name\":\"Let\u00edcia Gerheim\",\"@id\":\"https:\/\/www.gaveanews.com\/#\/schema\/person\/714c67050b836198af2450ba1c142a67\"},\"headline\":\"Arrascaeta pode estar de sa\u00edda do Flamengo para jogar na Espanha\",\"datePublished\":\"2022-12-06T18:21:46+00:00\",\"dateModified\":\"2022-12-06T18:21:48+00:00\",\"mainEntityOfPage\":{\"@id\":\"https:\/\/www.gaveanews.com\/index.php\/2022\/12\/06\/arrascaeta-pode-estar-de-saida-do-flamengo-para-jogar-na-espanha\/\"},\"wordCount\":325,\"commentCount\":0,\"image\":{\"@id\":\"https:\/\/www.gaveanews.com\/index.php\/2022\/12\/06\/arrascaeta-pode-estar-de-saida-do-flamengo-para-jogar-na-espanha\/#primaryimage\"},\"thumbnailUrl\":\"https:\/\/www.gaveanews.com\/wp-content\/uploads\/Arrascaeta-comemora-gol-marcado-pelo-Flamengo-contra-o-Santos.webp\",\"articleSection\":[\"Negocia\u00e7\u00f5es\"],\"inLanguage\":\"pt-BR\",\"potentialAction\":[{\"@type\":\"CommentAction\",\"name\":\"Comment\",\"target\":[\"https:\/\/www.gaveanews.com\/index.php\/2022\/12\/06\/arrascaeta-pode-estar-de-saida-do-flamengo-para-jogar-na-espanha\/#respond\"]}],\"copyrightYear\":\"2022\",\"copyrightHolder\":{\"@id\":\"https:\/\/www.gaveanews.com\/#organization\"}},{\"@type\":\"WebPage\",\"@id\":\"https:\/\/www.gaveanews.com\/index.php\/2022\/12\/06\/arrascaeta-pode-estar-de-saida-do-flamengo-para-jogar-na-espanha\/\",\"url\":\"https:\/\/www.gaveanews.com\/index.php\/2022\/12\/06\/arrascaeta-pode-estar-de-saida-do-flamengo-para-jogar-na-espanha\/\",\"name\":\"Arrascaeta pode estar de sa\u00edda do Flamengo para jogar na Espanha\",\"isPartOf\":{\"@id\":\"https:\/\/www.gaveanews.com\/#website\"},\"primaryImageOfPage\":{\"@id\":\"https:\/\/www.gaveanews.com\/index.php\/2022\/12\/06\/arrascaeta-pode-estar-de-saida-do-flamengo-para-jogar-na-espanha\/#primaryimage\"},\"image\":{\"@id\":\"https:\/\/www.gaveanews.com\/index.php\/2022\/12\/06\/arrascaeta-pode-estar-de-saida-do-flamengo-para-jogar-na-espanha\/#primaryimage\"},\"thumbnailUrl\":\"https:\/\/www.gaveanews.com\/wp-content\/uploads\/Arrascaeta-comemora-gol-marcado-pelo-Flamengo-contra-o-Santos.webp\",\"datePublished\":\"2022-12-06T18:21:46+00:00\",\"dateModified\":\"2022-12-06T18:21:48+00:00\",\"author\":{\"@id\":\"https:\/\/www.gaveanews.com\/#\/schema\/person\/714c67050b836198af2450ba1c142a67\"},\"breadcrumb\":{\"@id\":\"https:\/\/www.gaveanews.com\/index.php\/2022\/12\/06\/arrascaeta-pode-estar-de-saida-do-flamengo-para-jogar-na-espanha\/#breadcrumb\"},\"inLanguage\":\"pt-BR\",\"potentialAction\":[{\"@type\":\"ReadAction\",\"target\":[\"https:\/\/www.gaveanews.com\/index.php\/2022\/12\/06\/arrascaeta-pode-estar-de-saida-do-flamengo-para-jogar-na-espanha\/\"]}]},{\"@type\":\"ImageObject\",\"inLanguage\":\"pt-BR\",\"@id\":\"https:\/\/www.gaveanews.com\/index.php\/2022\/12\/06\/arrascaeta-pode-estar-de-saida-do-flamengo-para-jogar-na-espanha\/#primaryimage\",\"url\":\"https:\/\/www.gaveanews.com\/wp-content\/uploads\/Arrascaeta-comemora-gol-marcado-pelo-Flamengo-contra-o-Santos.webp\",\"contentUrl\":\"https:\/\/www.gaveanews.com\/wp-content\/uploads\/Arrascaeta-comemora-gol-marcado-pelo-Flamengo-contra-o-Santos.webp\",\"width\":799,\"height\":533,\"caption\":\"Arrascaeta comemora gol marcado pelo Flamengo contra o Santos (Foto: Gilvan de Souza\/Flamengo)\"},{\"@type\":\"BreadcrumbList\",\"@id\":\"https:\/\/www.gaveanews.com\/index.php\/2022\/12\/06\/arrascaeta-pode-estar-de-saida-do-flamengo-para-jogar-na-espanha\/#breadcrumb\",\"itemListElement\":[{\"@type\":\"ListItem\",\"position\":1,\"name\":\"Home\",\"item\":\"https:\/\/www.gaveanews.com\/\"},{\"@type\":\"ListItem\",\"position\":2,\"name\":\"Arrascaeta pode estar de sa\u00edda do Flamengo para jogar na Espanha\"}]},{\"@type\":\"WebSite\",\"@id\":\"https:\/\/www.gaveanews.com\/#website\",\"url\":\"https:\/\/www.gaveanews.com\/\",\"name\":\"G\u00e1vea News\",\"description\":\"Veja todas as not\u00edcias sobre o Flamengo: Contrata\u00e7\u00f5es, categorias de base, resultados das partidas, tabela de classifica\u00e7\u00e3o, pr\u00f3ximos jogos!\",\"potentialAction\":[{\"@type\":\"SearchAction\",\"target\":{\"@type\":\"EntryPoint\",\"urlTemplate\":\"https:\/\/www.gaveanews.com\/?s={search_term_string}\"},\"query-input\":{\"@type\":\"PropertyValueSpecification\",\"valueRequired\":true,\"valueName\":\"search_term_string\"}}],\"inLanguage\":\"pt-BR\"},{\"@type\":\"Person\",\"@id\":\"https:\/\/www.gaveanews.com\/#\/schema\/person\/714c67050b836198af2450ba1c142a67\",\"name\":\"Let\u00edcia Gerheim\",\"image\":{\"@type\":\"ImageObject\",\"inLanguage\":\"pt-BR\",\"@id\":\"https:\/\/www.gaveanews.com\/#\/schema\/person\/image\/\",\"url\":\"https:\/\/secure.gravatar.com\/avatar\/60734739c50fcebfbac509e2a826ccd0ff405c019bc73aab9354f19ecad1dcb4?s=96&d=mm&r=g\",\"contentUrl\":\"https:\/\/secure.gravatar.com\/avatar\/60734739c50fcebfbac509e2a826ccd0ff405c019bc73aab9354f19ecad1dcb4?s=96&d=mm&r=g\",\"caption\":\"Let\u00edcia Gerheim\"}}]}<\/script>\n<!-- \/ Yoast SEO Premium plugin. -->","yoast_head_json":{"title":"Arrascaeta pode estar de sa\u00edda do Flamengo para jogar na Espanha","robots":{"index":"index","follow":"follow","max-snippet":"max-snippet:-1","max-image-preview":"max-image-preview:large","max-video-preview":"max-video-preview:-1"},"canonical":"https:\/\/www.gaveanews.com\/index.php\/2022\/12\/06\/arrascaeta-pode-estar-de-saida-do-flamengo-para-jogar-na-espanha\/","og_locale":"pt_BR","og_type":"article","og_title":"Arrascaeta pode estar de sa\u00edda do Flamengo para jogar na Espanha","og_description":"A visibilidade ganha na Copa do Mundo pelo desempenho, sobretudo na rodada final da fase de grupos, voltou os olhares de clubes europeus a Arrascaeta. O meia n\u00e3o recebeu muitas oportunidades no mundial, mas o pouco que ele apareceu j\u00e1 foi o suficiente para que o atleta recebesse sondagens. De acordo com o canal Fla [&hellip;]","og_url":"https:\/\/www.gaveanews.com\/index.php\/2022\/12\/06\/arrascaeta-pode-estar-de-saida-do-flamengo-para-jogar-na-espanha\/","og_site_name":"G\u00e1vea News","article_publisher":"https:\/\/facebook.com\/gaveaNews\/","article_published_time":"2022-12-06T18:21:46+00:00","article_modified_time":"2022-12-06T18:21:48+00:00","og_image":[{"width":799,"height":533,"url":"https:\/\/www.gaveanews.com\/wp-content\/uploads\/Arrascaeta-comemora-gol-marcado-pelo-Flamengo-contra-o-Santos.webp","type":"image\/jpeg"}],"author":"Let\u00edcia Gerheim","twitter_card":"summary_large_image","twitter_misc":{"Escrito por":"Let\u00edcia Gerheim","Est. tempo de leitura":"2 minutos"},"schema":{"@context":"https:\/\/schema.org","@graph":[{"@type":"NewsArticle","@id":"https:\/\/www.gaveanews.com\/index.php\/2022\/12\/06\/arrascaeta-pode-estar-de-saida-do-flamengo-para-jogar-na-espanha\/#article","isPartOf":{"@id":"https:\/\/www.gaveanews.com\/index.php\/2022\/12\/06\/arrascaeta-pode-estar-de-saida-do-flamengo-para-jogar-na-espanha\/"},"author":{"name":"Let\u00edcia Gerheim","@id":"https:\/\/www.gaveanews.com\/#\/schema\/person\/714c67050b836198af2450ba1c142a67"},"headline":"Arrascaeta pode estar de sa\u00edda do Flamengo para jogar na Espanha","datePublished":"2022-12-06T18:21:46+00:00","dateModified":"2022-12-06T18:21:48+00:00","mainEntityOfPage":{"@id":"https:\/\/www.gaveanews.com\/index.php\/2022\/12\/06\/arrascaeta-pode-estar-de-saida-do-flamengo-para-jogar-na-espanha\/"},"wordCount":325,"commentCount":0,"image":{"@id":"https:\/\/www.gaveanews.com\/index.php\/2022\/12\/06\/arrascaeta-pode-estar-de-saida-do-flamengo-para-jogar-na-espanha\/#primaryimage"},"thumbnailUrl":"https:\/\/www.gaveanews.com\/wp-content\/uploads\/Arrascaeta-comemora-gol-marcado-pelo-Flamengo-contra-o-Santos.webp","articleSection":["Negocia\u00e7\u00f5es"],"inLanguage":"pt-BR","potentialAction":[{"@type":"CommentAction","name":"Comment","target":["https:\/\/www.gaveanews.com\/index.php\/2022\/12\/06\/arrascaeta-pode-estar-de-saida-do-flamengo-para-jogar-na-espanha\/#respond"]}],"copyrightYear":"2022","copyrightHolder":{"@id":"https:\/\/www.gaveanews.com\/#organization"}},{"@type":"WebPage","@id":"https:\/\/www.gaveanews.com\/index.php\/2022\/12\/06\/arrascaeta-pode-estar-de-saida-do-flamengo-para-jogar-na-espanha\/","url":"https:\/\/www.gaveanews.com\/index.php\/2022\/12\/06\/arrascaeta-pode-estar-de-saida-do-flamengo-para-jogar-na-espanha\/","name":"Arrascaeta pode estar de sa\u00edda do Flamengo para jogar na Espanha","isPartOf":{"@id":"https:\/\/www.gaveanews.com\/#website"},"primaryImageOfPage":{"@id":"https:\/\/www.gaveanews.com\/index.php\/2022\/12\/06\/arrascaeta-pode-estar-de-saida-do-flamengo-para-jogar-na-espanha\/#primaryimage"},"image":{"@id":"https:\/\/www.gaveanews.com\/index.php\/2022\/12\/06\/arrascaeta-pode-estar-de-saida-do-flamengo-para-jogar-na-espanha\/#primaryimage"},"thumbnailUrl":"https:\/\/www.gaveanews.com\/wp-content\/uploads\/Arrascaeta-comemora-gol-marcado-pelo-Flamengo-contra-o-Santos.webp","datePublished":"2022-12-06T18:21:46+00:00","dateModified":"2022-12-06T18:21:48+00:00","author":{"@id":"https:\/\/www.gaveanews.com\/#\/schema\/person\/714c67050b836198af2450ba1c142a67"},"breadcrumb":{"@id":"https:\/\/www.gaveanews.com\/index.php\/2022\/12\/06\/arrascaeta-pode-estar-de-saida-do-flamengo-para-jogar-na-espanha\/#breadcrumb"},"inLanguage":"pt-BR","potentialAction":[{"@type":"ReadAction","target":["https:\/\/www.gaveanews.com\/index.php\/2022\/12\/06\/arrascaeta-pode-estar-de-saida-do-flamengo-para-jogar-na-espanha\/"]}]},{"@type":"ImageObject","inLanguage":"pt-BR","@id":"https:\/\/www.gaveanews.com\/index.php\/2022\/12\/06\/arrascaeta-pode-estar-de-saida-do-flamengo-para-jogar-na-espanha\/#primaryimage","url":"https:\/\/www.gaveanews.com\/wp-content\/uploads\/Arrascaeta-comemora-gol-marcado-pelo-Flamengo-contra-o-Santos.webp","contentUrl":"https:\/\/www.gaveanews.com\/wp-content\/uploads\/Arrascaeta-comemora-gol-marcado-pelo-Flamengo-contra-o-Santos.webp","width":799,"height":533,"caption":"Arrascaeta comemora gol marcado pelo Flamengo contra o Santos (Foto: Gilvan de Souza\/Flamengo)"},{"@type":"BreadcrumbList","@id":"https:\/\/www.gaveanews.com\/index.php\/2022\/12\/06\/arrascaeta-pode-estar-de-saida-do-flamengo-para-jogar-na-espanha\/#breadcrumb","itemListElement":[{"@type":"ListItem","position":1,"name":"Home","item":"https:\/\/www.gaveanews.com\/"},{"@type":"ListItem","position":2,"name":"Arrascaeta pode estar de sa\u00edda do Flamengo para jogar na Espanha"}]},{"@type":"WebSite","@id":"https:\/\/www.gaveanews.com\/#website","url":"https:\/\/www.gaveanews.com\/","name":"G\u00e1vea News","description":"Veja todas as not\u00edcias sobre o Flamengo: Contrata\u00e7\u00f5es, categorias de base, resultados das partidas, tabela de classifica\u00e7\u00e3o, pr\u00f3ximos jogos!","potentialAction":[{"@type":"SearchAction","target":{"@type":"EntryPoint","urlTemplate":"https:\/\/www.gaveanews.com\/?s={search_term_string}"},"query-input":{"@type":"PropertyValueSpecification","valueRequired":true,"valueName":"search_term_string"}}],"inLanguage":"pt-BR"},{"@type":"Person","@id":"https:\/\/www.gaveanews.com\/#\/schema\/person\/714c67050b836198af2450ba1c142a67","name":"Let\u00edcia Gerheim","image":{"@type":"ImageObject","inLanguage":"pt-BR","@id":"https:\/\/www.gaveanews.com\/#\/schema\/person\/image\/","url":"https:\/\/secure.gravatar.com\/avatar\/60734739c50fcebfbac509e2a826ccd0ff405c019bc73aab9354f19ecad1dcb4?s=96&d=mm&r=g","contentUrl":"https:\/\/secure.gravatar.com\/avatar\/60734739c50fcebfbac509e2a826ccd0ff405c019bc73aab9354f19ecad1dcb4?s=96&d=mm&r=g","caption":"Let\u00edcia Gerheim"}}]}},"_links":{"self":[{"href":"https:\/\/www.gaveanews.com\/index.php\/wp-json\/wp\/v2\/posts\/91627","targetHints":{"allow":["GET"]}}],"collection":[{"href":"https:\/\/www.gaveanews.com\/index.php\/wp-json\/wp\/v2\/posts"}],"about":[{"href":"https:\/\/www.gaveanews.com\/index.php\/wp-json\/wp\/v2\/types\/post"}],"author":[{"embeddable":true,"href":"https:\/\/www.gaveanews.com\/index.php\/wp-json\/wp\/v2\/users\/4"}],"replies":[{"embeddable":true,"href":"https:\/\/www.gaveanews.com\/index.php\/wp-json\/wp\/v2\/comments?post=91627"}],"version-history":[{"count":0,"href":"https:\/\/www.gaveanews.com\/index.php\/wp-json\/wp\/v2\/posts\/91627\/revisions"}],"wp:featuredmedia":[{"embeddable":true,"href":"https:\/\/www.gaveanews.com\/index.php\/wp-json\/wp\/v2\/media\/89670"}],"wp:attachment":[{"href":"https:\/\/www.gaveanews.com\/index.php\/wp-json\/wp\/v2\/media?parent=91627"}],"wp:term":[{"taxonomy":"category","embeddable":true,"href":"https:\/\/www.gaveanews.com\/index.php\/wp-json\/wp\/v2\/categories?post=91627"},{"taxonomy":"post_tag","embeddable":true,"href":"https:\/\/www.gaveanews.com\/index.php\/wp-json\/wp\/v2\/tags?post=91627"}],"curies":[{"name":"wp","href":"https:\/\/api.w.org\/{rel}","templated":true}]}}