{"id":91628,"date":"2022-12-06T15:03:36","date_gmt":"2022-12-06T18:03:36","guid":{"rendered":"https:\/\/www.gaveanews.com\/?p=91628"},"modified":"2022-12-06T15:03:39","modified_gmt":"2022-12-06T18:03:39","slug":"flamengo-emite-nota-oficial","status":"publish","type":"post","link":"https:\/\/www.gaveanews.com\/index.php\/2022\/12\/06\/flamengo-emite-nota-oficial\/","title":{"rendered":"Flamengo emite nota oficial"},"content":{"rendered":"\n<p>Botafogo, Fluminense e Vasco ainda n\u00e3o assinaram o contrato proposto pela Ferj referente aos direitos de transmiss\u00e3o do Campeonato Carioca. A maior fatia destinada ao Flamengo (R$ 20 milh\u00f5es contra R$ 9 milh\u00f5es dos outros tr\u00eas) \u00e9 o motivo da disc\u00f3rdia.<\/p>\n\n\n\n<p>Depois de notas oficiais de Vasco e Botafogo e entrevista de M\u00e1rio Bittencourt ao site Globo Esporte, o Rubro-Negro se posicionou nesta ter\u00e7a-feira. O clube cutucou as SAF&#8217;s dos dois primeiros, j\u00e1 que estes foram os mais incisivos.<\/p>\n\n\n\n<p>Os vasca\u00ednos falaram que o Flamengo &#8220;parece ainda n\u00e3o ter entendido que futebol n\u00e3o se joga sozinho&#8221;, enquanto os botafoguenses afirmaram se negar a &#8220;aceitar participar de um acordo em que h\u00e1 obscurid\u00e3o nas negocia\u00e7\u00f5es, privil\u00e9gios individuais e a manuten\u00e7\u00e3o de um modelo hist\u00f3rico que tanto prejudica o futebol no pa\u00eds&#8221;.<\/p>\n\n\n\n<h2 class=\"wp-block-heading\" id=\"h-veja-a-nota-oficial-emitida-pelo-flamengo\">Veja a nota oficial emitida pelo Flamengo<\/h2>\n\n\n\n<p>Em rela\u00e7\u00e3o \u00e0s notas oficiais publicadas por dois clubes coirm\u00e3os quanto aos direitos de transmiss\u00e3o do Campeonato Carioca, o Clube de Regatas do Flamengo, mesmo defendendo que qualquer negocia\u00e7\u00e3o financeira deva ser tratada como algo particular de cada agremia\u00e7\u00e3o, vem a p\u00fablico deixar claro seu posicionamento na referida quest\u00e3o.&nbsp;<\/p>\n\n\n\n<p>O Flamengo, gra\u00e7as ao trabalhado realizado nos \u00faltimos anos, tem feito investimentos importantes em seu Departamento de Futebol, de forma a dar mais competitividade ao time e oferecer um melhor espet\u00e1culo, n\u00e3o s\u00f3 aos seus milh\u00f5es de torcedores como a todos os amantes do futebol. S\u00e3o investimentos bancados exclusivamente pela capacidade financeira do Clube, sem qualquer receita advinda de investidores externos. Assim sendo, \u00e9 necess\u00e1rio que o clube se remunere de forma adequada e condizente com o potencial de renda que gera para seus parceiros comerciais.&nbsp;<\/p>\n\n\n\n<p>\u00c9 p\u00fablico e not\u00f3rio que o mercado esportivo remunera os clubes por seus direitos de transmiss\u00e3o de forma proporcional ao seu potencial comercial, n\u00e3o havendo raz\u00e3o que justifique uma distribui\u00e7\u00e3o diversa em n\u00edvel estadual.<\/p>\n\n\n\n<p>Para um melhor entendimento sobre os valores oferecidos ao Flamengo pelos direitos de imagem no Campeonato Carioca, seguem alguns dados que, por si s\u00f3, esclarecem bem o que est\u00e1 ocorrendo.&nbsp;<\/p>\n\n\n\n<p><strong>TORCIDA <\/strong>&#8211; A torcida do Flamengo, em pesquisa publicada recentemente, representa 21,8% da popula\u00e7\u00e3o brasileira. Os outros tr\u00eas grandes times cariocas (Vasco, Botafogo e Fluminense) somados, representam 6,6% . Isto d\u00e1 ao Flamengo uma participa\u00e7\u00e3o de 76% do total de torcedores quando colocamos lado a lado os quatro grandes clubes do Rio.<\/p>\n\n\n\n<p><strong>PAY-PER-VIEW <\/strong>&#8211; A participa\u00e7\u00e3o do Flamengo sempre representou 20% do mercado nacional e 60% do mercado carioca. Nos \u00faltimos dois anos, em contrato fechado diretamente pelos clubes cariocas com as distribuidoras de TV paga, mostrou-se um n\u00famero ainda mais expressivo:\u00a0 63% do total para o Flamengo, restando 37% para Botafogo, Fluminense e Vasco.<\/p>\n\n\n\n<p><strong>REDES SOCIAIS <\/strong>&#8211; O n\u00famero de seguidores do Flamengo em suas redes sociais j\u00e1 ultrapassa hoje 50 milh\u00f5es contra pouco mais de 20 milh\u00f5es dos demais tr\u00eas grandes clubes do Rio somados. Ou seja, uma participa\u00e7\u00e3o de 70% do total.<\/p>\n\n\n\n<p>Os percentuais apresentados acima comprovam a enorme capacidade de gera\u00e7\u00e3o de receitas para as empresas de m\u00eddia que estar\u00e3o negociando com a Brax, empresa contratada para realizar o planejamento comercial do campeonato. S\u00e3o n\u00fameros que est\u00e3o sendo levados em conta na hora da proposta comercial a ser feita pela Brax para o Campeonato Carioca.<\/p>\n\n\n\n<p>Apesar de termos todos os percentuais de potencial comercial acima de 60%, a diretoria do Flamengo, de forma inclusiva e com a preocupa\u00e7\u00e3o em proporcionar melhores condi\u00e7\u00f5es financeiras a todos os clubes participantes do Campeonato Carioca, aceitou a proposta feita pela Brax e estar\u00e1 recebendo um montante correspondente a 42% do designado pela empresa para pagamento m\u00ednimo aos quatro clubes grandes.&nbsp;<\/p>\n\n\n\n<p>Vale apenas registrar que este valor proposto e aceito pela diretoria do Clube ainda ter\u00e1 sua aceita\u00e7\u00e3o subordinada a uma aprova\u00e7\u00e3o final pelo Conselho Deliberativo do Flamengo.<\/p>\n\n\n\n<p>A diretoria do Flamengo tem total consci\u00eancia da import\u00e2ncia do Clube no futebol brasileiro. Por isso, trabalha para que todo o ecossistema do futebol se desenvolva de forma justa e harm\u00f4nica, apoiando, sim, as iniciativas que fortale\u00e7am todos os clubes brasileiros, mas nunca deixando de considerar as diferen\u00e7as e o potencial comercial de cada agremia\u00e7\u00e3o.<\/p>\n\n\n\n<p>Retirado de: Globo Esporte<\/p>\n","protected":false},"excerpt":{"rendered":"<p>Botafogo, Fluminense e Vasco ainda n\u00e3o assinaram o contrato proposto pela Ferj referente aos direitos de transmiss\u00e3o do Campeonato Carioca. A maior fatia destinada ao Flamengo (R$ 20 milh\u00f5es contra R$ 9 milh\u00f5es dos outros tr\u00eas) \u00e9 o motivo da disc\u00f3rdia. Depois de notas oficiais de Vasco e Botafogo e entrevista de M\u00e1rio Bittencourt ao [&hellip;]<\/p>\n","protected":false},"author":1,"featured_media":64406,"comment_status":"open","ping_status":"closed","sticky":false,"template":"","format":"standard","meta":{"footnotes":""},"categories":[1],"tags":[],"class_list":["post-91628","post","type-post","status-publish","format-standard","has-post-thumbnail","hentry","category-flamengo"],"yoast_head":"<!-- This site is optimized with the Yoast SEO Premium plugin v24.2 (Yoast SEO v26.9) - https:\/\/yoast.com\/product\/yoast-seo-premium-wordpress\/ -->\n<title>Flamengo emite nota oficial<\/title>\n<meta name=\"description\" content=\"Depois de notas oficiais de Vasco e Botafogo e entrevista de M\u00e1rio Bittencourt ao Globo Esporte, o Flamengo se posicionou nesta ter\u00e7a.\" \/>\n<meta name=\"robots\" content=\"index, follow, max-snippet:-1, max-image-preview:large, max-video-preview:-1\" \/>\n<link rel=\"canonical\" href=\"https:\/\/www.gaveanews.com\/index.php\/2022\/12\/06\/flamengo-emite-nota-oficial\/\" \/>\n<meta property=\"og:locale\" content=\"pt_BR\" \/>\n<meta property=\"og:type\" content=\"article\" \/>\n<meta property=\"og:title\" content=\"Flamengo emite nota oficial\" \/>\n<meta property=\"og:description\" content=\"Depois de notas oficiais de Vasco e Botafogo e entrevista de M\u00e1rio Bittencourt ao Globo Esporte, o Flamengo se posicionou nesta ter\u00e7a.\" \/>\n<meta property=\"og:url\" content=\"https:\/\/www.gaveanews.com\/index.php\/2022\/12\/06\/flamengo-emite-nota-oficial\/\" \/>\n<meta property=\"og:site_name\" content=\"G\u00e1vea News\" \/>\n<meta property=\"article:publisher\" content=\"https:\/\/facebook.com\/gaveaNews\/\" \/>\n<meta property=\"article:published_time\" content=\"2022-12-06T18:03:36+00:00\" \/>\n<meta property=\"article:modified_time\" content=\"2022-12-06T18:03:39+00:00\" \/>\n<meta property=\"og:image\" content=\"https:\/\/www.gaveanews.com\/wp-content\/uploads\/Rodolfo-Landim-em-entrevista-coletiva-no-Ninho-do-Urubu.webp\" \/>\n\t<meta property=\"og:image:width\" content=\"799\" \/>\n\t<meta property=\"og:image:height\" content=\"532\" \/>\n\t<meta property=\"og:image:type\" content=\"image\/jpeg\" \/>\n<meta name=\"author\" content=\"Equipe G\u00e1vea News\" \/>\n<meta name=\"twitter:card\" content=\"summary_large_image\" \/>\n<meta name=\"twitter:label1\" content=\"Escrito por\" \/>\n\t<meta name=\"twitter:data1\" content=\"Equipe G\u00e1vea News\" \/>\n\t<meta name=\"twitter:label2\" content=\"Est. tempo de leitura\" \/>\n\t<meta name=\"twitter:data2\" content=\"4 minutos\" \/>\n<script type=\"application\/ld+json\" class=\"yoast-schema-graph\">{\"@context\":\"https:\/\/schema.org\",\"@graph\":[{\"@type\":\"NewsArticle\",\"@id\":\"https:\/\/www.gaveanews.com\/index.php\/2022\/12\/06\/flamengo-emite-nota-oficial\/#article\",\"isPartOf\":{\"@id\":\"https:\/\/www.gaveanews.com\/index.php\/2022\/12\/06\/flamengo-emite-nota-oficial\/\"},\"author\":{\"name\":\"Equipe G\u00e1vea News\",\"@id\":\"https:\/\/www.gaveanews.com\/#\/schema\/person\/2ec14f73fb96be2caf28f91afb14749d\"},\"headline\":\"Flamengo emite nota oficial\",\"datePublished\":\"2022-12-06T18:03:36+00:00\",\"dateModified\":\"2022-12-06T18:03:39+00:00\",\"mainEntityOfPage\":{\"@id\":\"https:\/\/www.gaveanews.com\/index.php\/2022\/12\/06\/flamengo-emite-nota-oficial\/\"},\"wordCount\":737,\"commentCount\":0,\"image\":{\"@id\":\"https:\/\/www.gaveanews.com\/index.php\/2022\/12\/06\/flamengo-emite-nota-oficial\/#primaryimage\"},\"thumbnailUrl\":\"https:\/\/www.gaveanews.com\/wp-content\/uploads\/Rodolfo-Landim-em-entrevista-coletiva-no-Ninho-do-Urubu.webp\",\"articleSection\":[\"Flamengo\"],\"inLanguage\":\"pt-BR\",\"potentialAction\":[{\"@type\":\"CommentAction\",\"name\":\"Comment\",\"target\":[\"https:\/\/www.gaveanews.com\/index.php\/2022\/12\/06\/flamengo-emite-nota-oficial\/#respond\"]}],\"copyrightYear\":\"2022\",\"copyrightHolder\":{\"@id\":\"https:\/\/www.gaveanews.com\/#organization\"}},{\"@type\":\"WebPage\",\"@id\":\"https:\/\/www.gaveanews.com\/index.php\/2022\/12\/06\/flamengo-emite-nota-oficial\/\",\"url\":\"https:\/\/www.gaveanews.com\/index.php\/2022\/12\/06\/flamengo-emite-nota-oficial\/\",\"name\":\"Flamengo emite nota oficial\",\"isPartOf\":{\"@id\":\"https:\/\/www.gaveanews.com\/#website\"},\"primaryImageOfPage\":{\"@id\":\"https:\/\/www.gaveanews.com\/index.php\/2022\/12\/06\/flamengo-emite-nota-oficial\/#primaryimage\"},\"image\":{\"@id\":\"https:\/\/www.gaveanews.com\/index.php\/2022\/12\/06\/flamengo-emite-nota-oficial\/#primaryimage\"},\"thumbnailUrl\":\"https:\/\/www.gaveanews.com\/wp-content\/uploads\/Rodolfo-Landim-em-entrevista-coletiva-no-Ninho-do-Urubu.webp\",\"datePublished\":\"2022-12-06T18:03:36+00:00\",\"dateModified\":\"2022-12-06T18:03:39+00:00\",\"author\":{\"@id\":\"https:\/\/www.gaveanews.com\/#\/schema\/person\/2ec14f73fb96be2caf28f91afb14749d\"},\"description\":\"Depois de notas oficiais de Vasco e Botafogo e entrevista de M\u00e1rio Bittencourt ao Globo Esporte, o Flamengo se posicionou nesta ter\u00e7a.\",\"breadcrumb\":{\"@id\":\"https:\/\/www.gaveanews.com\/index.php\/2022\/12\/06\/flamengo-emite-nota-oficial\/#breadcrumb\"},\"inLanguage\":\"pt-BR\",\"potentialAction\":[{\"@type\":\"ReadAction\",\"target\":[\"https:\/\/www.gaveanews.com\/index.php\/2022\/12\/06\/flamengo-emite-nota-oficial\/\"]}]},{\"@type\":\"ImageObject\",\"inLanguage\":\"pt-BR\",\"@id\":\"https:\/\/www.gaveanews.com\/index.php\/2022\/12\/06\/flamengo-emite-nota-oficial\/#primaryimage\",\"url\":\"https:\/\/www.gaveanews.com\/wp-content\/uploads\/Rodolfo-Landim-em-entrevista-coletiva-no-Ninho-do-Urubu.webp\",\"contentUrl\":\"https:\/\/www.gaveanews.com\/wp-content\/uploads\/Rodolfo-Landim-em-entrevista-coletiva-no-Ninho-do-Urubu.webp\",\"width\":799,\"height\":532,\"caption\":\"Rodolfo Landim em entrevista coletiva no Ninho do Urubu (Foto: Alexandre Vidal\/Flamengo)\"},{\"@type\":\"BreadcrumbList\",\"@id\":\"https:\/\/www.gaveanews.com\/index.php\/2022\/12\/06\/flamengo-emite-nota-oficial\/#breadcrumb\",\"itemListElement\":[{\"@type\":\"ListItem\",\"position\":1,\"name\":\"Home\",\"item\":\"https:\/\/www.gaveanews.com\/\"},{\"@type\":\"ListItem\",\"position\":2,\"name\":\"Flamengo emite nota oficial\"}]},{\"@type\":\"WebSite\",\"@id\":\"https:\/\/www.gaveanews.com\/#website\",\"url\":\"https:\/\/www.gaveanews.com\/\",\"name\":\"G\u00e1vea News\",\"description\":\"Veja todas as not\u00edcias sobre o Flamengo: Contrata\u00e7\u00f5es, categorias de base, resultados das partidas, tabela de classifica\u00e7\u00e3o, pr\u00f3ximos jogos!\",\"potentialAction\":[{\"@type\":\"SearchAction\",\"target\":{\"@type\":\"EntryPoint\",\"urlTemplate\":\"https:\/\/www.gaveanews.com\/?s={search_term_string}\"},\"query-input\":{\"@type\":\"PropertyValueSpecification\",\"valueRequired\":true,\"valueName\":\"search_term_string\"}}],\"inLanguage\":\"pt-BR\"},{\"@type\":\"Person\",\"@id\":\"https:\/\/www.gaveanews.com\/#\/schema\/person\/2ec14f73fb96be2caf28f91afb14749d\",\"name\":\"Equipe G\u00e1vea News\",\"image\":{\"@type\":\"ImageObject\",\"inLanguage\":\"pt-BR\",\"@id\":\"https:\/\/www.gaveanews.com\/#\/schema\/person\/image\/\",\"url\":\"https:\/\/secure.gravatar.com\/avatar\/1e1956f1facbffd3f8fa53a326721950116b3b9dc9bd44939c01180fd4a745a9?s=96&d=mm&r=g\",\"contentUrl\":\"https:\/\/secure.gravatar.com\/avatar\/1e1956f1facbffd3f8fa53a326721950116b3b9dc9bd44939c01180fd4a745a9?s=96&d=mm&r=g\",\"caption\":\"Equipe G\u00e1vea News\"}}]}<\/script>\n<!-- \/ Yoast SEO Premium plugin. -->","yoast_head_json":{"title":"Flamengo emite nota oficial","description":"Depois de notas oficiais de Vasco e Botafogo e entrevista de M\u00e1rio Bittencourt ao Globo Esporte, o Flamengo se posicionou nesta ter\u00e7a.","robots":{"index":"index","follow":"follow","max-snippet":"max-snippet:-1","max-image-preview":"max-image-preview:large","max-video-preview":"max-video-preview:-1"},"canonical":"https:\/\/www.gaveanews.com\/index.php\/2022\/12\/06\/flamengo-emite-nota-oficial\/","og_locale":"pt_BR","og_type":"article","og_title":"Flamengo emite nota oficial","og_description":"Depois de notas oficiais de Vasco e Botafogo e entrevista de M\u00e1rio Bittencourt ao Globo Esporte, o Flamengo se posicionou nesta ter\u00e7a.","og_url":"https:\/\/www.gaveanews.com\/index.php\/2022\/12\/06\/flamengo-emite-nota-oficial\/","og_site_name":"G\u00e1vea News","article_publisher":"https:\/\/facebook.com\/gaveaNews\/","article_published_time":"2022-12-06T18:03:36+00:00","article_modified_time":"2022-12-06T18:03:39+00:00","og_image":[{"width":799,"height":532,"url":"https:\/\/www.gaveanews.com\/wp-content\/uploads\/Rodolfo-Landim-em-entrevista-coletiva-no-Ninho-do-Urubu.webp","type":"image\/jpeg"}],"author":"Equipe G\u00e1vea News","twitter_card":"summary_large_image","twitter_misc":{"Escrito por":"Equipe G\u00e1vea News","Est. tempo de leitura":"4 minutos"},"schema":{"@context":"https:\/\/schema.org","@graph":[{"@type":"NewsArticle","@id":"https:\/\/www.gaveanews.com\/index.php\/2022\/12\/06\/flamengo-emite-nota-oficial\/#article","isPartOf":{"@id":"https:\/\/www.gaveanews.com\/index.php\/2022\/12\/06\/flamengo-emite-nota-oficial\/"},"author":{"name":"Equipe G\u00e1vea News","@id":"https:\/\/www.gaveanews.com\/#\/schema\/person\/2ec14f73fb96be2caf28f91afb14749d"},"headline":"Flamengo emite nota oficial","datePublished":"2022-12-06T18:03:36+00:00","dateModified":"2022-12-06T18:03:39+00:00","mainEntityOfPage":{"@id":"https:\/\/www.gaveanews.com\/index.php\/2022\/12\/06\/flamengo-emite-nota-oficial\/"},"wordCount":737,"commentCount":0,"image":{"@id":"https:\/\/www.gaveanews.com\/index.php\/2022\/12\/06\/flamengo-emite-nota-oficial\/#primaryimage"},"thumbnailUrl":"https:\/\/www.gaveanews.com\/wp-content\/uploads\/Rodolfo-Landim-em-entrevista-coletiva-no-Ninho-do-Urubu.webp","articleSection":["Flamengo"],"inLanguage":"pt-BR","potentialAction":[{"@type":"CommentAction","name":"Comment","target":["https:\/\/www.gaveanews.com\/index.php\/2022\/12\/06\/flamengo-emite-nota-oficial\/#respond"]}],"copyrightYear":"2022","copyrightHolder":{"@id":"https:\/\/www.gaveanews.com\/#organization"}},{"@type":"WebPage","@id":"https:\/\/www.gaveanews.com\/index.php\/2022\/12\/06\/flamengo-emite-nota-oficial\/","url":"https:\/\/www.gaveanews.com\/index.php\/2022\/12\/06\/flamengo-emite-nota-oficial\/","name":"Flamengo emite nota oficial","isPartOf":{"@id":"https:\/\/www.gaveanews.com\/#website"},"primaryImageOfPage":{"@id":"https:\/\/www.gaveanews.com\/index.php\/2022\/12\/06\/flamengo-emite-nota-oficial\/#primaryimage"},"image":{"@id":"https:\/\/www.gaveanews.com\/index.php\/2022\/12\/06\/flamengo-emite-nota-oficial\/#primaryimage"},"thumbnailUrl":"https:\/\/www.gaveanews.com\/wp-content\/uploads\/Rodolfo-Landim-em-entrevista-coletiva-no-Ninho-do-Urubu.webp","datePublished":"2022-12-06T18:03:36+00:00","dateModified":"2022-12-06T18:03:39+00:00","author":{"@id":"https:\/\/www.gaveanews.com\/#\/schema\/person\/2ec14f73fb96be2caf28f91afb14749d"},"description":"Depois de notas oficiais de Vasco e Botafogo e entrevista de M\u00e1rio Bittencourt ao Globo Esporte, o Flamengo se posicionou nesta ter\u00e7a.","breadcrumb":{"@id":"https:\/\/www.gaveanews.com\/index.php\/2022\/12\/06\/flamengo-emite-nota-oficial\/#breadcrumb"},"inLanguage":"pt-BR","potentialAction":[{"@type":"ReadAction","target":["https:\/\/www.gaveanews.com\/index.php\/2022\/12\/06\/flamengo-emite-nota-oficial\/"]}]},{"@type":"ImageObject","inLanguage":"pt-BR","@id":"https:\/\/www.gaveanews.com\/index.php\/2022\/12\/06\/flamengo-emite-nota-oficial\/#primaryimage","url":"https:\/\/www.gaveanews.com\/wp-content\/uploads\/Rodolfo-Landim-em-entrevista-coletiva-no-Ninho-do-Urubu.webp","contentUrl":"https:\/\/www.gaveanews.com\/wp-content\/uploads\/Rodolfo-Landim-em-entrevista-coletiva-no-Ninho-do-Urubu.webp","width":799,"height":532,"caption":"Rodolfo Landim em entrevista coletiva no Ninho do Urubu (Foto: Alexandre Vidal\/Flamengo)"},{"@type":"BreadcrumbList","@id":"https:\/\/www.gaveanews.com\/index.php\/2022\/12\/06\/flamengo-emite-nota-oficial\/#breadcrumb","itemListElement":[{"@type":"ListItem","position":1,"name":"Home","item":"https:\/\/www.gaveanews.com\/"},{"@type":"ListItem","position":2,"name":"Flamengo emite nota oficial"}]},{"@type":"WebSite","@id":"https:\/\/www.gaveanews.com\/#website","url":"https:\/\/www.gaveanews.com\/","name":"G\u00e1vea News","description":"Veja todas as not\u00edcias sobre o Flamengo: Contrata\u00e7\u00f5es, categorias de base, resultados das partidas, tabela de classifica\u00e7\u00e3o, pr\u00f3ximos jogos!","potentialAction":[{"@type":"SearchAction","target":{"@type":"EntryPoint","urlTemplate":"https:\/\/www.gaveanews.com\/?s={search_term_string}"},"query-input":{"@type":"PropertyValueSpecification","valueRequired":true,"valueName":"search_term_string"}}],"inLanguage":"pt-BR"},{"@type":"Person","@id":"https:\/\/www.gaveanews.com\/#\/schema\/person\/2ec14f73fb96be2caf28f91afb14749d","name":"Equipe G\u00e1vea News","image":{"@type":"ImageObject","inLanguage":"pt-BR","@id":"https:\/\/www.gaveanews.com\/#\/schema\/person\/image\/","url":"https:\/\/secure.gravatar.com\/avatar\/1e1956f1facbffd3f8fa53a326721950116b3b9dc9bd44939c01180fd4a745a9?s=96&d=mm&r=g","contentUrl":"https:\/\/secure.gravatar.com\/avatar\/1e1956f1facbffd3f8fa53a326721950116b3b9dc9bd44939c01180fd4a745a9?s=96&d=mm&r=g","caption":"Equipe G\u00e1vea News"}}]}},"_links":{"self":[{"href":"https:\/\/www.gaveanews.com\/index.php\/wp-json\/wp\/v2\/posts\/91628","targetHints":{"allow":["GET"]}}],"collection":[{"href":"https:\/\/www.gaveanews.com\/index.php\/wp-json\/wp\/v2\/posts"}],"about":[{"href":"https:\/\/www.gaveanews.com\/index.php\/wp-json\/wp\/v2\/types\/post"}],"author":[{"embeddable":true,"href":"https:\/\/www.gaveanews.com\/index.php\/wp-json\/wp\/v2\/users\/1"}],"replies":[{"embeddable":true,"href":"https:\/\/www.gaveanews.com\/index.php\/wp-json\/wp\/v2\/comments?post=91628"}],"version-history":[{"count":0,"href":"https:\/\/www.gaveanews.com\/index.php\/wp-json\/wp\/v2\/posts\/91628\/revisions"}],"wp:featuredmedia":[{"embeddable":true,"href":"https:\/\/www.gaveanews.com\/index.php\/wp-json\/wp\/v2\/media\/64406"}],"wp:attachment":[{"href":"https:\/\/www.gaveanews.com\/index.php\/wp-json\/wp\/v2\/media?parent=91628"}],"wp:term":[{"taxonomy":"category","embeddable":true,"href":"https:\/\/www.gaveanews.com\/index.php\/wp-json\/wp\/v2\/categories?post=91628"},{"taxonomy":"post_tag","embeddable":true,"href":"https:\/\/www.gaveanews.com\/index.php\/wp-json\/wp\/v2\/tags?post=91628"}],"curies":[{"name":"wp","href":"https:\/\/api.w.org\/{rel}","templated":true}]}}