{"id":91635,"date":"2022-12-06T18:04:22","date_gmt":"2022-12-06T21:04:22","guid":{"rendered":"https:\/\/www.gaveanews.com\/?p=91635"},"modified":"2022-12-06T18:04:26","modified_gmt":"2022-12-06T21:04:26","slug":"pedro-do-flamengo-e-destaque-em-jornal-da-espanha","status":"publish","type":"post","link":"https:\/\/www.gaveanews.com\/index.php\/2022\/12\/06\/pedro-do-flamengo-e-destaque-em-jornal-da-espanha\/","title":{"rendered":"Pedro, do Flamengo, \u00e9 destaque em jornal da Espanha"},"content":{"rendered":"\n<p>Na \u00faltima sexta-feira (2), a sele\u00e7\u00e3o brasileira perdeu por 1 a 0 para Camar\u00f5es, no Est\u00e1dio Lusail, e sofreu a sua primeira e \u00fanica derrota na Copa do Mundo do Qatar at\u00e9 o momento. Apesar do rev\u00e9s, a data foi especial para o atacante Pedro, do Flamengo, que entrou no segundo tempo da partida e fez sua estreia em Mundiais.<\/p>\n\n\n\n<p>E o atacante rubro-negro ganhou destaque na imprensa espanhola, que em publica\u00e7\u00e3o neste domingo (4) fez uma esp\u00e9cie de linha do tempo da trajet\u00f3ria do jogador de 25 anos, que antes de chegar ao \u00e1pice da carreira, tendo a chance de disputar uma Copa do Mundo, viveu v\u00e1rios outros momentos. Alguns inclusive com ares de drama.<\/p>\n\n\n\n<p>Convocado pela primeira vez por Tite em 2018, quando ainda estava despontando com a camisa do Fluminense, Pedro foi do &#8220;c\u00e9u ao inferno&#8221; em pouco tempo. Isso porque o atacante rompeu o ligamento cruzado anterior do joelho e, al\u00e9m de ter sido desconvocado, viu uma poss\u00edvel transfer\u00eancia para o Real Madrid ir por \u00e1gua abaixo, uma vez que a les\u00e3o o tirou dos gramados por um longo per\u00edodo.<\/p>\n\n\n\n<p><em>\u2014 Quatro anos atr\u00e1s, parecia que iria devorar o planeta do futebol com seus gols. Ele estava no auge com apenas 21 anos. E era um forte candidato no Real Madrid. Na verdade, havia negocia\u00e7\u00f5es em andamento para chegar ao Santiago Bernab\u00e9u. Tudo estava no caminho certo\u2026 Cheiro de &#8216;9&#8217; nascido. Mas o joelho estava lesionado. No pior momento poss\u00edvel. Mais de seis meses de convalescen\u00e7a. Ele machucou o joelho\u2026 e seu grande sonho<\/em>, lembrou o ve\u00edculo.<\/p>\n\n\n\n<p>No ano seguinte, o Tricolor o negociou com a Fiorentina, e Pedro viveu a sua primeira experi\u00eancia na Europa. Ela, por\u00e9m, n\u00e3o foi como pensava. Foram apenas 4 jogos disputados e nenhum gol marcado. A volta por cima, por\u00e9m, veio em 2020, com a volta ao Brasil, para jogar pelo Flamengo.<\/p>\n\n\n\n<p>No in\u00edcio, n\u00e3o foi titular absoluto, uma vez que tinha a forte concorr\u00eancia de Gabigol no ataque rubro-negro, mas aos poucos foi ganhando o devido destaque. E depois de ser campe\u00e3o de t\u00edtulos importantes pelo clube carioca como &#8220;coadjuvante&#8221;, como o Brasileir\u00e3o de 2020, passou a ter mais espa\u00e7o no time e, dois anos mais tarde, ap\u00f3s as conquistas da Copa do Brasil e Conmebol Libertadores como protagonista, ganhou a confian\u00e7a de Tite para estar no Qatar.<\/p>\n\n\n\n<p>O Marca ainda citou a concorr\u00eancia com o pr\u00f3prio Gabigol para estar na Copa do Mundo, al\u00e9m de outros atacantes renomados, como Roberto Firmino, do Liverpool, e avaliou a sua convoca\u00e7\u00e3o como um &#8220;pr\u00eamio justo&#8221; a Pedro.<\/p>\n\n\n\n<p><em>\u2014 O grande momento de Pedro, no individual e no coletivo, serviu para ele conquistar a vaga entre jogadores bem mais consolidados, como Gabriel Barbosa; Roberto Firmino, do Liverpool; ou Matheus Cunha, do Atl\u00e9tico de Madrid<\/em>, escreveu.<\/p>\n\n\n\n<p><em>\u2014 Pedro, finalmente, pode dizer que j\u00e1 participou de uma Copa do Mundo. Entrou na terceira partida com o Brasil j\u00e1 classificado. Segundo tempo e Tite deu a ele o pr\u00eamio. Com o Brasil &#8216;B&#8217;\u2026 mas um pr\u00eamio no final. Conseguiu jogar a reta final frente \u00e0 sele\u00e7\u00e3o africana, mas desta forma fecha um ciclo. Foi capaz de se endireitar at\u00e9 este ponto<\/em>, finalizou.<\/p>\n\n\n\n<p>Retirado de: ESPN<\/p>\n","protected":false},"excerpt":{"rendered":"<p>Na \u00faltima sexta-feira (2), a sele\u00e7\u00e3o brasileira perdeu por 1 a 0 para Camar\u00f5es, no Est\u00e1dio Lusail, e sofreu a sua primeira e \u00fanica derrota na Copa do Mundo do Qatar at\u00e9 o momento. Apesar do rev\u00e9s, a data foi especial para o atacante Pedro, do Flamengo, que entrou no segundo tempo da partida e [&hellip;]<\/p>\n","protected":false},"author":1,"featured_media":91119,"comment_status":"open","ping_status":"closed","sticky":false,"template":"","format":"standard","meta":{"footnotes":""},"categories":[1],"tags":[],"class_list":["post-91635","post","type-post","status-publish","format-standard","has-post-thumbnail","hentry","category-flamengo"],"yoast_head":"<!-- This site is optimized with the Yoast SEO Premium plugin v24.2 (Yoast SEO v26.9) - https:\/\/yoast.com\/product\/yoast-seo-premium-wordpress\/ -->\n<title>Pedro, do Flamengo, \u00e9 destaque em jornal da Espanha<\/title>\n<meta name=\"robots\" content=\"index, follow, max-snippet:-1, max-image-preview:large, max-video-preview:-1\" \/>\n<link rel=\"canonical\" href=\"https:\/\/www.gaveanews.com\/index.php\/2022\/12\/06\/pedro-do-flamengo-e-destaque-em-jornal-da-espanha\/\" \/>\n<meta property=\"og:locale\" content=\"pt_BR\" \/>\n<meta property=\"og:type\" content=\"article\" \/>\n<meta property=\"og:title\" content=\"Pedro, do Flamengo, \u00e9 destaque em jornal da Espanha\" \/>\n<meta property=\"og:description\" content=\"Na \u00faltima sexta-feira (2), a sele\u00e7\u00e3o brasileira perdeu por 1 a 0 para Camar\u00f5es, no Est\u00e1dio Lusail, e sofreu a sua primeira e \u00fanica derrota na Copa do Mundo do Qatar at\u00e9 o momento. Apesar do rev\u00e9s, a data foi especial para o atacante Pedro, do Flamengo, que entrou no segundo tempo da partida e [&hellip;]\" \/>\n<meta property=\"og:url\" content=\"https:\/\/www.gaveanews.com\/index.php\/2022\/12\/06\/pedro-do-flamengo-e-destaque-em-jornal-da-espanha\/\" \/>\n<meta property=\"og:site_name\" content=\"G\u00e1vea News\" \/>\n<meta property=\"article:publisher\" content=\"https:\/\/facebook.com\/gaveaNews\/\" \/>\n<meta property=\"article:published_time\" content=\"2022-12-06T21:04:22+00:00\" \/>\n<meta property=\"article:modified_time\" content=\"2022-12-06T21:04:26+00:00\" \/>\n<meta property=\"og:image\" content=\"https:\/\/www.gaveanews.com\/wp-content\/uploads\/pedro-everton-ribeiro-flamengo-selecao-brasileira.webp\" \/>\n\t<meta property=\"og:image:width\" content=\"640\" \/>\n\t<meta property=\"og:image:height\" content=\"400\" \/>\n\t<meta property=\"og:image:type\" content=\"image\/webp\" \/>\n<meta name=\"author\" content=\"Equipe G\u00e1vea News\" \/>\n<meta name=\"twitter:card\" content=\"summary_large_image\" \/>\n<meta name=\"twitter:label1\" content=\"Escrito por\" \/>\n\t<meta name=\"twitter:data1\" content=\"Equipe G\u00e1vea News\" \/>\n\t<meta name=\"twitter:label2\" content=\"Est. tempo de leitura\" \/>\n\t<meta name=\"twitter:data2\" content=\"3 minutos\" \/>\n<script type=\"application\/ld+json\" class=\"yoast-schema-graph\">{\"@context\":\"https:\/\/schema.org\",\"@graph\":[{\"@type\":\"NewsArticle\",\"@id\":\"https:\/\/www.gaveanews.com\/index.php\/2022\/12\/06\/pedro-do-flamengo-e-destaque-em-jornal-da-espanha\/#article\",\"isPartOf\":{\"@id\":\"https:\/\/www.gaveanews.com\/index.php\/2022\/12\/06\/pedro-do-flamengo-e-destaque-em-jornal-da-espanha\/\"},\"author\":{\"name\":\"Equipe G\u00e1vea News\",\"@id\":\"https:\/\/www.gaveanews.com\/#\/schema\/person\/2ec14f73fb96be2caf28f91afb14749d\"},\"headline\":\"Pedro, do Flamengo, \u00e9 destaque em jornal da Espanha\",\"datePublished\":\"2022-12-06T21:04:22+00:00\",\"dateModified\":\"2022-12-06T21:04:26+00:00\",\"mainEntityOfPage\":{\"@id\":\"https:\/\/www.gaveanews.com\/index.php\/2022\/12\/06\/pedro-do-flamengo-e-destaque-em-jornal-da-espanha\/\"},\"wordCount\":565,\"commentCount\":0,\"image\":{\"@id\":\"https:\/\/www.gaveanews.com\/index.php\/2022\/12\/06\/pedro-do-flamengo-e-destaque-em-jornal-da-espanha\/#primaryimage\"},\"thumbnailUrl\":\"https:\/\/www.gaveanews.com\/wp-content\/uploads\/pedro-everton-ribeiro-flamengo-selecao-brasileira.webp\",\"articleSection\":[\"Flamengo\"],\"inLanguage\":\"pt-BR\",\"potentialAction\":[{\"@type\":\"CommentAction\",\"name\":\"Comment\",\"target\":[\"https:\/\/www.gaveanews.com\/index.php\/2022\/12\/06\/pedro-do-flamengo-e-destaque-em-jornal-da-espanha\/#respond\"]}],\"copyrightYear\":\"2022\",\"copyrightHolder\":{\"@id\":\"https:\/\/www.gaveanews.com\/#organization\"}},{\"@type\":\"WebPage\",\"@id\":\"https:\/\/www.gaveanews.com\/index.php\/2022\/12\/06\/pedro-do-flamengo-e-destaque-em-jornal-da-espanha\/\",\"url\":\"https:\/\/www.gaveanews.com\/index.php\/2022\/12\/06\/pedro-do-flamengo-e-destaque-em-jornal-da-espanha\/\",\"name\":\"Pedro, do Flamengo, \u00e9 destaque em jornal da Espanha\",\"isPartOf\":{\"@id\":\"https:\/\/www.gaveanews.com\/#website\"},\"primaryImageOfPage\":{\"@id\":\"https:\/\/www.gaveanews.com\/index.php\/2022\/12\/06\/pedro-do-flamengo-e-destaque-em-jornal-da-espanha\/#primaryimage\"},\"image\":{\"@id\":\"https:\/\/www.gaveanews.com\/index.php\/2022\/12\/06\/pedro-do-flamengo-e-destaque-em-jornal-da-espanha\/#primaryimage\"},\"thumbnailUrl\":\"https:\/\/www.gaveanews.com\/wp-content\/uploads\/pedro-everton-ribeiro-flamengo-selecao-brasileira.webp\",\"datePublished\":\"2022-12-06T21:04:22+00:00\",\"dateModified\":\"2022-12-06T21:04:26+00:00\",\"author\":{\"@id\":\"https:\/\/www.gaveanews.com\/#\/schema\/person\/2ec14f73fb96be2caf28f91afb14749d\"},\"breadcrumb\":{\"@id\":\"https:\/\/www.gaveanews.com\/index.php\/2022\/12\/06\/pedro-do-flamengo-e-destaque-em-jornal-da-espanha\/#breadcrumb\"},\"inLanguage\":\"pt-BR\",\"potentialAction\":[{\"@type\":\"ReadAction\",\"target\":[\"https:\/\/www.gaveanews.com\/index.php\/2022\/12\/06\/pedro-do-flamengo-e-destaque-em-jornal-da-espanha\/\"]}]},{\"@type\":\"ImageObject\",\"inLanguage\":\"pt-BR\",\"@id\":\"https:\/\/www.gaveanews.com\/index.php\/2022\/12\/06\/pedro-do-flamengo-e-destaque-em-jornal-da-espanha\/#primaryimage\",\"url\":\"https:\/\/www.gaveanews.com\/wp-content\/uploads\/pedro-everton-ribeiro-flamengo-selecao-brasileira.webp\",\"contentUrl\":\"https:\/\/www.gaveanews.com\/wp-content\/uploads\/pedro-everton-ribeiro-flamengo-selecao-brasileira.webp\",\"width\":640,\"height\":400,\"caption\":\"Pedro e Everton Ribeiro em treino da Sele\u00e7\u00e3o Brasileira (Foto: Lucas Figueiredo\/CBF)\"},{\"@type\":\"BreadcrumbList\",\"@id\":\"https:\/\/www.gaveanews.com\/index.php\/2022\/12\/06\/pedro-do-flamengo-e-destaque-em-jornal-da-espanha\/#breadcrumb\",\"itemListElement\":[{\"@type\":\"ListItem\",\"position\":1,\"name\":\"Home\",\"item\":\"https:\/\/www.gaveanews.com\/\"},{\"@type\":\"ListItem\",\"position\":2,\"name\":\"Pedro, do Flamengo, \u00e9 destaque em jornal da Espanha\"}]},{\"@type\":\"WebSite\",\"@id\":\"https:\/\/www.gaveanews.com\/#website\",\"url\":\"https:\/\/www.gaveanews.com\/\",\"name\":\"G\u00e1vea News\",\"description\":\"Veja todas as not\u00edcias sobre o Flamengo: Contrata\u00e7\u00f5es, categorias de base, resultados das partidas, tabela de classifica\u00e7\u00e3o, pr\u00f3ximos jogos!\",\"potentialAction\":[{\"@type\":\"SearchAction\",\"target\":{\"@type\":\"EntryPoint\",\"urlTemplate\":\"https:\/\/www.gaveanews.com\/?s={search_term_string}\"},\"query-input\":{\"@type\":\"PropertyValueSpecification\",\"valueRequired\":true,\"valueName\":\"search_term_string\"}}],\"inLanguage\":\"pt-BR\"},{\"@type\":\"Person\",\"@id\":\"https:\/\/www.gaveanews.com\/#\/schema\/person\/2ec14f73fb96be2caf28f91afb14749d\",\"name\":\"Equipe G\u00e1vea News\",\"image\":{\"@type\":\"ImageObject\",\"inLanguage\":\"pt-BR\",\"@id\":\"https:\/\/www.gaveanews.com\/#\/schema\/person\/image\/\",\"url\":\"https:\/\/secure.gravatar.com\/avatar\/1e1956f1facbffd3f8fa53a326721950116b3b9dc9bd44939c01180fd4a745a9?s=96&d=mm&r=g\",\"contentUrl\":\"https:\/\/secure.gravatar.com\/avatar\/1e1956f1facbffd3f8fa53a326721950116b3b9dc9bd44939c01180fd4a745a9?s=96&d=mm&r=g\",\"caption\":\"Equipe G\u00e1vea News\"}}]}<\/script>\n<!-- \/ Yoast SEO Premium plugin. -->","yoast_head_json":{"title":"Pedro, do Flamengo, \u00e9 destaque em jornal da Espanha","robots":{"index":"index","follow":"follow","max-snippet":"max-snippet:-1","max-image-preview":"max-image-preview:large","max-video-preview":"max-video-preview:-1"},"canonical":"https:\/\/www.gaveanews.com\/index.php\/2022\/12\/06\/pedro-do-flamengo-e-destaque-em-jornal-da-espanha\/","og_locale":"pt_BR","og_type":"article","og_title":"Pedro, do Flamengo, \u00e9 destaque em jornal da Espanha","og_description":"Na \u00faltima sexta-feira (2), a sele\u00e7\u00e3o brasileira perdeu por 1 a 0 para Camar\u00f5es, no Est\u00e1dio Lusail, e sofreu a sua primeira e \u00fanica derrota na Copa do Mundo do Qatar at\u00e9 o momento. Apesar do rev\u00e9s, a data foi especial para o atacante Pedro, do Flamengo, que entrou no segundo tempo da partida e [&hellip;]","og_url":"https:\/\/www.gaveanews.com\/index.php\/2022\/12\/06\/pedro-do-flamengo-e-destaque-em-jornal-da-espanha\/","og_site_name":"G\u00e1vea News","article_publisher":"https:\/\/facebook.com\/gaveaNews\/","article_published_time":"2022-12-06T21:04:22+00:00","article_modified_time":"2022-12-06T21:04:26+00:00","og_image":[{"width":640,"height":400,"url":"https:\/\/www.gaveanews.com\/wp-content\/uploads\/pedro-everton-ribeiro-flamengo-selecao-brasileira.webp","type":"image\/webp"}],"author":"Equipe G\u00e1vea News","twitter_card":"summary_large_image","twitter_misc":{"Escrito por":"Equipe G\u00e1vea News","Est. tempo de leitura":"3 minutos"},"schema":{"@context":"https:\/\/schema.org","@graph":[{"@type":"NewsArticle","@id":"https:\/\/www.gaveanews.com\/index.php\/2022\/12\/06\/pedro-do-flamengo-e-destaque-em-jornal-da-espanha\/#article","isPartOf":{"@id":"https:\/\/www.gaveanews.com\/index.php\/2022\/12\/06\/pedro-do-flamengo-e-destaque-em-jornal-da-espanha\/"},"author":{"name":"Equipe G\u00e1vea News","@id":"https:\/\/www.gaveanews.com\/#\/schema\/person\/2ec14f73fb96be2caf28f91afb14749d"},"headline":"Pedro, do Flamengo, \u00e9 destaque em jornal da Espanha","datePublished":"2022-12-06T21:04:22+00:00","dateModified":"2022-12-06T21:04:26+00:00","mainEntityOfPage":{"@id":"https:\/\/www.gaveanews.com\/index.php\/2022\/12\/06\/pedro-do-flamengo-e-destaque-em-jornal-da-espanha\/"},"wordCount":565,"commentCount":0,"image":{"@id":"https:\/\/www.gaveanews.com\/index.php\/2022\/12\/06\/pedro-do-flamengo-e-destaque-em-jornal-da-espanha\/#primaryimage"},"thumbnailUrl":"https:\/\/www.gaveanews.com\/wp-content\/uploads\/pedro-everton-ribeiro-flamengo-selecao-brasileira.webp","articleSection":["Flamengo"],"inLanguage":"pt-BR","potentialAction":[{"@type":"CommentAction","name":"Comment","target":["https:\/\/www.gaveanews.com\/index.php\/2022\/12\/06\/pedro-do-flamengo-e-destaque-em-jornal-da-espanha\/#respond"]}],"copyrightYear":"2022","copyrightHolder":{"@id":"https:\/\/www.gaveanews.com\/#organization"}},{"@type":"WebPage","@id":"https:\/\/www.gaveanews.com\/index.php\/2022\/12\/06\/pedro-do-flamengo-e-destaque-em-jornal-da-espanha\/","url":"https:\/\/www.gaveanews.com\/index.php\/2022\/12\/06\/pedro-do-flamengo-e-destaque-em-jornal-da-espanha\/","name":"Pedro, do Flamengo, \u00e9 destaque em jornal da Espanha","isPartOf":{"@id":"https:\/\/www.gaveanews.com\/#website"},"primaryImageOfPage":{"@id":"https:\/\/www.gaveanews.com\/index.php\/2022\/12\/06\/pedro-do-flamengo-e-destaque-em-jornal-da-espanha\/#primaryimage"},"image":{"@id":"https:\/\/www.gaveanews.com\/index.php\/2022\/12\/06\/pedro-do-flamengo-e-destaque-em-jornal-da-espanha\/#primaryimage"},"thumbnailUrl":"https:\/\/www.gaveanews.com\/wp-content\/uploads\/pedro-everton-ribeiro-flamengo-selecao-brasileira.webp","datePublished":"2022-12-06T21:04:22+00:00","dateModified":"2022-12-06T21:04:26+00:00","author":{"@id":"https:\/\/www.gaveanews.com\/#\/schema\/person\/2ec14f73fb96be2caf28f91afb14749d"},"breadcrumb":{"@id":"https:\/\/www.gaveanews.com\/index.php\/2022\/12\/06\/pedro-do-flamengo-e-destaque-em-jornal-da-espanha\/#breadcrumb"},"inLanguage":"pt-BR","potentialAction":[{"@type":"ReadAction","target":["https:\/\/www.gaveanews.com\/index.php\/2022\/12\/06\/pedro-do-flamengo-e-destaque-em-jornal-da-espanha\/"]}]},{"@type":"ImageObject","inLanguage":"pt-BR","@id":"https:\/\/www.gaveanews.com\/index.php\/2022\/12\/06\/pedro-do-flamengo-e-destaque-em-jornal-da-espanha\/#primaryimage","url":"https:\/\/www.gaveanews.com\/wp-content\/uploads\/pedro-everton-ribeiro-flamengo-selecao-brasileira.webp","contentUrl":"https:\/\/www.gaveanews.com\/wp-content\/uploads\/pedro-everton-ribeiro-flamengo-selecao-brasileira.webp","width":640,"height":400,"caption":"Pedro e Everton Ribeiro em treino da Sele\u00e7\u00e3o Brasileira (Foto: Lucas Figueiredo\/CBF)"},{"@type":"BreadcrumbList","@id":"https:\/\/www.gaveanews.com\/index.php\/2022\/12\/06\/pedro-do-flamengo-e-destaque-em-jornal-da-espanha\/#breadcrumb","itemListElement":[{"@type":"ListItem","position":1,"name":"Home","item":"https:\/\/www.gaveanews.com\/"},{"@type":"ListItem","position":2,"name":"Pedro, do Flamengo, \u00e9 destaque em jornal da Espanha"}]},{"@type":"WebSite","@id":"https:\/\/www.gaveanews.com\/#website","url":"https:\/\/www.gaveanews.com\/","name":"G\u00e1vea News","description":"Veja todas as not\u00edcias sobre o Flamengo: Contrata\u00e7\u00f5es, categorias de base, resultados das partidas, tabela de classifica\u00e7\u00e3o, pr\u00f3ximos jogos!","potentialAction":[{"@type":"SearchAction","target":{"@type":"EntryPoint","urlTemplate":"https:\/\/www.gaveanews.com\/?s={search_term_string}"},"query-input":{"@type":"PropertyValueSpecification","valueRequired":true,"valueName":"search_term_string"}}],"inLanguage":"pt-BR"},{"@type":"Person","@id":"https:\/\/www.gaveanews.com\/#\/schema\/person\/2ec14f73fb96be2caf28f91afb14749d","name":"Equipe G\u00e1vea News","image":{"@type":"ImageObject","inLanguage":"pt-BR","@id":"https:\/\/www.gaveanews.com\/#\/schema\/person\/image\/","url":"https:\/\/secure.gravatar.com\/avatar\/1e1956f1facbffd3f8fa53a326721950116b3b9dc9bd44939c01180fd4a745a9?s=96&d=mm&r=g","contentUrl":"https:\/\/secure.gravatar.com\/avatar\/1e1956f1facbffd3f8fa53a326721950116b3b9dc9bd44939c01180fd4a745a9?s=96&d=mm&r=g","caption":"Equipe G\u00e1vea News"}}]}},"_links":{"self":[{"href":"https:\/\/www.gaveanews.com\/index.php\/wp-json\/wp\/v2\/posts\/91635","targetHints":{"allow":["GET"]}}],"collection":[{"href":"https:\/\/www.gaveanews.com\/index.php\/wp-json\/wp\/v2\/posts"}],"about":[{"href":"https:\/\/www.gaveanews.com\/index.php\/wp-json\/wp\/v2\/types\/post"}],"author":[{"embeddable":true,"href":"https:\/\/www.gaveanews.com\/index.php\/wp-json\/wp\/v2\/users\/1"}],"replies":[{"embeddable":true,"href":"https:\/\/www.gaveanews.com\/index.php\/wp-json\/wp\/v2\/comments?post=91635"}],"version-history":[{"count":0,"href":"https:\/\/www.gaveanews.com\/index.php\/wp-json\/wp\/v2\/posts\/91635\/revisions"}],"wp:featuredmedia":[{"embeddable":true,"href":"https:\/\/www.gaveanews.com\/index.php\/wp-json\/wp\/v2\/media\/91119"}],"wp:attachment":[{"href":"https:\/\/www.gaveanews.com\/index.php\/wp-json\/wp\/v2\/media?parent=91635"}],"wp:term":[{"taxonomy":"category","embeddable":true,"href":"https:\/\/www.gaveanews.com\/index.php\/wp-json\/wp\/v2\/categories?post=91635"},{"taxonomy":"post_tag","embeddable":true,"href":"https:\/\/www.gaveanews.com\/index.php\/wp-json\/wp\/v2\/tags?post=91635"}],"curies":[{"name":"wp","href":"https:\/\/api.w.org\/{rel}","templated":true}]}}