{"id":91637,"date":"2022-12-06T18:05:53","date_gmt":"2022-12-06T21:05:53","guid":{"rendered":"https:\/\/www.gaveanews.com\/?p=91637"},"modified":"2022-12-06T18:05:56","modified_gmt":"2022-12-06T21:05:56","slug":"video-luva-de-pedreiro-desabafa-apos-ser-criticado-por-usar-camisa-do-flamengo","status":"publish","type":"post","link":"https:\/\/www.gaveanews.com\/index.php\/2022\/12\/06\/video-luva-de-pedreiro-desabafa-apos-ser-criticado-por-usar-camisa-do-flamengo\/","title":{"rendered":"V\u00eddeo: Luva de Pedreiro desabafa ap\u00f3s ser criticado por usar camisa do Flamengo"},"content":{"rendered":"\n<p>Um dos influenciadores mais famosos em todo o mundo, Luva de Pedreiro gerou uma grande pol\u00eamica no \u00faltimo domingo (4). Vasca\u00edno fan\u00e1tico, ele foi um dos convidados de um programa na TV Globo e apareceu com a camisa do Flamengo, o maior rival de seu time. Ap\u00f3s ser &#8220;bombardeado&#8221; de coment\u00e1rios nas redes sociais, o influenciador baiano explicou o motivo de vestir rubro-negro e desabafou.<\/p>\n\n\n\n<p>Em v\u00eddeos publicados na sua conta oficial no Twitter, Luva reafirmou que o Vasco da Gama \u00e9 o seu clube do cora\u00e7\u00e3o e disse que o fato de ter usado a camisa do Flamengo durante o programa tem rela\u00e7\u00e3o com a marca que patrocina o Rubro-Negro, da qual tamb\u00e9m \u00e9 um dos embaixadores.<\/p>\n\n\n\n<p><em>\u2014 Fala, minha tropa! Algumas pessoas est\u00e3o me criticando porque usei a camisa do Flamengo. Galera, eu sou do futebol, todo mundo sabe que eu uso todas as camisas de todos os times. Eu sou vasca\u00edno de cora\u00e7\u00e3o, meu time de cora\u00e7\u00e3o \u00e9 o Vasco, com toda a certeza. Vamos parar com esse neg\u00f3cio a\u00ed de viol\u00eancia porque o cara usa camisa de outro time e torce para outro. Eu sou brasileiro, todo mundo v\u00ea que eu fa\u00e7o v\u00eddeo com todas as camisas. Quem \u00e9 patrocinadora do Flamengo \u00e9 a Adidas, e eu sou embaixador da Adidas. Eu n\u00e3o posso usar camisa que meu patrocinador patrocina? Quem j\u00e1 viu um neg\u00f3cio desses? \u00c9 o meu trabalho, parceiro. Todo mundo v\u00ea que uso as camisas de todos os times, uso todas as camisas. Eu sou do Brasil, sou da torcida toda. Receba, gra\u00e7as a Deus<\/em>, come\u00e7ou por dizer.<\/p>\n\n\n\n<p><em>\u2014 Muito jogador fez hist\u00f3ria em time e foi para outro rival, e eu n\u00e3o posso usar a camisa de um time? Da minha marca que eu sou embaixador, a\u00ed \u00e9 emba\u00e7ado, n\u00e9? Seja o que Deus quiser. N\u00e3o falo de ningu\u00e9m, n\u00e3o fa\u00e7o mal a ningu\u00e9m, sou feliz sempre. Entrego a minha vida e minha m\u00e3o na m\u00e3o de Deus, j\u00e1 foi, parceiro. Receba h\u00e1 muito tempo<\/em>, concluiu.<\/p>\n\n\n\n<p>Quando esteve no Rio de Janeiro pela primeira vez, Luva fez uma visita em S\u00e3o Janu\u00e1rio e assistiu a um jogo do Vasco na S\u00e9rie B, sendo muito saudado pela torcida cruzmaltina.<\/p>\n\n\n\n<p><strong>Veja o desabafo de Luva de Pedreiro nas redes sociais:<\/strong><\/p>\n\n\n\n<figure class=\"wp-block-embed is-type-rich is-provider-twitter wp-block-embed-twitter\"><div class=\"wp-block-embed__wrapper\">\n<blockquote class=\"twitter-tweet\" data-width=\"550\" data-dnt=\"true\"><p lang=\"pt\" dir=\"ltr\">independente de tudo, amanh\u00e3 eu e minha tropa vamos bater mais um record mundial\u2764\ufe0f\ud83c\udde7\ud83c\uddf7 <a href=\"https:\/\/t.co\/0VYA2KoNlY\">pic.twitter.com\/0VYA2KoNlY<\/a><\/p>&mdash; RECEBA\ud83c\udde7\ud83c\uddf7 (@luvadepedreiro) <a href=\"https:\/\/twitter.com\/luvadepedreiro\/status\/1599562169288622083?ref_src=twsrc%5Etfw\">December 5, 2022<\/a><\/blockquote><script async src=\"https:\/\/platform.twitter.com\/widgets.js\" charset=\"utf-8\"><\/script>\n<\/div><\/figure>\n\n\n\n<figure class=\"wp-block-embed is-type-rich is-provider-twitter wp-block-embed-twitter\"><div class=\"wp-block-embed__wrapper\">\n<blockquote class=\"twitter-tweet\" data-width=\"550\" data-dnt=\"true\"><p lang=\"zxx\" dir=\"ltr\"><a href=\"https:\/\/t.co\/Uqes1VOYlB\">pic.twitter.com\/Uqes1VOYlB<\/a><\/p>&mdash; RECEBA\ud83c\udde7\ud83c\uddf7 (@luvadepedreiro) <a href=\"https:\/\/twitter.com\/luvadepedreiro\/status\/1599569499283259393?ref_src=twsrc%5Etfw\">December 5, 2022<\/a><\/blockquote><script async src=\"https:\/\/platform.twitter.com\/widgets.js\" charset=\"utf-8\"><\/script>\n<\/div><\/figure>\n\n\n\n<p>Retirado de: ESPN<\/p>\n","protected":false},"excerpt":{"rendered":"<p>Um dos influenciadores mais famosos em todo o mundo, Luva de Pedreiro gerou uma grande pol\u00eamica no \u00faltimo domingo (4). Vasca\u00edno fan\u00e1tico, ele foi um dos convidados de um programa na TV Globo e apareceu com a camisa do Flamengo, o maior rival de seu time. Ap\u00f3s ser &#8220;bombardeado&#8221; de coment\u00e1rios nas redes sociais, o [&hellip;]<\/p>\n","protected":false},"author":1,"featured_media":91569,"comment_status":"open","ping_status":"closed","sticky":false,"template":"","format":"standard","meta":{"footnotes":""},"categories":[1],"tags":[],"class_list":["post-91637","post","type-post","status-publish","format-standard","has-post-thumbnail","hentry","category-flamengo"],"yoast_head":"<!-- This site is optimized with the Yoast SEO Premium plugin v24.2 (Yoast SEO v26.9) - https:\/\/yoast.com\/product\/yoast-seo-premium-wordpress\/ -->\n<title>V\u00eddeo: Luva de Pedreiro desabafa ap\u00f3s ser criticado por usar camisa do Flamengo<\/title>\n<meta name=\"robots\" content=\"index, follow, max-snippet:-1, max-image-preview:large, max-video-preview:-1\" \/>\n<link rel=\"canonical\" href=\"https:\/\/www.gaveanews.com\/index.php\/2022\/12\/06\/video-luva-de-pedreiro-desabafa-apos-ser-criticado-por-usar-camisa-do-flamengo\/\" \/>\n<meta property=\"og:locale\" content=\"pt_BR\" \/>\n<meta property=\"og:type\" content=\"article\" \/>\n<meta property=\"og:title\" content=\"V\u00eddeo: Luva de Pedreiro desabafa ap\u00f3s ser criticado por usar camisa do Flamengo\" \/>\n<meta property=\"og:description\" content=\"Um dos influenciadores mais famosos em todo o mundo, Luva de Pedreiro gerou uma grande pol\u00eamica no \u00faltimo domingo (4). Vasca\u00edno fan\u00e1tico, ele foi um dos convidados de um programa na TV Globo e apareceu com a camisa do Flamengo, o maior rival de seu time. Ap\u00f3s ser &#8220;bombardeado&#8221; de coment\u00e1rios nas redes sociais, o [&hellip;]\" \/>\n<meta property=\"og:url\" content=\"https:\/\/www.gaveanews.com\/index.php\/2022\/12\/06\/video-luva-de-pedreiro-desabafa-apos-ser-criticado-por-usar-camisa-do-flamengo\/\" \/>\n<meta property=\"og:site_name\" content=\"G\u00e1vea News\" \/>\n<meta property=\"article:publisher\" content=\"https:\/\/facebook.com\/gaveaNews\/\" \/>\n<meta property=\"article:published_time\" content=\"2022-12-06T21:05:53+00:00\" \/>\n<meta property=\"article:modified_time\" content=\"2022-12-06T21:05:56+00:00\" \/>\n<meta property=\"og:image\" content=\"https:\/\/www.gaveanews.com\/wp-content\/uploads\/flamengo-luva-de-pedreior.webp\" \/>\n\t<meta property=\"og:image:width\" content=\"819\" \/>\n\t<meta property=\"og:image:height\" content=\"461\" \/>\n\t<meta property=\"og:image:type\" content=\"image\/jpeg\" \/>\n<meta name=\"author\" content=\"Equipe G\u00e1vea News\" \/>\n<meta name=\"twitter:card\" content=\"summary_large_image\" \/>\n<meta name=\"twitter:label1\" content=\"Escrito por\" \/>\n\t<meta name=\"twitter:data1\" content=\"Equipe G\u00e1vea News\" \/>\n\t<meta name=\"twitter:label2\" content=\"Est. tempo de leitura\" \/>\n\t<meta name=\"twitter:data2\" content=\"3 minutos\" \/>\n<script type=\"application\/ld+json\" class=\"yoast-schema-graph\">{\"@context\":\"https:\/\/schema.org\",\"@graph\":[{\"@type\":\"NewsArticle\",\"@id\":\"https:\/\/www.gaveanews.com\/index.php\/2022\/12\/06\/video-luva-de-pedreiro-desabafa-apos-ser-criticado-por-usar-camisa-do-flamengo\/#article\",\"isPartOf\":{\"@id\":\"https:\/\/www.gaveanews.com\/index.php\/2022\/12\/06\/video-luva-de-pedreiro-desabafa-apos-ser-criticado-por-usar-camisa-do-flamengo\/\"},\"author\":{\"name\":\"Equipe G\u00e1vea News\",\"@id\":\"https:\/\/www.gaveanews.com\/#\/schema\/person\/2ec14f73fb96be2caf28f91afb14749d\"},\"headline\":\"V\u00eddeo: Luva de Pedreiro desabafa ap\u00f3s ser criticado por usar camisa do Flamengo\",\"datePublished\":\"2022-12-06T21:05:53+00:00\",\"dateModified\":\"2022-12-06T21:05:56+00:00\",\"mainEntityOfPage\":{\"@id\":\"https:\/\/www.gaveanews.com\/index.php\/2022\/12\/06\/video-luva-de-pedreiro-desabafa-apos-ser-criticado-por-usar-camisa-do-flamengo\/\"},\"wordCount\":428,\"commentCount\":0,\"image\":{\"@id\":\"https:\/\/www.gaveanews.com\/index.php\/2022\/12\/06\/video-luva-de-pedreiro-desabafa-apos-ser-criticado-por-usar-camisa-do-flamengo\/#primaryimage\"},\"thumbnailUrl\":\"https:\/\/www.gaveanews.com\/wp-content\/uploads\/flamengo-luva-de-pedreior.webp\",\"articleSection\":[\"Flamengo\"],\"inLanguage\":\"pt-BR\",\"potentialAction\":[{\"@type\":\"CommentAction\",\"name\":\"Comment\",\"target\":[\"https:\/\/www.gaveanews.com\/index.php\/2022\/12\/06\/video-luva-de-pedreiro-desabafa-apos-ser-criticado-por-usar-camisa-do-flamengo\/#respond\"]}],\"copyrightYear\":\"2022\",\"copyrightHolder\":{\"@id\":\"https:\/\/www.gaveanews.com\/#organization\"}},{\"@type\":\"WebPage\",\"@id\":\"https:\/\/www.gaveanews.com\/index.php\/2022\/12\/06\/video-luva-de-pedreiro-desabafa-apos-ser-criticado-por-usar-camisa-do-flamengo\/\",\"url\":\"https:\/\/www.gaveanews.com\/index.php\/2022\/12\/06\/video-luva-de-pedreiro-desabafa-apos-ser-criticado-por-usar-camisa-do-flamengo\/\",\"name\":\"V\u00eddeo: Luva de Pedreiro desabafa ap\u00f3s ser criticado por usar camisa do Flamengo\",\"isPartOf\":{\"@id\":\"https:\/\/www.gaveanews.com\/#website\"},\"primaryImageOfPage\":{\"@id\":\"https:\/\/www.gaveanews.com\/index.php\/2022\/12\/06\/video-luva-de-pedreiro-desabafa-apos-ser-criticado-por-usar-camisa-do-flamengo\/#primaryimage\"},\"image\":{\"@id\":\"https:\/\/www.gaveanews.com\/index.php\/2022\/12\/06\/video-luva-de-pedreiro-desabafa-apos-ser-criticado-por-usar-camisa-do-flamengo\/#primaryimage\"},\"thumbnailUrl\":\"https:\/\/www.gaveanews.com\/wp-content\/uploads\/flamengo-luva-de-pedreior.webp\",\"datePublished\":\"2022-12-06T21:05:53+00:00\",\"dateModified\":\"2022-12-06T21:05:56+00:00\",\"author\":{\"@id\":\"https:\/\/www.gaveanews.com\/#\/schema\/person\/2ec14f73fb96be2caf28f91afb14749d\"},\"breadcrumb\":{\"@id\":\"https:\/\/www.gaveanews.com\/index.php\/2022\/12\/06\/video-luva-de-pedreiro-desabafa-apos-ser-criticado-por-usar-camisa-do-flamengo\/#breadcrumb\"},\"inLanguage\":\"pt-BR\",\"potentialAction\":[{\"@type\":\"ReadAction\",\"target\":[\"https:\/\/www.gaveanews.com\/index.php\/2022\/12\/06\/video-luva-de-pedreiro-desabafa-apos-ser-criticado-por-usar-camisa-do-flamengo\/\"]}]},{\"@type\":\"ImageObject\",\"inLanguage\":\"pt-BR\",\"@id\":\"https:\/\/www.gaveanews.com\/index.php\/2022\/12\/06\/video-luva-de-pedreiro-desabafa-apos-ser-criticado-por-usar-camisa-do-flamengo\/#primaryimage\",\"url\":\"https:\/\/www.gaveanews.com\/wp-content\/uploads\/flamengo-luva-de-pedreior.webp\",\"contentUrl\":\"https:\/\/www.gaveanews.com\/wp-content\/uploads\/flamengo-luva-de-pedreior.webp\",\"width\":819,\"height\":461,\"caption\":\"Luva de Pedreiro com a camisa do Flamengo no Doming\u00e3o com o Huck (Foto: Reprodu\u00e7\u00e3o\/TV Globo)\"},{\"@type\":\"BreadcrumbList\",\"@id\":\"https:\/\/www.gaveanews.com\/index.php\/2022\/12\/06\/video-luva-de-pedreiro-desabafa-apos-ser-criticado-por-usar-camisa-do-flamengo\/#breadcrumb\",\"itemListElement\":[{\"@type\":\"ListItem\",\"position\":1,\"name\":\"Home\",\"item\":\"https:\/\/www.gaveanews.com\/\"},{\"@type\":\"ListItem\",\"position\":2,\"name\":\"V\u00eddeo: Luva de Pedreiro desabafa ap\u00f3s ser criticado por usar camisa do Flamengo\"}]},{\"@type\":\"WebSite\",\"@id\":\"https:\/\/www.gaveanews.com\/#website\",\"url\":\"https:\/\/www.gaveanews.com\/\",\"name\":\"G\u00e1vea News\",\"description\":\"Veja todas as not\u00edcias sobre o Flamengo: Contrata\u00e7\u00f5es, categorias de base, resultados das partidas, tabela de classifica\u00e7\u00e3o, pr\u00f3ximos jogos!\",\"potentialAction\":[{\"@type\":\"SearchAction\",\"target\":{\"@type\":\"EntryPoint\",\"urlTemplate\":\"https:\/\/www.gaveanews.com\/?s={search_term_string}\"},\"query-input\":{\"@type\":\"PropertyValueSpecification\",\"valueRequired\":true,\"valueName\":\"search_term_string\"}}],\"inLanguage\":\"pt-BR\"},{\"@type\":\"Person\",\"@id\":\"https:\/\/www.gaveanews.com\/#\/schema\/person\/2ec14f73fb96be2caf28f91afb14749d\",\"name\":\"Equipe G\u00e1vea News\",\"image\":{\"@type\":\"ImageObject\",\"inLanguage\":\"pt-BR\",\"@id\":\"https:\/\/www.gaveanews.com\/#\/schema\/person\/image\/\",\"url\":\"https:\/\/secure.gravatar.com\/avatar\/1e1956f1facbffd3f8fa53a326721950116b3b9dc9bd44939c01180fd4a745a9?s=96&d=mm&r=g\",\"contentUrl\":\"https:\/\/secure.gravatar.com\/avatar\/1e1956f1facbffd3f8fa53a326721950116b3b9dc9bd44939c01180fd4a745a9?s=96&d=mm&r=g\",\"caption\":\"Equipe G\u00e1vea News\"}}]}<\/script>\n<!-- \/ Yoast SEO Premium plugin. -->","yoast_head_json":{"title":"V\u00eddeo: Luva de Pedreiro desabafa ap\u00f3s ser criticado por usar camisa do Flamengo","robots":{"index":"index","follow":"follow","max-snippet":"max-snippet:-1","max-image-preview":"max-image-preview:large","max-video-preview":"max-video-preview:-1"},"canonical":"https:\/\/www.gaveanews.com\/index.php\/2022\/12\/06\/video-luva-de-pedreiro-desabafa-apos-ser-criticado-por-usar-camisa-do-flamengo\/","og_locale":"pt_BR","og_type":"article","og_title":"V\u00eddeo: Luva de Pedreiro desabafa ap\u00f3s ser criticado por usar camisa do Flamengo","og_description":"Um dos influenciadores mais famosos em todo o mundo, Luva de Pedreiro gerou uma grande pol\u00eamica no \u00faltimo domingo (4). Vasca\u00edno fan\u00e1tico, ele foi um dos convidados de um programa na TV Globo e apareceu com a camisa do Flamengo, o maior rival de seu time. Ap\u00f3s ser &#8220;bombardeado&#8221; de coment\u00e1rios nas redes sociais, o [&hellip;]","og_url":"https:\/\/www.gaveanews.com\/index.php\/2022\/12\/06\/video-luva-de-pedreiro-desabafa-apos-ser-criticado-por-usar-camisa-do-flamengo\/","og_site_name":"G\u00e1vea News","article_publisher":"https:\/\/facebook.com\/gaveaNews\/","article_published_time":"2022-12-06T21:05:53+00:00","article_modified_time":"2022-12-06T21:05:56+00:00","og_image":[{"width":819,"height":461,"url":"https:\/\/www.gaveanews.com\/wp-content\/uploads\/flamengo-luva-de-pedreior.webp","type":"image\/jpeg"}],"author":"Equipe G\u00e1vea News","twitter_card":"summary_large_image","twitter_misc":{"Escrito por":"Equipe G\u00e1vea News","Est. tempo de leitura":"3 minutos"},"schema":{"@context":"https:\/\/schema.org","@graph":[{"@type":"NewsArticle","@id":"https:\/\/www.gaveanews.com\/index.php\/2022\/12\/06\/video-luva-de-pedreiro-desabafa-apos-ser-criticado-por-usar-camisa-do-flamengo\/#article","isPartOf":{"@id":"https:\/\/www.gaveanews.com\/index.php\/2022\/12\/06\/video-luva-de-pedreiro-desabafa-apos-ser-criticado-por-usar-camisa-do-flamengo\/"},"author":{"name":"Equipe G\u00e1vea News","@id":"https:\/\/www.gaveanews.com\/#\/schema\/person\/2ec14f73fb96be2caf28f91afb14749d"},"headline":"V\u00eddeo: Luva de Pedreiro desabafa ap\u00f3s ser criticado por usar camisa do Flamengo","datePublished":"2022-12-06T21:05:53+00:00","dateModified":"2022-12-06T21:05:56+00:00","mainEntityOfPage":{"@id":"https:\/\/www.gaveanews.com\/index.php\/2022\/12\/06\/video-luva-de-pedreiro-desabafa-apos-ser-criticado-por-usar-camisa-do-flamengo\/"},"wordCount":428,"commentCount":0,"image":{"@id":"https:\/\/www.gaveanews.com\/index.php\/2022\/12\/06\/video-luva-de-pedreiro-desabafa-apos-ser-criticado-por-usar-camisa-do-flamengo\/#primaryimage"},"thumbnailUrl":"https:\/\/www.gaveanews.com\/wp-content\/uploads\/flamengo-luva-de-pedreior.webp","articleSection":["Flamengo"],"inLanguage":"pt-BR","potentialAction":[{"@type":"CommentAction","name":"Comment","target":["https:\/\/www.gaveanews.com\/index.php\/2022\/12\/06\/video-luva-de-pedreiro-desabafa-apos-ser-criticado-por-usar-camisa-do-flamengo\/#respond"]}],"copyrightYear":"2022","copyrightHolder":{"@id":"https:\/\/www.gaveanews.com\/#organization"}},{"@type":"WebPage","@id":"https:\/\/www.gaveanews.com\/index.php\/2022\/12\/06\/video-luva-de-pedreiro-desabafa-apos-ser-criticado-por-usar-camisa-do-flamengo\/","url":"https:\/\/www.gaveanews.com\/index.php\/2022\/12\/06\/video-luva-de-pedreiro-desabafa-apos-ser-criticado-por-usar-camisa-do-flamengo\/","name":"V\u00eddeo: Luva de Pedreiro desabafa ap\u00f3s ser criticado por usar camisa do Flamengo","isPartOf":{"@id":"https:\/\/www.gaveanews.com\/#website"},"primaryImageOfPage":{"@id":"https:\/\/www.gaveanews.com\/index.php\/2022\/12\/06\/video-luva-de-pedreiro-desabafa-apos-ser-criticado-por-usar-camisa-do-flamengo\/#primaryimage"},"image":{"@id":"https:\/\/www.gaveanews.com\/index.php\/2022\/12\/06\/video-luva-de-pedreiro-desabafa-apos-ser-criticado-por-usar-camisa-do-flamengo\/#primaryimage"},"thumbnailUrl":"https:\/\/www.gaveanews.com\/wp-content\/uploads\/flamengo-luva-de-pedreior.webp","datePublished":"2022-12-06T21:05:53+00:00","dateModified":"2022-12-06T21:05:56+00:00","author":{"@id":"https:\/\/www.gaveanews.com\/#\/schema\/person\/2ec14f73fb96be2caf28f91afb14749d"},"breadcrumb":{"@id":"https:\/\/www.gaveanews.com\/index.php\/2022\/12\/06\/video-luva-de-pedreiro-desabafa-apos-ser-criticado-por-usar-camisa-do-flamengo\/#breadcrumb"},"inLanguage":"pt-BR","potentialAction":[{"@type":"ReadAction","target":["https:\/\/www.gaveanews.com\/index.php\/2022\/12\/06\/video-luva-de-pedreiro-desabafa-apos-ser-criticado-por-usar-camisa-do-flamengo\/"]}]},{"@type":"ImageObject","inLanguage":"pt-BR","@id":"https:\/\/www.gaveanews.com\/index.php\/2022\/12\/06\/video-luva-de-pedreiro-desabafa-apos-ser-criticado-por-usar-camisa-do-flamengo\/#primaryimage","url":"https:\/\/www.gaveanews.com\/wp-content\/uploads\/flamengo-luva-de-pedreior.webp","contentUrl":"https:\/\/www.gaveanews.com\/wp-content\/uploads\/flamengo-luva-de-pedreior.webp","width":819,"height":461,"caption":"Luva de Pedreiro com a camisa do Flamengo no Doming\u00e3o com o Huck (Foto: Reprodu\u00e7\u00e3o\/TV Globo)"},{"@type":"BreadcrumbList","@id":"https:\/\/www.gaveanews.com\/index.php\/2022\/12\/06\/video-luva-de-pedreiro-desabafa-apos-ser-criticado-por-usar-camisa-do-flamengo\/#breadcrumb","itemListElement":[{"@type":"ListItem","position":1,"name":"Home","item":"https:\/\/www.gaveanews.com\/"},{"@type":"ListItem","position":2,"name":"V\u00eddeo: Luva de Pedreiro desabafa ap\u00f3s ser criticado por usar camisa do Flamengo"}]},{"@type":"WebSite","@id":"https:\/\/www.gaveanews.com\/#website","url":"https:\/\/www.gaveanews.com\/","name":"G\u00e1vea News","description":"Veja todas as not\u00edcias sobre o Flamengo: Contrata\u00e7\u00f5es, categorias de base, resultados das partidas, tabela de classifica\u00e7\u00e3o, pr\u00f3ximos jogos!","potentialAction":[{"@type":"SearchAction","target":{"@type":"EntryPoint","urlTemplate":"https:\/\/www.gaveanews.com\/?s={search_term_string}"},"query-input":{"@type":"PropertyValueSpecification","valueRequired":true,"valueName":"search_term_string"}}],"inLanguage":"pt-BR"},{"@type":"Person","@id":"https:\/\/www.gaveanews.com\/#\/schema\/person\/2ec14f73fb96be2caf28f91afb14749d","name":"Equipe G\u00e1vea News","image":{"@type":"ImageObject","inLanguage":"pt-BR","@id":"https:\/\/www.gaveanews.com\/#\/schema\/person\/image\/","url":"https:\/\/secure.gravatar.com\/avatar\/1e1956f1facbffd3f8fa53a326721950116b3b9dc9bd44939c01180fd4a745a9?s=96&d=mm&r=g","contentUrl":"https:\/\/secure.gravatar.com\/avatar\/1e1956f1facbffd3f8fa53a326721950116b3b9dc9bd44939c01180fd4a745a9?s=96&d=mm&r=g","caption":"Equipe G\u00e1vea News"}}]}},"_links":{"self":[{"href":"https:\/\/www.gaveanews.com\/index.php\/wp-json\/wp\/v2\/posts\/91637","targetHints":{"allow":["GET"]}}],"collection":[{"href":"https:\/\/www.gaveanews.com\/index.php\/wp-json\/wp\/v2\/posts"}],"about":[{"href":"https:\/\/www.gaveanews.com\/index.php\/wp-json\/wp\/v2\/types\/post"}],"author":[{"embeddable":true,"href":"https:\/\/www.gaveanews.com\/index.php\/wp-json\/wp\/v2\/users\/1"}],"replies":[{"embeddable":true,"href":"https:\/\/www.gaveanews.com\/index.php\/wp-json\/wp\/v2\/comments?post=91637"}],"version-history":[{"count":0,"href":"https:\/\/www.gaveanews.com\/index.php\/wp-json\/wp\/v2\/posts\/91637\/revisions"}],"wp:featuredmedia":[{"embeddable":true,"href":"https:\/\/www.gaveanews.com\/index.php\/wp-json\/wp\/v2\/media\/91569"}],"wp:attachment":[{"href":"https:\/\/www.gaveanews.com\/index.php\/wp-json\/wp\/v2\/media?parent=91637"}],"wp:term":[{"taxonomy":"category","embeddable":true,"href":"https:\/\/www.gaveanews.com\/index.php\/wp-json\/wp\/v2\/categories?post=91637"},{"taxonomy":"post_tag","embeddable":true,"href":"https:\/\/www.gaveanews.com\/index.php\/wp-json\/wp\/v2\/tags?post=91637"}],"curies":[{"name":"wp","href":"https:\/\/api.w.org\/{rel}","templated":true}]}}