{"id":91666,"date":"2022-12-07T13:07:13","date_gmt":"2022-12-07T16:07:13","guid":{"rendered":"https:\/\/www.gaveanews.com\/?p=91666"},"modified":"2022-12-07T13:07:56","modified_gmt":"2022-12-07T16:07:56","slug":"vitor-pereira-do-flamengo-chega-ao-rio-de-janeiro-de-forma-definitiva","status":"publish","type":"post","link":"https:\/\/www.gaveanews.com\/index.php\/2022\/12\/07\/vitor-pereira-do-flamengo-chega-ao-rio-de-janeiro-de-forma-definitiva\/","title":{"rendered":"Vitor Pereira, do Flamengo, chega ao Rio de Janeiro de forma definitiva"},"content":{"rendered":"\n<p>Vitor Pereira, que deve ser o novo treinador do Flamengo, chegou definitivamente ao Rio de Janeiro. J\u00e1 em solo carioca, o novo treinador atende os rubro-negros enquanto aguarda os \u00faltimos ajustes para o an\u00fancio do acerto, que dever\u00e1 ser feito de um modo cauteloso.<\/p>\n\n\n\n<p>Acertado com o Flamengo, Vitor Pereira estava curtindo os \u00faltimos dias de f\u00e9rias em Paraty, no litoral sul do Rio de Janeiro. J\u00e1 na capital, o novo treinador do Rubro-Negro foi visto na Barra da Tijuca e tirou foto com um torcedor.<\/p>\n\n\n<div class=\"wp-block-image\">\n<figure class=\"aligncenter size-large\"><img decoding=\"async\" src=\"https:\/\/jogada10.com.br\/wp-content\/uploads\/2022\/12\/Renan-Moura-Vitor-Pereira-Twitter-@@renanmouraglobo.webp\" alt=\"\"\/><figcaption class=\"wp-element-caption\">Vitor Pereira com torcedor do Flamengo, no Rio de Janeiro (Foto: Reprodu\u00e7\u00e3o)<\/figcaption><\/figure>\n<\/div>\n\n\n<p>O Flamengo deve fazer o an\u00fancio da contrata\u00e7\u00e3o de Vitor Pereira ainda esta semana. O comunicado, entretanto, visa evitar problemas jur\u00eddicos. Isso porque o Flamengo tem v\u00ednculo com Dorival J\u00fanior at\u00e9 31 de dezembro, mesma data em que se encerra o contrato de VP com o Corinthians.<\/p>\n\n\n\n<p>O planejamento do Flamengo \u00e9 dizer que Vitor Pereira tem \u201cacordo para assinatura de contrato em 1\u00ba de janeiro\u201d. Sendo assim, o clube anuncia o treinador sem desrespeitar os v\u00ednculos vigentes envolvendo o portugu\u00eas, Dorival J\u00fanior e o Corinthians.<\/p>\n\n\n\n<p>Vitor Pereir vai assinar contrato at\u00e9 dezembro de 2023, com valores que giram em torno de quatro milh\u00f5es de euros por ano, cerca de R$ 22 milh\u00f5es. O montante contempla t\u00e9cnico e comiss\u00e3o, que deve ter entre quatro e cinco auxiliares.<\/p>\n\n\n\n<p>Em sua passagem pelo Corinthians, Vitor Pereira comandou 64 partidas. Foram 26 vit\u00f3rias, 21 empates e 17 derrotas. Desta forma, o portugu\u00eas deixou o Tim\u00e3o com 51% de aproveitamento somando as tr\u00eas competi\u00e7\u00f5es que disputou: Brasileir\u00e3o, Copa do Brasil e Libertadores.<\/p>\n\n\n\n<p>Retirado de: Jogada 10 <\/p>\n","protected":false},"excerpt":{"rendered":"<p>Vitor Pereira, que deve ser o novo treinador do Flamengo, chegou definitivamente ao Rio de Janeiro. J\u00e1 em solo carioca, o novo treinador atende os rubro-negros enquanto aguarda os \u00faltimos ajustes para o an\u00fancio do acerto, que dever\u00e1 ser feito de um modo cauteloso. Acertado com o Flamengo, Vitor Pereira estava curtindo os \u00faltimos dias [&hellip;]<\/p>\n","protected":false},"author":1,"featured_media":91310,"comment_status":"open","ping_status":"closed","sticky":false,"template":"","format":"standard","meta":{"footnotes":""},"categories":[1],"tags":[],"class_list":["post-91666","post","type-post","status-publish","format-standard","has-post-thumbnail","hentry","category-flamengo"],"yoast_head":"<!-- This site is optimized with the Yoast SEO Premium plugin v24.2 (Yoast SEO v26.9) - https:\/\/yoast.com\/product\/yoast-seo-premium-wordpress\/ -->\n<title>Vitor Pereira, do Flamengo, chega ao Rio de Janeiro de forma definitiva<\/title>\n<meta name=\"robots\" content=\"index, follow, max-snippet:-1, max-image-preview:large, max-video-preview:-1\" \/>\n<link rel=\"canonical\" href=\"https:\/\/www.gaveanews.com\/index.php\/2022\/12\/07\/vitor-pereira-do-flamengo-chega-ao-rio-de-janeiro-de-forma-definitiva\/\" \/>\n<meta property=\"og:locale\" content=\"pt_BR\" \/>\n<meta property=\"og:type\" content=\"article\" \/>\n<meta property=\"og:title\" content=\"Vitor Pereira, do Flamengo, chega ao Rio de Janeiro de forma definitiva\" \/>\n<meta property=\"og:description\" content=\"Vitor Pereira, que deve ser o novo treinador do Flamengo, chegou definitivamente ao Rio de Janeiro. J\u00e1 em solo carioca, o novo treinador atende os rubro-negros enquanto aguarda os \u00faltimos ajustes para o an\u00fancio do acerto, que dever\u00e1 ser feito de um modo cauteloso. Acertado com o Flamengo, Vitor Pereira estava curtindo os \u00faltimos dias [&hellip;]\" \/>\n<meta property=\"og:url\" content=\"https:\/\/www.gaveanews.com\/index.php\/2022\/12\/07\/vitor-pereira-do-flamengo-chega-ao-rio-de-janeiro-de-forma-definitiva\/\" \/>\n<meta property=\"og:site_name\" content=\"G\u00e1vea News\" \/>\n<meta property=\"article:publisher\" content=\"https:\/\/facebook.com\/gaveaNews\/\" \/>\n<meta property=\"article:published_time\" content=\"2022-12-07T16:07:13+00:00\" \/>\n<meta property=\"article:modified_time\" content=\"2022-12-07T16:07:56+00:00\" \/>\n<meta property=\"og:image\" content=\"https:\/\/www.gaveanews.com\/wp-content\/uploads\/vitor-pereira-corinthians-flamengo.webp\" \/>\n\t<meta property=\"og:image:width\" content=\"984\" \/>\n\t<meta property=\"og:image:height\" content=\"656\" \/>\n\t<meta property=\"og:image:type\" content=\"image\/webp\" \/>\n<meta name=\"author\" content=\"Equipe G\u00e1vea News\" \/>\n<meta name=\"twitter:card\" content=\"summary_large_image\" \/>\n<meta name=\"twitter:label1\" content=\"Escrito por\" \/>\n\t<meta name=\"twitter:data1\" content=\"Equipe G\u00e1vea News\" \/>\n\t<meta name=\"twitter:label2\" content=\"Est. tempo de leitura\" \/>\n\t<meta name=\"twitter:data2\" content=\"2 minutos\" \/>\n<script type=\"application\/ld+json\" class=\"yoast-schema-graph\">{\"@context\":\"https:\/\/schema.org\",\"@graph\":[{\"@type\":\"NewsArticle\",\"@id\":\"https:\/\/www.gaveanews.com\/index.php\/2022\/12\/07\/vitor-pereira-do-flamengo-chega-ao-rio-de-janeiro-de-forma-definitiva\/#article\",\"isPartOf\":{\"@id\":\"https:\/\/www.gaveanews.com\/index.php\/2022\/12\/07\/vitor-pereira-do-flamengo-chega-ao-rio-de-janeiro-de-forma-definitiva\/\"},\"author\":{\"name\":\"Equipe G\u00e1vea News\",\"@id\":\"https:\/\/www.gaveanews.com\/#\/schema\/person\/2ec14f73fb96be2caf28f91afb14749d\"},\"headline\":\"Vitor Pereira, do Flamengo, chega ao Rio de Janeiro de forma definitiva\",\"datePublished\":\"2022-12-07T16:07:13+00:00\",\"dateModified\":\"2022-12-07T16:07:56+00:00\",\"mainEntityOfPage\":{\"@id\":\"https:\/\/www.gaveanews.com\/index.php\/2022\/12\/07\/vitor-pereira-do-flamengo-chega-ao-rio-de-janeiro-de-forma-definitiva\/\"},\"wordCount\":292,\"commentCount\":0,\"image\":{\"@id\":\"https:\/\/www.gaveanews.com\/index.php\/2022\/12\/07\/vitor-pereira-do-flamengo-chega-ao-rio-de-janeiro-de-forma-definitiva\/#primaryimage\"},\"thumbnailUrl\":\"https:\/\/www.gaveanews.com\/wp-content\/uploads\/vitor-pereira-corinthians-flamengo.webp\",\"articleSection\":[\"Flamengo\"],\"inLanguage\":\"pt-BR\",\"potentialAction\":[{\"@type\":\"CommentAction\",\"name\":\"Comment\",\"target\":[\"https:\/\/www.gaveanews.com\/index.php\/2022\/12\/07\/vitor-pereira-do-flamengo-chega-ao-rio-de-janeiro-de-forma-definitiva\/#respond\"]}],\"copyrightYear\":\"2022\",\"copyrightHolder\":{\"@id\":\"https:\/\/www.gaveanews.com\/#organization\"}},{\"@type\":\"WebPage\",\"@id\":\"https:\/\/www.gaveanews.com\/index.php\/2022\/12\/07\/vitor-pereira-do-flamengo-chega-ao-rio-de-janeiro-de-forma-definitiva\/\",\"url\":\"https:\/\/www.gaveanews.com\/index.php\/2022\/12\/07\/vitor-pereira-do-flamengo-chega-ao-rio-de-janeiro-de-forma-definitiva\/\",\"name\":\"Vitor Pereira, do Flamengo, chega ao Rio de Janeiro de forma definitiva\",\"isPartOf\":{\"@id\":\"https:\/\/www.gaveanews.com\/#website\"},\"primaryImageOfPage\":{\"@id\":\"https:\/\/www.gaveanews.com\/index.php\/2022\/12\/07\/vitor-pereira-do-flamengo-chega-ao-rio-de-janeiro-de-forma-definitiva\/#primaryimage\"},\"image\":{\"@id\":\"https:\/\/www.gaveanews.com\/index.php\/2022\/12\/07\/vitor-pereira-do-flamengo-chega-ao-rio-de-janeiro-de-forma-definitiva\/#primaryimage\"},\"thumbnailUrl\":\"https:\/\/www.gaveanews.com\/wp-content\/uploads\/vitor-pereira-corinthians-flamengo.webp\",\"datePublished\":\"2022-12-07T16:07:13+00:00\",\"dateModified\":\"2022-12-07T16:07:56+00:00\",\"author\":{\"@id\":\"https:\/\/www.gaveanews.com\/#\/schema\/person\/2ec14f73fb96be2caf28f91afb14749d\"},\"breadcrumb\":{\"@id\":\"https:\/\/www.gaveanews.com\/index.php\/2022\/12\/07\/vitor-pereira-do-flamengo-chega-ao-rio-de-janeiro-de-forma-definitiva\/#breadcrumb\"},\"inLanguage\":\"pt-BR\",\"potentialAction\":[{\"@type\":\"ReadAction\",\"target\":[\"https:\/\/www.gaveanews.com\/index.php\/2022\/12\/07\/vitor-pereira-do-flamengo-chega-ao-rio-de-janeiro-de-forma-definitiva\/\"]}]},{\"@type\":\"ImageObject\",\"inLanguage\":\"pt-BR\",\"@id\":\"https:\/\/www.gaveanews.com\/index.php\/2022\/12\/07\/vitor-pereira-do-flamengo-chega-ao-rio-de-janeiro-de-forma-definitiva\/#primaryimage\",\"url\":\"https:\/\/www.gaveanews.com\/wp-content\/uploads\/vitor-pereira-corinthians-flamengo.webp\",\"contentUrl\":\"https:\/\/www.gaveanews.com\/wp-content\/uploads\/vitor-pereira-corinthians-flamengo.webp\",\"width\":984,\"height\":656,\"caption\":\"V\u00edtor Pereira pelo Corinthians (Foto: Gabriel Machado\/AGIF)\"},{\"@type\":\"BreadcrumbList\",\"@id\":\"https:\/\/www.gaveanews.com\/index.php\/2022\/12\/07\/vitor-pereira-do-flamengo-chega-ao-rio-de-janeiro-de-forma-definitiva\/#breadcrumb\",\"itemListElement\":[{\"@type\":\"ListItem\",\"position\":1,\"name\":\"Home\",\"item\":\"https:\/\/www.gaveanews.com\/\"},{\"@type\":\"ListItem\",\"position\":2,\"name\":\"Vitor Pereira, do Flamengo, chega ao Rio de Janeiro de forma definitiva\"}]},{\"@type\":\"WebSite\",\"@id\":\"https:\/\/www.gaveanews.com\/#website\",\"url\":\"https:\/\/www.gaveanews.com\/\",\"name\":\"G\u00e1vea News\",\"description\":\"Veja todas as not\u00edcias sobre o Flamengo: Contrata\u00e7\u00f5es, categorias de base, resultados das partidas, tabela de classifica\u00e7\u00e3o, pr\u00f3ximos jogos!\",\"potentialAction\":[{\"@type\":\"SearchAction\",\"target\":{\"@type\":\"EntryPoint\",\"urlTemplate\":\"https:\/\/www.gaveanews.com\/?s={search_term_string}\"},\"query-input\":{\"@type\":\"PropertyValueSpecification\",\"valueRequired\":true,\"valueName\":\"search_term_string\"}}],\"inLanguage\":\"pt-BR\"},{\"@type\":\"Person\",\"@id\":\"https:\/\/www.gaveanews.com\/#\/schema\/person\/2ec14f73fb96be2caf28f91afb14749d\",\"name\":\"Equipe G\u00e1vea News\",\"image\":{\"@type\":\"ImageObject\",\"inLanguage\":\"pt-BR\",\"@id\":\"https:\/\/www.gaveanews.com\/#\/schema\/person\/image\/\",\"url\":\"https:\/\/secure.gravatar.com\/avatar\/1e1956f1facbffd3f8fa53a326721950116b3b9dc9bd44939c01180fd4a745a9?s=96&d=mm&r=g\",\"contentUrl\":\"https:\/\/secure.gravatar.com\/avatar\/1e1956f1facbffd3f8fa53a326721950116b3b9dc9bd44939c01180fd4a745a9?s=96&d=mm&r=g\",\"caption\":\"Equipe G\u00e1vea News\"}}]}<\/script>\n<!-- \/ Yoast SEO Premium plugin. -->","yoast_head_json":{"title":"Vitor Pereira, do Flamengo, chega ao Rio de Janeiro de forma definitiva","robots":{"index":"index","follow":"follow","max-snippet":"max-snippet:-1","max-image-preview":"max-image-preview:large","max-video-preview":"max-video-preview:-1"},"canonical":"https:\/\/www.gaveanews.com\/index.php\/2022\/12\/07\/vitor-pereira-do-flamengo-chega-ao-rio-de-janeiro-de-forma-definitiva\/","og_locale":"pt_BR","og_type":"article","og_title":"Vitor Pereira, do Flamengo, chega ao Rio de Janeiro de forma definitiva","og_description":"Vitor Pereira, que deve ser o novo treinador do Flamengo, chegou definitivamente ao Rio de Janeiro. J\u00e1 em solo carioca, o novo treinador atende os rubro-negros enquanto aguarda os \u00faltimos ajustes para o an\u00fancio do acerto, que dever\u00e1 ser feito de um modo cauteloso. Acertado com o Flamengo, Vitor Pereira estava curtindo os \u00faltimos dias [&hellip;]","og_url":"https:\/\/www.gaveanews.com\/index.php\/2022\/12\/07\/vitor-pereira-do-flamengo-chega-ao-rio-de-janeiro-de-forma-definitiva\/","og_site_name":"G\u00e1vea News","article_publisher":"https:\/\/facebook.com\/gaveaNews\/","article_published_time":"2022-12-07T16:07:13+00:00","article_modified_time":"2022-12-07T16:07:56+00:00","og_image":[{"width":984,"height":656,"url":"https:\/\/www.gaveanews.com\/wp-content\/uploads\/vitor-pereira-corinthians-flamengo.webp","type":"image\/webp"}],"author":"Equipe G\u00e1vea News","twitter_card":"summary_large_image","twitter_misc":{"Escrito por":"Equipe G\u00e1vea News","Est. tempo de leitura":"2 minutos"},"schema":{"@context":"https:\/\/schema.org","@graph":[{"@type":"NewsArticle","@id":"https:\/\/www.gaveanews.com\/index.php\/2022\/12\/07\/vitor-pereira-do-flamengo-chega-ao-rio-de-janeiro-de-forma-definitiva\/#article","isPartOf":{"@id":"https:\/\/www.gaveanews.com\/index.php\/2022\/12\/07\/vitor-pereira-do-flamengo-chega-ao-rio-de-janeiro-de-forma-definitiva\/"},"author":{"name":"Equipe G\u00e1vea News","@id":"https:\/\/www.gaveanews.com\/#\/schema\/person\/2ec14f73fb96be2caf28f91afb14749d"},"headline":"Vitor Pereira, do Flamengo, chega ao Rio de Janeiro de forma definitiva","datePublished":"2022-12-07T16:07:13+00:00","dateModified":"2022-12-07T16:07:56+00:00","mainEntityOfPage":{"@id":"https:\/\/www.gaveanews.com\/index.php\/2022\/12\/07\/vitor-pereira-do-flamengo-chega-ao-rio-de-janeiro-de-forma-definitiva\/"},"wordCount":292,"commentCount":0,"image":{"@id":"https:\/\/www.gaveanews.com\/index.php\/2022\/12\/07\/vitor-pereira-do-flamengo-chega-ao-rio-de-janeiro-de-forma-definitiva\/#primaryimage"},"thumbnailUrl":"https:\/\/www.gaveanews.com\/wp-content\/uploads\/vitor-pereira-corinthians-flamengo.webp","articleSection":["Flamengo"],"inLanguage":"pt-BR","potentialAction":[{"@type":"CommentAction","name":"Comment","target":["https:\/\/www.gaveanews.com\/index.php\/2022\/12\/07\/vitor-pereira-do-flamengo-chega-ao-rio-de-janeiro-de-forma-definitiva\/#respond"]}],"copyrightYear":"2022","copyrightHolder":{"@id":"https:\/\/www.gaveanews.com\/#organization"}},{"@type":"WebPage","@id":"https:\/\/www.gaveanews.com\/index.php\/2022\/12\/07\/vitor-pereira-do-flamengo-chega-ao-rio-de-janeiro-de-forma-definitiva\/","url":"https:\/\/www.gaveanews.com\/index.php\/2022\/12\/07\/vitor-pereira-do-flamengo-chega-ao-rio-de-janeiro-de-forma-definitiva\/","name":"Vitor Pereira, do Flamengo, chega ao Rio de Janeiro de forma definitiva","isPartOf":{"@id":"https:\/\/www.gaveanews.com\/#website"},"primaryImageOfPage":{"@id":"https:\/\/www.gaveanews.com\/index.php\/2022\/12\/07\/vitor-pereira-do-flamengo-chega-ao-rio-de-janeiro-de-forma-definitiva\/#primaryimage"},"image":{"@id":"https:\/\/www.gaveanews.com\/index.php\/2022\/12\/07\/vitor-pereira-do-flamengo-chega-ao-rio-de-janeiro-de-forma-definitiva\/#primaryimage"},"thumbnailUrl":"https:\/\/www.gaveanews.com\/wp-content\/uploads\/vitor-pereira-corinthians-flamengo.webp","datePublished":"2022-12-07T16:07:13+00:00","dateModified":"2022-12-07T16:07:56+00:00","author":{"@id":"https:\/\/www.gaveanews.com\/#\/schema\/person\/2ec14f73fb96be2caf28f91afb14749d"},"breadcrumb":{"@id":"https:\/\/www.gaveanews.com\/index.php\/2022\/12\/07\/vitor-pereira-do-flamengo-chega-ao-rio-de-janeiro-de-forma-definitiva\/#breadcrumb"},"inLanguage":"pt-BR","potentialAction":[{"@type":"ReadAction","target":["https:\/\/www.gaveanews.com\/index.php\/2022\/12\/07\/vitor-pereira-do-flamengo-chega-ao-rio-de-janeiro-de-forma-definitiva\/"]}]},{"@type":"ImageObject","inLanguage":"pt-BR","@id":"https:\/\/www.gaveanews.com\/index.php\/2022\/12\/07\/vitor-pereira-do-flamengo-chega-ao-rio-de-janeiro-de-forma-definitiva\/#primaryimage","url":"https:\/\/www.gaveanews.com\/wp-content\/uploads\/vitor-pereira-corinthians-flamengo.webp","contentUrl":"https:\/\/www.gaveanews.com\/wp-content\/uploads\/vitor-pereira-corinthians-flamengo.webp","width":984,"height":656,"caption":"V\u00edtor Pereira pelo Corinthians (Foto: Gabriel Machado\/AGIF)"},{"@type":"BreadcrumbList","@id":"https:\/\/www.gaveanews.com\/index.php\/2022\/12\/07\/vitor-pereira-do-flamengo-chega-ao-rio-de-janeiro-de-forma-definitiva\/#breadcrumb","itemListElement":[{"@type":"ListItem","position":1,"name":"Home","item":"https:\/\/www.gaveanews.com\/"},{"@type":"ListItem","position":2,"name":"Vitor Pereira, do Flamengo, chega ao Rio de Janeiro de forma definitiva"}]},{"@type":"WebSite","@id":"https:\/\/www.gaveanews.com\/#website","url":"https:\/\/www.gaveanews.com\/","name":"G\u00e1vea News","description":"Veja todas as not\u00edcias sobre o Flamengo: Contrata\u00e7\u00f5es, categorias de base, resultados das partidas, tabela de classifica\u00e7\u00e3o, pr\u00f3ximos jogos!","potentialAction":[{"@type":"SearchAction","target":{"@type":"EntryPoint","urlTemplate":"https:\/\/www.gaveanews.com\/?s={search_term_string}"},"query-input":{"@type":"PropertyValueSpecification","valueRequired":true,"valueName":"search_term_string"}}],"inLanguage":"pt-BR"},{"@type":"Person","@id":"https:\/\/www.gaveanews.com\/#\/schema\/person\/2ec14f73fb96be2caf28f91afb14749d","name":"Equipe G\u00e1vea News","image":{"@type":"ImageObject","inLanguage":"pt-BR","@id":"https:\/\/www.gaveanews.com\/#\/schema\/person\/image\/","url":"https:\/\/secure.gravatar.com\/avatar\/1e1956f1facbffd3f8fa53a326721950116b3b9dc9bd44939c01180fd4a745a9?s=96&d=mm&r=g","contentUrl":"https:\/\/secure.gravatar.com\/avatar\/1e1956f1facbffd3f8fa53a326721950116b3b9dc9bd44939c01180fd4a745a9?s=96&d=mm&r=g","caption":"Equipe G\u00e1vea News"}}]}},"_links":{"self":[{"href":"https:\/\/www.gaveanews.com\/index.php\/wp-json\/wp\/v2\/posts\/91666","targetHints":{"allow":["GET"]}}],"collection":[{"href":"https:\/\/www.gaveanews.com\/index.php\/wp-json\/wp\/v2\/posts"}],"about":[{"href":"https:\/\/www.gaveanews.com\/index.php\/wp-json\/wp\/v2\/types\/post"}],"author":[{"embeddable":true,"href":"https:\/\/www.gaveanews.com\/index.php\/wp-json\/wp\/v2\/users\/1"}],"replies":[{"embeddable":true,"href":"https:\/\/www.gaveanews.com\/index.php\/wp-json\/wp\/v2\/comments?post=91666"}],"version-history":[{"count":0,"href":"https:\/\/www.gaveanews.com\/index.php\/wp-json\/wp\/v2\/posts\/91666\/revisions"}],"wp:featuredmedia":[{"embeddable":true,"href":"https:\/\/www.gaveanews.com\/index.php\/wp-json\/wp\/v2\/media\/91310"}],"wp:attachment":[{"href":"https:\/\/www.gaveanews.com\/index.php\/wp-json\/wp\/v2\/media?parent=91666"}],"wp:term":[{"taxonomy":"category","embeddable":true,"href":"https:\/\/www.gaveanews.com\/index.php\/wp-json\/wp\/v2\/categories?post=91666"},{"taxonomy":"post_tag","embeddable":true,"href":"https:\/\/www.gaveanews.com\/index.php\/wp-json\/wp\/v2\/tags?post=91666"}],"curies":[{"name":"wp","href":"https:\/\/api.w.org\/{rel}","templated":true}]}}