{"id":91687,"date":"2022-12-07T18:36:41","date_gmt":"2022-12-07T21:36:41","guid":{"rendered":"https:\/\/www.gaveanews.com\/?p=91687"},"modified":"2022-12-07T18:36:44","modified_gmt":"2022-12-07T21:36:44","slug":"por-conta-de-filipe-luis-flamengo-publica-resposta-para-o-atletico-de-madrid","status":"publish","type":"post","link":"https:\/\/www.gaveanews.com\/index.php\/2022\/12\/07\/por-conta-de-filipe-luis-flamengo-publica-resposta-para-o-atletico-de-madrid\/","title":{"rendered":"Por conta de Filipe Lu\u00eds, Flamengo publica resposta para o Atl\u00e9tico de Madrid"},"content":{"rendered":"\n<p>O lateral-esquerdo Filipe Lu\u00eds visitou, hoje (7), o centro de treinamento do Atl\u00e9tico de Madrid, da Espanha. O jogador \u00e9 \u00eddolo no clube e foi rever os antigos companheiros em momento registrado pelos espanh\u00f3is nas redes sociais.<\/p>\n\n\n\n<p>O perfil em ingl\u00eas do Flamengo aproveitou para interagir com o Atl\u00e9tico, falando que &#8220;todos amam o Filipinho&#8221;. O lateral renovou com o Rubro-Negro por mais uma temporada.<\/p>\n\n\n\n<p><em>\u2014 Como gostamos de te ver de novo, Filipe. Aqui sempre ter\u00e1 a sua casa<\/em>, escreveu o perfil oficial do Atl\u00e9tico.<\/p>\n\n\n\n<p><em>\u2014 Ol\u00e1, Atleticos, sou Filipe Lu\u00eds. Estou aqui outra vez fazendo uma visita para os meus ex-companheiros. \u00c9 uma alegria imensa estar aqui, senti saudades<\/em>, disse o jogador em um v\u00eddeo.<\/p>\n\n\n\n<p>Apesar de ter renovado para atuar por mais uma temporada, Filipe j\u00e1 come\u00e7a a tra\u00e7ar os planos para a aposentadoria. O jogador j\u00e1 admitiu em uma entrevista que se Diego Simeone ligar &#8220;iria amanh\u00e3 mesmo ajud\u00e1-lo&#8221;, se mostrando disposto a fazer parte da comiss\u00e3o t\u00e9cnica do Cholo.<\/p>\n\n\n\n<figure class=\"wp-block-embed is-type-rich is-provider-twitter wp-block-embed-twitter\"><div class=\"wp-block-embed__wrapper\">\n<blockquote class=\"twitter-tweet\" data-width=\"550\" data-dnt=\"true\"><p lang=\"es\" dir=\"ltr\">\u00a1Hoy hemos tenido una visita muy especial! <br><br>\ud83e\udd29\ud83c\udde7\ud83c\uddf7 <a href=\"https:\/\/twitter.com\/filipeluis?ref_src=twsrc%5Etfw\">@FilipeLuis<\/a> <a href=\"https:\/\/t.co\/2ziqCo14xY\">pic.twitter.com\/2ziqCo14xY<\/a><\/p>&mdash; Atl\u00e9tico de Madrid (@Atleti) <a href=\"https:\/\/twitter.com\/Atleti\/status\/1600546352936935425?ref_src=twsrc%5Etfw\">December 7, 2022<\/a><\/blockquote><script async src=\"https:\/\/platform.twitter.com\/widgets.js\" charset=\"utf-8\"><\/script>\n<\/div><\/figure>\n\n\n\n<figure class=\"wp-block-embed is-type-rich is-provider-twitter wp-block-embed-twitter\"><div class=\"wp-block-embed__wrapper\">\nhttps:\/\/twitter.com\/Flamengo_en\/status\/1600581737611935767?ref_src=twsrc%5Etfw\n<\/div><figcaption class=\"wp-element-caption\">Retirado de: UOL<br><\/figcaption><\/figure>\n","protected":false},"excerpt":{"rendered":"<p>O lateral-esquerdo Filipe Lu\u00eds visitou, hoje (7), o centro de treinamento do Atl\u00e9tico de Madrid, da Espanha. O jogador \u00e9 \u00eddolo no clube e foi rever os antigos companheiros em momento registrado pelos espanh\u00f3is nas redes sociais. O perfil em ingl\u00eas do Flamengo aproveitou para interagir com o Atl\u00e9tico, falando que &#8220;todos amam o Filipinho&#8221;. [&hellip;]<\/p>\n","protected":false},"author":1,"featured_media":85678,"comment_status":"open","ping_status":"closed","sticky":false,"template":"","format":"standard","meta":{"footnotes":""},"categories":[1],"tags":[],"class_list":["post-91687","post","type-post","status-publish","format-standard","has-post-thumbnail","hentry","category-flamengo"],"yoast_head":"<!-- This site is optimized with the Yoast SEO Premium plugin v24.2 (Yoast SEO v26.9) - https:\/\/yoast.com\/product\/yoast-seo-premium-wordpress\/ -->\n<title>Por conta de Filipe Lu\u00eds, Flamengo publica resposta para o Atl\u00e9tico de Madrid<\/title>\n<meta name=\"robots\" content=\"index, follow, max-snippet:-1, max-image-preview:large, max-video-preview:-1\" \/>\n<link rel=\"canonical\" href=\"https:\/\/www.gaveanews.com\/index.php\/2022\/12\/07\/por-conta-de-filipe-luis-flamengo-publica-resposta-para-o-atletico-de-madrid\/\" \/>\n<meta property=\"og:locale\" content=\"pt_BR\" \/>\n<meta property=\"og:type\" content=\"article\" \/>\n<meta property=\"og:title\" content=\"Por conta de Filipe Lu\u00eds, Flamengo publica resposta para o Atl\u00e9tico de Madrid\" \/>\n<meta property=\"og:description\" content=\"O lateral-esquerdo Filipe Lu\u00eds visitou, hoje (7), o centro de treinamento do Atl\u00e9tico de Madrid, da Espanha. O jogador \u00e9 \u00eddolo no clube e foi rever os antigos companheiros em momento registrado pelos espanh\u00f3is nas redes sociais. O perfil em ingl\u00eas do Flamengo aproveitou para interagir com o Atl\u00e9tico, falando que &#8220;todos amam o Filipinho&#8221;. [&hellip;]\" \/>\n<meta property=\"og:url\" content=\"https:\/\/www.gaveanews.com\/index.php\/2022\/12\/07\/por-conta-de-filipe-luis-flamengo-publica-resposta-para-o-atletico-de-madrid\/\" \/>\n<meta property=\"og:site_name\" content=\"G\u00e1vea News\" \/>\n<meta property=\"article:publisher\" content=\"https:\/\/facebook.com\/gaveaNews\/\" \/>\n<meta property=\"article:published_time\" content=\"2022-12-07T21:36:41+00:00\" \/>\n<meta property=\"article:modified_time\" content=\"2022-12-07T21:36:44+00:00\" \/>\n<meta property=\"og:image\" content=\"https:\/\/www.gaveanews.com\/wp-content\/uploads\/Filipe-Luis-em-jogo-do-Flamengo-contra-o-Corinthians-pela-Libertadores.webp\" \/>\n\t<meta property=\"og:image:width\" content=\"800\" \/>\n\t<meta property=\"og:image:height\" content=\"533\" \/>\n\t<meta property=\"og:image:type\" content=\"image\/jpeg\" \/>\n<meta name=\"author\" content=\"Equipe G\u00e1vea News\" \/>\n<meta name=\"twitter:card\" content=\"summary_large_image\" \/>\n<meta name=\"twitter:label1\" content=\"Escrito por\" \/>\n\t<meta name=\"twitter:data1\" content=\"Equipe G\u00e1vea News\" \/>\n\t<meta name=\"twitter:label2\" content=\"Est. tempo de leitura\" \/>\n\t<meta name=\"twitter:data2\" content=\"1 minuto\" \/>\n<script type=\"application\/ld+json\" class=\"yoast-schema-graph\">{\"@context\":\"https:\/\/schema.org\",\"@graph\":[{\"@type\":\"NewsArticle\",\"@id\":\"https:\/\/www.gaveanews.com\/index.php\/2022\/12\/07\/por-conta-de-filipe-luis-flamengo-publica-resposta-para-o-atletico-de-madrid\/#article\",\"isPartOf\":{\"@id\":\"https:\/\/www.gaveanews.com\/index.php\/2022\/12\/07\/por-conta-de-filipe-luis-flamengo-publica-resposta-para-o-atletico-de-madrid\/\"},\"author\":{\"name\":\"Equipe G\u00e1vea News\",\"@id\":\"https:\/\/www.gaveanews.com\/#\/schema\/person\/2ec14f73fb96be2caf28f91afb14749d\"},\"headline\":\"Por conta de Filipe Lu\u00eds, Flamengo publica resposta para o Atl\u00e9tico de Madrid\",\"datePublished\":\"2022-12-07T21:36:41+00:00\",\"dateModified\":\"2022-12-07T21:36:44+00:00\",\"mainEntityOfPage\":{\"@id\":\"https:\/\/www.gaveanews.com\/index.php\/2022\/12\/07\/por-conta-de-filipe-luis-flamengo-publica-resposta-para-o-atletico-de-madrid\/\"},\"wordCount\":209,\"commentCount\":0,\"image\":{\"@id\":\"https:\/\/www.gaveanews.com\/index.php\/2022\/12\/07\/por-conta-de-filipe-luis-flamengo-publica-resposta-para-o-atletico-de-madrid\/#primaryimage\"},\"thumbnailUrl\":\"https:\/\/www.gaveanews.com\/wp-content\/uploads\/Filipe-Luis-em-jogo-do-Flamengo-contra-o-Corinthians-pela-Libertadores.webp\",\"articleSection\":[\"Flamengo\"],\"inLanguage\":\"pt-BR\",\"potentialAction\":[{\"@type\":\"CommentAction\",\"name\":\"Comment\",\"target\":[\"https:\/\/www.gaveanews.com\/index.php\/2022\/12\/07\/por-conta-de-filipe-luis-flamengo-publica-resposta-para-o-atletico-de-madrid\/#respond\"]}],\"copyrightYear\":\"2022\",\"copyrightHolder\":{\"@id\":\"https:\/\/www.gaveanews.com\/#organization\"}},{\"@type\":\"WebPage\",\"@id\":\"https:\/\/www.gaveanews.com\/index.php\/2022\/12\/07\/por-conta-de-filipe-luis-flamengo-publica-resposta-para-o-atletico-de-madrid\/\",\"url\":\"https:\/\/www.gaveanews.com\/index.php\/2022\/12\/07\/por-conta-de-filipe-luis-flamengo-publica-resposta-para-o-atletico-de-madrid\/\",\"name\":\"Por conta de Filipe Lu\u00eds, Flamengo publica resposta para o Atl\u00e9tico de Madrid\",\"isPartOf\":{\"@id\":\"https:\/\/www.gaveanews.com\/#website\"},\"primaryImageOfPage\":{\"@id\":\"https:\/\/www.gaveanews.com\/index.php\/2022\/12\/07\/por-conta-de-filipe-luis-flamengo-publica-resposta-para-o-atletico-de-madrid\/#primaryimage\"},\"image\":{\"@id\":\"https:\/\/www.gaveanews.com\/index.php\/2022\/12\/07\/por-conta-de-filipe-luis-flamengo-publica-resposta-para-o-atletico-de-madrid\/#primaryimage\"},\"thumbnailUrl\":\"https:\/\/www.gaveanews.com\/wp-content\/uploads\/Filipe-Luis-em-jogo-do-Flamengo-contra-o-Corinthians-pela-Libertadores.webp\",\"datePublished\":\"2022-12-07T21:36:41+00:00\",\"dateModified\":\"2022-12-07T21:36:44+00:00\",\"author\":{\"@id\":\"https:\/\/www.gaveanews.com\/#\/schema\/person\/2ec14f73fb96be2caf28f91afb14749d\"},\"breadcrumb\":{\"@id\":\"https:\/\/www.gaveanews.com\/index.php\/2022\/12\/07\/por-conta-de-filipe-luis-flamengo-publica-resposta-para-o-atletico-de-madrid\/#breadcrumb\"},\"inLanguage\":\"pt-BR\",\"potentialAction\":[{\"@type\":\"ReadAction\",\"target\":[\"https:\/\/www.gaveanews.com\/index.php\/2022\/12\/07\/por-conta-de-filipe-luis-flamengo-publica-resposta-para-o-atletico-de-madrid\/\"]}]},{\"@type\":\"ImageObject\",\"inLanguage\":\"pt-BR\",\"@id\":\"https:\/\/www.gaveanews.com\/index.php\/2022\/12\/07\/por-conta-de-filipe-luis-flamengo-publica-resposta-para-o-atletico-de-madrid\/#primaryimage\",\"url\":\"https:\/\/www.gaveanews.com\/wp-content\/uploads\/Filipe-Luis-em-jogo-do-Flamengo-contra-o-Corinthians-pela-Libertadores.webp\",\"contentUrl\":\"https:\/\/www.gaveanews.com\/wp-content\/uploads\/Filipe-Luis-em-jogo-do-Flamengo-contra-o-Corinthians-pela-Libertadores.webp\",\"width\":800,\"height\":533,\"caption\":\"Filipe Lu\u00eds em jogo do Flamengo contra o Corinthians pela Libertadores (Foto: Marcelo Cortes\/Flamengo)\"},{\"@type\":\"BreadcrumbList\",\"@id\":\"https:\/\/www.gaveanews.com\/index.php\/2022\/12\/07\/por-conta-de-filipe-luis-flamengo-publica-resposta-para-o-atletico-de-madrid\/#breadcrumb\",\"itemListElement\":[{\"@type\":\"ListItem\",\"position\":1,\"name\":\"Home\",\"item\":\"https:\/\/www.gaveanews.com\/\"},{\"@type\":\"ListItem\",\"position\":2,\"name\":\"Por conta de Filipe Lu\u00eds, Flamengo publica resposta para o Atl\u00e9tico de Madrid\"}]},{\"@type\":\"WebSite\",\"@id\":\"https:\/\/www.gaveanews.com\/#website\",\"url\":\"https:\/\/www.gaveanews.com\/\",\"name\":\"G\u00e1vea News\",\"description\":\"Veja todas as not\u00edcias sobre o Flamengo: Contrata\u00e7\u00f5es, categorias de base, resultados das partidas, tabela de classifica\u00e7\u00e3o, pr\u00f3ximos jogos!\",\"potentialAction\":[{\"@type\":\"SearchAction\",\"target\":{\"@type\":\"EntryPoint\",\"urlTemplate\":\"https:\/\/www.gaveanews.com\/?s={search_term_string}\"},\"query-input\":{\"@type\":\"PropertyValueSpecification\",\"valueRequired\":true,\"valueName\":\"search_term_string\"}}],\"inLanguage\":\"pt-BR\"},{\"@type\":\"Person\",\"@id\":\"https:\/\/www.gaveanews.com\/#\/schema\/person\/2ec14f73fb96be2caf28f91afb14749d\",\"name\":\"Equipe G\u00e1vea News\",\"image\":{\"@type\":\"ImageObject\",\"inLanguage\":\"pt-BR\",\"@id\":\"https:\/\/www.gaveanews.com\/#\/schema\/person\/image\/\",\"url\":\"https:\/\/secure.gravatar.com\/avatar\/1e1956f1facbffd3f8fa53a326721950116b3b9dc9bd44939c01180fd4a745a9?s=96&d=mm&r=g\",\"contentUrl\":\"https:\/\/secure.gravatar.com\/avatar\/1e1956f1facbffd3f8fa53a326721950116b3b9dc9bd44939c01180fd4a745a9?s=96&d=mm&r=g\",\"caption\":\"Equipe G\u00e1vea News\"}}]}<\/script>\n<!-- \/ Yoast SEO Premium plugin. -->","yoast_head_json":{"title":"Por conta de Filipe Lu\u00eds, Flamengo publica resposta para o Atl\u00e9tico de Madrid","robots":{"index":"index","follow":"follow","max-snippet":"max-snippet:-1","max-image-preview":"max-image-preview:large","max-video-preview":"max-video-preview:-1"},"canonical":"https:\/\/www.gaveanews.com\/index.php\/2022\/12\/07\/por-conta-de-filipe-luis-flamengo-publica-resposta-para-o-atletico-de-madrid\/","og_locale":"pt_BR","og_type":"article","og_title":"Por conta de Filipe Lu\u00eds, Flamengo publica resposta para o Atl\u00e9tico de Madrid","og_description":"O lateral-esquerdo Filipe Lu\u00eds visitou, hoje (7), o centro de treinamento do Atl\u00e9tico de Madrid, da Espanha. O jogador \u00e9 \u00eddolo no clube e foi rever os antigos companheiros em momento registrado pelos espanh\u00f3is nas redes sociais. O perfil em ingl\u00eas do Flamengo aproveitou para interagir com o Atl\u00e9tico, falando que &#8220;todos amam o Filipinho&#8221;. [&hellip;]","og_url":"https:\/\/www.gaveanews.com\/index.php\/2022\/12\/07\/por-conta-de-filipe-luis-flamengo-publica-resposta-para-o-atletico-de-madrid\/","og_site_name":"G\u00e1vea News","article_publisher":"https:\/\/facebook.com\/gaveaNews\/","article_published_time":"2022-12-07T21:36:41+00:00","article_modified_time":"2022-12-07T21:36:44+00:00","og_image":[{"width":800,"height":533,"url":"https:\/\/www.gaveanews.com\/wp-content\/uploads\/Filipe-Luis-em-jogo-do-Flamengo-contra-o-Corinthians-pela-Libertadores.webp","type":"image\/jpeg"}],"author":"Equipe G\u00e1vea News","twitter_card":"summary_large_image","twitter_misc":{"Escrito por":"Equipe G\u00e1vea News","Est. tempo de leitura":"1 minuto"},"schema":{"@context":"https:\/\/schema.org","@graph":[{"@type":"NewsArticle","@id":"https:\/\/www.gaveanews.com\/index.php\/2022\/12\/07\/por-conta-de-filipe-luis-flamengo-publica-resposta-para-o-atletico-de-madrid\/#article","isPartOf":{"@id":"https:\/\/www.gaveanews.com\/index.php\/2022\/12\/07\/por-conta-de-filipe-luis-flamengo-publica-resposta-para-o-atletico-de-madrid\/"},"author":{"name":"Equipe G\u00e1vea News","@id":"https:\/\/www.gaveanews.com\/#\/schema\/person\/2ec14f73fb96be2caf28f91afb14749d"},"headline":"Por conta de Filipe Lu\u00eds, Flamengo publica resposta para o Atl\u00e9tico de Madrid","datePublished":"2022-12-07T21:36:41+00:00","dateModified":"2022-12-07T21:36:44+00:00","mainEntityOfPage":{"@id":"https:\/\/www.gaveanews.com\/index.php\/2022\/12\/07\/por-conta-de-filipe-luis-flamengo-publica-resposta-para-o-atletico-de-madrid\/"},"wordCount":209,"commentCount":0,"image":{"@id":"https:\/\/www.gaveanews.com\/index.php\/2022\/12\/07\/por-conta-de-filipe-luis-flamengo-publica-resposta-para-o-atletico-de-madrid\/#primaryimage"},"thumbnailUrl":"https:\/\/www.gaveanews.com\/wp-content\/uploads\/Filipe-Luis-em-jogo-do-Flamengo-contra-o-Corinthians-pela-Libertadores.webp","articleSection":["Flamengo"],"inLanguage":"pt-BR","potentialAction":[{"@type":"CommentAction","name":"Comment","target":["https:\/\/www.gaveanews.com\/index.php\/2022\/12\/07\/por-conta-de-filipe-luis-flamengo-publica-resposta-para-o-atletico-de-madrid\/#respond"]}],"copyrightYear":"2022","copyrightHolder":{"@id":"https:\/\/www.gaveanews.com\/#organization"}},{"@type":"WebPage","@id":"https:\/\/www.gaveanews.com\/index.php\/2022\/12\/07\/por-conta-de-filipe-luis-flamengo-publica-resposta-para-o-atletico-de-madrid\/","url":"https:\/\/www.gaveanews.com\/index.php\/2022\/12\/07\/por-conta-de-filipe-luis-flamengo-publica-resposta-para-o-atletico-de-madrid\/","name":"Por conta de Filipe Lu\u00eds, Flamengo publica resposta para o Atl\u00e9tico de Madrid","isPartOf":{"@id":"https:\/\/www.gaveanews.com\/#website"},"primaryImageOfPage":{"@id":"https:\/\/www.gaveanews.com\/index.php\/2022\/12\/07\/por-conta-de-filipe-luis-flamengo-publica-resposta-para-o-atletico-de-madrid\/#primaryimage"},"image":{"@id":"https:\/\/www.gaveanews.com\/index.php\/2022\/12\/07\/por-conta-de-filipe-luis-flamengo-publica-resposta-para-o-atletico-de-madrid\/#primaryimage"},"thumbnailUrl":"https:\/\/www.gaveanews.com\/wp-content\/uploads\/Filipe-Luis-em-jogo-do-Flamengo-contra-o-Corinthians-pela-Libertadores.webp","datePublished":"2022-12-07T21:36:41+00:00","dateModified":"2022-12-07T21:36:44+00:00","author":{"@id":"https:\/\/www.gaveanews.com\/#\/schema\/person\/2ec14f73fb96be2caf28f91afb14749d"},"breadcrumb":{"@id":"https:\/\/www.gaveanews.com\/index.php\/2022\/12\/07\/por-conta-de-filipe-luis-flamengo-publica-resposta-para-o-atletico-de-madrid\/#breadcrumb"},"inLanguage":"pt-BR","potentialAction":[{"@type":"ReadAction","target":["https:\/\/www.gaveanews.com\/index.php\/2022\/12\/07\/por-conta-de-filipe-luis-flamengo-publica-resposta-para-o-atletico-de-madrid\/"]}]},{"@type":"ImageObject","inLanguage":"pt-BR","@id":"https:\/\/www.gaveanews.com\/index.php\/2022\/12\/07\/por-conta-de-filipe-luis-flamengo-publica-resposta-para-o-atletico-de-madrid\/#primaryimage","url":"https:\/\/www.gaveanews.com\/wp-content\/uploads\/Filipe-Luis-em-jogo-do-Flamengo-contra-o-Corinthians-pela-Libertadores.webp","contentUrl":"https:\/\/www.gaveanews.com\/wp-content\/uploads\/Filipe-Luis-em-jogo-do-Flamengo-contra-o-Corinthians-pela-Libertadores.webp","width":800,"height":533,"caption":"Filipe Lu\u00eds em jogo do Flamengo contra o Corinthians pela Libertadores (Foto: Marcelo Cortes\/Flamengo)"},{"@type":"BreadcrumbList","@id":"https:\/\/www.gaveanews.com\/index.php\/2022\/12\/07\/por-conta-de-filipe-luis-flamengo-publica-resposta-para-o-atletico-de-madrid\/#breadcrumb","itemListElement":[{"@type":"ListItem","position":1,"name":"Home","item":"https:\/\/www.gaveanews.com\/"},{"@type":"ListItem","position":2,"name":"Por conta de Filipe Lu\u00eds, Flamengo publica resposta para o Atl\u00e9tico de Madrid"}]},{"@type":"WebSite","@id":"https:\/\/www.gaveanews.com\/#website","url":"https:\/\/www.gaveanews.com\/","name":"G\u00e1vea News","description":"Veja todas as not\u00edcias sobre o Flamengo: Contrata\u00e7\u00f5es, categorias de base, resultados das partidas, tabela de classifica\u00e7\u00e3o, pr\u00f3ximos jogos!","potentialAction":[{"@type":"SearchAction","target":{"@type":"EntryPoint","urlTemplate":"https:\/\/www.gaveanews.com\/?s={search_term_string}"},"query-input":{"@type":"PropertyValueSpecification","valueRequired":true,"valueName":"search_term_string"}}],"inLanguage":"pt-BR"},{"@type":"Person","@id":"https:\/\/www.gaveanews.com\/#\/schema\/person\/2ec14f73fb96be2caf28f91afb14749d","name":"Equipe G\u00e1vea News","image":{"@type":"ImageObject","inLanguage":"pt-BR","@id":"https:\/\/www.gaveanews.com\/#\/schema\/person\/image\/","url":"https:\/\/secure.gravatar.com\/avatar\/1e1956f1facbffd3f8fa53a326721950116b3b9dc9bd44939c01180fd4a745a9?s=96&d=mm&r=g","contentUrl":"https:\/\/secure.gravatar.com\/avatar\/1e1956f1facbffd3f8fa53a326721950116b3b9dc9bd44939c01180fd4a745a9?s=96&d=mm&r=g","caption":"Equipe G\u00e1vea News"}}]}},"_links":{"self":[{"href":"https:\/\/www.gaveanews.com\/index.php\/wp-json\/wp\/v2\/posts\/91687","targetHints":{"allow":["GET"]}}],"collection":[{"href":"https:\/\/www.gaveanews.com\/index.php\/wp-json\/wp\/v2\/posts"}],"about":[{"href":"https:\/\/www.gaveanews.com\/index.php\/wp-json\/wp\/v2\/types\/post"}],"author":[{"embeddable":true,"href":"https:\/\/www.gaveanews.com\/index.php\/wp-json\/wp\/v2\/users\/1"}],"replies":[{"embeddable":true,"href":"https:\/\/www.gaveanews.com\/index.php\/wp-json\/wp\/v2\/comments?post=91687"}],"version-history":[{"count":0,"href":"https:\/\/www.gaveanews.com\/index.php\/wp-json\/wp\/v2\/posts\/91687\/revisions"}],"wp:featuredmedia":[{"embeddable":true,"href":"https:\/\/www.gaveanews.com\/index.php\/wp-json\/wp\/v2\/media\/85678"}],"wp:attachment":[{"href":"https:\/\/www.gaveanews.com\/index.php\/wp-json\/wp\/v2\/media?parent=91687"}],"wp:term":[{"taxonomy":"category","embeddable":true,"href":"https:\/\/www.gaveanews.com\/index.php\/wp-json\/wp\/v2\/categories?post=91687"},{"taxonomy":"post_tag","embeddable":true,"href":"https:\/\/www.gaveanews.com\/index.php\/wp-json\/wp\/v2\/tags?post=91687"}],"curies":[{"name":"wp","href":"https:\/\/api.w.org\/{rel}","templated":true}]}}