{"id":91708,"date":"2022-12-08T01:11:47","date_gmt":"2022-12-08T04:11:47","guid":{"rendered":"https:\/\/www.gaveanews.com\/?p=91708"},"modified":"2022-12-08T01:11:59","modified_gmt":"2022-12-08T04:11:59","slug":"jornal-especula-potes-para-o-sorteio-da-libertadores-2023","status":"publish","type":"post","link":"https:\/\/www.gaveanews.com\/index.php\/2022\/12\/08\/jornal-especula-potes-para-o-sorteio-da-libertadores-2023\/","title":{"rendered":"Jornal especula potes para o sorteio da Copa Libertadores 2023"},"content":{"rendered":"\n<p>No dia 21 de dezembro, \u00e0s 12 (hor\u00e1rio de Bras\u00edlia) ser\u00e1 realizado o sorteio dos grupos e fases preliminares da Libertadores 2023. O evento ser\u00e1 realizado na sede da Conmebol.<\/p>\n\n\n\n<p>Como atual campe\u00e3o, o Flamengo al\u00e9m de ser o time a ser batido na pr\u00f3xima edi\u00e7\u00e3o da competi\u00e7\u00e3o continental, vai ser o cabe\u00e7a de chave n\u00famero 1, ficando automaticamente no primeiro grupo.<\/p>\n\n\n\n<p>Usando o ranking da Conmebol como par\u00e2metro, o jornal \u2018O Lance\u2019 fez uma especula\u00e7\u00e3o dos potes, com os clubes que v\u00e3o participar da Libertadores 2023. A ordem ainda n\u00e3o foi confirmada pela entidade que organiza a competi\u00e7\u00e3o, mas a vers\u00e3o oficial n\u00e3o deve fugir muito disso.<\/p>\n\n\n\n<p><strong>Veja abaixo a especula\u00e7\u00e3o dos potes para a Libertadores 2023:<\/strong><\/p>\n\n\n\n<p>Pote 1:<\/p>\n\n\n\n<ul class=\"wp-block-list\">\n<li>Flamengo<\/li>\n\n\n\n<li>River Plate (ARG)<\/li>\n\n\n\n<li>Palmeiras<\/li>\n\n\n\n<li>Boca Juniors (ARG)<\/li>\n\n\n\n<li>Nacional (URU)<\/li>\n\n\n\n<li>Athletico-PR<\/li>\n\n\n\n<li>Independiente Del Valle (EQU)<\/li>\n\n\n\n<li>Olimpia (PAR)<\/li>\n<\/ul>\n\n\n\n<p>Pote 2:<\/p>\n\n\n\n<ul class=\"wp-block-list\">\n<li>Libertad (PAR)<\/li>\n\n\n\n<li>Atl\u00e9tico Nacional (COL)<\/li>\n\n\n\n<li>Internacional<\/li>\n\n\n\n<li>Barcelona (EQU)<\/li>\n\n\n\n<li>Racing (ARG)<\/li>\n\n\n\n<li>Corinthians<\/li>\n\n\n\n<li>Colo Colo (CHI)<\/li>\n\n\n\n<li>Fluminense<\/li>\n<\/ul>\n\n\n\n<p>Pote 3:<\/p>\n\n\n\n<ul class=\"wp-block-list\">\n<li>Bolivar (BOL)<\/li>\n\n\n\n<li>The Strongest (BOL)<\/li>\n\n\n\n<li>Melgar (PER)<\/li>\n\n\n\n<li>Alianza Lima (PER)<\/li>\n\n\n\n<li>Argentinos Juniors (ARG)<\/li>\n\n\n\n<li>Metropolitanos (VEN)<\/li>\n\n\n\n<li>Aucas (EQU)<\/li>\n\n\n\n<li>Liverpool (URU) \/ Independiente Medelin (COL)<\/li>\n<\/ul>\n\n\n\n<p>Pote 4:<\/p>\n\n\n\n<ul class=\"wp-block-list\">\n<li>Monagas (VEN)<\/li>\n\n\n\n<li>\u00d1ublense (CHI)<\/li>\n\n\n\n<li>Patronato (ARG)<\/li>\n\n\n\n<li>Liverpool (URU) \/ Deportivo Pereira (COL)<\/li>\n\n\n\n<li>Confronto 1<\/li>\n\n\n\n<li>Confronto 2<\/li>\n\n\n\n<li>Confronto 3<\/li>\n\n\n\n<li>Confronto 4<\/li>\n<\/ul>\n\n\n\n<p>Retirado de: Di\u00e1rio do Fla<\/p>\n","protected":false},"excerpt":{"rendered":"<p>No dia 21 de dezembro, \u00e0s 12 (hor\u00e1rio de Bras\u00edlia) ser\u00e1 realizado o sorteio dos grupos e fases preliminares da Libertadores 2023. O evento ser\u00e1 realizado na sede da Conmebol. Como atual campe\u00e3o, o Flamengo al\u00e9m de ser o time a ser batido na pr\u00f3xima edi\u00e7\u00e3o da competi\u00e7\u00e3o continental, vai ser o cabe\u00e7a de chave [&hellip;]<\/p>\n","protected":false},"author":1,"featured_media":35738,"comment_status":"open","ping_status":"closed","sticky":false,"template":"","format":"standard","meta":{"footnotes":""},"categories":[1],"tags":[],"class_list":["post-91708","post","type-post","status-publish","format-standard","has-post-thumbnail","hentry","category-flamengo"],"yoast_head":"<!-- This site is optimized with the Yoast SEO Premium plugin v24.2 (Yoast SEO v26.9) - https:\/\/yoast.com\/product\/yoast-seo-premium-wordpress\/ -->\n<title>Jornal especula potes para o sorteio da Copa Libertadores 2023<\/title>\n<meta name=\"robots\" content=\"index, follow, max-snippet:-1, max-image-preview:large, max-video-preview:-1\" \/>\n<link rel=\"canonical\" href=\"https:\/\/www.gaveanews.com\/index.php\/2022\/12\/08\/jornal-especula-potes-para-o-sorteio-da-libertadores-2023\/\" \/>\n<meta property=\"og:locale\" content=\"pt_BR\" \/>\n<meta property=\"og:type\" content=\"article\" \/>\n<meta property=\"og:title\" content=\"Jornal especula potes para o sorteio da Copa Libertadores 2023\" \/>\n<meta property=\"og:description\" content=\"No dia 21 de dezembro, \u00e0s 12 (hor\u00e1rio de Bras\u00edlia) ser\u00e1 realizado o sorteio dos grupos e fases preliminares da Libertadores 2023. O evento ser\u00e1 realizado na sede da Conmebol. Como atual campe\u00e3o, o Flamengo al\u00e9m de ser o time a ser batido na pr\u00f3xima edi\u00e7\u00e3o da competi\u00e7\u00e3o continental, vai ser o cabe\u00e7a de chave [&hellip;]\" \/>\n<meta property=\"og:url\" content=\"https:\/\/www.gaveanews.com\/index.php\/2022\/12\/08\/jornal-especula-potes-para-o-sorteio-da-libertadores-2023\/\" \/>\n<meta property=\"og:site_name\" content=\"G\u00e1vea News\" \/>\n<meta property=\"article:publisher\" content=\"https:\/\/facebook.com\/gaveaNews\/\" \/>\n<meta property=\"article:published_time\" content=\"2022-12-08T04:11:47+00:00\" \/>\n<meta property=\"article:modified_time\" content=\"2022-12-08T04:11:59+00:00\" \/>\n<meta property=\"og:image\" content=\"https:\/\/www.gaveanews.com\/wp-content\/uploads\/Logomarca-da-Conmebol.webp\" \/>\n\t<meta property=\"og:image:width\" content=\"1162\" \/>\n\t<meta property=\"og:image:height\" content=\"751\" \/>\n\t<meta property=\"og:image:type\" content=\"image\/jpeg\" \/>\n<meta name=\"author\" content=\"Equipe G\u00e1vea News\" \/>\n<meta name=\"twitter:card\" content=\"summary_large_image\" \/>\n<meta name=\"twitter:label1\" content=\"Escrito por\" \/>\n\t<meta name=\"twitter:data1\" content=\"Equipe G\u00e1vea News\" \/>\n\t<meta name=\"twitter:label2\" content=\"Est. tempo de leitura\" \/>\n\t<meta name=\"twitter:data2\" content=\"2 minutos\" \/>\n<script type=\"application\/ld+json\" class=\"yoast-schema-graph\">{\"@context\":\"https:\/\/schema.org\",\"@graph\":[{\"@type\":\"NewsArticle\",\"@id\":\"https:\/\/www.gaveanews.com\/index.php\/2022\/12\/08\/jornal-especula-potes-para-o-sorteio-da-libertadores-2023\/#article\",\"isPartOf\":{\"@id\":\"https:\/\/www.gaveanews.com\/index.php\/2022\/12\/08\/jornal-especula-potes-para-o-sorteio-da-libertadores-2023\/\"},\"author\":{\"name\":\"Equipe G\u00e1vea News\",\"@id\":\"https:\/\/www.gaveanews.com\/#\/schema\/person\/2ec14f73fb96be2caf28f91afb14749d\"},\"headline\":\"Jornal especula potes para o sorteio da Copa Libertadores 2023\",\"datePublished\":\"2022-12-08T04:11:47+00:00\",\"dateModified\":\"2022-12-08T04:11:59+00:00\",\"mainEntityOfPage\":{\"@id\":\"https:\/\/www.gaveanews.com\/index.php\/2022\/12\/08\/jornal-especula-potes-para-o-sorteio-da-libertadores-2023\/\"},\"wordCount\":218,\"commentCount\":0,\"image\":{\"@id\":\"https:\/\/www.gaveanews.com\/index.php\/2022\/12\/08\/jornal-especula-potes-para-o-sorteio-da-libertadores-2023\/#primaryimage\"},\"thumbnailUrl\":\"https:\/\/www.gaveanews.com\/wp-content\/uploads\/Logomarca-da-Conmebol.webp\",\"articleSection\":[\"Flamengo\"],\"inLanguage\":\"pt-BR\",\"potentialAction\":[{\"@type\":\"CommentAction\",\"name\":\"Comment\",\"target\":[\"https:\/\/www.gaveanews.com\/index.php\/2022\/12\/08\/jornal-especula-potes-para-o-sorteio-da-libertadores-2023\/#respond\"]}],\"copyrightYear\":\"2022\",\"copyrightHolder\":{\"@id\":\"https:\/\/www.gaveanews.com\/#organization\"}},{\"@type\":\"WebPage\",\"@id\":\"https:\/\/www.gaveanews.com\/index.php\/2022\/12\/08\/jornal-especula-potes-para-o-sorteio-da-libertadores-2023\/\",\"url\":\"https:\/\/www.gaveanews.com\/index.php\/2022\/12\/08\/jornal-especula-potes-para-o-sorteio-da-libertadores-2023\/\",\"name\":\"Jornal especula potes para o sorteio da Copa Libertadores 2023\",\"isPartOf\":{\"@id\":\"https:\/\/www.gaveanews.com\/#website\"},\"primaryImageOfPage\":{\"@id\":\"https:\/\/www.gaveanews.com\/index.php\/2022\/12\/08\/jornal-especula-potes-para-o-sorteio-da-libertadores-2023\/#primaryimage\"},\"image\":{\"@id\":\"https:\/\/www.gaveanews.com\/index.php\/2022\/12\/08\/jornal-especula-potes-para-o-sorteio-da-libertadores-2023\/#primaryimage\"},\"thumbnailUrl\":\"https:\/\/www.gaveanews.com\/wp-content\/uploads\/Logomarca-da-Conmebol.webp\",\"datePublished\":\"2022-12-08T04:11:47+00:00\",\"dateModified\":\"2022-12-08T04:11:59+00:00\",\"author\":{\"@id\":\"https:\/\/www.gaveanews.com\/#\/schema\/person\/2ec14f73fb96be2caf28f91afb14749d\"},\"breadcrumb\":{\"@id\":\"https:\/\/www.gaveanews.com\/index.php\/2022\/12\/08\/jornal-especula-potes-para-o-sorteio-da-libertadores-2023\/#breadcrumb\"},\"inLanguage\":\"pt-BR\",\"potentialAction\":[{\"@type\":\"ReadAction\",\"target\":[\"https:\/\/www.gaveanews.com\/index.php\/2022\/12\/08\/jornal-especula-potes-para-o-sorteio-da-libertadores-2023\/\"]}]},{\"@type\":\"ImageObject\",\"inLanguage\":\"pt-BR\",\"@id\":\"https:\/\/www.gaveanews.com\/index.php\/2022\/12\/08\/jornal-especula-potes-para-o-sorteio-da-libertadores-2023\/#primaryimage\",\"url\":\"https:\/\/www.gaveanews.com\/wp-content\/uploads\/Logomarca-da-Conmebol.webp\",\"contentUrl\":\"https:\/\/www.gaveanews.com\/wp-content\/uploads\/Logomarca-da-Conmebol.webp\",\"width\":1162,\"height\":751},{\"@type\":\"BreadcrumbList\",\"@id\":\"https:\/\/www.gaveanews.com\/index.php\/2022\/12\/08\/jornal-especula-potes-para-o-sorteio-da-libertadores-2023\/#breadcrumb\",\"itemListElement\":[{\"@type\":\"ListItem\",\"position\":1,\"name\":\"Home\",\"item\":\"https:\/\/www.gaveanews.com\/\"},{\"@type\":\"ListItem\",\"position\":2,\"name\":\"Jornal especula potes para o sorteio da Copa Libertadores 2023\"}]},{\"@type\":\"WebSite\",\"@id\":\"https:\/\/www.gaveanews.com\/#website\",\"url\":\"https:\/\/www.gaveanews.com\/\",\"name\":\"G\u00e1vea News\",\"description\":\"Veja todas as not\u00edcias sobre o Flamengo: Contrata\u00e7\u00f5es, categorias de base, resultados das partidas, tabela de classifica\u00e7\u00e3o, pr\u00f3ximos jogos!\",\"potentialAction\":[{\"@type\":\"SearchAction\",\"target\":{\"@type\":\"EntryPoint\",\"urlTemplate\":\"https:\/\/www.gaveanews.com\/?s={search_term_string}\"},\"query-input\":{\"@type\":\"PropertyValueSpecification\",\"valueRequired\":true,\"valueName\":\"search_term_string\"}}],\"inLanguage\":\"pt-BR\"},{\"@type\":\"Person\",\"@id\":\"https:\/\/www.gaveanews.com\/#\/schema\/person\/2ec14f73fb96be2caf28f91afb14749d\",\"name\":\"Equipe G\u00e1vea News\",\"image\":{\"@type\":\"ImageObject\",\"inLanguage\":\"pt-BR\",\"@id\":\"https:\/\/www.gaveanews.com\/#\/schema\/person\/image\/\",\"url\":\"https:\/\/secure.gravatar.com\/avatar\/1e1956f1facbffd3f8fa53a326721950116b3b9dc9bd44939c01180fd4a745a9?s=96&d=mm&r=g\",\"contentUrl\":\"https:\/\/secure.gravatar.com\/avatar\/1e1956f1facbffd3f8fa53a326721950116b3b9dc9bd44939c01180fd4a745a9?s=96&d=mm&r=g\",\"caption\":\"Equipe G\u00e1vea News\"}}]}<\/script>\n<!-- \/ Yoast SEO Premium plugin. -->","yoast_head_json":{"title":"Jornal especula potes para o sorteio da Copa Libertadores 2023","robots":{"index":"index","follow":"follow","max-snippet":"max-snippet:-1","max-image-preview":"max-image-preview:large","max-video-preview":"max-video-preview:-1"},"canonical":"https:\/\/www.gaveanews.com\/index.php\/2022\/12\/08\/jornal-especula-potes-para-o-sorteio-da-libertadores-2023\/","og_locale":"pt_BR","og_type":"article","og_title":"Jornal especula potes para o sorteio da Copa Libertadores 2023","og_description":"No dia 21 de dezembro, \u00e0s 12 (hor\u00e1rio de Bras\u00edlia) ser\u00e1 realizado o sorteio dos grupos e fases preliminares da Libertadores 2023. O evento ser\u00e1 realizado na sede da Conmebol. Como atual campe\u00e3o, o Flamengo al\u00e9m de ser o time a ser batido na pr\u00f3xima edi\u00e7\u00e3o da competi\u00e7\u00e3o continental, vai ser o cabe\u00e7a de chave [&hellip;]","og_url":"https:\/\/www.gaveanews.com\/index.php\/2022\/12\/08\/jornal-especula-potes-para-o-sorteio-da-libertadores-2023\/","og_site_name":"G\u00e1vea News","article_publisher":"https:\/\/facebook.com\/gaveaNews\/","article_published_time":"2022-12-08T04:11:47+00:00","article_modified_time":"2022-12-08T04:11:59+00:00","og_image":[{"width":1162,"height":751,"url":"https:\/\/www.gaveanews.com\/wp-content\/uploads\/Logomarca-da-Conmebol.webp","type":"image\/jpeg"}],"author":"Equipe G\u00e1vea News","twitter_card":"summary_large_image","twitter_misc":{"Escrito por":"Equipe G\u00e1vea News","Est. tempo de leitura":"2 minutos"},"schema":{"@context":"https:\/\/schema.org","@graph":[{"@type":"NewsArticle","@id":"https:\/\/www.gaveanews.com\/index.php\/2022\/12\/08\/jornal-especula-potes-para-o-sorteio-da-libertadores-2023\/#article","isPartOf":{"@id":"https:\/\/www.gaveanews.com\/index.php\/2022\/12\/08\/jornal-especula-potes-para-o-sorteio-da-libertadores-2023\/"},"author":{"name":"Equipe G\u00e1vea News","@id":"https:\/\/www.gaveanews.com\/#\/schema\/person\/2ec14f73fb96be2caf28f91afb14749d"},"headline":"Jornal especula potes para o sorteio da Copa Libertadores 2023","datePublished":"2022-12-08T04:11:47+00:00","dateModified":"2022-12-08T04:11:59+00:00","mainEntityOfPage":{"@id":"https:\/\/www.gaveanews.com\/index.php\/2022\/12\/08\/jornal-especula-potes-para-o-sorteio-da-libertadores-2023\/"},"wordCount":218,"commentCount":0,"image":{"@id":"https:\/\/www.gaveanews.com\/index.php\/2022\/12\/08\/jornal-especula-potes-para-o-sorteio-da-libertadores-2023\/#primaryimage"},"thumbnailUrl":"https:\/\/www.gaveanews.com\/wp-content\/uploads\/Logomarca-da-Conmebol.webp","articleSection":["Flamengo"],"inLanguage":"pt-BR","potentialAction":[{"@type":"CommentAction","name":"Comment","target":["https:\/\/www.gaveanews.com\/index.php\/2022\/12\/08\/jornal-especula-potes-para-o-sorteio-da-libertadores-2023\/#respond"]}],"copyrightYear":"2022","copyrightHolder":{"@id":"https:\/\/www.gaveanews.com\/#organization"}},{"@type":"WebPage","@id":"https:\/\/www.gaveanews.com\/index.php\/2022\/12\/08\/jornal-especula-potes-para-o-sorteio-da-libertadores-2023\/","url":"https:\/\/www.gaveanews.com\/index.php\/2022\/12\/08\/jornal-especula-potes-para-o-sorteio-da-libertadores-2023\/","name":"Jornal especula potes para o sorteio da Copa Libertadores 2023","isPartOf":{"@id":"https:\/\/www.gaveanews.com\/#website"},"primaryImageOfPage":{"@id":"https:\/\/www.gaveanews.com\/index.php\/2022\/12\/08\/jornal-especula-potes-para-o-sorteio-da-libertadores-2023\/#primaryimage"},"image":{"@id":"https:\/\/www.gaveanews.com\/index.php\/2022\/12\/08\/jornal-especula-potes-para-o-sorteio-da-libertadores-2023\/#primaryimage"},"thumbnailUrl":"https:\/\/www.gaveanews.com\/wp-content\/uploads\/Logomarca-da-Conmebol.webp","datePublished":"2022-12-08T04:11:47+00:00","dateModified":"2022-12-08T04:11:59+00:00","author":{"@id":"https:\/\/www.gaveanews.com\/#\/schema\/person\/2ec14f73fb96be2caf28f91afb14749d"},"breadcrumb":{"@id":"https:\/\/www.gaveanews.com\/index.php\/2022\/12\/08\/jornal-especula-potes-para-o-sorteio-da-libertadores-2023\/#breadcrumb"},"inLanguage":"pt-BR","potentialAction":[{"@type":"ReadAction","target":["https:\/\/www.gaveanews.com\/index.php\/2022\/12\/08\/jornal-especula-potes-para-o-sorteio-da-libertadores-2023\/"]}]},{"@type":"ImageObject","inLanguage":"pt-BR","@id":"https:\/\/www.gaveanews.com\/index.php\/2022\/12\/08\/jornal-especula-potes-para-o-sorteio-da-libertadores-2023\/#primaryimage","url":"https:\/\/www.gaveanews.com\/wp-content\/uploads\/Logomarca-da-Conmebol.webp","contentUrl":"https:\/\/www.gaveanews.com\/wp-content\/uploads\/Logomarca-da-Conmebol.webp","width":1162,"height":751},{"@type":"BreadcrumbList","@id":"https:\/\/www.gaveanews.com\/index.php\/2022\/12\/08\/jornal-especula-potes-para-o-sorteio-da-libertadores-2023\/#breadcrumb","itemListElement":[{"@type":"ListItem","position":1,"name":"Home","item":"https:\/\/www.gaveanews.com\/"},{"@type":"ListItem","position":2,"name":"Jornal especula potes para o sorteio da Copa Libertadores 2023"}]},{"@type":"WebSite","@id":"https:\/\/www.gaveanews.com\/#website","url":"https:\/\/www.gaveanews.com\/","name":"G\u00e1vea News","description":"Veja todas as not\u00edcias sobre o Flamengo: Contrata\u00e7\u00f5es, categorias de base, resultados das partidas, tabela de classifica\u00e7\u00e3o, pr\u00f3ximos jogos!","potentialAction":[{"@type":"SearchAction","target":{"@type":"EntryPoint","urlTemplate":"https:\/\/www.gaveanews.com\/?s={search_term_string}"},"query-input":{"@type":"PropertyValueSpecification","valueRequired":true,"valueName":"search_term_string"}}],"inLanguage":"pt-BR"},{"@type":"Person","@id":"https:\/\/www.gaveanews.com\/#\/schema\/person\/2ec14f73fb96be2caf28f91afb14749d","name":"Equipe G\u00e1vea News","image":{"@type":"ImageObject","inLanguage":"pt-BR","@id":"https:\/\/www.gaveanews.com\/#\/schema\/person\/image\/","url":"https:\/\/secure.gravatar.com\/avatar\/1e1956f1facbffd3f8fa53a326721950116b3b9dc9bd44939c01180fd4a745a9?s=96&d=mm&r=g","contentUrl":"https:\/\/secure.gravatar.com\/avatar\/1e1956f1facbffd3f8fa53a326721950116b3b9dc9bd44939c01180fd4a745a9?s=96&d=mm&r=g","caption":"Equipe G\u00e1vea News"}}]}},"_links":{"self":[{"href":"https:\/\/www.gaveanews.com\/index.php\/wp-json\/wp\/v2\/posts\/91708","targetHints":{"allow":["GET"]}}],"collection":[{"href":"https:\/\/www.gaveanews.com\/index.php\/wp-json\/wp\/v2\/posts"}],"about":[{"href":"https:\/\/www.gaveanews.com\/index.php\/wp-json\/wp\/v2\/types\/post"}],"author":[{"embeddable":true,"href":"https:\/\/www.gaveanews.com\/index.php\/wp-json\/wp\/v2\/users\/1"}],"replies":[{"embeddable":true,"href":"https:\/\/www.gaveanews.com\/index.php\/wp-json\/wp\/v2\/comments?post=91708"}],"version-history":[{"count":0,"href":"https:\/\/www.gaveanews.com\/index.php\/wp-json\/wp\/v2\/posts\/91708\/revisions"}],"wp:featuredmedia":[{"embeddable":true,"href":"https:\/\/www.gaveanews.com\/index.php\/wp-json\/wp\/v2\/media\/35738"}],"wp:attachment":[{"href":"https:\/\/www.gaveanews.com\/index.php\/wp-json\/wp\/v2\/media?parent=91708"}],"wp:term":[{"taxonomy":"category","embeddable":true,"href":"https:\/\/www.gaveanews.com\/index.php\/wp-json\/wp\/v2\/categories?post=91708"},{"taxonomy":"post_tag","embeddable":true,"href":"https:\/\/www.gaveanews.com\/index.php\/wp-json\/wp\/v2\/tags?post=91708"}],"curies":[{"name":"wp","href":"https:\/\/api.w.org\/{rel}","templated":true}]}}