{"id":91722,"date":"2022-12-08T08:32:32","date_gmt":"2022-12-08T11:32:32","guid":{"rendered":"https:\/\/www.gaveanews.com\/?p=91722"},"modified":"2022-12-08T08:32:35","modified_gmt":"2022-12-08T11:32:35","slug":"jogador-ventilado-no-flamengo-se-aproxima-do-atletico-mg","status":"publish","type":"post","link":"https:\/\/www.gaveanews.com\/index.php\/2022\/12\/08\/jogador-ventilado-no-flamengo-se-aproxima-do-atletico-mg\/","title":{"rendered":"Jogador ventilado no Flamengo se aproxima do Atl\u00e9tico-MG"},"content":{"rendered":"\n<p>Assim como o Flamengo, os demais clubes brasileiros aproveitam o fim antecipado da temporada brasileira para organizar suas equipes e procurar por refor\u00e7os. E enquanto o Mais Querido arruma a casa para receber o novo t\u00e9cnico do time, <a href=\"https:\/\/www.gaveanews.com\/index.php\/2022\/11\/29\/atacante-desejado-pelo-flamengo-firma-acordo-com-o-atletico-mg\/\">o Atl\u00e9tico-MG foi em busca de mais um atleta ventilado na G\u00e1vea.<\/a><\/p>\n\n\n\n<p>Desta vez, a procura foi por Gilberto, lateral-direito do Benfica. O jogador de 29 anos tem experi\u00eancia em clubes cariocas e j\u00e1 atuou em Botafogo, Vasco e Fluminense, al\u00e9m de passagem por Fiorentina, Hellas Verona e Latina, na It\u00e1lia, e Internacional, do Brasil.<\/p>\n\n\n\n<p>De acordo com o jornalista Ven\u00ea Casagrande, o Galo fez a aproxima\u00e7\u00e3o com o jogador e teve sucesso at\u00e9 agora. Os n\u00fameros apresentados inicialmente agradaram e h\u00e1 uma boa chance de a transfer\u00eancia acontecer.<\/p>\n\n\n\n<p>No Flamengo, a liga\u00e7\u00e3o com o defensor se deve \u00e0 vaga deixada no elenco pela sa\u00edda de Rodinei. Caso n\u00e3o acerte com outro lateral-direito neste m\u00eas, o Rubro-Negro iniciar\u00e1 a pr\u00f3xima temporada com Guilhermo Varela e Matheuzinho como op\u00e7\u00f5es para a posi\u00e7\u00e3o.<\/p>\n\n\n\n<p>Vale lembrar que o uruguaio pode desfalcar o time em algumas ocasi\u00f5es pontuais, uma vez que \u00e9 titular na Sele\u00e7\u00e3o do Uruguai e esteve na Copa do Mundo ao lado de Arrascaeta, inclusive.<\/p>\n","protected":false},"excerpt":{"rendered":"<p>Assim como o Flamengo, os demais clubes brasileiros aproveitam o fim antecipado da temporada brasileira para organizar suas equipes e procurar por refor\u00e7os. E enquanto o Mais Querido arruma a casa para receber o novo t\u00e9cnico do time, o Atl\u00e9tico-MG foi em busca de mais um atleta ventilado na G\u00e1vea. Desta vez, a procura foi [&hellip;]<\/p>\n","protected":false},"author":4,"featured_media":91723,"comment_status":"open","ping_status":"closed","sticky":false,"template":"","format":"standard","meta":{"footnotes":""},"categories":[1],"tags":[],"class_list":["post-91722","post","type-post","status-publish","format-standard","has-post-thumbnail","hentry","category-flamengo"],"yoast_head":"<!-- This site is optimized with the Yoast SEO Premium plugin v24.2 (Yoast SEO v26.9) - https:\/\/yoast.com\/product\/yoast-seo-premium-wordpress\/ -->\n<title>Jogador ventilado no Flamengo se aproxima do Atl\u00e9tico-MG<\/title>\n<meta name=\"robots\" content=\"index, follow, max-snippet:-1, max-image-preview:large, max-video-preview:-1\" \/>\n<link rel=\"canonical\" href=\"https:\/\/www.gaveanews.com\/index.php\/2022\/12\/08\/jogador-ventilado-no-flamengo-se-aproxima-do-atletico-mg\/\" \/>\n<meta property=\"og:locale\" content=\"pt_BR\" \/>\n<meta property=\"og:type\" content=\"article\" \/>\n<meta property=\"og:title\" content=\"Jogador ventilado no Flamengo se aproxima do Atl\u00e9tico-MG\" \/>\n<meta property=\"og:description\" content=\"Assim como o Flamengo, os demais clubes brasileiros aproveitam o fim antecipado da temporada brasileira para organizar suas equipes e procurar por refor\u00e7os. E enquanto o Mais Querido arruma a casa para receber o novo t\u00e9cnico do time, o Atl\u00e9tico-MG foi em busca de mais um atleta ventilado na G\u00e1vea. Desta vez, a procura foi [&hellip;]\" \/>\n<meta property=\"og:url\" content=\"https:\/\/www.gaveanews.com\/index.php\/2022\/12\/08\/jogador-ventilado-no-flamengo-se-aproxima-do-atletico-mg\/\" \/>\n<meta property=\"og:site_name\" content=\"G\u00e1vea News\" \/>\n<meta property=\"article:publisher\" content=\"https:\/\/facebook.com\/gaveaNews\/\" \/>\n<meta property=\"article:published_time\" content=\"2022-12-08T11:32:32+00:00\" \/>\n<meta property=\"article:modified_time\" content=\"2022-12-08T11:32:35+00:00\" \/>\n<meta property=\"og:image\" content=\"https:\/\/www.gaveanews.com\/wp-content\/uploads\/gilberto-benfica.webp\" \/>\n\t<meta property=\"og:image:width\" content=\"984\" \/>\n\t<meta property=\"og:image:height\" content=\"699\" \/>\n\t<meta property=\"og:image:type\" content=\"image\/webp\" \/>\n<meta name=\"author\" content=\"Let\u00edcia Gerheim\" \/>\n<meta name=\"twitter:card\" content=\"summary_large_image\" \/>\n<meta name=\"twitter:label1\" content=\"Escrito por\" \/>\n\t<meta name=\"twitter:data1\" content=\"Let\u00edcia Gerheim\" \/>\n\t<meta name=\"twitter:label2\" content=\"Est. tempo de leitura\" \/>\n\t<meta name=\"twitter:data2\" content=\"2 minutos\" \/>\n<script type=\"application\/ld+json\" class=\"yoast-schema-graph\">{\"@context\":\"https:\/\/schema.org\",\"@graph\":[{\"@type\":\"NewsArticle\",\"@id\":\"https:\/\/www.gaveanews.com\/index.php\/2022\/12\/08\/jogador-ventilado-no-flamengo-se-aproxima-do-atletico-mg\/#article\",\"isPartOf\":{\"@id\":\"https:\/\/www.gaveanews.com\/index.php\/2022\/12\/08\/jogador-ventilado-no-flamengo-se-aproxima-do-atletico-mg\/\"},\"author\":{\"name\":\"Let\u00edcia Gerheim\",\"@id\":\"https:\/\/www.gaveanews.com\/#\/schema\/person\/714c67050b836198af2450ba1c142a67\"},\"headline\":\"Jogador ventilado no Flamengo se aproxima do Atl\u00e9tico-MG\",\"datePublished\":\"2022-12-08T11:32:32+00:00\",\"dateModified\":\"2022-12-08T11:32:35+00:00\",\"mainEntityOfPage\":{\"@id\":\"https:\/\/www.gaveanews.com\/index.php\/2022\/12\/08\/jogador-ventilado-no-flamengo-se-aproxima-do-atletico-mg\/\"},\"wordCount\":227,\"commentCount\":0,\"image\":{\"@id\":\"https:\/\/www.gaveanews.com\/index.php\/2022\/12\/08\/jogador-ventilado-no-flamengo-se-aproxima-do-atletico-mg\/#primaryimage\"},\"thumbnailUrl\":\"https:\/\/www.gaveanews.com\/wp-content\/uploads\/gilberto-benfica.webp\",\"articleSection\":[\"Flamengo\"],\"inLanguage\":\"pt-BR\",\"potentialAction\":[{\"@type\":\"CommentAction\",\"name\":\"Comment\",\"target\":[\"https:\/\/www.gaveanews.com\/index.php\/2022\/12\/08\/jogador-ventilado-no-flamengo-se-aproxima-do-atletico-mg\/#respond\"]}],\"copyrightYear\":\"2022\",\"copyrightHolder\":{\"@id\":\"https:\/\/www.gaveanews.com\/#organization\"}},{\"@type\":\"WebPage\",\"@id\":\"https:\/\/www.gaveanews.com\/index.php\/2022\/12\/08\/jogador-ventilado-no-flamengo-se-aproxima-do-atletico-mg\/\",\"url\":\"https:\/\/www.gaveanews.com\/index.php\/2022\/12\/08\/jogador-ventilado-no-flamengo-se-aproxima-do-atletico-mg\/\",\"name\":\"Jogador ventilado no Flamengo se aproxima do Atl\u00e9tico-MG\",\"isPartOf\":{\"@id\":\"https:\/\/www.gaveanews.com\/#website\"},\"primaryImageOfPage\":{\"@id\":\"https:\/\/www.gaveanews.com\/index.php\/2022\/12\/08\/jogador-ventilado-no-flamengo-se-aproxima-do-atletico-mg\/#primaryimage\"},\"image\":{\"@id\":\"https:\/\/www.gaveanews.com\/index.php\/2022\/12\/08\/jogador-ventilado-no-flamengo-se-aproxima-do-atletico-mg\/#primaryimage\"},\"thumbnailUrl\":\"https:\/\/www.gaveanews.com\/wp-content\/uploads\/gilberto-benfica.webp\",\"datePublished\":\"2022-12-08T11:32:32+00:00\",\"dateModified\":\"2022-12-08T11:32:35+00:00\",\"author\":{\"@id\":\"https:\/\/www.gaveanews.com\/#\/schema\/person\/714c67050b836198af2450ba1c142a67\"},\"breadcrumb\":{\"@id\":\"https:\/\/www.gaveanews.com\/index.php\/2022\/12\/08\/jogador-ventilado-no-flamengo-se-aproxima-do-atletico-mg\/#breadcrumb\"},\"inLanguage\":\"pt-BR\",\"potentialAction\":[{\"@type\":\"ReadAction\",\"target\":[\"https:\/\/www.gaveanews.com\/index.php\/2022\/12\/08\/jogador-ventilado-no-flamengo-se-aproxima-do-atletico-mg\/\"]}]},{\"@type\":\"ImageObject\",\"inLanguage\":\"pt-BR\",\"@id\":\"https:\/\/www.gaveanews.com\/index.php\/2022\/12\/08\/jogador-ventilado-no-flamengo-se-aproxima-do-atletico-mg\/#primaryimage\",\"url\":\"https:\/\/www.gaveanews.com\/wp-content\/uploads\/gilberto-benfica.webp\",\"contentUrl\":\"https:\/\/www.gaveanews.com\/wp-content\/uploads\/gilberto-benfica.webp\",\"width\":984,\"height\":699,\"caption\":\"Gilberto em partida pelo Benfica (Foto: Reuters)\"},{\"@type\":\"BreadcrumbList\",\"@id\":\"https:\/\/www.gaveanews.com\/index.php\/2022\/12\/08\/jogador-ventilado-no-flamengo-se-aproxima-do-atletico-mg\/#breadcrumb\",\"itemListElement\":[{\"@type\":\"ListItem\",\"position\":1,\"name\":\"Home\",\"item\":\"https:\/\/www.gaveanews.com\/\"},{\"@type\":\"ListItem\",\"position\":2,\"name\":\"Jogador ventilado no Flamengo se aproxima do Atl\u00e9tico-MG\"}]},{\"@type\":\"WebSite\",\"@id\":\"https:\/\/www.gaveanews.com\/#website\",\"url\":\"https:\/\/www.gaveanews.com\/\",\"name\":\"G\u00e1vea News\",\"description\":\"Veja todas as not\u00edcias sobre o Flamengo: Contrata\u00e7\u00f5es, categorias de base, resultados das partidas, tabela de classifica\u00e7\u00e3o, pr\u00f3ximos jogos!\",\"potentialAction\":[{\"@type\":\"SearchAction\",\"target\":{\"@type\":\"EntryPoint\",\"urlTemplate\":\"https:\/\/www.gaveanews.com\/?s={search_term_string}\"},\"query-input\":{\"@type\":\"PropertyValueSpecification\",\"valueRequired\":true,\"valueName\":\"search_term_string\"}}],\"inLanguage\":\"pt-BR\"},{\"@type\":\"Person\",\"@id\":\"https:\/\/www.gaveanews.com\/#\/schema\/person\/714c67050b836198af2450ba1c142a67\",\"name\":\"Let\u00edcia Gerheim\",\"image\":{\"@type\":\"ImageObject\",\"inLanguage\":\"pt-BR\",\"@id\":\"https:\/\/www.gaveanews.com\/#\/schema\/person\/image\/\",\"url\":\"https:\/\/secure.gravatar.com\/avatar\/60734739c50fcebfbac509e2a826ccd0ff405c019bc73aab9354f19ecad1dcb4?s=96&d=mm&r=g\",\"contentUrl\":\"https:\/\/secure.gravatar.com\/avatar\/60734739c50fcebfbac509e2a826ccd0ff405c019bc73aab9354f19ecad1dcb4?s=96&d=mm&r=g\",\"caption\":\"Let\u00edcia Gerheim\"}}]}<\/script>\n<!-- \/ Yoast SEO Premium plugin. -->","yoast_head_json":{"title":"Jogador ventilado no Flamengo se aproxima do Atl\u00e9tico-MG","robots":{"index":"index","follow":"follow","max-snippet":"max-snippet:-1","max-image-preview":"max-image-preview:large","max-video-preview":"max-video-preview:-1"},"canonical":"https:\/\/www.gaveanews.com\/index.php\/2022\/12\/08\/jogador-ventilado-no-flamengo-se-aproxima-do-atletico-mg\/","og_locale":"pt_BR","og_type":"article","og_title":"Jogador ventilado no Flamengo se aproxima do Atl\u00e9tico-MG","og_description":"Assim como o Flamengo, os demais clubes brasileiros aproveitam o fim antecipado da temporada brasileira para organizar suas equipes e procurar por refor\u00e7os. E enquanto o Mais Querido arruma a casa para receber o novo t\u00e9cnico do time, o Atl\u00e9tico-MG foi em busca de mais um atleta ventilado na G\u00e1vea. Desta vez, a procura foi [&hellip;]","og_url":"https:\/\/www.gaveanews.com\/index.php\/2022\/12\/08\/jogador-ventilado-no-flamengo-se-aproxima-do-atletico-mg\/","og_site_name":"G\u00e1vea News","article_publisher":"https:\/\/facebook.com\/gaveaNews\/","article_published_time":"2022-12-08T11:32:32+00:00","article_modified_time":"2022-12-08T11:32:35+00:00","og_image":[{"width":984,"height":699,"url":"https:\/\/www.gaveanews.com\/wp-content\/uploads\/gilberto-benfica.webp","type":"image\/webp"}],"author":"Let\u00edcia Gerheim","twitter_card":"summary_large_image","twitter_misc":{"Escrito por":"Let\u00edcia Gerheim","Est. tempo de leitura":"2 minutos"},"schema":{"@context":"https:\/\/schema.org","@graph":[{"@type":"NewsArticle","@id":"https:\/\/www.gaveanews.com\/index.php\/2022\/12\/08\/jogador-ventilado-no-flamengo-se-aproxima-do-atletico-mg\/#article","isPartOf":{"@id":"https:\/\/www.gaveanews.com\/index.php\/2022\/12\/08\/jogador-ventilado-no-flamengo-se-aproxima-do-atletico-mg\/"},"author":{"name":"Let\u00edcia Gerheim","@id":"https:\/\/www.gaveanews.com\/#\/schema\/person\/714c67050b836198af2450ba1c142a67"},"headline":"Jogador ventilado no Flamengo se aproxima do Atl\u00e9tico-MG","datePublished":"2022-12-08T11:32:32+00:00","dateModified":"2022-12-08T11:32:35+00:00","mainEntityOfPage":{"@id":"https:\/\/www.gaveanews.com\/index.php\/2022\/12\/08\/jogador-ventilado-no-flamengo-se-aproxima-do-atletico-mg\/"},"wordCount":227,"commentCount":0,"image":{"@id":"https:\/\/www.gaveanews.com\/index.php\/2022\/12\/08\/jogador-ventilado-no-flamengo-se-aproxima-do-atletico-mg\/#primaryimage"},"thumbnailUrl":"https:\/\/www.gaveanews.com\/wp-content\/uploads\/gilberto-benfica.webp","articleSection":["Flamengo"],"inLanguage":"pt-BR","potentialAction":[{"@type":"CommentAction","name":"Comment","target":["https:\/\/www.gaveanews.com\/index.php\/2022\/12\/08\/jogador-ventilado-no-flamengo-se-aproxima-do-atletico-mg\/#respond"]}],"copyrightYear":"2022","copyrightHolder":{"@id":"https:\/\/www.gaveanews.com\/#organization"}},{"@type":"WebPage","@id":"https:\/\/www.gaveanews.com\/index.php\/2022\/12\/08\/jogador-ventilado-no-flamengo-se-aproxima-do-atletico-mg\/","url":"https:\/\/www.gaveanews.com\/index.php\/2022\/12\/08\/jogador-ventilado-no-flamengo-se-aproxima-do-atletico-mg\/","name":"Jogador ventilado no Flamengo se aproxima do Atl\u00e9tico-MG","isPartOf":{"@id":"https:\/\/www.gaveanews.com\/#website"},"primaryImageOfPage":{"@id":"https:\/\/www.gaveanews.com\/index.php\/2022\/12\/08\/jogador-ventilado-no-flamengo-se-aproxima-do-atletico-mg\/#primaryimage"},"image":{"@id":"https:\/\/www.gaveanews.com\/index.php\/2022\/12\/08\/jogador-ventilado-no-flamengo-se-aproxima-do-atletico-mg\/#primaryimage"},"thumbnailUrl":"https:\/\/www.gaveanews.com\/wp-content\/uploads\/gilberto-benfica.webp","datePublished":"2022-12-08T11:32:32+00:00","dateModified":"2022-12-08T11:32:35+00:00","author":{"@id":"https:\/\/www.gaveanews.com\/#\/schema\/person\/714c67050b836198af2450ba1c142a67"},"breadcrumb":{"@id":"https:\/\/www.gaveanews.com\/index.php\/2022\/12\/08\/jogador-ventilado-no-flamengo-se-aproxima-do-atletico-mg\/#breadcrumb"},"inLanguage":"pt-BR","potentialAction":[{"@type":"ReadAction","target":["https:\/\/www.gaveanews.com\/index.php\/2022\/12\/08\/jogador-ventilado-no-flamengo-se-aproxima-do-atletico-mg\/"]}]},{"@type":"ImageObject","inLanguage":"pt-BR","@id":"https:\/\/www.gaveanews.com\/index.php\/2022\/12\/08\/jogador-ventilado-no-flamengo-se-aproxima-do-atletico-mg\/#primaryimage","url":"https:\/\/www.gaveanews.com\/wp-content\/uploads\/gilberto-benfica.webp","contentUrl":"https:\/\/www.gaveanews.com\/wp-content\/uploads\/gilberto-benfica.webp","width":984,"height":699,"caption":"Gilberto em partida pelo Benfica (Foto: Reuters)"},{"@type":"BreadcrumbList","@id":"https:\/\/www.gaveanews.com\/index.php\/2022\/12\/08\/jogador-ventilado-no-flamengo-se-aproxima-do-atletico-mg\/#breadcrumb","itemListElement":[{"@type":"ListItem","position":1,"name":"Home","item":"https:\/\/www.gaveanews.com\/"},{"@type":"ListItem","position":2,"name":"Jogador ventilado no Flamengo se aproxima do Atl\u00e9tico-MG"}]},{"@type":"WebSite","@id":"https:\/\/www.gaveanews.com\/#website","url":"https:\/\/www.gaveanews.com\/","name":"G\u00e1vea News","description":"Veja todas as not\u00edcias sobre o Flamengo: Contrata\u00e7\u00f5es, categorias de base, resultados das partidas, tabela de classifica\u00e7\u00e3o, pr\u00f3ximos jogos!","potentialAction":[{"@type":"SearchAction","target":{"@type":"EntryPoint","urlTemplate":"https:\/\/www.gaveanews.com\/?s={search_term_string}"},"query-input":{"@type":"PropertyValueSpecification","valueRequired":true,"valueName":"search_term_string"}}],"inLanguage":"pt-BR"},{"@type":"Person","@id":"https:\/\/www.gaveanews.com\/#\/schema\/person\/714c67050b836198af2450ba1c142a67","name":"Let\u00edcia Gerheim","image":{"@type":"ImageObject","inLanguage":"pt-BR","@id":"https:\/\/www.gaveanews.com\/#\/schema\/person\/image\/","url":"https:\/\/secure.gravatar.com\/avatar\/60734739c50fcebfbac509e2a826ccd0ff405c019bc73aab9354f19ecad1dcb4?s=96&d=mm&r=g","contentUrl":"https:\/\/secure.gravatar.com\/avatar\/60734739c50fcebfbac509e2a826ccd0ff405c019bc73aab9354f19ecad1dcb4?s=96&d=mm&r=g","caption":"Let\u00edcia Gerheim"}}]}},"_links":{"self":[{"href":"https:\/\/www.gaveanews.com\/index.php\/wp-json\/wp\/v2\/posts\/91722","targetHints":{"allow":["GET"]}}],"collection":[{"href":"https:\/\/www.gaveanews.com\/index.php\/wp-json\/wp\/v2\/posts"}],"about":[{"href":"https:\/\/www.gaveanews.com\/index.php\/wp-json\/wp\/v2\/types\/post"}],"author":[{"embeddable":true,"href":"https:\/\/www.gaveanews.com\/index.php\/wp-json\/wp\/v2\/users\/4"}],"replies":[{"embeddable":true,"href":"https:\/\/www.gaveanews.com\/index.php\/wp-json\/wp\/v2\/comments?post=91722"}],"version-history":[{"count":0,"href":"https:\/\/www.gaveanews.com\/index.php\/wp-json\/wp\/v2\/posts\/91722\/revisions"}],"wp:featuredmedia":[{"embeddable":true,"href":"https:\/\/www.gaveanews.com\/index.php\/wp-json\/wp\/v2\/media\/91723"}],"wp:attachment":[{"href":"https:\/\/www.gaveanews.com\/index.php\/wp-json\/wp\/v2\/media?parent=91722"}],"wp:term":[{"taxonomy":"category","embeddable":true,"href":"https:\/\/www.gaveanews.com\/index.php\/wp-json\/wp\/v2\/categories?post=91722"},{"taxonomy":"post_tag","embeddable":true,"href":"https:\/\/www.gaveanews.com\/index.php\/wp-json\/wp\/v2\/tags?post=91722"}],"curies":[{"name":"wp","href":"https:\/\/api.w.org\/{rel}","templated":true}]}}