{"id":91922,"date":"2022-12-13T06:00:00","date_gmt":"2022-12-13T09:00:00","guid":{"rendered":"https:\/\/www.gaveanews.com\/?p=91922"},"modified":"2022-12-12T22:18:53","modified_gmt":"2022-12-13T01:18:53","slug":"ex-atacante-do-flamengo-indica-retorno-ao-clube-e-convida-atacante-ex-alvo-do-palmeiras","status":"publish","type":"post","link":"https:\/\/www.gaveanews.com\/index.php\/2022\/12\/13\/ex-atacante-do-flamengo-indica-retorno-ao-clube-e-convida-atacante-ex-alvo-do-palmeiras\/","title":{"rendered":"Ex-atacante do Flamengo indica retorno ao clube e \u2018convida\u2019 atacante ex-alvo do Palmeiras"},"content":{"rendered":"\n<p>Cria do Flamengo, Reinier est\u00e1 emprestado pelo Real Madrid ao Girona, da Espanha, e segue tentando se firmar no futebol europeu. Na atual temporada, s\u00e3o sete jogos e um gol, mas o jogador est\u00e1 ganhando mais minutos em campo que em outras oportunidades, como no Borussia Dortmund.<\/p>\n\n\n\n<p>Apesar disso, o jovem n\u00e3o esconde seu carinho pelo Flamengo e usou as redes sociais para indicar que retornar\u00e1 no futuro. O meia-atacante presenteou seu companheiro de elenco, Taty Castellanos, com uma camisa do Rubro-Negro. O argentino agradeceu, e Reinier brincou: \u201cJaja tamo junto no Meng\u00e3o\u201d.<\/p>\n\n\n<div class=\"wp-block-image\">\n<figure class=\"aligncenter size-large\"><img decoding=\"async\" src=\"https:\/\/pbs.twimg.com\/media\/FjxoqhRWAAYP8j4?format=jpg\" alt=\"\"\/><\/figure>\n<\/div>\n\n\n<p>Castellanos quase foi contratado pelo Palmeiras em duas oportunidades, mas o New York City, dos Estados Unidos, pediu muito alto pela sua venda. Sendo assim, o Grupo City preferiu ced\u00ea-lo ao Girona, outro clube que pertence ao grupo de investidores, para sua primeira experi\u00eancia na Europa.<\/p>\n\n\n\n<p>O argentino acumula 15 jogos e tr\u00eas gols. Apesar da brincadeira entre os jogadores, Reinier chegou a ser especulado no Flamengo por n\u00e3o ter se firmado no Velho Continente, mas ganhou uma chance no Girona. Al\u00e9m disso, com poss\u00edvel venda de Pedro ou Gabigol, Castellanos pode ser procurado novamente.<\/p>\n\n\n\n<p>Retirado de: Mercado do Futebol<\/p>\n","protected":false},"excerpt":{"rendered":"<p>Cria do Flamengo, Reinier est\u00e1 emprestado pelo Real Madrid ao Girona, da Espanha, e segue tentando se firmar no futebol europeu. Na atual temporada, s\u00e3o sete jogos e um gol, mas o jogador est\u00e1 ganhando mais minutos em campo que em outras oportunidades, como no Borussia Dortmund. Apesar disso, o jovem n\u00e3o esconde seu carinho [&hellip;]<\/p>\n","protected":false},"author":1,"featured_media":33162,"comment_status":"open","ping_status":"closed","sticky":false,"template":"","format":"standard","meta":{"footnotes":""},"categories":[48],"tags":[],"class_list":["post-91922","post","type-post","status-publish","format-standard","has-post-thumbnail","hentry","category-negociacoes"],"yoast_head":"<!-- This site is optimized with the Yoast SEO Premium plugin v24.2 (Yoast SEO v26.9) - https:\/\/yoast.com\/product\/yoast-seo-premium-wordpress\/ -->\n<title>Ex-atacante do Flamengo indica retorno ao clube e \u2018convida\u2019 atacante ex-alvo do Palmeiras<\/title>\n<meta name=\"robots\" content=\"index, follow, max-snippet:-1, max-image-preview:large, max-video-preview:-1\" \/>\n<link rel=\"canonical\" href=\"https:\/\/www.gaveanews.com\/index.php\/2022\/12\/13\/ex-atacante-do-flamengo-indica-retorno-ao-clube-e-convida-atacante-ex-alvo-do-palmeiras\/\" \/>\n<meta property=\"og:locale\" content=\"pt_BR\" \/>\n<meta property=\"og:type\" content=\"article\" \/>\n<meta property=\"og:title\" content=\"Ex-atacante do Flamengo indica retorno ao clube e \u2018convida\u2019 atacante ex-alvo do Palmeiras\" \/>\n<meta property=\"og:description\" content=\"Cria do Flamengo, Reinier est\u00e1 emprestado pelo Real Madrid ao Girona, da Espanha, e segue tentando se firmar no futebol europeu. Na atual temporada, s\u00e3o sete jogos e um gol, mas o jogador est\u00e1 ganhando mais minutos em campo que em outras oportunidades, como no Borussia Dortmund. Apesar disso, o jovem n\u00e3o esconde seu carinho [&hellip;]\" \/>\n<meta property=\"og:url\" content=\"https:\/\/www.gaveanews.com\/index.php\/2022\/12\/13\/ex-atacante-do-flamengo-indica-retorno-ao-clube-e-convida-atacante-ex-alvo-do-palmeiras\/\" \/>\n<meta property=\"og:site_name\" content=\"G\u00e1vea News\" \/>\n<meta property=\"article:publisher\" content=\"https:\/\/facebook.com\/gaveaNews\/\" \/>\n<meta property=\"article:published_time\" content=\"2022-12-13T09:00:00+00:00\" \/>\n<meta property=\"og:image\" content=\"https:\/\/www.gaveanews.com\/wp-content\/uploads\/reinier1-13717840.webp\" \/>\n\t<meta property=\"og:image:width\" content=\"1920\" \/>\n\t<meta property=\"og:image:height\" content=\"1277\" \/>\n\t<meta property=\"og:image:type\" content=\"image\/jpeg\" \/>\n<meta name=\"author\" content=\"Equipe G\u00e1vea News\" \/>\n<meta name=\"twitter:card\" content=\"summary_large_image\" \/>\n<meta name=\"twitter:label1\" content=\"Escrito por\" \/>\n\t<meta name=\"twitter:data1\" content=\"Equipe G\u00e1vea News\" \/>\n\t<meta name=\"twitter:label2\" content=\"Est. tempo de leitura\" \/>\n\t<meta name=\"twitter:data2\" content=\"2 minutos\" \/>\n<script type=\"application\/ld+json\" class=\"yoast-schema-graph\">{\"@context\":\"https:\/\/schema.org\",\"@graph\":[{\"@type\":\"NewsArticle\",\"@id\":\"https:\/\/www.gaveanews.com\/index.php\/2022\/12\/13\/ex-atacante-do-flamengo-indica-retorno-ao-clube-e-convida-atacante-ex-alvo-do-palmeiras\/#article\",\"isPartOf\":{\"@id\":\"https:\/\/www.gaveanews.com\/index.php\/2022\/12\/13\/ex-atacante-do-flamengo-indica-retorno-ao-clube-e-convida-atacante-ex-alvo-do-palmeiras\/\"},\"author\":{\"name\":\"Equipe G\u00e1vea News\",\"@id\":\"https:\/\/www.gaveanews.com\/#\/schema\/person\/2ec14f73fb96be2caf28f91afb14749d\"},\"headline\":\"Ex-atacante do Flamengo indica retorno ao clube e \u2018convida\u2019 atacante ex-alvo do Palmeiras\",\"datePublished\":\"2022-12-13T09:00:00+00:00\",\"mainEntityOfPage\":{\"@id\":\"https:\/\/www.gaveanews.com\/index.php\/2022\/12\/13\/ex-atacante-do-flamengo-indica-retorno-ao-clube-e-convida-atacante-ex-alvo-do-palmeiras\/\"},\"wordCount\":214,\"commentCount\":0,\"image\":{\"@id\":\"https:\/\/www.gaveanews.com\/index.php\/2022\/12\/13\/ex-atacante-do-flamengo-indica-retorno-ao-clube-e-convida-atacante-ex-alvo-do-palmeiras\/#primaryimage\"},\"thumbnailUrl\":\"https:\/\/www.gaveanews.com\/wp-content\/uploads\/reinier1-13717840.webp\",\"articleSection\":[\"Negocia\u00e7\u00f5es\"],\"inLanguage\":\"pt-BR\",\"potentialAction\":[{\"@type\":\"CommentAction\",\"name\":\"Comment\",\"target\":[\"https:\/\/www.gaveanews.com\/index.php\/2022\/12\/13\/ex-atacante-do-flamengo-indica-retorno-ao-clube-e-convida-atacante-ex-alvo-do-palmeiras\/#respond\"]}],\"copyrightYear\":\"2022\",\"copyrightHolder\":{\"@id\":\"https:\/\/www.gaveanews.com\/#organization\"}},{\"@type\":\"WebPage\",\"@id\":\"https:\/\/www.gaveanews.com\/index.php\/2022\/12\/13\/ex-atacante-do-flamengo-indica-retorno-ao-clube-e-convida-atacante-ex-alvo-do-palmeiras\/\",\"url\":\"https:\/\/www.gaveanews.com\/index.php\/2022\/12\/13\/ex-atacante-do-flamengo-indica-retorno-ao-clube-e-convida-atacante-ex-alvo-do-palmeiras\/\",\"name\":\"Ex-atacante do Flamengo indica retorno ao clube e \u2018convida\u2019 atacante ex-alvo do Palmeiras\",\"isPartOf\":{\"@id\":\"https:\/\/www.gaveanews.com\/#website\"},\"primaryImageOfPage\":{\"@id\":\"https:\/\/www.gaveanews.com\/index.php\/2022\/12\/13\/ex-atacante-do-flamengo-indica-retorno-ao-clube-e-convida-atacante-ex-alvo-do-palmeiras\/#primaryimage\"},\"image\":{\"@id\":\"https:\/\/www.gaveanews.com\/index.php\/2022\/12\/13\/ex-atacante-do-flamengo-indica-retorno-ao-clube-e-convida-atacante-ex-alvo-do-palmeiras\/#primaryimage\"},\"thumbnailUrl\":\"https:\/\/www.gaveanews.com\/wp-content\/uploads\/reinier1-13717840.webp\",\"datePublished\":\"2022-12-13T09:00:00+00:00\",\"author\":{\"@id\":\"https:\/\/www.gaveanews.com\/#\/schema\/person\/2ec14f73fb96be2caf28f91afb14749d\"},\"breadcrumb\":{\"@id\":\"https:\/\/www.gaveanews.com\/index.php\/2022\/12\/13\/ex-atacante-do-flamengo-indica-retorno-ao-clube-e-convida-atacante-ex-alvo-do-palmeiras\/#breadcrumb\"},\"inLanguage\":\"pt-BR\",\"potentialAction\":[{\"@type\":\"ReadAction\",\"target\":[\"https:\/\/www.gaveanews.com\/index.php\/2022\/12\/13\/ex-atacante-do-flamengo-indica-retorno-ao-clube-e-convida-atacante-ex-alvo-do-palmeiras\/\"]}]},{\"@type\":\"ImageObject\",\"inLanguage\":\"pt-BR\",\"@id\":\"https:\/\/www.gaveanews.com\/index.php\/2022\/12\/13\/ex-atacante-do-flamengo-indica-retorno-ao-clube-e-convida-atacante-ex-alvo-do-palmeiras\/#primaryimage\",\"url\":\"https:\/\/www.gaveanews.com\/wp-content\/uploads\/reinier1-13717840.webp\",\"contentUrl\":\"https:\/\/www.gaveanews.com\/wp-content\/uploads\/reinier1-13717840.webp\",\"width\":1920,\"height\":1277},{\"@type\":\"BreadcrumbList\",\"@id\":\"https:\/\/www.gaveanews.com\/index.php\/2022\/12\/13\/ex-atacante-do-flamengo-indica-retorno-ao-clube-e-convida-atacante-ex-alvo-do-palmeiras\/#breadcrumb\",\"itemListElement\":[{\"@type\":\"ListItem\",\"position\":1,\"name\":\"Home\",\"item\":\"https:\/\/www.gaveanews.com\/\"},{\"@type\":\"ListItem\",\"position\":2,\"name\":\"Ex-atacante do Flamengo indica retorno ao clube e \u2018convida\u2019 atacante ex-alvo do Palmeiras\"}]},{\"@type\":\"WebSite\",\"@id\":\"https:\/\/www.gaveanews.com\/#website\",\"url\":\"https:\/\/www.gaveanews.com\/\",\"name\":\"G\u00e1vea News\",\"description\":\"Veja todas as not\u00edcias sobre o Flamengo: Contrata\u00e7\u00f5es, categorias de base, resultados das partidas, tabela de classifica\u00e7\u00e3o, pr\u00f3ximos jogos!\",\"potentialAction\":[{\"@type\":\"SearchAction\",\"target\":{\"@type\":\"EntryPoint\",\"urlTemplate\":\"https:\/\/www.gaveanews.com\/?s={search_term_string}\"},\"query-input\":{\"@type\":\"PropertyValueSpecification\",\"valueRequired\":true,\"valueName\":\"search_term_string\"}}],\"inLanguage\":\"pt-BR\"},{\"@type\":\"Person\",\"@id\":\"https:\/\/www.gaveanews.com\/#\/schema\/person\/2ec14f73fb96be2caf28f91afb14749d\",\"name\":\"Equipe G\u00e1vea News\",\"image\":{\"@type\":\"ImageObject\",\"inLanguage\":\"pt-BR\",\"@id\":\"https:\/\/www.gaveanews.com\/#\/schema\/person\/image\/\",\"url\":\"https:\/\/secure.gravatar.com\/avatar\/1e1956f1facbffd3f8fa53a326721950116b3b9dc9bd44939c01180fd4a745a9?s=96&d=mm&r=g\",\"contentUrl\":\"https:\/\/secure.gravatar.com\/avatar\/1e1956f1facbffd3f8fa53a326721950116b3b9dc9bd44939c01180fd4a745a9?s=96&d=mm&r=g\",\"caption\":\"Equipe G\u00e1vea News\"}}]}<\/script>\n<!-- \/ Yoast SEO Premium plugin. -->","yoast_head_json":{"title":"Ex-atacante do Flamengo indica retorno ao clube e \u2018convida\u2019 atacante ex-alvo do Palmeiras","robots":{"index":"index","follow":"follow","max-snippet":"max-snippet:-1","max-image-preview":"max-image-preview:large","max-video-preview":"max-video-preview:-1"},"canonical":"https:\/\/www.gaveanews.com\/index.php\/2022\/12\/13\/ex-atacante-do-flamengo-indica-retorno-ao-clube-e-convida-atacante-ex-alvo-do-palmeiras\/","og_locale":"pt_BR","og_type":"article","og_title":"Ex-atacante do Flamengo indica retorno ao clube e \u2018convida\u2019 atacante ex-alvo do Palmeiras","og_description":"Cria do Flamengo, Reinier est\u00e1 emprestado pelo Real Madrid ao Girona, da Espanha, e segue tentando se firmar no futebol europeu. Na atual temporada, s\u00e3o sete jogos e um gol, mas o jogador est\u00e1 ganhando mais minutos em campo que em outras oportunidades, como no Borussia Dortmund. Apesar disso, o jovem n\u00e3o esconde seu carinho [&hellip;]","og_url":"https:\/\/www.gaveanews.com\/index.php\/2022\/12\/13\/ex-atacante-do-flamengo-indica-retorno-ao-clube-e-convida-atacante-ex-alvo-do-palmeiras\/","og_site_name":"G\u00e1vea News","article_publisher":"https:\/\/facebook.com\/gaveaNews\/","article_published_time":"2022-12-13T09:00:00+00:00","og_image":[{"width":1920,"height":1277,"url":"https:\/\/www.gaveanews.com\/wp-content\/uploads\/reinier1-13717840.webp","type":"image\/jpeg"}],"author":"Equipe G\u00e1vea News","twitter_card":"summary_large_image","twitter_misc":{"Escrito por":"Equipe G\u00e1vea News","Est. tempo de leitura":"2 minutos"},"schema":{"@context":"https:\/\/schema.org","@graph":[{"@type":"NewsArticle","@id":"https:\/\/www.gaveanews.com\/index.php\/2022\/12\/13\/ex-atacante-do-flamengo-indica-retorno-ao-clube-e-convida-atacante-ex-alvo-do-palmeiras\/#article","isPartOf":{"@id":"https:\/\/www.gaveanews.com\/index.php\/2022\/12\/13\/ex-atacante-do-flamengo-indica-retorno-ao-clube-e-convida-atacante-ex-alvo-do-palmeiras\/"},"author":{"name":"Equipe G\u00e1vea News","@id":"https:\/\/www.gaveanews.com\/#\/schema\/person\/2ec14f73fb96be2caf28f91afb14749d"},"headline":"Ex-atacante do Flamengo indica retorno ao clube e \u2018convida\u2019 atacante ex-alvo do Palmeiras","datePublished":"2022-12-13T09:00:00+00:00","mainEntityOfPage":{"@id":"https:\/\/www.gaveanews.com\/index.php\/2022\/12\/13\/ex-atacante-do-flamengo-indica-retorno-ao-clube-e-convida-atacante-ex-alvo-do-palmeiras\/"},"wordCount":214,"commentCount":0,"image":{"@id":"https:\/\/www.gaveanews.com\/index.php\/2022\/12\/13\/ex-atacante-do-flamengo-indica-retorno-ao-clube-e-convida-atacante-ex-alvo-do-palmeiras\/#primaryimage"},"thumbnailUrl":"https:\/\/www.gaveanews.com\/wp-content\/uploads\/reinier1-13717840.webp","articleSection":["Negocia\u00e7\u00f5es"],"inLanguage":"pt-BR","potentialAction":[{"@type":"CommentAction","name":"Comment","target":["https:\/\/www.gaveanews.com\/index.php\/2022\/12\/13\/ex-atacante-do-flamengo-indica-retorno-ao-clube-e-convida-atacante-ex-alvo-do-palmeiras\/#respond"]}],"copyrightYear":"2022","copyrightHolder":{"@id":"https:\/\/www.gaveanews.com\/#organization"}},{"@type":"WebPage","@id":"https:\/\/www.gaveanews.com\/index.php\/2022\/12\/13\/ex-atacante-do-flamengo-indica-retorno-ao-clube-e-convida-atacante-ex-alvo-do-palmeiras\/","url":"https:\/\/www.gaveanews.com\/index.php\/2022\/12\/13\/ex-atacante-do-flamengo-indica-retorno-ao-clube-e-convida-atacante-ex-alvo-do-palmeiras\/","name":"Ex-atacante do Flamengo indica retorno ao clube e \u2018convida\u2019 atacante ex-alvo do Palmeiras","isPartOf":{"@id":"https:\/\/www.gaveanews.com\/#website"},"primaryImageOfPage":{"@id":"https:\/\/www.gaveanews.com\/index.php\/2022\/12\/13\/ex-atacante-do-flamengo-indica-retorno-ao-clube-e-convida-atacante-ex-alvo-do-palmeiras\/#primaryimage"},"image":{"@id":"https:\/\/www.gaveanews.com\/index.php\/2022\/12\/13\/ex-atacante-do-flamengo-indica-retorno-ao-clube-e-convida-atacante-ex-alvo-do-palmeiras\/#primaryimage"},"thumbnailUrl":"https:\/\/www.gaveanews.com\/wp-content\/uploads\/reinier1-13717840.webp","datePublished":"2022-12-13T09:00:00+00:00","author":{"@id":"https:\/\/www.gaveanews.com\/#\/schema\/person\/2ec14f73fb96be2caf28f91afb14749d"},"breadcrumb":{"@id":"https:\/\/www.gaveanews.com\/index.php\/2022\/12\/13\/ex-atacante-do-flamengo-indica-retorno-ao-clube-e-convida-atacante-ex-alvo-do-palmeiras\/#breadcrumb"},"inLanguage":"pt-BR","potentialAction":[{"@type":"ReadAction","target":["https:\/\/www.gaveanews.com\/index.php\/2022\/12\/13\/ex-atacante-do-flamengo-indica-retorno-ao-clube-e-convida-atacante-ex-alvo-do-palmeiras\/"]}]},{"@type":"ImageObject","inLanguage":"pt-BR","@id":"https:\/\/www.gaveanews.com\/index.php\/2022\/12\/13\/ex-atacante-do-flamengo-indica-retorno-ao-clube-e-convida-atacante-ex-alvo-do-palmeiras\/#primaryimage","url":"https:\/\/www.gaveanews.com\/wp-content\/uploads\/reinier1-13717840.webp","contentUrl":"https:\/\/www.gaveanews.com\/wp-content\/uploads\/reinier1-13717840.webp","width":1920,"height":1277},{"@type":"BreadcrumbList","@id":"https:\/\/www.gaveanews.com\/index.php\/2022\/12\/13\/ex-atacante-do-flamengo-indica-retorno-ao-clube-e-convida-atacante-ex-alvo-do-palmeiras\/#breadcrumb","itemListElement":[{"@type":"ListItem","position":1,"name":"Home","item":"https:\/\/www.gaveanews.com\/"},{"@type":"ListItem","position":2,"name":"Ex-atacante do Flamengo indica retorno ao clube e \u2018convida\u2019 atacante ex-alvo do Palmeiras"}]},{"@type":"WebSite","@id":"https:\/\/www.gaveanews.com\/#website","url":"https:\/\/www.gaveanews.com\/","name":"G\u00e1vea News","description":"Veja todas as not\u00edcias sobre o Flamengo: Contrata\u00e7\u00f5es, categorias de base, resultados das partidas, tabela de classifica\u00e7\u00e3o, pr\u00f3ximos jogos!","potentialAction":[{"@type":"SearchAction","target":{"@type":"EntryPoint","urlTemplate":"https:\/\/www.gaveanews.com\/?s={search_term_string}"},"query-input":{"@type":"PropertyValueSpecification","valueRequired":true,"valueName":"search_term_string"}}],"inLanguage":"pt-BR"},{"@type":"Person","@id":"https:\/\/www.gaveanews.com\/#\/schema\/person\/2ec14f73fb96be2caf28f91afb14749d","name":"Equipe G\u00e1vea News","image":{"@type":"ImageObject","inLanguage":"pt-BR","@id":"https:\/\/www.gaveanews.com\/#\/schema\/person\/image\/","url":"https:\/\/secure.gravatar.com\/avatar\/1e1956f1facbffd3f8fa53a326721950116b3b9dc9bd44939c01180fd4a745a9?s=96&d=mm&r=g","contentUrl":"https:\/\/secure.gravatar.com\/avatar\/1e1956f1facbffd3f8fa53a326721950116b3b9dc9bd44939c01180fd4a745a9?s=96&d=mm&r=g","caption":"Equipe G\u00e1vea News"}}]}},"_links":{"self":[{"href":"https:\/\/www.gaveanews.com\/index.php\/wp-json\/wp\/v2\/posts\/91922","targetHints":{"allow":["GET"]}}],"collection":[{"href":"https:\/\/www.gaveanews.com\/index.php\/wp-json\/wp\/v2\/posts"}],"about":[{"href":"https:\/\/www.gaveanews.com\/index.php\/wp-json\/wp\/v2\/types\/post"}],"author":[{"embeddable":true,"href":"https:\/\/www.gaveanews.com\/index.php\/wp-json\/wp\/v2\/users\/1"}],"replies":[{"embeddable":true,"href":"https:\/\/www.gaveanews.com\/index.php\/wp-json\/wp\/v2\/comments?post=91922"}],"version-history":[{"count":0,"href":"https:\/\/www.gaveanews.com\/index.php\/wp-json\/wp\/v2\/posts\/91922\/revisions"}],"wp:featuredmedia":[{"embeddable":true,"href":"https:\/\/www.gaveanews.com\/index.php\/wp-json\/wp\/v2\/media\/33162"}],"wp:attachment":[{"href":"https:\/\/www.gaveanews.com\/index.php\/wp-json\/wp\/v2\/media?parent=91922"}],"wp:term":[{"taxonomy":"category","embeddable":true,"href":"https:\/\/www.gaveanews.com\/index.php\/wp-json\/wp\/v2\/categories?post=91922"},{"taxonomy":"post_tag","embeddable":true,"href":"https:\/\/www.gaveanews.com\/index.php\/wp-json\/wp\/v2\/tags?post=91922"}],"curies":[{"name":"wp","href":"https:\/\/api.w.org\/{rel}","templated":true}]}}