{"id":91954,"date":"2022-12-13T18:11:05","date_gmt":"2022-12-13T21:11:05","guid":{"rendered":"https:\/\/www.gaveanews.com\/?p=91954"},"modified":"2022-12-13T18:13:44","modified_gmt":"2022-12-13T21:13:44","slug":"flamengo-oficializa-vitor-pereira-e-apresentador-da-chilique-ao-vivo","status":"publish","type":"post","link":"https:\/\/www.gaveanews.com\/index.php\/2022\/12\/13\/flamengo-oficializa-vitor-pereira-e-apresentador-da-chilique-ao-vivo\/","title":{"rendered":"Flamengo oficializa V\u00edtor Pereira e apresentador d\u00e1 chilique ao vivo"},"content":{"rendered":"<p>Neto ficou furioso com a sa\u00edda de V\u00edtor Pereira do Corinthians. A ida do t\u00e9cnico para o Flamengo gerou uma grande irrita\u00e7\u00e3o no ex-jogador do Tim\u00e3o. Na tarde desta ter\u00e7a-feira, 13, durante o programa &#8220;Os Donos da Bola&#8221;, o apresentador n\u00e3o poupou cr\u00edticas ao falar sobre a troca de clubes do portugu\u00eas, que deixou o time paulista com a justificativa de que voltaria para Portugal para cuidar de assuntos particulares.<\/p>\n<p>Com a sa\u00edda pol\u00eamica do Corinthians e o acerto inesperado com o Flamengo, Neto n\u00e3o segurou a sua raiva e falou sobre a postura do treinador portugu\u00eas. Importante destacar que o comentarista era um dos que defendiam a perman\u00eancia do profissional no Tim\u00e3o, por\u00e9m a postura do portugu\u00eas surpreendeu o \u00eddolo alvinegro de maneira negativa.<\/p>\n<p><em>\u2014 Usa a doen\u00e7a de uma m\u00e3e, de uma sogra, de um filho, a doen\u00e7a de um pai\u2026 Mas agora, voc\u00ea, V\u00edtor Pereira, que \u00e9 rico, milion\u00e1rio\u2026. Eu acreditei muito em voc\u00ea e me senti decepcionado (com a atitude de trocar o Flamengo pelo Corinthians). O dinheiro tanto faz, t\u00e1 tudo bem, todo mundo ganha. Mas n\u00e3o \u00e9 muito melhor ser honesto, dedicado e verdadeiro?<\/em>, afirmou. Neto ainda seguiu:<\/p>\n<p><em>\u2014 Mas agora, voc\u00ea faz uma trai\u00e7\u00e3o dessa com o Du\u00edlio, que ficou internado durante dez dias\u2026O que voc\u00ea fez com o Du\u00edlio \u00e9 uma coisa insana. O Flamengo n\u00e3o tem nada a ver com isso. Eu acho que quando voc\u00ea a doen\u00e7a da sua sogra, qual \u00e9 a moral que voc\u00ea tem? Porque a\u00ed \u00e9 diferente daqui? No Rio todo mundo conhece. Se for na Barra, muita gente vai ter conhecer.<\/em><\/p>\n<p>O apresentador do programa &#8220;Os Donos da Bola&#8221; ainda disse que V\u00edtor Pereira fez os torcedores corinthianos de &#8220;palha\u00e7o&#8221;. Neto se autointitulou como &#8220;idiota&#8221; ao acreditar na palavra do portugu\u00eas. Ele ainda revelou que os seus auxiliares n\u00e3o estariam dispostos a mudar do Corinthians para o Flamengo. Ele ainda projetou o &#8220;\u00f3dio&#8221; da torcida com o encontro entre treinador e torcedores.<\/p>\n<h2><strong>Entenda o motivo da irrita\u00e7\u00e3o de Neto<\/strong><\/h2>\n<p>A contrata\u00e7\u00e3o de V\u00edtor Pereira gerou uma s\u00e9rie de pol\u00eamicas antes de se tornar oficial. O treinador, que havia criado uma grande rela\u00e7\u00e3o com o Corinthians, principalmente com sua torcida, alegou que n\u00e3o iria renovar devido a problemas particulares. A informa\u00e7\u00e3o era de que ele voltaria para Portugal, por\u00e9m, depois de exatamente um m\u00eas ap\u00f3s a sua sa\u00edda do clube paulista, o portugu\u00eas assumiu o comando do Flamengo.<\/p>\n<p>O acerto entre as duas partes j\u00e1 havia sido selado h\u00e1 algumas semanas, por\u00e9m o treinador e o Flamengo se protegeram de qualquer entrave judicial com o Corinthians. Ap\u00f3s o final do v\u00ednculo de V\u00edtor Pereira com o Tim\u00e3o, o t\u00e9cnico foi anunciado oficialmente. Desta forma, ele ficar\u00e1 no comando da equipe carioca at\u00e9 o final de 2023 e ter\u00e1 a disputa do Mundial de Clubes pela frente, quando poder\u00e1 encarar o Real Madrid.<\/p>\n<p>Retirado de: SportBuzz<\/p>\n","protected":false},"excerpt":{"rendered":"<p>Neto ficou furioso com a sa\u00edda de V\u00edtor Pereira do Corinthians. A ida do t\u00e9cnico para o Flamengo gerou uma grande irrita\u00e7\u00e3o no ex-jogador do Tim\u00e3o. Na tarde desta ter\u00e7a-feira, 13, durante o programa &#8220;Os Donos da Bola&#8221;, o apresentador n\u00e3o poupou cr\u00edticas ao falar sobre a troca de clubes do portugu\u00eas, que deixou o [&hellip;]<\/p>\n","protected":false},"author":1,"featured_media":91310,"comment_status":"open","ping_status":"closed","sticky":false,"template":"","format":"standard","meta":{"footnotes":""},"categories":[47],"tags":[],"class_list":["post-91954","post","type-post","status-publish","format-standard","has-post-thumbnail","hentry","category-destaques"],"yoast_head":"<!-- This site is optimized with the Yoast SEO Premium plugin v24.2 (Yoast SEO v26.9) - https:\/\/yoast.com\/product\/yoast-seo-premium-wordpress\/ -->\n<title>Flamengo oficializa V\u00edtor Pereira e apresentador d\u00e1 chilique ao vivo<\/title>\n<meta name=\"description\" content=\"A contrata\u00e7\u00e3o de V\u00edtor Pereira por parte do Flamengo gerou uma s\u00e9rie de pol\u00eamicas antes de se tornar oficial.\" \/>\n<meta name=\"robots\" content=\"index, follow, max-snippet:-1, max-image-preview:large, max-video-preview:-1\" \/>\n<link rel=\"canonical\" href=\"https:\/\/www.gaveanews.com\/index.php\/2022\/12\/13\/flamengo-oficializa-vitor-pereira-e-apresentador-da-chilique-ao-vivo\/\" \/>\n<meta property=\"og:locale\" content=\"pt_BR\" \/>\n<meta property=\"og:type\" content=\"article\" \/>\n<meta property=\"og:title\" content=\"Flamengo oficializa V\u00edtor Pereira e apresentador d\u00e1 chilique ao vivo\" \/>\n<meta property=\"og:description\" content=\"A contrata\u00e7\u00e3o de V\u00edtor Pereira por parte do Flamengo gerou uma s\u00e9rie de pol\u00eamicas antes de se tornar oficial.\" \/>\n<meta property=\"og:url\" content=\"https:\/\/www.gaveanews.com\/index.php\/2022\/12\/13\/flamengo-oficializa-vitor-pereira-e-apresentador-da-chilique-ao-vivo\/\" \/>\n<meta property=\"og:site_name\" content=\"G\u00e1vea News\" \/>\n<meta property=\"article:publisher\" content=\"https:\/\/facebook.com\/gaveaNews\/\" \/>\n<meta property=\"article:published_time\" content=\"2022-12-13T21:11:05+00:00\" \/>\n<meta property=\"article:modified_time\" content=\"2022-12-13T21:13:44+00:00\" \/>\n<meta property=\"og:image\" content=\"https:\/\/www.gaveanews.com\/wp-content\/uploads\/vitor-pereira-corinthians-flamengo.webp\" \/>\n\t<meta property=\"og:image:width\" content=\"984\" \/>\n\t<meta property=\"og:image:height\" content=\"656\" \/>\n\t<meta property=\"og:image:type\" content=\"image\/webp\" \/>\n<meta name=\"author\" content=\"Equipe G\u00e1vea News\" \/>\n<meta name=\"twitter:card\" content=\"summary_large_image\" \/>\n<meta name=\"twitter:label1\" content=\"Escrito por\" \/>\n\t<meta name=\"twitter:data1\" content=\"Equipe G\u00e1vea News\" \/>\n\t<meta name=\"twitter:label2\" content=\"Est. tempo de leitura\" \/>\n\t<meta name=\"twitter:data2\" content=\"3 minutos\" \/>\n<script type=\"application\/ld+json\" class=\"yoast-schema-graph\">{\"@context\":\"https:\/\/schema.org\",\"@graph\":[{\"@type\":\"NewsArticle\",\"@id\":\"https:\/\/www.gaveanews.com\/index.php\/2022\/12\/13\/flamengo-oficializa-vitor-pereira-e-apresentador-da-chilique-ao-vivo\/#article\",\"isPartOf\":{\"@id\":\"https:\/\/www.gaveanews.com\/index.php\/2022\/12\/13\/flamengo-oficializa-vitor-pereira-e-apresentador-da-chilique-ao-vivo\/\"},\"author\":{\"name\":\"Equipe G\u00e1vea News\",\"@id\":\"https:\/\/www.gaveanews.com\/#\/schema\/person\/2ec14f73fb96be2caf28f91afb14749d\"},\"headline\":\"Flamengo oficializa V\u00edtor Pereira e apresentador d\u00e1 chilique ao vivo\",\"datePublished\":\"2022-12-13T21:11:05+00:00\",\"dateModified\":\"2022-12-13T21:13:44+00:00\",\"mainEntityOfPage\":{\"@id\":\"https:\/\/www.gaveanews.com\/index.php\/2022\/12\/13\/flamengo-oficializa-vitor-pereira-e-apresentador-da-chilique-ao-vivo\/\"},\"wordCount\":533,\"commentCount\":0,\"image\":{\"@id\":\"https:\/\/www.gaveanews.com\/index.php\/2022\/12\/13\/flamengo-oficializa-vitor-pereira-e-apresentador-da-chilique-ao-vivo\/#primaryimage\"},\"thumbnailUrl\":\"https:\/\/www.gaveanews.com\/wp-content\/uploads\/vitor-pereira-corinthians-flamengo.webp\",\"articleSection\":[\"Destaques\"],\"inLanguage\":\"pt-BR\",\"potentialAction\":[{\"@type\":\"CommentAction\",\"name\":\"Comment\",\"target\":[\"https:\/\/www.gaveanews.com\/index.php\/2022\/12\/13\/flamengo-oficializa-vitor-pereira-e-apresentador-da-chilique-ao-vivo\/#respond\"]}],\"copyrightYear\":\"2022\",\"copyrightHolder\":{\"@id\":\"https:\/\/www.gaveanews.com\/#organization\"}},{\"@type\":\"WebPage\",\"@id\":\"https:\/\/www.gaveanews.com\/index.php\/2022\/12\/13\/flamengo-oficializa-vitor-pereira-e-apresentador-da-chilique-ao-vivo\/\",\"url\":\"https:\/\/www.gaveanews.com\/index.php\/2022\/12\/13\/flamengo-oficializa-vitor-pereira-e-apresentador-da-chilique-ao-vivo\/\",\"name\":\"Flamengo oficializa V\u00edtor Pereira e apresentador d\u00e1 chilique ao vivo\",\"isPartOf\":{\"@id\":\"https:\/\/www.gaveanews.com\/#website\"},\"primaryImageOfPage\":{\"@id\":\"https:\/\/www.gaveanews.com\/index.php\/2022\/12\/13\/flamengo-oficializa-vitor-pereira-e-apresentador-da-chilique-ao-vivo\/#primaryimage\"},\"image\":{\"@id\":\"https:\/\/www.gaveanews.com\/index.php\/2022\/12\/13\/flamengo-oficializa-vitor-pereira-e-apresentador-da-chilique-ao-vivo\/#primaryimage\"},\"thumbnailUrl\":\"https:\/\/www.gaveanews.com\/wp-content\/uploads\/vitor-pereira-corinthians-flamengo.webp\",\"datePublished\":\"2022-12-13T21:11:05+00:00\",\"dateModified\":\"2022-12-13T21:13:44+00:00\",\"author\":{\"@id\":\"https:\/\/www.gaveanews.com\/#\/schema\/person\/2ec14f73fb96be2caf28f91afb14749d\"},\"description\":\"A contrata\u00e7\u00e3o de V\u00edtor Pereira por parte do Flamengo gerou uma s\u00e9rie de pol\u00eamicas antes de se tornar oficial.\",\"breadcrumb\":{\"@id\":\"https:\/\/www.gaveanews.com\/index.php\/2022\/12\/13\/flamengo-oficializa-vitor-pereira-e-apresentador-da-chilique-ao-vivo\/#breadcrumb\"},\"inLanguage\":\"pt-BR\",\"potentialAction\":[{\"@type\":\"ReadAction\",\"target\":[\"https:\/\/www.gaveanews.com\/index.php\/2022\/12\/13\/flamengo-oficializa-vitor-pereira-e-apresentador-da-chilique-ao-vivo\/\"]}]},{\"@type\":\"ImageObject\",\"inLanguage\":\"pt-BR\",\"@id\":\"https:\/\/www.gaveanews.com\/index.php\/2022\/12\/13\/flamengo-oficializa-vitor-pereira-e-apresentador-da-chilique-ao-vivo\/#primaryimage\",\"url\":\"https:\/\/www.gaveanews.com\/wp-content\/uploads\/vitor-pereira-corinthians-flamengo.webp\",\"contentUrl\":\"https:\/\/www.gaveanews.com\/wp-content\/uploads\/vitor-pereira-corinthians-flamengo.webp\",\"width\":984,\"height\":656,\"caption\":\"V\u00edtor Pereira pelo Corinthians (Foto: Gabriel Machado\/AGIF)\"},{\"@type\":\"BreadcrumbList\",\"@id\":\"https:\/\/www.gaveanews.com\/index.php\/2022\/12\/13\/flamengo-oficializa-vitor-pereira-e-apresentador-da-chilique-ao-vivo\/#breadcrumb\",\"itemListElement\":[{\"@type\":\"ListItem\",\"position\":1,\"name\":\"Home\",\"item\":\"https:\/\/www.gaveanews.com\/\"},{\"@type\":\"ListItem\",\"position\":2,\"name\":\"Flamengo oficializa V\u00edtor Pereira e apresentador d\u00e1 chilique ao vivo\"}]},{\"@type\":\"WebSite\",\"@id\":\"https:\/\/www.gaveanews.com\/#website\",\"url\":\"https:\/\/www.gaveanews.com\/\",\"name\":\"G\u00e1vea News\",\"description\":\"Veja todas as not\u00edcias sobre o Flamengo: Contrata\u00e7\u00f5es, categorias de base, resultados das partidas, tabela de classifica\u00e7\u00e3o, pr\u00f3ximos jogos!\",\"potentialAction\":[{\"@type\":\"SearchAction\",\"target\":{\"@type\":\"EntryPoint\",\"urlTemplate\":\"https:\/\/www.gaveanews.com\/?s={search_term_string}\"},\"query-input\":{\"@type\":\"PropertyValueSpecification\",\"valueRequired\":true,\"valueName\":\"search_term_string\"}}],\"inLanguage\":\"pt-BR\"},{\"@type\":\"Person\",\"@id\":\"https:\/\/www.gaveanews.com\/#\/schema\/person\/2ec14f73fb96be2caf28f91afb14749d\",\"name\":\"Equipe G\u00e1vea News\",\"image\":{\"@type\":\"ImageObject\",\"inLanguage\":\"pt-BR\",\"@id\":\"https:\/\/www.gaveanews.com\/#\/schema\/person\/image\/\",\"url\":\"https:\/\/secure.gravatar.com\/avatar\/1e1956f1facbffd3f8fa53a326721950116b3b9dc9bd44939c01180fd4a745a9?s=96&d=mm&r=g\",\"contentUrl\":\"https:\/\/secure.gravatar.com\/avatar\/1e1956f1facbffd3f8fa53a326721950116b3b9dc9bd44939c01180fd4a745a9?s=96&d=mm&r=g\",\"caption\":\"Equipe G\u00e1vea News\"}}]}<\/script>\n<!-- \/ Yoast SEO Premium plugin. -->","yoast_head_json":{"title":"Flamengo oficializa V\u00edtor Pereira e apresentador d\u00e1 chilique ao vivo","description":"A contrata\u00e7\u00e3o de V\u00edtor Pereira por parte do Flamengo gerou uma s\u00e9rie de pol\u00eamicas antes de se tornar oficial.","robots":{"index":"index","follow":"follow","max-snippet":"max-snippet:-1","max-image-preview":"max-image-preview:large","max-video-preview":"max-video-preview:-1"},"canonical":"https:\/\/www.gaveanews.com\/index.php\/2022\/12\/13\/flamengo-oficializa-vitor-pereira-e-apresentador-da-chilique-ao-vivo\/","og_locale":"pt_BR","og_type":"article","og_title":"Flamengo oficializa V\u00edtor Pereira e apresentador d\u00e1 chilique ao vivo","og_description":"A contrata\u00e7\u00e3o de V\u00edtor Pereira por parte do Flamengo gerou uma s\u00e9rie de pol\u00eamicas antes de se tornar oficial.","og_url":"https:\/\/www.gaveanews.com\/index.php\/2022\/12\/13\/flamengo-oficializa-vitor-pereira-e-apresentador-da-chilique-ao-vivo\/","og_site_name":"G\u00e1vea News","article_publisher":"https:\/\/facebook.com\/gaveaNews\/","article_published_time":"2022-12-13T21:11:05+00:00","article_modified_time":"2022-12-13T21:13:44+00:00","og_image":[{"width":984,"height":656,"url":"https:\/\/www.gaveanews.com\/wp-content\/uploads\/vitor-pereira-corinthians-flamengo.webp","type":"image\/webp"}],"author":"Equipe G\u00e1vea News","twitter_card":"summary_large_image","twitter_misc":{"Escrito por":"Equipe G\u00e1vea News","Est. tempo de leitura":"3 minutos"},"schema":{"@context":"https:\/\/schema.org","@graph":[{"@type":"NewsArticle","@id":"https:\/\/www.gaveanews.com\/index.php\/2022\/12\/13\/flamengo-oficializa-vitor-pereira-e-apresentador-da-chilique-ao-vivo\/#article","isPartOf":{"@id":"https:\/\/www.gaveanews.com\/index.php\/2022\/12\/13\/flamengo-oficializa-vitor-pereira-e-apresentador-da-chilique-ao-vivo\/"},"author":{"name":"Equipe G\u00e1vea News","@id":"https:\/\/www.gaveanews.com\/#\/schema\/person\/2ec14f73fb96be2caf28f91afb14749d"},"headline":"Flamengo oficializa V\u00edtor Pereira e apresentador d\u00e1 chilique ao vivo","datePublished":"2022-12-13T21:11:05+00:00","dateModified":"2022-12-13T21:13:44+00:00","mainEntityOfPage":{"@id":"https:\/\/www.gaveanews.com\/index.php\/2022\/12\/13\/flamengo-oficializa-vitor-pereira-e-apresentador-da-chilique-ao-vivo\/"},"wordCount":533,"commentCount":0,"image":{"@id":"https:\/\/www.gaveanews.com\/index.php\/2022\/12\/13\/flamengo-oficializa-vitor-pereira-e-apresentador-da-chilique-ao-vivo\/#primaryimage"},"thumbnailUrl":"https:\/\/www.gaveanews.com\/wp-content\/uploads\/vitor-pereira-corinthians-flamengo.webp","articleSection":["Destaques"],"inLanguage":"pt-BR","potentialAction":[{"@type":"CommentAction","name":"Comment","target":["https:\/\/www.gaveanews.com\/index.php\/2022\/12\/13\/flamengo-oficializa-vitor-pereira-e-apresentador-da-chilique-ao-vivo\/#respond"]}],"copyrightYear":"2022","copyrightHolder":{"@id":"https:\/\/www.gaveanews.com\/#organization"}},{"@type":"WebPage","@id":"https:\/\/www.gaveanews.com\/index.php\/2022\/12\/13\/flamengo-oficializa-vitor-pereira-e-apresentador-da-chilique-ao-vivo\/","url":"https:\/\/www.gaveanews.com\/index.php\/2022\/12\/13\/flamengo-oficializa-vitor-pereira-e-apresentador-da-chilique-ao-vivo\/","name":"Flamengo oficializa V\u00edtor Pereira e apresentador d\u00e1 chilique ao vivo","isPartOf":{"@id":"https:\/\/www.gaveanews.com\/#website"},"primaryImageOfPage":{"@id":"https:\/\/www.gaveanews.com\/index.php\/2022\/12\/13\/flamengo-oficializa-vitor-pereira-e-apresentador-da-chilique-ao-vivo\/#primaryimage"},"image":{"@id":"https:\/\/www.gaveanews.com\/index.php\/2022\/12\/13\/flamengo-oficializa-vitor-pereira-e-apresentador-da-chilique-ao-vivo\/#primaryimage"},"thumbnailUrl":"https:\/\/www.gaveanews.com\/wp-content\/uploads\/vitor-pereira-corinthians-flamengo.webp","datePublished":"2022-12-13T21:11:05+00:00","dateModified":"2022-12-13T21:13:44+00:00","author":{"@id":"https:\/\/www.gaveanews.com\/#\/schema\/person\/2ec14f73fb96be2caf28f91afb14749d"},"description":"A contrata\u00e7\u00e3o de V\u00edtor Pereira por parte do Flamengo gerou uma s\u00e9rie de pol\u00eamicas antes de se tornar oficial.","breadcrumb":{"@id":"https:\/\/www.gaveanews.com\/index.php\/2022\/12\/13\/flamengo-oficializa-vitor-pereira-e-apresentador-da-chilique-ao-vivo\/#breadcrumb"},"inLanguage":"pt-BR","potentialAction":[{"@type":"ReadAction","target":["https:\/\/www.gaveanews.com\/index.php\/2022\/12\/13\/flamengo-oficializa-vitor-pereira-e-apresentador-da-chilique-ao-vivo\/"]}]},{"@type":"ImageObject","inLanguage":"pt-BR","@id":"https:\/\/www.gaveanews.com\/index.php\/2022\/12\/13\/flamengo-oficializa-vitor-pereira-e-apresentador-da-chilique-ao-vivo\/#primaryimage","url":"https:\/\/www.gaveanews.com\/wp-content\/uploads\/vitor-pereira-corinthians-flamengo.webp","contentUrl":"https:\/\/www.gaveanews.com\/wp-content\/uploads\/vitor-pereira-corinthians-flamengo.webp","width":984,"height":656,"caption":"V\u00edtor Pereira pelo Corinthians (Foto: Gabriel Machado\/AGIF)"},{"@type":"BreadcrumbList","@id":"https:\/\/www.gaveanews.com\/index.php\/2022\/12\/13\/flamengo-oficializa-vitor-pereira-e-apresentador-da-chilique-ao-vivo\/#breadcrumb","itemListElement":[{"@type":"ListItem","position":1,"name":"Home","item":"https:\/\/www.gaveanews.com\/"},{"@type":"ListItem","position":2,"name":"Flamengo oficializa V\u00edtor Pereira e apresentador d\u00e1 chilique ao vivo"}]},{"@type":"WebSite","@id":"https:\/\/www.gaveanews.com\/#website","url":"https:\/\/www.gaveanews.com\/","name":"G\u00e1vea News","description":"Veja todas as not\u00edcias sobre o Flamengo: Contrata\u00e7\u00f5es, categorias de base, resultados das partidas, tabela de classifica\u00e7\u00e3o, pr\u00f3ximos jogos!","potentialAction":[{"@type":"SearchAction","target":{"@type":"EntryPoint","urlTemplate":"https:\/\/www.gaveanews.com\/?s={search_term_string}"},"query-input":{"@type":"PropertyValueSpecification","valueRequired":true,"valueName":"search_term_string"}}],"inLanguage":"pt-BR"},{"@type":"Person","@id":"https:\/\/www.gaveanews.com\/#\/schema\/person\/2ec14f73fb96be2caf28f91afb14749d","name":"Equipe G\u00e1vea News","image":{"@type":"ImageObject","inLanguage":"pt-BR","@id":"https:\/\/www.gaveanews.com\/#\/schema\/person\/image\/","url":"https:\/\/secure.gravatar.com\/avatar\/1e1956f1facbffd3f8fa53a326721950116b3b9dc9bd44939c01180fd4a745a9?s=96&d=mm&r=g","contentUrl":"https:\/\/secure.gravatar.com\/avatar\/1e1956f1facbffd3f8fa53a326721950116b3b9dc9bd44939c01180fd4a745a9?s=96&d=mm&r=g","caption":"Equipe G\u00e1vea News"}}]}},"_links":{"self":[{"href":"https:\/\/www.gaveanews.com\/index.php\/wp-json\/wp\/v2\/posts\/91954","targetHints":{"allow":["GET"]}}],"collection":[{"href":"https:\/\/www.gaveanews.com\/index.php\/wp-json\/wp\/v2\/posts"}],"about":[{"href":"https:\/\/www.gaveanews.com\/index.php\/wp-json\/wp\/v2\/types\/post"}],"author":[{"embeddable":true,"href":"https:\/\/www.gaveanews.com\/index.php\/wp-json\/wp\/v2\/users\/1"}],"replies":[{"embeddable":true,"href":"https:\/\/www.gaveanews.com\/index.php\/wp-json\/wp\/v2\/comments?post=91954"}],"version-history":[{"count":0,"href":"https:\/\/www.gaveanews.com\/index.php\/wp-json\/wp\/v2\/posts\/91954\/revisions"}],"wp:featuredmedia":[{"embeddable":true,"href":"https:\/\/www.gaveanews.com\/index.php\/wp-json\/wp\/v2\/media\/91310"}],"wp:attachment":[{"href":"https:\/\/www.gaveanews.com\/index.php\/wp-json\/wp\/v2\/media?parent=91954"}],"wp:term":[{"taxonomy":"category","embeddable":true,"href":"https:\/\/www.gaveanews.com\/index.php\/wp-json\/wp\/v2\/categories?post=91954"},{"taxonomy":"post_tag","embeddable":true,"href":"https:\/\/www.gaveanews.com\/index.php\/wp-json\/wp\/v2\/tags?post=91954"}],"curies":[{"name":"wp","href":"https:\/\/api.w.org\/{rel}","templated":true}]}}