{"id":91987,"date":"2022-12-14T00:00:37","date_gmt":"2022-12-14T03:00:37","guid":{"rendered":"https:\/\/www.gaveanews.com\/?p=91987"},"modified":"2022-12-14T00:00:40","modified_gmt":"2022-12-14T03:00:40","slug":"torcida-do-corinthians-da-chilique-por-conta-do-acerto-de-vitor-pereira-com-o-flamengo","status":"publish","type":"post","link":"https:\/\/www.gaveanews.com\/index.php\/2022\/12\/14\/torcida-do-corinthians-da-chilique-por-conta-do-acerto-de-vitor-pereira-com-o-flamengo\/","title":{"rendered":"Torcida do Corinthians d\u00e1 chilique por conta do acerto de V\u00edtor Pereira com o Flamengo"},"content":{"rendered":"\n<p>O an\u00fancio do acordo entre Flamengo e V\u00edtor Pereira n\u00e3o caiu nada bem na torcida do Corinthians. Ap\u00f3s a confirma\u00e7\u00e3o oficial, pelas redes sociais do rubro-negro, o nome do portugu\u00eas se tornou o assunto mais comentado no <em>Twitter<\/em> e, entre uma e outra mensagem de boa sorte, uma enxurrada de cr\u00edticas e xingamentos.<\/p>\n\n\n\n<p>A \u00faltima postagem de V\u00edtor Pereira no Instagram \u00e9 justamente a despedida do Corinthians, na qual o treinador alega que &#8216;unicamente por motivo familiar que n\u00e3o foi poss\u00edvel solucionar&#8217;, n\u00e3o seguiria no clube paulista em 2023. O contrato de VP com o clube paulista se encerra no \u00faltimo dia de 2022 e ainda consta no BID da CBF.<\/p>\n\n\n\n<p>A maioria dos posts externa o sentimento de trai\u00e7\u00e3o e incredulidade dos corintianos. At\u00e9 torcedores de clubes rivais se mostraram surpresos com a concretiza\u00e7\u00e3o da negocia\u00e7\u00e3o.<\/p>\n\n\n\n<p>&#8216;Vergonha&#8217;, &#8216;mau car\u00e1ter&#8217;, &#8216;rasteira&#8217; e outros adjetivos nada amistosos a V\u00edtor Pereira eram maioria entre os mais de 15 mil tweets publicados envolvendo seu nome. A palavra &#8216;sogra&#8217; e um prospecto confronto entre Corinthians e Flamengo na Neo Qu\u00edmica Arena com VP no lado rubro-negro tamb\u00e9m entraram na lista de assuntos mais comentados.<\/p>\n\n\n\n<p><strong>Confira a repercuss\u00e3o do an\u00fancio de VP no Flamengo:<\/strong><\/p>\n\n\n\n<figure class=\"wp-block-embed is-type-rich is-provider-twitter wp-block-embed-twitter\"><div class=\"wp-block-embed__wrapper\">\n<blockquote class=\"twitter-tweet\" data-width=\"550\" data-dnt=\"true\"><p lang=\"pt\" dir=\"ltr\">Confirmada aquela que talvez seja a maior rasteira que o Corinthians j\u00e1 tomou, com requintes de palha\u00e7ada e sacanagem.<br><br>Obs: obviamente o Flamengo nada tem a ver com isso, poderia ser o Olaria, o Fluminense etc . Estou falando do personagem envolvido. <a href=\"https:\/\/t.co\/m4dUQOTa22\">https:\/\/t.co\/m4dUQOTa22<\/a><\/p>&mdash; Vessoni (@Vessoni) <a href=\"https:\/\/twitter.com\/Vessoni\/status\/1602655499337482243?ref_src=twsrc%5Etfw\">December 13, 2022<\/a><\/blockquote><script async src=\"https:\/\/platform.twitter.com\/widgets.js\" charset=\"utf-8\"><\/script>\n<\/div><\/figure>\n\n\n\n<figure class=\"wp-block-embed is-type-rich is-provider-twitter wp-block-embed-twitter\"><div class=\"wp-block-embed__wrapper\">\n<blockquote class=\"twitter-tweet\" data-width=\"550\" data-dnt=\"true\"><p lang=\"pt\" dir=\"ltr\">Vitor Pereira \u00e9 um sujeito mal car\u00e1ter que merece que aconte\u00e7a tudo de ruim em sua vida. Ele mentiu que tinha que voltar pra Portugal e cuidar de sua fam\u00edlia. Espero que ele se foda muito em qualquer lugar que ele estiver. S\u00f3 n\u00e3o falo mais porque advogado \u00e9 caro.<\/p>&mdash; Loucos do Bando (@loucosdobandoo) <a href=\"https:\/\/twitter.com\/loucosdobandoo\/status\/1602656569233182721?ref_src=twsrc%5Etfw\">December 13, 2022<\/a><\/blockquote><script async src=\"https:\/\/platform.twitter.com\/widgets.js\" charset=\"utf-8\"><\/script>\n<\/div><\/figure>\n\n\n\n<figure class=\"wp-block-embed is-type-rich is-provider-twitter wp-block-embed-twitter\"><div class=\"wp-block-embed__wrapper\">\nhttps:\/\/twitter.com\/juumazarin\/status\/1602658816990105600?ref_src=twsrc%5Etfw\n<\/div><\/figure>\n\n\n\n<figure class=\"wp-block-embed is-type-rich is-provider-twitter wp-block-embed-twitter\"><div class=\"wp-block-embed__wrapper\">\n<blockquote class=\"twitter-tweet\" data-width=\"550\" data-dnt=\"true\"><p lang=\"pt\" dir=\"ltr\">Apesar de muitos flamenguistas acharem que o mundo gira ao redor deles, o Vitor Pereira est\u00e1 sendo criticado por ter tomado uma atitude OPOSTA ao discurso dele!<br><br>O problema n\u00e3o \u00e9 o Flamengo. \u00c9 a maneira sorrateira como ele n\u00e3o teve peito pra assumir que n\u00e3o queria seguir!<br><br>Baixo!<\/p>&mdash; Jo\u00e3o Paulo Cappellanes (@capelareal) <a href=\"https:\/\/twitter.com\/capelareal\/status\/1602663113433747464?ref_src=twsrc%5Etfw\">December 13, 2022<\/a><\/blockquote><script async src=\"https:\/\/platform.twitter.com\/widgets.js\" charset=\"utf-8\"><\/script>\n<\/div><\/figure>\n\n\n\n<figure class=\"wp-block-embed is-type-rich is-provider-twitter wp-block-embed-twitter\"><div class=\"wp-block-embed__wrapper\">\n<blockquote class=\"twitter-tweet\" data-width=\"550\" data-dnt=\"true\"><p lang=\"pt\" dir=\"ltr\">Duilio Monteiro Alves vai entrar para a hist\u00f3ria como o presidente que apequenou o Corinthians de uma maneira nunca antes vista.<br><br>Faz sempre a vontade de outros clubes, v\u00ea a torcida sendo constrangida toda hora. N\u00e3o tem pulso, n\u00e3o tem cara de presidente. Um banana.<\/p>&mdash; Luan Araujo (@luanaraujo90) <a href=\"https:\/\/twitter.com\/luanaraujo90\/status\/1602659428414771201?ref_src=twsrc%5Etfw\">December 13, 2022<\/a><\/blockquote><script async src=\"https:\/\/platform.twitter.com\/widgets.js\" charset=\"utf-8\"><\/script>\n<\/div><\/figure>\n\n\n\n<figure class=\"wp-block-embed is-type-rich is-provider-twitter wp-block-embed-twitter\"><div class=\"wp-block-embed__wrapper\">\n<blockquote class=\"twitter-tweet\" data-width=\"550\" data-dnt=\"true\"><p lang=\"pt\" dir=\"ltr\">Assim, cai por terra a fala de despedida de V\u00edtor Pereira: <br><br>&quot;Queria muito continuar esse projeto, mas n\u00e3o tem hip\u00f3tese nenhuma. N\u00e3o vou para clube nenhum, n\u00e3o vou para nenhum canto, eu vou para casa. Tenho que ajudar a estabilizar um pouco o processo da doen\u00e7a da minha sogra&quot;. <a href=\"https:\/\/t.co\/tTbTqbqDk4\">https:\/\/t.co\/tTbTqbqDk4<\/a><\/p>&mdash; Beatriz Zoccoler (@beatrizoccoler) <a href=\"https:\/\/twitter.com\/beatrizoccoler\/status\/1602656947894886401?ref_src=twsrc%5Etfw\">December 13, 2022<\/a><\/blockquote><script async src=\"https:\/\/platform.twitter.com\/widgets.js\" charset=\"utf-8\"><\/script>\n<\/div><\/figure>\n\n\n\n<figure class=\"wp-block-embed is-type-rich is-provider-twitter wp-block-embed-twitter\"><div class=\"wp-block-embed__wrapper\">\n<blockquote class=\"twitter-tweet\" data-width=\"550\" data-dnt=\"true\"><p lang=\"pt\" dir=\"ltr\">Das coisas mais bizarras que j\u00e1 vi. Falta de car\u00e1ter total.<\/p>&mdash; Andrew Sousa (@_andrewsousa) <a href=\"https:\/\/twitter.com\/_andrewsousa\/status\/1602655607877672961?ref_src=twsrc%5Etfw\">December 13, 2022<\/a><\/blockquote><script async src=\"https:\/\/platform.twitter.com\/widgets.js\" charset=\"utf-8\"><\/script>\n<\/div><\/figure>\n\n\n\n<p>Adaptado de: UOL<\/p>\n","protected":false},"excerpt":{"rendered":"<p>O an\u00fancio do acordo entre Flamengo e V\u00edtor Pereira n\u00e3o caiu nada bem na torcida do Corinthians. Ap\u00f3s a confirma\u00e7\u00e3o oficial, pelas redes sociais do rubro-negro, o nome do portugu\u00eas se tornou o assunto mais comentado no Twitter e, entre uma e outra mensagem de boa sorte, uma enxurrada de cr\u00edticas e xingamentos. A \u00faltima [&hellip;]<\/p>\n","protected":false},"author":1,"featured_media":91677,"comment_status":"open","ping_status":"closed","sticky":false,"template":"","format":"standard","meta":{"footnotes":""},"categories":[1],"tags":[],"class_list":["post-91987","post","type-post","status-publish","format-standard","has-post-thumbnail","hentry","category-flamengo"],"yoast_head":"<!-- This site is optimized with the Yoast SEO Premium plugin v24.2 (Yoast SEO v26.9) - https:\/\/yoast.com\/product\/yoast-seo-premium-wordpress\/ -->\n<title>Torcida do Corinthians d\u00e1 chilique por conta do acerto de V\u00edtor Pereira com o Flamengo<\/title>\n<meta name=\"robots\" content=\"index, follow, max-snippet:-1, max-image-preview:large, max-video-preview:-1\" \/>\n<link rel=\"canonical\" href=\"https:\/\/www.gaveanews.com\/index.php\/2022\/12\/14\/torcida-do-corinthians-da-chilique-por-conta-do-acerto-de-vitor-pereira-com-o-flamengo\/\" \/>\n<meta property=\"og:locale\" content=\"pt_BR\" \/>\n<meta property=\"og:type\" content=\"article\" \/>\n<meta property=\"og:title\" content=\"Torcida do Corinthians d\u00e1 chilique por conta do acerto de V\u00edtor Pereira com o Flamengo\" \/>\n<meta property=\"og:description\" content=\"O an\u00fancio do acordo entre Flamengo e V\u00edtor Pereira n\u00e3o caiu nada bem na torcida do Corinthians. Ap\u00f3s a confirma\u00e7\u00e3o oficial, pelas redes sociais do rubro-negro, o nome do portugu\u00eas se tornou o assunto mais comentado no Twitter e, entre uma e outra mensagem de boa sorte, uma enxurrada de cr\u00edticas e xingamentos. A \u00faltima [&hellip;]\" \/>\n<meta property=\"og:url\" content=\"https:\/\/www.gaveanews.com\/index.php\/2022\/12\/14\/torcida-do-corinthians-da-chilique-por-conta-do-acerto-de-vitor-pereira-com-o-flamengo\/\" \/>\n<meta property=\"og:site_name\" content=\"G\u00e1vea News\" \/>\n<meta property=\"article:publisher\" content=\"https:\/\/facebook.com\/gaveaNews\/\" \/>\n<meta property=\"article:published_time\" content=\"2022-12-14T03:00:37+00:00\" \/>\n<meta property=\"article:modified_time\" content=\"2022-12-14T03:00:40+00:00\" \/>\n<meta property=\"og:image\" content=\"https:\/\/www.gaveanews.com\/wp-content\/uploads\/vitor-pereira.webp\" \/>\n\t<meta property=\"og:image:width\" content=\"1024\" \/>\n\t<meta property=\"og:image:height\" content=\"683\" \/>\n\t<meta property=\"og:image:type\" content=\"image\/jpeg\" \/>\n<meta name=\"author\" content=\"Equipe G\u00e1vea News\" \/>\n<meta name=\"twitter:card\" content=\"summary_large_image\" \/>\n<meta name=\"twitter:label1\" content=\"Escrito por\" \/>\n\t<meta name=\"twitter:data1\" content=\"Equipe G\u00e1vea News\" \/>\n\t<meta name=\"twitter:label2\" content=\"Est. tempo de leitura\" \/>\n\t<meta name=\"twitter:data2\" content=\"2 minutos\" \/>\n<script type=\"application\/ld+json\" class=\"yoast-schema-graph\">{\"@context\":\"https:\/\/schema.org\",\"@graph\":[{\"@type\":\"NewsArticle\",\"@id\":\"https:\/\/www.gaveanews.com\/index.php\/2022\/12\/14\/torcida-do-corinthians-da-chilique-por-conta-do-acerto-de-vitor-pereira-com-o-flamengo\/#article\",\"isPartOf\":{\"@id\":\"https:\/\/www.gaveanews.com\/index.php\/2022\/12\/14\/torcida-do-corinthians-da-chilique-por-conta-do-acerto-de-vitor-pereira-com-o-flamengo\/\"},\"author\":{\"name\":\"Equipe G\u00e1vea News\",\"@id\":\"https:\/\/www.gaveanews.com\/#\/schema\/person\/2ec14f73fb96be2caf28f91afb14749d\"},\"headline\":\"Torcida do Corinthians d\u00e1 chilique por conta do acerto de V\u00edtor Pereira com o Flamengo\",\"datePublished\":\"2022-12-14T03:00:37+00:00\",\"dateModified\":\"2022-12-14T03:00:40+00:00\",\"mainEntityOfPage\":{\"@id\":\"https:\/\/www.gaveanews.com\/index.php\/2022\/12\/14\/torcida-do-corinthians-da-chilique-por-conta-do-acerto-de-vitor-pereira-com-o-flamengo\/\"},\"wordCount\":297,\"commentCount\":0,\"image\":{\"@id\":\"https:\/\/www.gaveanews.com\/index.php\/2022\/12\/14\/torcida-do-corinthians-da-chilique-por-conta-do-acerto-de-vitor-pereira-com-o-flamengo\/#primaryimage\"},\"thumbnailUrl\":\"https:\/\/www.gaveanews.com\/wp-content\/uploads\/vitor-pereira.webp\",\"articleSection\":[\"Flamengo\"],\"inLanguage\":\"pt-BR\",\"potentialAction\":[{\"@type\":\"CommentAction\",\"name\":\"Comment\",\"target\":[\"https:\/\/www.gaveanews.com\/index.php\/2022\/12\/14\/torcida-do-corinthians-da-chilique-por-conta-do-acerto-de-vitor-pereira-com-o-flamengo\/#respond\"]}],\"copyrightYear\":\"2022\",\"copyrightHolder\":{\"@id\":\"https:\/\/www.gaveanews.com\/#organization\"}},{\"@type\":\"WebPage\",\"@id\":\"https:\/\/www.gaveanews.com\/index.php\/2022\/12\/14\/torcida-do-corinthians-da-chilique-por-conta-do-acerto-de-vitor-pereira-com-o-flamengo\/\",\"url\":\"https:\/\/www.gaveanews.com\/index.php\/2022\/12\/14\/torcida-do-corinthians-da-chilique-por-conta-do-acerto-de-vitor-pereira-com-o-flamengo\/\",\"name\":\"Torcida do Corinthians d\u00e1 chilique por conta do acerto de V\u00edtor Pereira com o Flamengo\",\"isPartOf\":{\"@id\":\"https:\/\/www.gaveanews.com\/#website\"},\"primaryImageOfPage\":{\"@id\":\"https:\/\/www.gaveanews.com\/index.php\/2022\/12\/14\/torcida-do-corinthians-da-chilique-por-conta-do-acerto-de-vitor-pereira-com-o-flamengo\/#primaryimage\"},\"image\":{\"@id\":\"https:\/\/www.gaveanews.com\/index.php\/2022\/12\/14\/torcida-do-corinthians-da-chilique-por-conta-do-acerto-de-vitor-pereira-com-o-flamengo\/#primaryimage\"},\"thumbnailUrl\":\"https:\/\/www.gaveanews.com\/wp-content\/uploads\/vitor-pereira.webp\",\"datePublished\":\"2022-12-14T03:00:37+00:00\",\"dateModified\":\"2022-12-14T03:00:40+00:00\",\"author\":{\"@id\":\"https:\/\/www.gaveanews.com\/#\/schema\/person\/2ec14f73fb96be2caf28f91afb14749d\"},\"breadcrumb\":{\"@id\":\"https:\/\/www.gaveanews.com\/index.php\/2022\/12\/14\/torcida-do-corinthians-da-chilique-por-conta-do-acerto-de-vitor-pereira-com-o-flamengo\/#breadcrumb\"},\"inLanguage\":\"pt-BR\",\"potentialAction\":[{\"@type\":\"ReadAction\",\"target\":[\"https:\/\/www.gaveanews.com\/index.php\/2022\/12\/14\/torcida-do-corinthians-da-chilique-por-conta-do-acerto-de-vitor-pereira-com-o-flamengo\/\"]}]},{\"@type\":\"ImageObject\",\"inLanguage\":\"pt-BR\",\"@id\":\"https:\/\/www.gaveanews.com\/index.php\/2022\/12\/14\/torcida-do-corinthians-da-chilique-por-conta-do-acerto-de-vitor-pereira-com-o-flamengo\/#primaryimage\",\"url\":\"https:\/\/www.gaveanews.com\/wp-content\/uploads\/vitor-pereira.webp\",\"contentUrl\":\"https:\/\/www.gaveanews.com\/wp-content\/uploads\/vitor-pereira.webp\",\"width\":1024,\"height\":683,\"caption\":\"V\u00edtor Pereira, ex-t\u00e9cnico do Corinthians (Foto: Divulga\u00e7\u00e3o)\"},{\"@type\":\"BreadcrumbList\",\"@id\":\"https:\/\/www.gaveanews.com\/index.php\/2022\/12\/14\/torcida-do-corinthians-da-chilique-por-conta-do-acerto-de-vitor-pereira-com-o-flamengo\/#breadcrumb\",\"itemListElement\":[{\"@type\":\"ListItem\",\"position\":1,\"name\":\"Home\",\"item\":\"https:\/\/www.gaveanews.com\/\"},{\"@type\":\"ListItem\",\"position\":2,\"name\":\"Torcida do Corinthians d\u00e1 chilique por conta do acerto de V\u00edtor Pereira com o Flamengo\"}]},{\"@type\":\"WebSite\",\"@id\":\"https:\/\/www.gaveanews.com\/#website\",\"url\":\"https:\/\/www.gaveanews.com\/\",\"name\":\"G\u00e1vea News\",\"description\":\"Veja todas as not\u00edcias sobre o Flamengo: Contrata\u00e7\u00f5es, categorias de base, resultados das partidas, tabela de classifica\u00e7\u00e3o, pr\u00f3ximos jogos!\",\"potentialAction\":[{\"@type\":\"SearchAction\",\"target\":{\"@type\":\"EntryPoint\",\"urlTemplate\":\"https:\/\/www.gaveanews.com\/?s={search_term_string}\"},\"query-input\":{\"@type\":\"PropertyValueSpecification\",\"valueRequired\":true,\"valueName\":\"search_term_string\"}}],\"inLanguage\":\"pt-BR\"},{\"@type\":\"Person\",\"@id\":\"https:\/\/www.gaveanews.com\/#\/schema\/person\/2ec14f73fb96be2caf28f91afb14749d\",\"name\":\"Equipe G\u00e1vea News\",\"image\":{\"@type\":\"ImageObject\",\"inLanguage\":\"pt-BR\",\"@id\":\"https:\/\/www.gaveanews.com\/#\/schema\/person\/image\/\",\"url\":\"https:\/\/secure.gravatar.com\/avatar\/1e1956f1facbffd3f8fa53a326721950116b3b9dc9bd44939c01180fd4a745a9?s=96&d=mm&r=g\",\"contentUrl\":\"https:\/\/secure.gravatar.com\/avatar\/1e1956f1facbffd3f8fa53a326721950116b3b9dc9bd44939c01180fd4a745a9?s=96&d=mm&r=g\",\"caption\":\"Equipe G\u00e1vea News\"}}]}<\/script>\n<!-- \/ Yoast SEO Premium plugin. -->","yoast_head_json":{"title":"Torcida do Corinthians d\u00e1 chilique por conta do acerto de V\u00edtor Pereira com o Flamengo","robots":{"index":"index","follow":"follow","max-snippet":"max-snippet:-1","max-image-preview":"max-image-preview:large","max-video-preview":"max-video-preview:-1"},"canonical":"https:\/\/www.gaveanews.com\/index.php\/2022\/12\/14\/torcida-do-corinthians-da-chilique-por-conta-do-acerto-de-vitor-pereira-com-o-flamengo\/","og_locale":"pt_BR","og_type":"article","og_title":"Torcida do Corinthians d\u00e1 chilique por conta do acerto de V\u00edtor Pereira com o Flamengo","og_description":"O an\u00fancio do acordo entre Flamengo e V\u00edtor Pereira n\u00e3o caiu nada bem na torcida do Corinthians. Ap\u00f3s a confirma\u00e7\u00e3o oficial, pelas redes sociais do rubro-negro, o nome do portugu\u00eas se tornou o assunto mais comentado no Twitter e, entre uma e outra mensagem de boa sorte, uma enxurrada de cr\u00edticas e xingamentos. A \u00faltima [&hellip;]","og_url":"https:\/\/www.gaveanews.com\/index.php\/2022\/12\/14\/torcida-do-corinthians-da-chilique-por-conta-do-acerto-de-vitor-pereira-com-o-flamengo\/","og_site_name":"G\u00e1vea News","article_publisher":"https:\/\/facebook.com\/gaveaNews\/","article_published_time":"2022-12-14T03:00:37+00:00","article_modified_time":"2022-12-14T03:00:40+00:00","og_image":[{"width":1024,"height":683,"url":"https:\/\/www.gaveanews.com\/wp-content\/uploads\/vitor-pereira.webp","type":"image\/jpeg"}],"author":"Equipe G\u00e1vea News","twitter_card":"summary_large_image","twitter_misc":{"Escrito por":"Equipe G\u00e1vea News","Est. tempo de leitura":"2 minutos"},"schema":{"@context":"https:\/\/schema.org","@graph":[{"@type":"NewsArticle","@id":"https:\/\/www.gaveanews.com\/index.php\/2022\/12\/14\/torcida-do-corinthians-da-chilique-por-conta-do-acerto-de-vitor-pereira-com-o-flamengo\/#article","isPartOf":{"@id":"https:\/\/www.gaveanews.com\/index.php\/2022\/12\/14\/torcida-do-corinthians-da-chilique-por-conta-do-acerto-de-vitor-pereira-com-o-flamengo\/"},"author":{"name":"Equipe G\u00e1vea News","@id":"https:\/\/www.gaveanews.com\/#\/schema\/person\/2ec14f73fb96be2caf28f91afb14749d"},"headline":"Torcida do Corinthians d\u00e1 chilique por conta do acerto de V\u00edtor Pereira com o Flamengo","datePublished":"2022-12-14T03:00:37+00:00","dateModified":"2022-12-14T03:00:40+00:00","mainEntityOfPage":{"@id":"https:\/\/www.gaveanews.com\/index.php\/2022\/12\/14\/torcida-do-corinthians-da-chilique-por-conta-do-acerto-de-vitor-pereira-com-o-flamengo\/"},"wordCount":297,"commentCount":0,"image":{"@id":"https:\/\/www.gaveanews.com\/index.php\/2022\/12\/14\/torcida-do-corinthians-da-chilique-por-conta-do-acerto-de-vitor-pereira-com-o-flamengo\/#primaryimage"},"thumbnailUrl":"https:\/\/www.gaveanews.com\/wp-content\/uploads\/vitor-pereira.webp","articleSection":["Flamengo"],"inLanguage":"pt-BR","potentialAction":[{"@type":"CommentAction","name":"Comment","target":["https:\/\/www.gaveanews.com\/index.php\/2022\/12\/14\/torcida-do-corinthians-da-chilique-por-conta-do-acerto-de-vitor-pereira-com-o-flamengo\/#respond"]}],"copyrightYear":"2022","copyrightHolder":{"@id":"https:\/\/www.gaveanews.com\/#organization"}},{"@type":"WebPage","@id":"https:\/\/www.gaveanews.com\/index.php\/2022\/12\/14\/torcida-do-corinthians-da-chilique-por-conta-do-acerto-de-vitor-pereira-com-o-flamengo\/","url":"https:\/\/www.gaveanews.com\/index.php\/2022\/12\/14\/torcida-do-corinthians-da-chilique-por-conta-do-acerto-de-vitor-pereira-com-o-flamengo\/","name":"Torcida do Corinthians d\u00e1 chilique por conta do acerto de V\u00edtor Pereira com o Flamengo","isPartOf":{"@id":"https:\/\/www.gaveanews.com\/#website"},"primaryImageOfPage":{"@id":"https:\/\/www.gaveanews.com\/index.php\/2022\/12\/14\/torcida-do-corinthians-da-chilique-por-conta-do-acerto-de-vitor-pereira-com-o-flamengo\/#primaryimage"},"image":{"@id":"https:\/\/www.gaveanews.com\/index.php\/2022\/12\/14\/torcida-do-corinthians-da-chilique-por-conta-do-acerto-de-vitor-pereira-com-o-flamengo\/#primaryimage"},"thumbnailUrl":"https:\/\/www.gaveanews.com\/wp-content\/uploads\/vitor-pereira.webp","datePublished":"2022-12-14T03:00:37+00:00","dateModified":"2022-12-14T03:00:40+00:00","author":{"@id":"https:\/\/www.gaveanews.com\/#\/schema\/person\/2ec14f73fb96be2caf28f91afb14749d"},"breadcrumb":{"@id":"https:\/\/www.gaveanews.com\/index.php\/2022\/12\/14\/torcida-do-corinthians-da-chilique-por-conta-do-acerto-de-vitor-pereira-com-o-flamengo\/#breadcrumb"},"inLanguage":"pt-BR","potentialAction":[{"@type":"ReadAction","target":["https:\/\/www.gaveanews.com\/index.php\/2022\/12\/14\/torcida-do-corinthians-da-chilique-por-conta-do-acerto-de-vitor-pereira-com-o-flamengo\/"]}]},{"@type":"ImageObject","inLanguage":"pt-BR","@id":"https:\/\/www.gaveanews.com\/index.php\/2022\/12\/14\/torcida-do-corinthians-da-chilique-por-conta-do-acerto-de-vitor-pereira-com-o-flamengo\/#primaryimage","url":"https:\/\/www.gaveanews.com\/wp-content\/uploads\/vitor-pereira.webp","contentUrl":"https:\/\/www.gaveanews.com\/wp-content\/uploads\/vitor-pereira.webp","width":1024,"height":683,"caption":"V\u00edtor Pereira, ex-t\u00e9cnico do Corinthians (Foto: Divulga\u00e7\u00e3o)"},{"@type":"BreadcrumbList","@id":"https:\/\/www.gaveanews.com\/index.php\/2022\/12\/14\/torcida-do-corinthians-da-chilique-por-conta-do-acerto-de-vitor-pereira-com-o-flamengo\/#breadcrumb","itemListElement":[{"@type":"ListItem","position":1,"name":"Home","item":"https:\/\/www.gaveanews.com\/"},{"@type":"ListItem","position":2,"name":"Torcida do Corinthians d\u00e1 chilique por conta do acerto de V\u00edtor Pereira com o Flamengo"}]},{"@type":"WebSite","@id":"https:\/\/www.gaveanews.com\/#website","url":"https:\/\/www.gaveanews.com\/","name":"G\u00e1vea News","description":"Veja todas as not\u00edcias sobre o Flamengo: Contrata\u00e7\u00f5es, categorias de base, resultados das partidas, tabela de classifica\u00e7\u00e3o, pr\u00f3ximos jogos!","potentialAction":[{"@type":"SearchAction","target":{"@type":"EntryPoint","urlTemplate":"https:\/\/www.gaveanews.com\/?s={search_term_string}"},"query-input":{"@type":"PropertyValueSpecification","valueRequired":true,"valueName":"search_term_string"}}],"inLanguage":"pt-BR"},{"@type":"Person","@id":"https:\/\/www.gaveanews.com\/#\/schema\/person\/2ec14f73fb96be2caf28f91afb14749d","name":"Equipe G\u00e1vea News","image":{"@type":"ImageObject","inLanguage":"pt-BR","@id":"https:\/\/www.gaveanews.com\/#\/schema\/person\/image\/","url":"https:\/\/secure.gravatar.com\/avatar\/1e1956f1facbffd3f8fa53a326721950116b3b9dc9bd44939c01180fd4a745a9?s=96&d=mm&r=g","contentUrl":"https:\/\/secure.gravatar.com\/avatar\/1e1956f1facbffd3f8fa53a326721950116b3b9dc9bd44939c01180fd4a745a9?s=96&d=mm&r=g","caption":"Equipe G\u00e1vea News"}}]}},"_links":{"self":[{"href":"https:\/\/www.gaveanews.com\/index.php\/wp-json\/wp\/v2\/posts\/91987","targetHints":{"allow":["GET"]}}],"collection":[{"href":"https:\/\/www.gaveanews.com\/index.php\/wp-json\/wp\/v2\/posts"}],"about":[{"href":"https:\/\/www.gaveanews.com\/index.php\/wp-json\/wp\/v2\/types\/post"}],"author":[{"embeddable":true,"href":"https:\/\/www.gaveanews.com\/index.php\/wp-json\/wp\/v2\/users\/1"}],"replies":[{"embeddable":true,"href":"https:\/\/www.gaveanews.com\/index.php\/wp-json\/wp\/v2\/comments?post=91987"}],"version-history":[{"count":0,"href":"https:\/\/www.gaveanews.com\/index.php\/wp-json\/wp\/v2\/posts\/91987\/revisions"}],"wp:featuredmedia":[{"embeddable":true,"href":"https:\/\/www.gaveanews.com\/index.php\/wp-json\/wp\/v2\/media\/91677"}],"wp:attachment":[{"href":"https:\/\/www.gaveanews.com\/index.php\/wp-json\/wp\/v2\/media?parent=91987"}],"wp:term":[{"taxonomy":"category","embeddable":true,"href":"https:\/\/www.gaveanews.com\/index.php\/wp-json\/wp\/v2\/categories?post=91987"},{"taxonomy":"post_tag","embeddable":true,"href":"https:\/\/www.gaveanews.com\/index.php\/wp-json\/wp\/v2\/tags?post=91987"}],"curies":[{"name":"wp","href":"https:\/\/api.w.org\/{rel}","templated":true}]}}