{"id":91991,"date":"2022-12-14T00:14:57","date_gmt":"2022-12-14T03:14:57","guid":{"rendered":"https:\/\/www.gaveanews.com\/?p=91991"},"modified":"2022-12-14T00:14:59","modified_gmt":"2022-12-14T03:14:59","slug":"primeiro-reforco-do-flamengo-vibra-com-seu-retorno-ao-clube-um-sonho","status":"publish","type":"post","link":"https:\/\/www.gaveanews.com\/index.php\/2022\/12\/14\/primeiro-reforco-do-flamengo-vibra-com-seu-retorno-ao-clube-um-sonho\/","title":{"rendered":"Primeiro refor\u00e7o do Flamengo vibra com seu retorno ao clube: &#8220;Um sonho&#8221;"},"content":{"rendered":"\n<p>Depois de confirmar o acordo com o t\u00e9cnico V\u00edtor Pereira, o Flamengo j\u00e1 tem o primeiro refor\u00e7o para 2023. Multicampe\u00e3o em 2019 ao lado de Jorge Jesus, o preparador f\u00edsico M\u00e1rio Monteiro est\u00e1 de volta ao clube para a comiss\u00e3o t\u00e9cnica permanente.<\/p>\n\n\n\n<p>A informa\u00e7\u00e3o do retorno de M\u00e1rio Monteiro ao Flamengo foi publicada pelo &#8216;Globo Esporte&#8217; e confirmada pelo site &#8216;Torcedores&#8217; com com o pr\u00f3prio profissional. Em contato, o preparador f\u00edsico afirmou que voltar ao Rubro-Negro \u00e9 a realiza\u00e7\u00e3o de um sonho e pediu o apoio da torcida para a nova comiss\u00e3o t\u00e9cnica.<\/p>\n\n\n\n<p><div tabindex=\"0\"><\/p>\n\n\n\n<p><em>\u2014 Estou imensamente feliz por voltar ao clube onde, juntamente com a torcida, tivemos muitas conquistas e vivemos momentos inesquec\u00edveis que marcaram o meu percurso no futebol. \u00c9 a realiza\u00e7\u00e3o de um sonho voltar ao clube donde nunca tinha sa\u00eddo. Fiquei encantado por essa torcida, povo maravilhoso e cidade \u00fanica! Pe\u00e7o a todos, sem exce\u00e7\u00e3o, o vosso incondicional apoio a esta nova comiss\u00e3o t\u00e9cnica, que tudo far\u00e1 para novas conquistas e elevar o nome do Meng\u00e3o ainda mais alto.<\/em><\/p>\n\n\n\n<p>M\u00e1rio Monteiro trabalhou dez anos ao lado de Jorge Jesus, mas est\u00e1 livre no mercado desde a ida do treinador ao Fenerbah\u00e7e, quando n\u00e3o quis ir trabalhar na Turquia. Desde ent\u00e3o h\u00e1 conversas entre ele e o clube e at\u00e9 mesmo um lobby dos torcedores, que comemoraram a contrata\u00e7\u00e3o. O profissional \u00e9 querido pelos funcion\u00e1rios, diretoria e jogadores remanescentes daquela temporada vitoriosa.<\/p>\n\n\n\n<p>Retirado de: Torcedores<\/p>\n\n\n\n<p><div tabindex=\"0\"><\/p>\n","protected":false},"excerpt":{"rendered":"<p>Depois de confirmar o acordo com o t\u00e9cnico V\u00edtor Pereira, o Flamengo j\u00e1 tem o primeiro refor\u00e7o para 2023. Multicampe\u00e3o em 2019 ao lado de Jorge Jesus, o preparador f\u00edsico M\u00e1rio Monteiro est\u00e1 de volta ao clube para a comiss\u00e3o t\u00e9cnica permanente. A informa\u00e7\u00e3o do retorno de M\u00e1rio Monteiro ao Flamengo foi publicada pelo &#8216;Globo [&hellip;]<\/p>\n","protected":false},"author":1,"featured_media":91934,"comment_status":"open","ping_status":"closed","sticky":false,"template":"","format":"standard","meta":{"footnotes":""},"categories":[1],"tags":[],"class_list":["post-91991","post","type-post","status-publish","format-standard","has-post-thumbnail","hentry","category-flamengo"],"yoast_head":"<!-- This site is optimized with the Yoast SEO Premium plugin v24.2 (Yoast SEO v26.9) - https:\/\/yoast.com\/product\/yoast-seo-premium-wordpress\/ -->\n<title>Primeiro refor\u00e7o do Flamengo vibra com seu retorno ao clube: &quot;Um sonho&quot;<\/title>\n<meta name=\"robots\" content=\"index, follow, max-snippet:-1, max-image-preview:large, max-video-preview:-1\" \/>\n<link rel=\"canonical\" href=\"https:\/\/www.gaveanews.com\/index.php\/2022\/12\/14\/primeiro-reforco-do-flamengo-vibra-com-seu-retorno-ao-clube-um-sonho\/\" \/>\n<meta property=\"og:locale\" content=\"pt_BR\" \/>\n<meta property=\"og:type\" content=\"article\" \/>\n<meta property=\"og:title\" content=\"Primeiro refor\u00e7o do Flamengo vibra com seu retorno ao clube: &quot;Um sonho&quot;\" \/>\n<meta property=\"og:description\" content=\"Depois de confirmar o acordo com o t\u00e9cnico V\u00edtor Pereira, o Flamengo j\u00e1 tem o primeiro refor\u00e7o para 2023. Multicampe\u00e3o em 2019 ao lado de Jorge Jesus, o preparador f\u00edsico M\u00e1rio Monteiro est\u00e1 de volta ao clube para a comiss\u00e3o t\u00e9cnica permanente. A informa\u00e7\u00e3o do retorno de M\u00e1rio Monteiro ao Flamengo foi publicada pelo &#8216;Globo [&hellip;]\" \/>\n<meta property=\"og:url\" content=\"https:\/\/www.gaveanews.com\/index.php\/2022\/12\/14\/primeiro-reforco-do-flamengo-vibra-com-seu-retorno-ao-clube-um-sonho\/\" \/>\n<meta property=\"og:site_name\" content=\"G\u00e1vea News\" \/>\n<meta property=\"article:publisher\" content=\"https:\/\/facebook.com\/gaveaNews\/\" \/>\n<meta property=\"article:published_time\" content=\"2022-12-14T03:14:57+00:00\" \/>\n<meta property=\"article:modified_time\" content=\"2022-12-14T03:14:59+00:00\" \/>\n<meta property=\"og:image\" content=\"https:\/\/www.gaveanews.com\/wp-content\/uploads\/mario-monteiro-flamengo.webp\" \/>\n\t<meta property=\"og:image:width\" content=\"984\" \/>\n\t<meta property=\"og:image:height\" content=\"656\" \/>\n\t<meta property=\"og:image:type\" content=\"image\/webp\" \/>\n<meta name=\"author\" content=\"Equipe G\u00e1vea News\" \/>\n<meta name=\"twitter:card\" content=\"summary_large_image\" \/>\n<meta name=\"twitter:label1\" content=\"Escrito por\" \/>\n\t<meta name=\"twitter:data1\" content=\"Equipe G\u00e1vea News\" \/>\n\t<meta name=\"twitter:label2\" content=\"Est. tempo de leitura\" \/>\n\t<meta name=\"twitter:data2\" content=\"2 minutos\" \/>\n<script type=\"application\/ld+json\" class=\"yoast-schema-graph\">{\"@context\":\"https:\/\/schema.org\",\"@graph\":[{\"@type\":\"NewsArticle\",\"@id\":\"https:\/\/www.gaveanews.com\/index.php\/2022\/12\/14\/primeiro-reforco-do-flamengo-vibra-com-seu-retorno-ao-clube-um-sonho\/#article\",\"isPartOf\":{\"@id\":\"https:\/\/www.gaveanews.com\/index.php\/2022\/12\/14\/primeiro-reforco-do-flamengo-vibra-com-seu-retorno-ao-clube-um-sonho\/\"},\"author\":{\"name\":\"Equipe G\u00e1vea News\",\"@id\":\"https:\/\/www.gaveanews.com\/#\/schema\/person\/2ec14f73fb96be2caf28f91afb14749d\"},\"headline\":\"Primeiro refor\u00e7o do Flamengo vibra com seu retorno ao clube: &#8220;Um sonho&#8221;\",\"datePublished\":\"2022-12-14T03:14:57+00:00\",\"dateModified\":\"2022-12-14T03:14:59+00:00\",\"mainEntityOfPage\":{\"@id\":\"https:\/\/www.gaveanews.com\/index.php\/2022\/12\/14\/primeiro-reforco-do-flamengo-vibra-com-seu-retorno-ao-clube-um-sonho\/\"},\"wordCount\":273,\"commentCount\":0,\"image\":{\"@id\":\"https:\/\/www.gaveanews.com\/index.php\/2022\/12\/14\/primeiro-reforco-do-flamengo-vibra-com-seu-retorno-ao-clube-um-sonho\/#primaryimage\"},\"thumbnailUrl\":\"https:\/\/www.gaveanews.com\/wp-content\/uploads\/mario-monteiro-flamengo.webp\",\"articleSection\":[\"Flamengo\"],\"inLanguage\":\"pt-BR\",\"potentialAction\":[{\"@type\":\"CommentAction\",\"name\":\"Comment\",\"target\":[\"https:\/\/www.gaveanews.com\/index.php\/2022\/12\/14\/primeiro-reforco-do-flamengo-vibra-com-seu-retorno-ao-clube-um-sonho\/#respond\"]}],\"copyrightYear\":\"2022\",\"copyrightHolder\":{\"@id\":\"https:\/\/www.gaveanews.com\/#organization\"}},{\"@type\":\"WebPage\",\"@id\":\"https:\/\/www.gaveanews.com\/index.php\/2022\/12\/14\/primeiro-reforco-do-flamengo-vibra-com-seu-retorno-ao-clube-um-sonho\/\",\"url\":\"https:\/\/www.gaveanews.com\/index.php\/2022\/12\/14\/primeiro-reforco-do-flamengo-vibra-com-seu-retorno-ao-clube-um-sonho\/\",\"name\":\"Primeiro refor\u00e7o do Flamengo vibra com seu retorno ao clube: \\\"Um sonho\\\"\",\"isPartOf\":{\"@id\":\"https:\/\/www.gaveanews.com\/#website\"},\"primaryImageOfPage\":{\"@id\":\"https:\/\/www.gaveanews.com\/index.php\/2022\/12\/14\/primeiro-reforco-do-flamengo-vibra-com-seu-retorno-ao-clube-um-sonho\/#primaryimage\"},\"image\":{\"@id\":\"https:\/\/www.gaveanews.com\/index.php\/2022\/12\/14\/primeiro-reforco-do-flamengo-vibra-com-seu-retorno-ao-clube-um-sonho\/#primaryimage\"},\"thumbnailUrl\":\"https:\/\/www.gaveanews.com\/wp-content\/uploads\/mario-monteiro-flamengo.webp\",\"datePublished\":\"2022-12-14T03:14:57+00:00\",\"dateModified\":\"2022-12-14T03:14:59+00:00\",\"author\":{\"@id\":\"https:\/\/www.gaveanews.com\/#\/schema\/person\/2ec14f73fb96be2caf28f91afb14749d\"},\"breadcrumb\":{\"@id\":\"https:\/\/www.gaveanews.com\/index.php\/2022\/12\/14\/primeiro-reforco-do-flamengo-vibra-com-seu-retorno-ao-clube-um-sonho\/#breadcrumb\"},\"inLanguage\":\"pt-BR\",\"potentialAction\":[{\"@type\":\"ReadAction\",\"target\":[\"https:\/\/www.gaveanews.com\/index.php\/2022\/12\/14\/primeiro-reforco-do-flamengo-vibra-com-seu-retorno-ao-clube-um-sonho\/\"]}]},{\"@type\":\"ImageObject\",\"inLanguage\":\"pt-BR\",\"@id\":\"https:\/\/www.gaveanews.com\/index.php\/2022\/12\/14\/primeiro-reforco-do-flamengo-vibra-com-seu-retorno-ao-clube-um-sonho\/#primaryimage\",\"url\":\"https:\/\/www.gaveanews.com\/wp-content\/uploads\/mario-monteiro-flamengo.webp\",\"contentUrl\":\"https:\/\/www.gaveanews.com\/wp-content\/uploads\/mario-monteiro-flamengo.webp\",\"width\":984,\"height\":656,\"caption\":\"M\u00e1rio Monteiro foi campe\u00e3o pelo Flamengo em 2019 (Foto: Reprodu\u00e7\u00e3o\/Instagram)\"},{\"@type\":\"BreadcrumbList\",\"@id\":\"https:\/\/www.gaveanews.com\/index.php\/2022\/12\/14\/primeiro-reforco-do-flamengo-vibra-com-seu-retorno-ao-clube-um-sonho\/#breadcrumb\",\"itemListElement\":[{\"@type\":\"ListItem\",\"position\":1,\"name\":\"Home\",\"item\":\"https:\/\/www.gaveanews.com\/\"},{\"@type\":\"ListItem\",\"position\":2,\"name\":\"Primeiro refor\u00e7o do Flamengo vibra com seu retorno ao clube: &#8220;Um sonho&#8221;\"}]},{\"@type\":\"WebSite\",\"@id\":\"https:\/\/www.gaveanews.com\/#website\",\"url\":\"https:\/\/www.gaveanews.com\/\",\"name\":\"G\u00e1vea News\",\"description\":\"Veja todas as not\u00edcias sobre o Flamengo: Contrata\u00e7\u00f5es, categorias de base, resultados das partidas, tabela de classifica\u00e7\u00e3o, pr\u00f3ximos jogos!\",\"potentialAction\":[{\"@type\":\"SearchAction\",\"target\":{\"@type\":\"EntryPoint\",\"urlTemplate\":\"https:\/\/www.gaveanews.com\/?s={search_term_string}\"},\"query-input\":{\"@type\":\"PropertyValueSpecification\",\"valueRequired\":true,\"valueName\":\"search_term_string\"}}],\"inLanguage\":\"pt-BR\"},{\"@type\":\"Person\",\"@id\":\"https:\/\/www.gaveanews.com\/#\/schema\/person\/2ec14f73fb96be2caf28f91afb14749d\",\"name\":\"Equipe G\u00e1vea News\",\"image\":{\"@type\":\"ImageObject\",\"inLanguage\":\"pt-BR\",\"@id\":\"https:\/\/www.gaveanews.com\/#\/schema\/person\/image\/\",\"url\":\"https:\/\/secure.gravatar.com\/avatar\/1e1956f1facbffd3f8fa53a326721950116b3b9dc9bd44939c01180fd4a745a9?s=96&d=mm&r=g\",\"contentUrl\":\"https:\/\/secure.gravatar.com\/avatar\/1e1956f1facbffd3f8fa53a326721950116b3b9dc9bd44939c01180fd4a745a9?s=96&d=mm&r=g\",\"caption\":\"Equipe G\u00e1vea News\"}}]}<\/script>\n<!-- \/ Yoast SEO Premium plugin. -->","yoast_head_json":{"title":"Primeiro refor\u00e7o do Flamengo vibra com seu retorno ao clube: \"Um sonho\"","robots":{"index":"index","follow":"follow","max-snippet":"max-snippet:-1","max-image-preview":"max-image-preview:large","max-video-preview":"max-video-preview:-1"},"canonical":"https:\/\/www.gaveanews.com\/index.php\/2022\/12\/14\/primeiro-reforco-do-flamengo-vibra-com-seu-retorno-ao-clube-um-sonho\/","og_locale":"pt_BR","og_type":"article","og_title":"Primeiro refor\u00e7o do Flamengo vibra com seu retorno ao clube: \"Um sonho\"","og_description":"Depois de confirmar o acordo com o t\u00e9cnico V\u00edtor Pereira, o Flamengo j\u00e1 tem o primeiro refor\u00e7o para 2023. Multicampe\u00e3o em 2019 ao lado de Jorge Jesus, o preparador f\u00edsico M\u00e1rio Monteiro est\u00e1 de volta ao clube para a comiss\u00e3o t\u00e9cnica permanente. A informa\u00e7\u00e3o do retorno de M\u00e1rio Monteiro ao Flamengo foi publicada pelo &#8216;Globo [&hellip;]","og_url":"https:\/\/www.gaveanews.com\/index.php\/2022\/12\/14\/primeiro-reforco-do-flamengo-vibra-com-seu-retorno-ao-clube-um-sonho\/","og_site_name":"G\u00e1vea News","article_publisher":"https:\/\/facebook.com\/gaveaNews\/","article_published_time":"2022-12-14T03:14:57+00:00","article_modified_time":"2022-12-14T03:14:59+00:00","og_image":[{"width":984,"height":656,"url":"https:\/\/www.gaveanews.com\/wp-content\/uploads\/mario-monteiro-flamengo.webp","type":"image\/webp"}],"author":"Equipe G\u00e1vea News","twitter_card":"summary_large_image","twitter_misc":{"Escrito por":"Equipe G\u00e1vea News","Est. tempo de leitura":"2 minutos"},"schema":{"@context":"https:\/\/schema.org","@graph":[{"@type":"NewsArticle","@id":"https:\/\/www.gaveanews.com\/index.php\/2022\/12\/14\/primeiro-reforco-do-flamengo-vibra-com-seu-retorno-ao-clube-um-sonho\/#article","isPartOf":{"@id":"https:\/\/www.gaveanews.com\/index.php\/2022\/12\/14\/primeiro-reforco-do-flamengo-vibra-com-seu-retorno-ao-clube-um-sonho\/"},"author":{"name":"Equipe G\u00e1vea News","@id":"https:\/\/www.gaveanews.com\/#\/schema\/person\/2ec14f73fb96be2caf28f91afb14749d"},"headline":"Primeiro refor\u00e7o do Flamengo vibra com seu retorno ao clube: &#8220;Um sonho&#8221;","datePublished":"2022-12-14T03:14:57+00:00","dateModified":"2022-12-14T03:14:59+00:00","mainEntityOfPage":{"@id":"https:\/\/www.gaveanews.com\/index.php\/2022\/12\/14\/primeiro-reforco-do-flamengo-vibra-com-seu-retorno-ao-clube-um-sonho\/"},"wordCount":273,"commentCount":0,"image":{"@id":"https:\/\/www.gaveanews.com\/index.php\/2022\/12\/14\/primeiro-reforco-do-flamengo-vibra-com-seu-retorno-ao-clube-um-sonho\/#primaryimage"},"thumbnailUrl":"https:\/\/www.gaveanews.com\/wp-content\/uploads\/mario-monteiro-flamengo.webp","articleSection":["Flamengo"],"inLanguage":"pt-BR","potentialAction":[{"@type":"CommentAction","name":"Comment","target":["https:\/\/www.gaveanews.com\/index.php\/2022\/12\/14\/primeiro-reforco-do-flamengo-vibra-com-seu-retorno-ao-clube-um-sonho\/#respond"]}],"copyrightYear":"2022","copyrightHolder":{"@id":"https:\/\/www.gaveanews.com\/#organization"}},{"@type":"WebPage","@id":"https:\/\/www.gaveanews.com\/index.php\/2022\/12\/14\/primeiro-reforco-do-flamengo-vibra-com-seu-retorno-ao-clube-um-sonho\/","url":"https:\/\/www.gaveanews.com\/index.php\/2022\/12\/14\/primeiro-reforco-do-flamengo-vibra-com-seu-retorno-ao-clube-um-sonho\/","name":"Primeiro refor\u00e7o do Flamengo vibra com seu retorno ao clube: \"Um sonho\"","isPartOf":{"@id":"https:\/\/www.gaveanews.com\/#website"},"primaryImageOfPage":{"@id":"https:\/\/www.gaveanews.com\/index.php\/2022\/12\/14\/primeiro-reforco-do-flamengo-vibra-com-seu-retorno-ao-clube-um-sonho\/#primaryimage"},"image":{"@id":"https:\/\/www.gaveanews.com\/index.php\/2022\/12\/14\/primeiro-reforco-do-flamengo-vibra-com-seu-retorno-ao-clube-um-sonho\/#primaryimage"},"thumbnailUrl":"https:\/\/www.gaveanews.com\/wp-content\/uploads\/mario-monteiro-flamengo.webp","datePublished":"2022-12-14T03:14:57+00:00","dateModified":"2022-12-14T03:14:59+00:00","author":{"@id":"https:\/\/www.gaveanews.com\/#\/schema\/person\/2ec14f73fb96be2caf28f91afb14749d"},"breadcrumb":{"@id":"https:\/\/www.gaveanews.com\/index.php\/2022\/12\/14\/primeiro-reforco-do-flamengo-vibra-com-seu-retorno-ao-clube-um-sonho\/#breadcrumb"},"inLanguage":"pt-BR","potentialAction":[{"@type":"ReadAction","target":["https:\/\/www.gaveanews.com\/index.php\/2022\/12\/14\/primeiro-reforco-do-flamengo-vibra-com-seu-retorno-ao-clube-um-sonho\/"]}]},{"@type":"ImageObject","inLanguage":"pt-BR","@id":"https:\/\/www.gaveanews.com\/index.php\/2022\/12\/14\/primeiro-reforco-do-flamengo-vibra-com-seu-retorno-ao-clube-um-sonho\/#primaryimage","url":"https:\/\/www.gaveanews.com\/wp-content\/uploads\/mario-monteiro-flamengo.webp","contentUrl":"https:\/\/www.gaveanews.com\/wp-content\/uploads\/mario-monteiro-flamengo.webp","width":984,"height":656,"caption":"M\u00e1rio Monteiro foi campe\u00e3o pelo Flamengo em 2019 (Foto: Reprodu\u00e7\u00e3o\/Instagram)"},{"@type":"BreadcrumbList","@id":"https:\/\/www.gaveanews.com\/index.php\/2022\/12\/14\/primeiro-reforco-do-flamengo-vibra-com-seu-retorno-ao-clube-um-sonho\/#breadcrumb","itemListElement":[{"@type":"ListItem","position":1,"name":"Home","item":"https:\/\/www.gaveanews.com\/"},{"@type":"ListItem","position":2,"name":"Primeiro refor\u00e7o do Flamengo vibra com seu retorno ao clube: &#8220;Um sonho&#8221;"}]},{"@type":"WebSite","@id":"https:\/\/www.gaveanews.com\/#website","url":"https:\/\/www.gaveanews.com\/","name":"G\u00e1vea News","description":"Veja todas as not\u00edcias sobre o Flamengo: Contrata\u00e7\u00f5es, categorias de base, resultados das partidas, tabela de classifica\u00e7\u00e3o, pr\u00f3ximos jogos!","potentialAction":[{"@type":"SearchAction","target":{"@type":"EntryPoint","urlTemplate":"https:\/\/www.gaveanews.com\/?s={search_term_string}"},"query-input":{"@type":"PropertyValueSpecification","valueRequired":true,"valueName":"search_term_string"}}],"inLanguage":"pt-BR"},{"@type":"Person","@id":"https:\/\/www.gaveanews.com\/#\/schema\/person\/2ec14f73fb96be2caf28f91afb14749d","name":"Equipe G\u00e1vea News","image":{"@type":"ImageObject","inLanguage":"pt-BR","@id":"https:\/\/www.gaveanews.com\/#\/schema\/person\/image\/","url":"https:\/\/secure.gravatar.com\/avatar\/1e1956f1facbffd3f8fa53a326721950116b3b9dc9bd44939c01180fd4a745a9?s=96&d=mm&r=g","contentUrl":"https:\/\/secure.gravatar.com\/avatar\/1e1956f1facbffd3f8fa53a326721950116b3b9dc9bd44939c01180fd4a745a9?s=96&d=mm&r=g","caption":"Equipe G\u00e1vea News"}}]}},"_links":{"self":[{"href":"https:\/\/www.gaveanews.com\/index.php\/wp-json\/wp\/v2\/posts\/91991","targetHints":{"allow":["GET"]}}],"collection":[{"href":"https:\/\/www.gaveanews.com\/index.php\/wp-json\/wp\/v2\/posts"}],"about":[{"href":"https:\/\/www.gaveanews.com\/index.php\/wp-json\/wp\/v2\/types\/post"}],"author":[{"embeddable":true,"href":"https:\/\/www.gaveanews.com\/index.php\/wp-json\/wp\/v2\/users\/1"}],"replies":[{"embeddable":true,"href":"https:\/\/www.gaveanews.com\/index.php\/wp-json\/wp\/v2\/comments?post=91991"}],"version-history":[{"count":0,"href":"https:\/\/www.gaveanews.com\/index.php\/wp-json\/wp\/v2\/posts\/91991\/revisions"}],"wp:featuredmedia":[{"embeddable":true,"href":"https:\/\/www.gaveanews.com\/index.php\/wp-json\/wp\/v2\/media\/91934"}],"wp:attachment":[{"href":"https:\/\/www.gaveanews.com\/index.php\/wp-json\/wp\/v2\/media?parent=91991"}],"wp:term":[{"taxonomy":"category","embeddable":true,"href":"https:\/\/www.gaveanews.com\/index.php\/wp-json\/wp\/v2\/categories?post=91991"},{"taxonomy":"post_tag","embeddable":true,"href":"https:\/\/www.gaveanews.com\/index.php\/wp-json\/wp\/v2\/tags?post=91991"}],"curies":[{"name":"wp","href":"https:\/\/api.w.org\/{rel}","templated":true}]}}