{"id":91992,"date":"2022-12-14T00:14:49","date_gmt":"2022-12-14T03:14:49","guid":{"rendered":"https:\/\/www.gaveanews.com\/?p=91992"},"modified":"2022-12-14T00:14:51","modified_gmt":"2022-12-14T03:14:51","slug":"o-que-se-sabe-ate-agora-sobre-o-mundial-de-clubes-que-tera-a-participacao-do-flamengo","status":"publish","type":"post","link":"https:\/\/www.gaveanews.com\/index.php\/2022\/12\/14\/o-que-se-sabe-ate-agora-sobre-o-mundial-de-clubes-que-tera-a-participacao-do-flamengo\/","title":{"rendered":"O que se sabe at\u00e9 agora sobre o Mundial de Clubes que ter\u00e1 a participa\u00e7\u00e3o do Flamengo"},"content":{"rendered":"\n<p>De acordo com a previs\u00e3o da CBF, o Mundial de Clubes, que conta com o Flamengo como representante por ter vencido a Libertadores, est\u00e1 previsto para acontecer entre os dias 20 e 28 de fevereiro de 2023. Apesar desse espa\u00e7o no cronograma da entidade estar reservado, ainda n\u00e3o h\u00e1 confirma\u00e7\u00e3o de datas para o torneio, e a Fifa tamb\u00e9m n\u00e3o divulgou o local do evento.<\/p>\n\n\n\n<p>O presidente da CBF, Ednaldo Rodrigues, declarou em um evento em Doha na \u00faltima semana que planeja realizar a Supercopa do Brasil, disputada entre Palmeiras e Flamengo, na mesma sede do Mundial. Depois de conversas iniciais, os Estados Unidos e o Brasil foram descartados como op\u00e7\u00f5es, e agora um novo concorrente se apresentou: o Marrocos.<\/p>\n\n\n\n<p>O pa\u00eds j\u00e1 sediou o evento em 2013 e 2014, e quer aproveitar o sucesso da sele\u00e7\u00e3o na Copa do Mundo para se estabelecer como um dos grandes nomes do esporte. A proposta \u00e9 que o torneio seja realizado entre os dias 2 e 11 de fevereiro, o que representaria um problema para o Flamengo. As finais da Recopa Sul-Americana est\u00e3o marcadas para o dia 8 e 15 do mesmo m\u00eas, no Equador e no Brasil, e a log\u00edstica precisaria ser refeita.<\/p>\n\n\n\n<p>At\u00e9 agora, est\u00e3o confirmados, al\u00e9m do Flamengo, outros quatro campe\u00f5es continentais: Real Madrid (Europa), Seattle Sounders (Am\u00e9rica do Norte e Central), Auckland City (Oceania) e Wydad Casablanca (\u00c1frica). O campe\u00e3o asi\u00e1tico ainda aguarda a defini\u00e7\u00e3o, e a s\u00e9tima vaga fica para o pa\u00eds-sede da competi\u00e7\u00e3o.<\/p>\n\n\n\n<p>Nas redes sociais, o vice de futebol do Flamengo, Marcos Braz, publicou um v\u00eddeo em Doha, onde viaja para acompanhar a Copa do Mundo, que deixou os rubro-negros intrigados. &#8220;Estaremos em breve por aqui&#8221;, escreveu Braz, que depois ressaltou: &#8220;Somente a minha torcida&#8221;. O Flamengo disputou o Mundial de 2019 na cidade, quando perdeu para o Liverpool por 1 a 0.<\/p>\n\n\n\n<figure class=\"wp-block-embed is-type-rich is-provider-twitter wp-block-embed-twitter\"><div class=\"wp-block-embed__wrapper\">\n<blockquote class=\"twitter-tweet\" data-width=\"550\" data-dnt=\"true\"><p lang=\"pt\" dir=\"ltr\">Doha, Qatar ! Em breve estaremos por aqui \u2026 <a href=\"https:\/\/t.co\/09QBJ1e3I4\">pic.twitter.com\/09QBJ1e3I4<\/a><\/p>&mdash; MarcosBraz (@marcosbrazrio) <a href=\"https:\/\/twitter.com\/marcosbrazrio\/status\/1602618674485026816?ref_src=twsrc%5Etfw\">December 13, 2022<\/a><\/blockquote><script async src=\"https:\/\/platform.twitter.com\/widgets.js\" charset=\"utf-8\"><\/script>\n<\/div><\/figure>\n\n\n\n<p>A expectativa \u00e9 de que a decis\u00e3o seja tomada pela Fifa na pr\u00f3ximas sexta-feira, 16, quando representantes de diferentes entidades continentais ir\u00e3o se reunir no Catar para bater o martelo.<\/p>\n\n\n\n<p>Retirado de: Extra<\/p>\n","protected":false},"excerpt":{"rendered":"<p>De acordo com a previs\u00e3o da CBF, o Mundial de Clubes, que conta com o Flamengo como representante por ter vencido a Libertadores, est\u00e1 previsto para acontecer entre os dias 20 e 28 de fevereiro de 2023. Apesar desse espa\u00e7o no cronograma da entidade estar reservado, ainda n\u00e3o h\u00e1 confirma\u00e7\u00e3o de datas para o torneio, [&hellip;]<\/p>\n","protected":false},"author":1,"featured_media":37084,"comment_status":"open","ping_status":"closed","sticky":false,"template":"","format":"standard","meta":{"footnotes":""},"categories":[1],"tags":[],"class_list":["post-91992","post","type-post","status-publish","format-standard","has-post-thumbnail","hentry","category-flamengo"],"yoast_head":"<!-- This site is optimized with the Yoast SEO Premium plugin v24.2 (Yoast SEO v26.9) - https:\/\/yoast.com\/product\/yoast-seo-premium-wordpress\/ -->\n<title>O que se sabe at\u00e9 agora sobre o Mundial de Clubes que ter\u00e1 a participa\u00e7\u00e3o do Flamengo<\/title>\n<meta name=\"robots\" content=\"index, follow, max-snippet:-1, max-image-preview:large, max-video-preview:-1\" \/>\n<link rel=\"canonical\" href=\"https:\/\/www.gaveanews.com\/index.php\/2022\/12\/14\/o-que-se-sabe-ate-agora-sobre-o-mundial-de-clubes-que-tera-a-participacao-do-flamengo\/\" \/>\n<meta property=\"og:locale\" content=\"pt_BR\" \/>\n<meta property=\"og:type\" content=\"article\" \/>\n<meta property=\"og:title\" content=\"O que se sabe at\u00e9 agora sobre o Mundial de Clubes que ter\u00e1 a participa\u00e7\u00e3o do Flamengo\" \/>\n<meta property=\"og:description\" content=\"De acordo com a previs\u00e3o da CBF, o Mundial de Clubes, que conta com o Flamengo como representante por ter vencido a Libertadores, est\u00e1 previsto para acontecer entre os dias 20 e 28 de fevereiro de 2023. Apesar desse espa\u00e7o no cronograma da entidade estar reservado, ainda n\u00e3o h\u00e1 confirma\u00e7\u00e3o de datas para o torneio, [&hellip;]\" \/>\n<meta property=\"og:url\" content=\"https:\/\/www.gaveanews.com\/index.php\/2022\/12\/14\/o-que-se-sabe-ate-agora-sobre-o-mundial-de-clubes-que-tera-a-participacao-do-flamengo\/\" \/>\n<meta property=\"og:site_name\" content=\"G\u00e1vea News\" \/>\n<meta property=\"article:publisher\" content=\"https:\/\/facebook.com\/gaveaNews\/\" \/>\n<meta property=\"article:published_time\" content=\"2022-12-14T03:14:49+00:00\" \/>\n<meta property=\"article:modified_time\" content=\"2022-12-14T03:14:51+00:00\" \/>\n<meta property=\"og:image\" content=\"https:\/\/www.gaveanews.com\/wp-content\/uploads\/Logomarca-da-FIFA.webp\" \/>\n\t<meta property=\"og:image:width\" content=\"2000\" \/>\n\t<meta property=\"og:image:height\" content=\"1334\" \/>\n\t<meta property=\"og:image:type\" content=\"image\/png\" \/>\n<meta name=\"author\" content=\"Equipe G\u00e1vea News\" \/>\n<meta name=\"twitter:card\" content=\"summary_large_image\" \/>\n<meta name=\"twitter:label1\" content=\"Escrito por\" \/>\n\t<meta name=\"twitter:data1\" content=\"Equipe G\u00e1vea News\" \/>\n\t<meta name=\"twitter:label2\" content=\"Est. tempo de leitura\" \/>\n\t<meta name=\"twitter:data2\" content=\"2 minutos\" \/>\n<script type=\"application\/ld+json\" class=\"yoast-schema-graph\">{\"@context\":\"https:\/\/schema.org\",\"@graph\":[{\"@type\":\"NewsArticle\",\"@id\":\"https:\/\/www.gaveanews.com\/index.php\/2022\/12\/14\/o-que-se-sabe-ate-agora-sobre-o-mundial-de-clubes-que-tera-a-participacao-do-flamengo\/#article\",\"isPartOf\":{\"@id\":\"https:\/\/www.gaveanews.com\/index.php\/2022\/12\/14\/o-que-se-sabe-ate-agora-sobre-o-mundial-de-clubes-que-tera-a-participacao-do-flamengo\/\"},\"author\":{\"name\":\"Equipe G\u00e1vea News\",\"@id\":\"https:\/\/www.gaveanews.com\/#\/schema\/person\/2ec14f73fb96be2caf28f91afb14749d\"},\"headline\":\"O que se sabe at\u00e9 agora sobre o Mundial de Clubes que ter\u00e1 a participa\u00e7\u00e3o do Flamengo\",\"datePublished\":\"2022-12-14T03:14:49+00:00\",\"dateModified\":\"2022-12-14T03:14:51+00:00\",\"mainEntityOfPage\":{\"@id\":\"https:\/\/www.gaveanews.com\/index.php\/2022\/12\/14\/o-que-se-sabe-ate-agora-sobre-o-mundial-de-clubes-que-tera-a-participacao-do-flamengo\/\"},\"wordCount\":375,\"commentCount\":0,\"image\":{\"@id\":\"https:\/\/www.gaveanews.com\/index.php\/2022\/12\/14\/o-que-se-sabe-ate-agora-sobre-o-mundial-de-clubes-que-tera-a-participacao-do-flamengo\/#primaryimage\"},\"thumbnailUrl\":\"https:\/\/www.gaveanews.com\/wp-content\/uploads\/Logomarca-da-FIFA.webp\",\"articleSection\":[\"Flamengo\"],\"inLanguage\":\"pt-BR\",\"potentialAction\":[{\"@type\":\"CommentAction\",\"name\":\"Comment\",\"target\":[\"https:\/\/www.gaveanews.com\/index.php\/2022\/12\/14\/o-que-se-sabe-ate-agora-sobre-o-mundial-de-clubes-que-tera-a-participacao-do-flamengo\/#respond\"]}],\"copyrightYear\":\"2022\",\"copyrightHolder\":{\"@id\":\"https:\/\/www.gaveanews.com\/#organization\"}},{\"@type\":\"WebPage\",\"@id\":\"https:\/\/www.gaveanews.com\/index.php\/2022\/12\/14\/o-que-se-sabe-ate-agora-sobre-o-mundial-de-clubes-que-tera-a-participacao-do-flamengo\/\",\"url\":\"https:\/\/www.gaveanews.com\/index.php\/2022\/12\/14\/o-que-se-sabe-ate-agora-sobre-o-mundial-de-clubes-que-tera-a-participacao-do-flamengo\/\",\"name\":\"O que se sabe at\u00e9 agora sobre o Mundial de Clubes que ter\u00e1 a participa\u00e7\u00e3o do Flamengo\",\"isPartOf\":{\"@id\":\"https:\/\/www.gaveanews.com\/#website\"},\"primaryImageOfPage\":{\"@id\":\"https:\/\/www.gaveanews.com\/index.php\/2022\/12\/14\/o-que-se-sabe-ate-agora-sobre-o-mundial-de-clubes-que-tera-a-participacao-do-flamengo\/#primaryimage\"},\"image\":{\"@id\":\"https:\/\/www.gaveanews.com\/index.php\/2022\/12\/14\/o-que-se-sabe-ate-agora-sobre-o-mundial-de-clubes-que-tera-a-participacao-do-flamengo\/#primaryimage\"},\"thumbnailUrl\":\"https:\/\/www.gaveanews.com\/wp-content\/uploads\/Logomarca-da-FIFA.webp\",\"datePublished\":\"2022-12-14T03:14:49+00:00\",\"dateModified\":\"2022-12-14T03:14:51+00:00\",\"author\":{\"@id\":\"https:\/\/www.gaveanews.com\/#\/schema\/person\/2ec14f73fb96be2caf28f91afb14749d\"},\"breadcrumb\":{\"@id\":\"https:\/\/www.gaveanews.com\/index.php\/2022\/12\/14\/o-que-se-sabe-ate-agora-sobre-o-mundial-de-clubes-que-tera-a-participacao-do-flamengo\/#breadcrumb\"},\"inLanguage\":\"pt-BR\",\"potentialAction\":[{\"@type\":\"ReadAction\",\"target\":[\"https:\/\/www.gaveanews.com\/index.php\/2022\/12\/14\/o-que-se-sabe-ate-agora-sobre-o-mundial-de-clubes-que-tera-a-participacao-do-flamengo\/\"]}]},{\"@type\":\"ImageObject\",\"inLanguage\":\"pt-BR\",\"@id\":\"https:\/\/www.gaveanews.com\/index.php\/2022\/12\/14\/o-que-se-sabe-ate-agora-sobre-o-mundial-de-clubes-que-tera-a-participacao-do-flamengo\/#primaryimage\",\"url\":\"https:\/\/www.gaveanews.com\/wp-content\/uploads\/Logomarca-da-FIFA.webp\",\"contentUrl\":\"https:\/\/www.gaveanews.com\/wp-content\/uploads\/Logomarca-da-FIFA.webp\",\"width\":2000,\"height\":1334},{\"@type\":\"BreadcrumbList\",\"@id\":\"https:\/\/www.gaveanews.com\/index.php\/2022\/12\/14\/o-que-se-sabe-ate-agora-sobre-o-mundial-de-clubes-que-tera-a-participacao-do-flamengo\/#breadcrumb\",\"itemListElement\":[{\"@type\":\"ListItem\",\"position\":1,\"name\":\"Home\",\"item\":\"https:\/\/www.gaveanews.com\/\"},{\"@type\":\"ListItem\",\"position\":2,\"name\":\"O que se sabe at\u00e9 agora sobre o Mundial de Clubes que ter\u00e1 a participa\u00e7\u00e3o do Flamengo\"}]},{\"@type\":\"WebSite\",\"@id\":\"https:\/\/www.gaveanews.com\/#website\",\"url\":\"https:\/\/www.gaveanews.com\/\",\"name\":\"G\u00e1vea News\",\"description\":\"Veja todas as not\u00edcias sobre o Flamengo: Contrata\u00e7\u00f5es, categorias de base, resultados das partidas, tabela de classifica\u00e7\u00e3o, pr\u00f3ximos jogos!\",\"potentialAction\":[{\"@type\":\"SearchAction\",\"target\":{\"@type\":\"EntryPoint\",\"urlTemplate\":\"https:\/\/www.gaveanews.com\/?s={search_term_string}\"},\"query-input\":{\"@type\":\"PropertyValueSpecification\",\"valueRequired\":true,\"valueName\":\"search_term_string\"}}],\"inLanguage\":\"pt-BR\"},{\"@type\":\"Person\",\"@id\":\"https:\/\/www.gaveanews.com\/#\/schema\/person\/2ec14f73fb96be2caf28f91afb14749d\",\"name\":\"Equipe G\u00e1vea News\",\"image\":{\"@type\":\"ImageObject\",\"inLanguage\":\"pt-BR\",\"@id\":\"https:\/\/www.gaveanews.com\/#\/schema\/person\/image\/\",\"url\":\"https:\/\/secure.gravatar.com\/avatar\/1e1956f1facbffd3f8fa53a326721950116b3b9dc9bd44939c01180fd4a745a9?s=96&d=mm&r=g\",\"contentUrl\":\"https:\/\/secure.gravatar.com\/avatar\/1e1956f1facbffd3f8fa53a326721950116b3b9dc9bd44939c01180fd4a745a9?s=96&d=mm&r=g\",\"caption\":\"Equipe G\u00e1vea News\"}}]}<\/script>\n<!-- \/ Yoast SEO Premium plugin. -->","yoast_head_json":{"title":"O que se sabe at\u00e9 agora sobre o Mundial de Clubes que ter\u00e1 a participa\u00e7\u00e3o do Flamengo","robots":{"index":"index","follow":"follow","max-snippet":"max-snippet:-1","max-image-preview":"max-image-preview:large","max-video-preview":"max-video-preview:-1"},"canonical":"https:\/\/www.gaveanews.com\/index.php\/2022\/12\/14\/o-que-se-sabe-ate-agora-sobre-o-mundial-de-clubes-que-tera-a-participacao-do-flamengo\/","og_locale":"pt_BR","og_type":"article","og_title":"O que se sabe at\u00e9 agora sobre o Mundial de Clubes que ter\u00e1 a participa\u00e7\u00e3o do Flamengo","og_description":"De acordo com a previs\u00e3o da CBF, o Mundial de Clubes, que conta com o Flamengo como representante por ter vencido a Libertadores, est\u00e1 previsto para acontecer entre os dias 20 e 28 de fevereiro de 2023. Apesar desse espa\u00e7o no cronograma da entidade estar reservado, ainda n\u00e3o h\u00e1 confirma\u00e7\u00e3o de datas para o torneio, [&hellip;]","og_url":"https:\/\/www.gaveanews.com\/index.php\/2022\/12\/14\/o-que-se-sabe-ate-agora-sobre-o-mundial-de-clubes-que-tera-a-participacao-do-flamengo\/","og_site_name":"G\u00e1vea News","article_publisher":"https:\/\/facebook.com\/gaveaNews\/","article_published_time":"2022-12-14T03:14:49+00:00","article_modified_time":"2022-12-14T03:14:51+00:00","og_image":[{"width":2000,"height":1334,"url":"https:\/\/www.gaveanews.com\/wp-content\/uploads\/Logomarca-da-FIFA.webp","type":"image\/png"}],"author":"Equipe G\u00e1vea News","twitter_card":"summary_large_image","twitter_misc":{"Escrito por":"Equipe G\u00e1vea News","Est. tempo de leitura":"2 minutos"},"schema":{"@context":"https:\/\/schema.org","@graph":[{"@type":"NewsArticle","@id":"https:\/\/www.gaveanews.com\/index.php\/2022\/12\/14\/o-que-se-sabe-ate-agora-sobre-o-mundial-de-clubes-que-tera-a-participacao-do-flamengo\/#article","isPartOf":{"@id":"https:\/\/www.gaveanews.com\/index.php\/2022\/12\/14\/o-que-se-sabe-ate-agora-sobre-o-mundial-de-clubes-que-tera-a-participacao-do-flamengo\/"},"author":{"name":"Equipe G\u00e1vea News","@id":"https:\/\/www.gaveanews.com\/#\/schema\/person\/2ec14f73fb96be2caf28f91afb14749d"},"headline":"O que se sabe at\u00e9 agora sobre o Mundial de Clubes que ter\u00e1 a participa\u00e7\u00e3o do Flamengo","datePublished":"2022-12-14T03:14:49+00:00","dateModified":"2022-12-14T03:14:51+00:00","mainEntityOfPage":{"@id":"https:\/\/www.gaveanews.com\/index.php\/2022\/12\/14\/o-que-se-sabe-ate-agora-sobre-o-mundial-de-clubes-que-tera-a-participacao-do-flamengo\/"},"wordCount":375,"commentCount":0,"image":{"@id":"https:\/\/www.gaveanews.com\/index.php\/2022\/12\/14\/o-que-se-sabe-ate-agora-sobre-o-mundial-de-clubes-que-tera-a-participacao-do-flamengo\/#primaryimage"},"thumbnailUrl":"https:\/\/www.gaveanews.com\/wp-content\/uploads\/Logomarca-da-FIFA.webp","articleSection":["Flamengo"],"inLanguage":"pt-BR","potentialAction":[{"@type":"CommentAction","name":"Comment","target":["https:\/\/www.gaveanews.com\/index.php\/2022\/12\/14\/o-que-se-sabe-ate-agora-sobre-o-mundial-de-clubes-que-tera-a-participacao-do-flamengo\/#respond"]}],"copyrightYear":"2022","copyrightHolder":{"@id":"https:\/\/www.gaveanews.com\/#organization"}},{"@type":"WebPage","@id":"https:\/\/www.gaveanews.com\/index.php\/2022\/12\/14\/o-que-se-sabe-ate-agora-sobre-o-mundial-de-clubes-que-tera-a-participacao-do-flamengo\/","url":"https:\/\/www.gaveanews.com\/index.php\/2022\/12\/14\/o-que-se-sabe-ate-agora-sobre-o-mundial-de-clubes-que-tera-a-participacao-do-flamengo\/","name":"O que se sabe at\u00e9 agora sobre o Mundial de Clubes que ter\u00e1 a participa\u00e7\u00e3o do Flamengo","isPartOf":{"@id":"https:\/\/www.gaveanews.com\/#website"},"primaryImageOfPage":{"@id":"https:\/\/www.gaveanews.com\/index.php\/2022\/12\/14\/o-que-se-sabe-ate-agora-sobre-o-mundial-de-clubes-que-tera-a-participacao-do-flamengo\/#primaryimage"},"image":{"@id":"https:\/\/www.gaveanews.com\/index.php\/2022\/12\/14\/o-que-se-sabe-ate-agora-sobre-o-mundial-de-clubes-que-tera-a-participacao-do-flamengo\/#primaryimage"},"thumbnailUrl":"https:\/\/www.gaveanews.com\/wp-content\/uploads\/Logomarca-da-FIFA.webp","datePublished":"2022-12-14T03:14:49+00:00","dateModified":"2022-12-14T03:14:51+00:00","author":{"@id":"https:\/\/www.gaveanews.com\/#\/schema\/person\/2ec14f73fb96be2caf28f91afb14749d"},"breadcrumb":{"@id":"https:\/\/www.gaveanews.com\/index.php\/2022\/12\/14\/o-que-se-sabe-ate-agora-sobre-o-mundial-de-clubes-que-tera-a-participacao-do-flamengo\/#breadcrumb"},"inLanguage":"pt-BR","potentialAction":[{"@type":"ReadAction","target":["https:\/\/www.gaveanews.com\/index.php\/2022\/12\/14\/o-que-se-sabe-ate-agora-sobre-o-mundial-de-clubes-que-tera-a-participacao-do-flamengo\/"]}]},{"@type":"ImageObject","inLanguage":"pt-BR","@id":"https:\/\/www.gaveanews.com\/index.php\/2022\/12\/14\/o-que-se-sabe-ate-agora-sobre-o-mundial-de-clubes-que-tera-a-participacao-do-flamengo\/#primaryimage","url":"https:\/\/www.gaveanews.com\/wp-content\/uploads\/Logomarca-da-FIFA.webp","contentUrl":"https:\/\/www.gaveanews.com\/wp-content\/uploads\/Logomarca-da-FIFA.webp","width":2000,"height":1334},{"@type":"BreadcrumbList","@id":"https:\/\/www.gaveanews.com\/index.php\/2022\/12\/14\/o-que-se-sabe-ate-agora-sobre-o-mundial-de-clubes-que-tera-a-participacao-do-flamengo\/#breadcrumb","itemListElement":[{"@type":"ListItem","position":1,"name":"Home","item":"https:\/\/www.gaveanews.com\/"},{"@type":"ListItem","position":2,"name":"O que se sabe at\u00e9 agora sobre o Mundial de Clubes que ter\u00e1 a participa\u00e7\u00e3o do Flamengo"}]},{"@type":"WebSite","@id":"https:\/\/www.gaveanews.com\/#website","url":"https:\/\/www.gaveanews.com\/","name":"G\u00e1vea News","description":"Veja todas as not\u00edcias sobre o Flamengo: Contrata\u00e7\u00f5es, categorias de base, resultados das partidas, tabela de classifica\u00e7\u00e3o, pr\u00f3ximos jogos!","potentialAction":[{"@type":"SearchAction","target":{"@type":"EntryPoint","urlTemplate":"https:\/\/www.gaveanews.com\/?s={search_term_string}"},"query-input":{"@type":"PropertyValueSpecification","valueRequired":true,"valueName":"search_term_string"}}],"inLanguage":"pt-BR"},{"@type":"Person","@id":"https:\/\/www.gaveanews.com\/#\/schema\/person\/2ec14f73fb96be2caf28f91afb14749d","name":"Equipe G\u00e1vea News","image":{"@type":"ImageObject","inLanguage":"pt-BR","@id":"https:\/\/www.gaveanews.com\/#\/schema\/person\/image\/","url":"https:\/\/secure.gravatar.com\/avatar\/1e1956f1facbffd3f8fa53a326721950116b3b9dc9bd44939c01180fd4a745a9?s=96&d=mm&r=g","contentUrl":"https:\/\/secure.gravatar.com\/avatar\/1e1956f1facbffd3f8fa53a326721950116b3b9dc9bd44939c01180fd4a745a9?s=96&d=mm&r=g","caption":"Equipe G\u00e1vea News"}}]}},"_links":{"self":[{"href":"https:\/\/www.gaveanews.com\/index.php\/wp-json\/wp\/v2\/posts\/91992","targetHints":{"allow":["GET"]}}],"collection":[{"href":"https:\/\/www.gaveanews.com\/index.php\/wp-json\/wp\/v2\/posts"}],"about":[{"href":"https:\/\/www.gaveanews.com\/index.php\/wp-json\/wp\/v2\/types\/post"}],"author":[{"embeddable":true,"href":"https:\/\/www.gaveanews.com\/index.php\/wp-json\/wp\/v2\/users\/1"}],"replies":[{"embeddable":true,"href":"https:\/\/www.gaveanews.com\/index.php\/wp-json\/wp\/v2\/comments?post=91992"}],"version-history":[{"count":0,"href":"https:\/\/www.gaveanews.com\/index.php\/wp-json\/wp\/v2\/posts\/91992\/revisions"}],"wp:featuredmedia":[{"embeddable":true,"href":"https:\/\/www.gaveanews.com\/index.php\/wp-json\/wp\/v2\/media\/37084"}],"wp:attachment":[{"href":"https:\/\/www.gaveanews.com\/index.php\/wp-json\/wp\/v2\/media?parent=91992"}],"wp:term":[{"taxonomy":"category","embeddable":true,"href":"https:\/\/www.gaveanews.com\/index.php\/wp-json\/wp\/v2\/categories?post=91992"},{"taxonomy":"post_tag","embeddable":true,"href":"https:\/\/www.gaveanews.com\/index.php\/wp-json\/wp\/v2\/tags?post=91992"}],"curies":[{"name":"wp","href":"https:\/\/api.w.org\/{rel}","templated":true}]}}