{"id":92005,"date":"2022-12-14T12:26:49","date_gmt":"2022-12-14T15:26:49","guid":{"rendered":"https:\/\/www.gaveanews.com\/?p=92005"},"modified":"2022-12-14T12:33:53","modified_gmt":"2022-12-14T15:33:53","slug":"veja-quanto-o-flamengo-quer-investir-para-contratar-reforcos-em-2023","status":"publish","type":"post","link":"https:\/\/www.gaveanews.com\/index.php\/2022\/12\/14\/veja-quanto-o-flamengo-quer-investir-para-contratar-reforcos-em-2023\/","title":{"rendered":"Veja quanto o Flamengo quer investir para contratar refor\u00e7os em 2023"},"content":{"rendered":"\n<p>O Conselho de Administra\u00e7\u00e3o do Flamengo votar\u00e1 nesta quarta-feira o or\u00e7amento para 2023. O site &#8216;Globo Esporte&#8217; teve acesso aos n\u00fameros que ser\u00e3o apresentados aos conselheiros e mostram uma previs\u00e3o moderada, e menor, de receitas para o ano que vem. Isso ocorre, primordialmente, por uma estimativa conservadora de desempenho esportivo, j\u00e1 que o time neste ano venceu a Copa do Brasil e a Libertadores.<\/p>\n\n\n\n<p>Para 2023, o Flamengo, como em temporadas anteriores, prev\u00ea que chegar\u00e1 \u00e0 semifinal nas copas (Copa do Brasil e Libertadores), objetivo superado em 2022, e em segundo lugar no Campeonato Brasileiro, meta que acabou descumprida neste ano.<\/p>\n\n\n\n<p>Para o ano que vem, a previs\u00e3o de arrecada\u00e7\u00e3o com pr\u00eamios cai de R$ 242,2 milh\u00f5es para R$ 129,8 milh\u00f5es. Com isso, a arrecada\u00e7\u00e3o bruta prevista pelo Flamengo para 2023 \u00e9 de R$ 1 bilh\u00e3o, R$ 158 milh\u00f5es abaixo da receita total em 2022. A receita l\u00edquida est\u00e1 estimada abaixo deste patamar: R$ 942,9 milh\u00f5es em 2023 &#8211; neste ano o total foi de R$ 1.09 bilh\u00e3o.<\/p>\n\n\n\n<p>Tamb\u00e9m contribui para a queda na previs\u00e3o de receitas a contabiliza\u00e7\u00e3o de verbas do contrato com a fornecedora de material, Adidas. Foram R$ 15 milh\u00f5es, referentes ao pagamento de outros anos do acordo, que entraram na contabilidade deste ano e n\u00e3o estar\u00e3o em 2023, al\u00e9m de R$ 4 milh\u00f5es de premia\u00e7\u00e3o da Libertadores e valores de publicidade est\u00e1tica.<\/p>\n\n\n\n<p>O fluxo de caixa acompanha a queda na receita total. O clube estima fechar 2022 com R$ 158,8 milh\u00f5es no caixa, enquanto para 2023 a previs\u00e3o \u00e9 de R$ 89,5 milh\u00f5es. Nos receb\u00edveis, o Flamengo calcula R$ 51 milh\u00f5es a arrecadar em 2023 por vendas de Gerson, L\u00e1zaro e Gustavo Henrique, al\u00e9m de R$ 17 milh\u00f5es em novas vendas. <strong>O clube, por\u00e9m, tem R$ 154 milh\u00f5es a pagar por Pedro, Gabigol, Pulgar e Cebolinha, al\u00e9m de prever no or\u00e7amento gastar mais R$ 48 milh\u00f5es em novas aquisi\u00e7\u00f5es s\u00f3 no pr\u00f3ximo ano.<\/strong><\/p>\n\n\n\n<p>H\u00e1 ainda uma poss\u00edvel inje\u00e7\u00e3o de caixa, que n\u00e3o foi inclu\u00edda no or\u00e7amento pois ainda depende de uma libera\u00e7\u00e3o do Banco Central. Mas h\u00e1 uma grande possibilidade de que mais de 30 unidades para venda ou aluguel no Morro da Vi\u00fava sejam liberadas, o que pode gerar uma receita milion\u00e1ria &#8211; h\u00e1 uma estimativa interna de que o valor pode atingir R$ 150 milh\u00f5es.<\/p>\n\n\n\n<p>Outro valor que apresenta uma queda dr\u00e1stica no or\u00e7amento para 2023 \u00e9 a arrecada\u00e7\u00e3o com transfer\u00eancias de jogador, que cai pela metade: de R$ 122,5 milh\u00f5es em 2022 para R$ 61,4 milh\u00f5es na pr\u00f3xima temporada. Trata-se de um item que, caso se concretize a venda de uma ou mais joias da base que s\u00e3o especuladas em clubes do exterior, pode gerar uma folga consider\u00e1vel no or\u00e7amento para o pr\u00f3ximo ano. Por outro lado, uma receita que cresceu foi o patroc\u00ednio incentivado, gra\u00e7as ao futebol feminino. O total ficou R$ 7 milh\u00f5es maior do que no ano passado.<\/p>\n\n\n\n<p>O super\u00e1vit estimado, com a redu\u00e7\u00e3o de receitas, tamb\u00e9m ficou bem abaixo do realizado em 2022, com R$ 122,8 milh\u00f5es. Para 2023, o super\u00e1vit estimado \u00e9 de R$ 55,8 milh\u00f5es, menos da metade. O EBITIDA &#8211; lucros antes de aplicados juros, amortiza\u00e7\u00f5es, deprecia\u00e7\u00f5es e impostos &#8211; cai de R$ 336,8 milh\u00f5es em 2022 para R$ 250,1 milh\u00f5es no pr\u00f3ximo ano.<\/p>\n\n\n\n<p>Na demonstra\u00e7\u00e3o para os conselheiros, o clube faz uma breve conta de como ficariam os n\u00fameros sem a interfer\u00eancia dos resultados de 2022 nas copas, com EBTIDA e super\u00e1vit para 2023 pr\u00f3ximos dos realizados neste ano.<\/p>\n\n\n\n<p>A apresenta\u00e7\u00e3o destaca ainda que o clube projeta manter o endividamento l\u00edquido entre R$ 250 milh\u00f5es e R$ 270 milh\u00f5es no pr\u00f3ximo ano. J\u00e1 houve uma redu\u00e7\u00e3o acentuada nos \u00faltimos anos e o Flamengo se mostra relativamente confort\u00e1vel porque a maior parte deste montante est\u00e1 negociado e sendo quitado atrav\u00e9s do Profut, programa de refinanciamento fiscal do governo.<\/p>\n\n\n\n<p>O clube ressalta tamb\u00e9m um crescimento de R$ 819 milh\u00f5es no patrim\u00f4nio l\u00edquido nos \u00faltimos 10 anos, sendo R$ 355 milh\u00f5es desde 2020. Em 2013, quando Eduardo Bandeira de Mello assumiu a presid\u00eancia, o patrim\u00f4nio l\u00edquido era negativo em R$ 443 milh\u00f5es. A previs\u00e3o para 2023 bastante positiva, olhando os n\u00fameros de uma d\u00e9cada atr\u00e1s: R$ 376 milh\u00f5es.<\/p>\n\n\n\n<p>Retirado de: Globo Esporte<\/p>\n","protected":false},"excerpt":{"rendered":"<p>O Conselho de Administra\u00e7\u00e3o do Flamengo votar\u00e1 nesta quarta-feira o or\u00e7amento para 2023. O site &#8216;Globo Esporte&#8217; teve acesso aos n\u00fameros que ser\u00e3o apresentados aos conselheiros e mostram uma previs\u00e3o moderada, e menor, de receitas para o ano que vem. Isso ocorre, primordialmente, por uma estimativa conservadora de desempenho esportivo, j\u00e1 que o time neste [&hellip;]<\/p>\n","protected":false},"author":1,"featured_media":62889,"comment_status":"open","ping_status":"closed","sticky":false,"template":"","format":"standard","meta":{"footnotes":""},"categories":[1],"tags":[],"class_list":["post-92005","post","type-post","status-publish","format-standard","has-post-thumbnail","hentry","category-flamengo"],"yoast_head":"<!-- This site is optimized with the Yoast SEO Premium plugin v24.2 (Yoast SEO v26.9) - https:\/\/yoast.com\/product\/yoast-seo-premium-wordpress\/ -->\n<title>Veja quanto o Flamengo quer investir para contratar refor\u00e7os em 2023<\/title>\n<meta name=\"robots\" content=\"index, follow, max-snippet:-1, max-image-preview:large, max-video-preview:-1\" \/>\n<link rel=\"canonical\" href=\"https:\/\/www.gaveanews.com\/index.php\/2022\/12\/14\/veja-quanto-o-flamengo-quer-investir-para-contratar-reforcos-em-2023\/\" \/>\n<meta property=\"og:locale\" content=\"pt_BR\" \/>\n<meta property=\"og:type\" content=\"article\" \/>\n<meta property=\"og:title\" content=\"Veja quanto o Flamengo quer investir para contratar refor\u00e7os em 2023\" \/>\n<meta property=\"og:description\" content=\"O Conselho de Administra\u00e7\u00e3o do Flamengo votar\u00e1 nesta quarta-feira o or\u00e7amento para 2023. O site &#8216;Globo Esporte&#8217; teve acesso aos n\u00fameros que ser\u00e3o apresentados aos conselheiros e mostram uma previs\u00e3o moderada, e menor, de receitas para o ano que vem. Isso ocorre, primordialmente, por uma estimativa conservadora de desempenho esportivo, j\u00e1 que o time neste [&hellip;]\" \/>\n<meta property=\"og:url\" content=\"https:\/\/www.gaveanews.com\/index.php\/2022\/12\/14\/veja-quanto-o-flamengo-quer-investir-para-contratar-reforcos-em-2023\/\" \/>\n<meta property=\"og:site_name\" content=\"G\u00e1vea News\" \/>\n<meta property=\"article:publisher\" content=\"https:\/\/facebook.com\/gaveaNews\/\" \/>\n<meta property=\"article:published_time\" content=\"2022-12-14T15:26:49+00:00\" \/>\n<meta property=\"article:modified_time\" content=\"2022-12-14T15:33:53+00:00\" \/>\n<meta property=\"og:image\" content=\"https:\/\/www.gaveanews.com\/wp-content\/uploads\/Rodolfo-Landim-presidente-do-Flamengo-durante-a-premiacao-do-Campeonato-Carioca.webp\" \/>\n\t<meta property=\"og:image:width\" content=\"902\" \/>\n\t<meta property=\"og:image:height\" content=\"600\" \/>\n\t<meta property=\"og:image:type\" content=\"image\/jpeg\" \/>\n<meta name=\"author\" content=\"Equipe G\u00e1vea News\" \/>\n<meta name=\"twitter:card\" content=\"summary_large_image\" \/>\n<meta name=\"twitter:label1\" content=\"Escrito por\" \/>\n\t<meta name=\"twitter:data1\" content=\"Equipe G\u00e1vea News\" \/>\n\t<meta name=\"twitter:label2\" content=\"Est. tempo de leitura\" \/>\n\t<meta name=\"twitter:data2\" content=\"4 minutos\" \/>\n<script type=\"application\/ld+json\" class=\"yoast-schema-graph\">{\"@context\":\"https:\/\/schema.org\",\"@graph\":[{\"@type\":\"NewsArticle\",\"@id\":\"https:\/\/www.gaveanews.com\/index.php\/2022\/12\/14\/veja-quanto-o-flamengo-quer-investir-para-contratar-reforcos-em-2023\/#article\",\"isPartOf\":{\"@id\":\"https:\/\/www.gaveanews.com\/index.php\/2022\/12\/14\/veja-quanto-o-flamengo-quer-investir-para-contratar-reforcos-em-2023\/\"},\"author\":{\"name\":\"Equipe G\u00e1vea News\",\"@id\":\"https:\/\/www.gaveanews.com\/#\/schema\/person\/2ec14f73fb96be2caf28f91afb14749d\"},\"headline\":\"Veja quanto o Flamengo quer investir para contratar refor\u00e7os em 2023\",\"datePublished\":\"2022-12-14T15:26:49+00:00\",\"dateModified\":\"2022-12-14T15:33:53+00:00\",\"mainEntityOfPage\":{\"@id\":\"https:\/\/www.gaveanews.com\/index.php\/2022\/12\/14\/veja-quanto-o-flamengo-quer-investir-para-contratar-reforcos-em-2023\/\"},\"wordCount\":752,\"commentCount\":0,\"image\":{\"@id\":\"https:\/\/www.gaveanews.com\/index.php\/2022\/12\/14\/veja-quanto-o-flamengo-quer-investir-para-contratar-reforcos-em-2023\/#primaryimage\"},\"thumbnailUrl\":\"https:\/\/www.gaveanews.com\/wp-content\/uploads\/Rodolfo-Landim-presidente-do-Flamengo-durante-a-premiacao-do-Campeonato-Carioca.webp\",\"articleSection\":[\"Flamengo\"],\"inLanguage\":\"pt-BR\",\"potentialAction\":[{\"@type\":\"CommentAction\",\"name\":\"Comment\",\"target\":[\"https:\/\/www.gaveanews.com\/index.php\/2022\/12\/14\/veja-quanto-o-flamengo-quer-investir-para-contratar-reforcos-em-2023\/#respond\"]}],\"copyrightYear\":\"2022\",\"copyrightHolder\":{\"@id\":\"https:\/\/www.gaveanews.com\/#organization\"}},{\"@type\":\"WebPage\",\"@id\":\"https:\/\/www.gaveanews.com\/index.php\/2022\/12\/14\/veja-quanto-o-flamengo-quer-investir-para-contratar-reforcos-em-2023\/\",\"url\":\"https:\/\/www.gaveanews.com\/index.php\/2022\/12\/14\/veja-quanto-o-flamengo-quer-investir-para-contratar-reforcos-em-2023\/\",\"name\":\"Veja quanto o Flamengo quer investir para contratar refor\u00e7os em 2023\",\"isPartOf\":{\"@id\":\"https:\/\/www.gaveanews.com\/#website\"},\"primaryImageOfPage\":{\"@id\":\"https:\/\/www.gaveanews.com\/index.php\/2022\/12\/14\/veja-quanto-o-flamengo-quer-investir-para-contratar-reforcos-em-2023\/#primaryimage\"},\"image\":{\"@id\":\"https:\/\/www.gaveanews.com\/index.php\/2022\/12\/14\/veja-quanto-o-flamengo-quer-investir-para-contratar-reforcos-em-2023\/#primaryimage\"},\"thumbnailUrl\":\"https:\/\/www.gaveanews.com\/wp-content\/uploads\/Rodolfo-Landim-presidente-do-Flamengo-durante-a-premiacao-do-Campeonato-Carioca.webp\",\"datePublished\":\"2022-12-14T15:26:49+00:00\",\"dateModified\":\"2022-12-14T15:33:53+00:00\",\"author\":{\"@id\":\"https:\/\/www.gaveanews.com\/#\/schema\/person\/2ec14f73fb96be2caf28f91afb14749d\"},\"breadcrumb\":{\"@id\":\"https:\/\/www.gaveanews.com\/index.php\/2022\/12\/14\/veja-quanto-o-flamengo-quer-investir-para-contratar-reforcos-em-2023\/#breadcrumb\"},\"inLanguage\":\"pt-BR\",\"potentialAction\":[{\"@type\":\"ReadAction\",\"target\":[\"https:\/\/www.gaveanews.com\/index.php\/2022\/12\/14\/veja-quanto-o-flamengo-quer-investir-para-contratar-reforcos-em-2023\/\"]}]},{\"@type\":\"ImageObject\",\"inLanguage\":\"pt-BR\",\"@id\":\"https:\/\/www.gaveanews.com\/index.php\/2022\/12\/14\/veja-quanto-o-flamengo-quer-investir-para-contratar-reforcos-em-2023\/#primaryimage\",\"url\":\"https:\/\/www.gaveanews.com\/wp-content\/uploads\/Rodolfo-Landim-presidente-do-Flamengo-durante-a-premiacao-do-Campeonato-Carioca.webp\",\"contentUrl\":\"https:\/\/www.gaveanews.com\/wp-content\/uploads\/Rodolfo-Landim-presidente-do-Flamengo-durante-a-premiacao-do-Campeonato-Carioca.webp\",\"width\":902,\"height\":600,\"caption\":\"Rodolfo Landim, presidente do Flamengo, durante a premia\u00e7\u00e3o do Campeonato Carioca (Foto: Divulga\u00e7\u00e3o)\"},{\"@type\":\"BreadcrumbList\",\"@id\":\"https:\/\/www.gaveanews.com\/index.php\/2022\/12\/14\/veja-quanto-o-flamengo-quer-investir-para-contratar-reforcos-em-2023\/#breadcrumb\",\"itemListElement\":[{\"@type\":\"ListItem\",\"position\":1,\"name\":\"Home\",\"item\":\"https:\/\/www.gaveanews.com\/\"},{\"@type\":\"ListItem\",\"position\":2,\"name\":\"Veja quanto o Flamengo quer investir para contratar refor\u00e7os em 2023\"}]},{\"@type\":\"WebSite\",\"@id\":\"https:\/\/www.gaveanews.com\/#website\",\"url\":\"https:\/\/www.gaveanews.com\/\",\"name\":\"G\u00e1vea News\",\"description\":\"Veja todas as not\u00edcias sobre o Flamengo: Contrata\u00e7\u00f5es, categorias de base, resultados das partidas, tabela de classifica\u00e7\u00e3o, pr\u00f3ximos jogos!\",\"potentialAction\":[{\"@type\":\"SearchAction\",\"target\":{\"@type\":\"EntryPoint\",\"urlTemplate\":\"https:\/\/www.gaveanews.com\/?s={search_term_string}\"},\"query-input\":{\"@type\":\"PropertyValueSpecification\",\"valueRequired\":true,\"valueName\":\"search_term_string\"}}],\"inLanguage\":\"pt-BR\"},{\"@type\":\"Person\",\"@id\":\"https:\/\/www.gaveanews.com\/#\/schema\/person\/2ec14f73fb96be2caf28f91afb14749d\",\"name\":\"Equipe G\u00e1vea News\",\"image\":{\"@type\":\"ImageObject\",\"inLanguage\":\"pt-BR\",\"@id\":\"https:\/\/www.gaveanews.com\/#\/schema\/person\/image\/\",\"url\":\"https:\/\/secure.gravatar.com\/avatar\/1e1956f1facbffd3f8fa53a326721950116b3b9dc9bd44939c01180fd4a745a9?s=96&d=mm&r=g\",\"contentUrl\":\"https:\/\/secure.gravatar.com\/avatar\/1e1956f1facbffd3f8fa53a326721950116b3b9dc9bd44939c01180fd4a745a9?s=96&d=mm&r=g\",\"caption\":\"Equipe G\u00e1vea News\"}}]}<\/script>\n<!-- \/ Yoast SEO Premium plugin. -->","yoast_head_json":{"title":"Veja quanto o Flamengo quer investir para contratar refor\u00e7os em 2023","robots":{"index":"index","follow":"follow","max-snippet":"max-snippet:-1","max-image-preview":"max-image-preview:large","max-video-preview":"max-video-preview:-1"},"canonical":"https:\/\/www.gaveanews.com\/index.php\/2022\/12\/14\/veja-quanto-o-flamengo-quer-investir-para-contratar-reforcos-em-2023\/","og_locale":"pt_BR","og_type":"article","og_title":"Veja quanto o Flamengo quer investir para contratar refor\u00e7os em 2023","og_description":"O Conselho de Administra\u00e7\u00e3o do Flamengo votar\u00e1 nesta quarta-feira o or\u00e7amento para 2023. O site &#8216;Globo Esporte&#8217; teve acesso aos n\u00fameros que ser\u00e3o apresentados aos conselheiros e mostram uma previs\u00e3o moderada, e menor, de receitas para o ano que vem. Isso ocorre, primordialmente, por uma estimativa conservadora de desempenho esportivo, j\u00e1 que o time neste [&hellip;]","og_url":"https:\/\/www.gaveanews.com\/index.php\/2022\/12\/14\/veja-quanto-o-flamengo-quer-investir-para-contratar-reforcos-em-2023\/","og_site_name":"G\u00e1vea News","article_publisher":"https:\/\/facebook.com\/gaveaNews\/","article_published_time":"2022-12-14T15:26:49+00:00","article_modified_time":"2022-12-14T15:33:53+00:00","og_image":[{"width":902,"height":600,"url":"https:\/\/www.gaveanews.com\/wp-content\/uploads\/Rodolfo-Landim-presidente-do-Flamengo-durante-a-premiacao-do-Campeonato-Carioca.webp","type":"image\/jpeg"}],"author":"Equipe G\u00e1vea News","twitter_card":"summary_large_image","twitter_misc":{"Escrito por":"Equipe G\u00e1vea News","Est. tempo de leitura":"4 minutos"},"schema":{"@context":"https:\/\/schema.org","@graph":[{"@type":"NewsArticle","@id":"https:\/\/www.gaveanews.com\/index.php\/2022\/12\/14\/veja-quanto-o-flamengo-quer-investir-para-contratar-reforcos-em-2023\/#article","isPartOf":{"@id":"https:\/\/www.gaveanews.com\/index.php\/2022\/12\/14\/veja-quanto-o-flamengo-quer-investir-para-contratar-reforcos-em-2023\/"},"author":{"name":"Equipe G\u00e1vea News","@id":"https:\/\/www.gaveanews.com\/#\/schema\/person\/2ec14f73fb96be2caf28f91afb14749d"},"headline":"Veja quanto o Flamengo quer investir para contratar refor\u00e7os em 2023","datePublished":"2022-12-14T15:26:49+00:00","dateModified":"2022-12-14T15:33:53+00:00","mainEntityOfPage":{"@id":"https:\/\/www.gaveanews.com\/index.php\/2022\/12\/14\/veja-quanto-o-flamengo-quer-investir-para-contratar-reforcos-em-2023\/"},"wordCount":752,"commentCount":0,"image":{"@id":"https:\/\/www.gaveanews.com\/index.php\/2022\/12\/14\/veja-quanto-o-flamengo-quer-investir-para-contratar-reforcos-em-2023\/#primaryimage"},"thumbnailUrl":"https:\/\/www.gaveanews.com\/wp-content\/uploads\/Rodolfo-Landim-presidente-do-Flamengo-durante-a-premiacao-do-Campeonato-Carioca.webp","articleSection":["Flamengo"],"inLanguage":"pt-BR","potentialAction":[{"@type":"CommentAction","name":"Comment","target":["https:\/\/www.gaveanews.com\/index.php\/2022\/12\/14\/veja-quanto-o-flamengo-quer-investir-para-contratar-reforcos-em-2023\/#respond"]}],"copyrightYear":"2022","copyrightHolder":{"@id":"https:\/\/www.gaveanews.com\/#organization"}},{"@type":"WebPage","@id":"https:\/\/www.gaveanews.com\/index.php\/2022\/12\/14\/veja-quanto-o-flamengo-quer-investir-para-contratar-reforcos-em-2023\/","url":"https:\/\/www.gaveanews.com\/index.php\/2022\/12\/14\/veja-quanto-o-flamengo-quer-investir-para-contratar-reforcos-em-2023\/","name":"Veja quanto o Flamengo quer investir para contratar refor\u00e7os em 2023","isPartOf":{"@id":"https:\/\/www.gaveanews.com\/#website"},"primaryImageOfPage":{"@id":"https:\/\/www.gaveanews.com\/index.php\/2022\/12\/14\/veja-quanto-o-flamengo-quer-investir-para-contratar-reforcos-em-2023\/#primaryimage"},"image":{"@id":"https:\/\/www.gaveanews.com\/index.php\/2022\/12\/14\/veja-quanto-o-flamengo-quer-investir-para-contratar-reforcos-em-2023\/#primaryimage"},"thumbnailUrl":"https:\/\/www.gaveanews.com\/wp-content\/uploads\/Rodolfo-Landim-presidente-do-Flamengo-durante-a-premiacao-do-Campeonato-Carioca.webp","datePublished":"2022-12-14T15:26:49+00:00","dateModified":"2022-12-14T15:33:53+00:00","author":{"@id":"https:\/\/www.gaveanews.com\/#\/schema\/person\/2ec14f73fb96be2caf28f91afb14749d"},"breadcrumb":{"@id":"https:\/\/www.gaveanews.com\/index.php\/2022\/12\/14\/veja-quanto-o-flamengo-quer-investir-para-contratar-reforcos-em-2023\/#breadcrumb"},"inLanguage":"pt-BR","potentialAction":[{"@type":"ReadAction","target":["https:\/\/www.gaveanews.com\/index.php\/2022\/12\/14\/veja-quanto-o-flamengo-quer-investir-para-contratar-reforcos-em-2023\/"]}]},{"@type":"ImageObject","inLanguage":"pt-BR","@id":"https:\/\/www.gaveanews.com\/index.php\/2022\/12\/14\/veja-quanto-o-flamengo-quer-investir-para-contratar-reforcos-em-2023\/#primaryimage","url":"https:\/\/www.gaveanews.com\/wp-content\/uploads\/Rodolfo-Landim-presidente-do-Flamengo-durante-a-premiacao-do-Campeonato-Carioca.webp","contentUrl":"https:\/\/www.gaveanews.com\/wp-content\/uploads\/Rodolfo-Landim-presidente-do-Flamengo-durante-a-premiacao-do-Campeonato-Carioca.webp","width":902,"height":600,"caption":"Rodolfo Landim, presidente do Flamengo, durante a premia\u00e7\u00e3o do Campeonato Carioca (Foto: Divulga\u00e7\u00e3o)"},{"@type":"BreadcrumbList","@id":"https:\/\/www.gaveanews.com\/index.php\/2022\/12\/14\/veja-quanto-o-flamengo-quer-investir-para-contratar-reforcos-em-2023\/#breadcrumb","itemListElement":[{"@type":"ListItem","position":1,"name":"Home","item":"https:\/\/www.gaveanews.com\/"},{"@type":"ListItem","position":2,"name":"Veja quanto o Flamengo quer investir para contratar refor\u00e7os em 2023"}]},{"@type":"WebSite","@id":"https:\/\/www.gaveanews.com\/#website","url":"https:\/\/www.gaveanews.com\/","name":"G\u00e1vea News","description":"Veja todas as not\u00edcias sobre o Flamengo: Contrata\u00e7\u00f5es, categorias de base, resultados das partidas, tabela de classifica\u00e7\u00e3o, pr\u00f3ximos jogos!","potentialAction":[{"@type":"SearchAction","target":{"@type":"EntryPoint","urlTemplate":"https:\/\/www.gaveanews.com\/?s={search_term_string}"},"query-input":{"@type":"PropertyValueSpecification","valueRequired":true,"valueName":"search_term_string"}}],"inLanguage":"pt-BR"},{"@type":"Person","@id":"https:\/\/www.gaveanews.com\/#\/schema\/person\/2ec14f73fb96be2caf28f91afb14749d","name":"Equipe G\u00e1vea News","image":{"@type":"ImageObject","inLanguage":"pt-BR","@id":"https:\/\/www.gaveanews.com\/#\/schema\/person\/image\/","url":"https:\/\/secure.gravatar.com\/avatar\/1e1956f1facbffd3f8fa53a326721950116b3b9dc9bd44939c01180fd4a745a9?s=96&d=mm&r=g","contentUrl":"https:\/\/secure.gravatar.com\/avatar\/1e1956f1facbffd3f8fa53a326721950116b3b9dc9bd44939c01180fd4a745a9?s=96&d=mm&r=g","caption":"Equipe G\u00e1vea News"}}]}},"_links":{"self":[{"href":"https:\/\/www.gaveanews.com\/index.php\/wp-json\/wp\/v2\/posts\/92005","targetHints":{"allow":["GET"]}}],"collection":[{"href":"https:\/\/www.gaveanews.com\/index.php\/wp-json\/wp\/v2\/posts"}],"about":[{"href":"https:\/\/www.gaveanews.com\/index.php\/wp-json\/wp\/v2\/types\/post"}],"author":[{"embeddable":true,"href":"https:\/\/www.gaveanews.com\/index.php\/wp-json\/wp\/v2\/users\/1"}],"replies":[{"embeddable":true,"href":"https:\/\/www.gaveanews.com\/index.php\/wp-json\/wp\/v2\/comments?post=92005"}],"version-history":[{"count":0,"href":"https:\/\/www.gaveanews.com\/index.php\/wp-json\/wp\/v2\/posts\/92005\/revisions"}],"wp:featuredmedia":[{"embeddable":true,"href":"https:\/\/www.gaveanews.com\/index.php\/wp-json\/wp\/v2\/media\/62889"}],"wp:attachment":[{"href":"https:\/\/www.gaveanews.com\/index.php\/wp-json\/wp\/v2\/media?parent=92005"}],"wp:term":[{"taxonomy":"category","embeddable":true,"href":"https:\/\/www.gaveanews.com\/index.php\/wp-json\/wp\/v2\/categories?post=92005"},{"taxonomy":"post_tag","embeddable":true,"href":"https:\/\/www.gaveanews.com\/index.php\/wp-json\/wp\/v2\/tags?post=92005"}],"curies":[{"name":"wp","href":"https:\/\/api.w.org\/{rel}","templated":true}]}}