{"id":92009,"date":"2022-12-14T12:33:18","date_gmt":"2022-12-14T15:33:18","guid":{"rendered":"https:\/\/www.gaveanews.com\/?p=92009"},"modified":"2022-12-14T12:33:21","modified_gmt":"2022-12-14T15:33:21","slug":"opiniao-nao-adianta-a-diretoria-tentar-disfarcar-vitor-pereira-e-flamengo-humilharam-o-corinthians","status":"publish","type":"post","link":"https:\/\/www.gaveanews.com\/index.php\/2022\/12\/14\/opiniao-nao-adianta-a-diretoria-tentar-disfarcar-vitor-pereira-e-flamengo-humilharam-o-corinthians\/","title":{"rendered":"Opini\u00e3o: N\u00e3o adianta a diretoria tentar disfar\u00e7ar, V\u00edtor Pereira e Flamengo humilharam o Corinthians"},"content":{"rendered":"\n<p>\u00c9 claro que todo mundo j\u00e1 esperava por essa confirma\u00e7\u00e3o. Mas ontem, via redes sociais, o Flamengo anunciou oficialmente que V\u00edtor Pereira treinar\u00e1 o clube da G\u00e1vea no ano que vem. Bem, e nos \u00faltimos dias vimos at\u00e9 entrevista de Andr\u00e9s Sanchez, ex-presidente do Corinthians, argumentando que a ida de VP ao Fla era algo &#8220;normal do futebol&#8221;.<\/p>\n\n\n\n<p>Gente, convenhamos, n\u00e3o d\u00e1 para engolir essa! O Corinthians tentou de TUDO para segurar o t\u00e9cnico portugu\u00eas, que deixou claro para a diretoria que s\u00f3 n\u00e3o iria ficar por problemas de sa\u00fade de sua sogra. Garantiu at\u00e9 que n\u00e3o trabalharia nos pr\u00f3ximos meses.<\/p>\n\n\n\n<p>A\u00ed, DIAS DEPOIS, ele \u00e9 anunciado por um dos grandes rivais? Ora, isso, para mim, mostra um &#8220;apequenamento&#8221; do Corinthians no cen\u00e1rio nacional. O clube do Parque S\u00e3o Jorge foi tratado por V\u00edtor Pereira e pelo Flamengo como se fosse um Mirassol, uma Matonense ou um Bangu.<\/p>\n\n\n\n<p>Uma humilha\u00e7\u00e3o que dificilmente ser\u00e1 superada. Agora, o que resta ao torcedor corintiano? Torcer contra, por mais que o insucesso do Flamengo possa significar o sucesso do Palmeiras.<\/p>\n\n\n\n<p>Retirado de: Blog do Milton Mendes &#8211; UOL<\/p>\n","protected":false},"excerpt":{"rendered":"<p>\u00c9 claro que todo mundo j\u00e1 esperava por essa confirma\u00e7\u00e3o. Mas ontem, via redes sociais, o Flamengo anunciou oficialmente que V\u00edtor Pereira treinar\u00e1 o clube da G\u00e1vea no ano que vem. Bem, e nos \u00faltimos dias vimos at\u00e9 entrevista de Andr\u00e9s Sanchez, ex-presidente do Corinthians, argumentando que a ida de VP ao Fla era algo [&hellip;]<\/p>\n","protected":false},"author":1,"featured_media":91389,"comment_status":"open","ping_status":"closed","sticky":false,"template":"","format":"standard","meta":{"footnotes":""},"categories":[1],"tags":[],"class_list":["post-92009","post","type-post","status-publish","format-standard","has-post-thumbnail","hentry","category-flamengo"],"yoast_head":"<!-- This site is optimized with the Yoast SEO Premium plugin v24.2 (Yoast SEO v26.9) - https:\/\/yoast.com\/product\/yoast-seo-premium-wordpress\/ -->\n<title>Opini\u00e3o: N\u00e3o adianta a diretoria tentar disfar\u00e7ar, V\u00edtor Pereira e Flamengo humilharam o Corinthians<\/title>\n<meta name=\"robots\" content=\"index, follow, max-snippet:-1, max-image-preview:large, max-video-preview:-1\" \/>\n<link rel=\"canonical\" href=\"https:\/\/www.gaveanews.com\/index.php\/2022\/12\/14\/opiniao-nao-adianta-a-diretoria-tentar-disfarcar-vitor-pereira-e-flamengo-humilharam-o-corinthians\/\" \/>\n<meta property=\"og:locale\" content=\"pt_BR\" \/>\n<meta property=\"og:type\" content=\"article\" \/>\n<meta property=\"og:title\" content=\"Opini\u00e3o: N\u00e3o adianta a diretoria tentar disfar\u00e7ar, V\u00edtor Pereira e Flamengo humilharam o Corinthians\" \/>\n<meta property=\"og:description\" content=\"\u00c9 claro que todo mundo j\u00e1 esperava por essa confirma\u00e7\u00e3o. Mas ontem, via redes sociais, o Flamengo anunciou oficialmente que V\u00edtor Pereira treinar\u00e1 o clube da G\u00e1vea no ano que vem. Bem, e nos \u00faltimos dias vimos at\u00e9 entrevista de Andr\u00e9s Sanchez, ex-presidente do Corinthians, argumentando que a ida de VP ao Fla era algo [&hellip;]\" \/>\n<meta property=\"og:url\" content=\"https:\/\/www.gaveanews.com\/index.php\/2022\/12\/14\/opiniao-nao-adianta-a-diretoria-tentar-disfarcar-vitor-pereira-e-flamengo-humilharam-o-corinthians\/\" \/>\n<meta property=\"og:site_name\" content=\"G\u00e1vea News\" \/>\n<meta property=\"article:publisher\" content=\"https:\/\/facebook.com\/gaveaNews\/\" \/>\n<meta property=\"article:published_time\" content=\"2022-12-14T15:33:18+00:00\" \/>\n<meta property=\"article:modified_time\" content=\"2022-12-14T15:33:21+00:00\" \/>\n<meta property=\"og:image\" content=\"https:\/\/www.gaveanews.com\/wp-content\/uploads\/vitor-pereira-comissao-tecnica-corinthians.webp\" \/>\n\t<meta property=\"og:image:width\" content=\"640\" \/>\n\t<meta property=\"og:image:height\" content=\"400\" \/>\n\t<meta property=\"og:image:type\" content=\"image\/jpeg\" \/>\n<meta name=\"author\" content=\"Equipe G\u00e1vea News\" \/>\n<meta name=\"twitter:card\" content=\"summary_large_image\" \/>\n<meta name=\"twitter:label1\" content=\"Escrito por\" \/>\n\t<meta name=\"twitter:data1\" content=\"Equipe G\u00e1vea News\" \/>\n\t<meta name=\"twitter:label2\" content=\"Est. tempo de leitura\" \/>\n\t<meta name=\"twitter:data2\" content=\"2 minutos\" \/>\n<script type=\"application\/ld+json\" class=\"yoast-schema-graph\">{\"@context\":\"https:\/\/schema.org\",\"@graph\":[{\"@type\":\"NewsArticle\",\"@id\":\"https:\/\/www.gaveanews.com\/index.php\/2022\/12\/14\/opiniao-nao-adianta-a-diretoria-tentar-disfarcar-vitor-pereira-e-flamengo-humilharam-o-corinthians\/#article\",\"isPartOf\":{\"@id\":\"https:\/\/www.gaveanews.com\/index.php\/2022\/12\/14\/opiniao-nao-adianta-a-diretoria-tentar-disfarcar-vitor-pereira-e-flamengo-humilharam-o-corinthians\/\"},\"author\":{\"name\":\"Equipe G\u00e1vea News\",\"@id\":\"https:\/\/www.gaveanews.com\/#\/schema\/person\/2ec14f73fb96be2caf28f91afb14749d\"},\"headline\":\"Opini\u00e3o: N\u00e3o adianta a diretoria tentar disfar\u00e7ar, V\u00edtor Pereira e Flamengo humilharam o Corinthians\",\"datePublished\":\"2022-12-14T15:33:18+00:00\",\"dateModified\":\"2022-12-14T15:33:21+00:00\",\"mainEntityOfPage\":{\"@id\":\"https:\/\/www.gaveanews.com\/index.php\/2022\/12\/14\/opiniao-nao-adianta-a-diretoria-tentar-disfarcar-vitor-pereira-e-flamengo-humilharam-o-corinthians\/\"},\"wordCount\":215,\"commentCount\":0,\"image\":{\"@id\":\"https:\/\/www.gaveanews.com\/index.php\/2022\/12\/14\/opiniao-nao-adianta-a-diretoria-tentar-disfarcar-vitor-pereira-e-flamengo-humilharam-o-corinthians\/#primaryimage\"},\"thumbnailUrl\":\"https:\/\/www.gaveanews.com\/wp-content\/uploads\/vitor-pereira-comissao-tecnica-corinthians.webp\",\"articleSection\":[\"Flamengo\"],\"inLanguage\":\"pt-BR\",\"potentialAction\":[{\"@type\":\"CommentAction\",\"name\":\"Comment\",\"target\":[\"https:\/\/www.gaveanews.com\/index.php\/2022\/12\/14\/opiniao-nao-adianta-a-diretoria-tentar-disfarcar-vitor-pereira-e-flamengo-humilharam-o-corinthians\/#respond\"]}],\"copyrightYear\":\"2022\",\"copyrightHolder\":{\"@id\":\"https:\/\/www.gaveanews.com\/#organization\"}},{\"@type\":\"WebPage\",\"@id\":\"https:\/\/www.gaveanews.com\/index.php\/2022\/12\/14\/opiniao-nao-adianta-a-diretoria-tentar-disfarcar-vitor-pereira-e-flamengo-humilharam-o-corinthians\/\",\"url\":\"https:\/\/www.gaveanews.com\/index.php\/2022\/12\/14\/opiniao-nao-adianta-a-diretoria-tentar-disfarcar-vitor-pereira-e-flamengo-humilharam-o-corinthians\/\",\"name\":\"Opini\u00e3o: N\u00e3o adianta a diretoria tentar disfar\u00e7ar, V\u00edtor Pereira e Flamengo humilharam o Corinthians\",\"isPartOf\":{\"@id\":\"https:\/\/www.gaveanews.com\/#website\"},\"primaryImageOfPage\":{\"@id\":\"https:\/\/www.gaveanews.com\/index.php\/2022\/12\/14\/opiniao-nao-adianta-a-diretoria-tentar-disfarcar-vitor-pereira-e-flamengo-humilharam-o-corinthians\/#primaryimage\"},\"image\":{\"@id\":\"https:\/\/www.gaveanews.com\/index.php\/2022\/12\/14\/opiniao-nao-adianta-a-diretoria-tentar-disfarcar-vitor-pereira-e-flamengo-humilharam-o-corinthians\/#primaryimage\"},\"thumbnailUrl\":\"https:\/\/www.gaveanews.com\/wp-content\/uploads\/vitor-pereira-comissao-tecnica-corinthians.webp\",\"datePublished\":\"2022-12-14T15:33:18+00:00\",\"dateModified\":\"2022-12-14T15:33:21+00:00\",\"author\":{\"@id\":\"https:\/\/www.gaveanews.com\/#\/schema\/person\/2ec14f73fb96be2caf28f91afb14749d\"},\"breadcrumb\":{\"@id\":\"https:\/\/www.gaveanews.com\/index.php\/2022\/12\/14\/opiniao-nao-adianta-a-diretoria-tentar-disfarcar-vitor-pereira-e-flamengo-humilharam-o-corinthians\/#breadcrumb\"},\"inLanguage\":\"pt-BR\",\"potentialAction\":[{\"@type\":\"ReadAction\",\"target\":[\"https:\/\/www.gaveanews.com\/index.php\/2022\/12\/14\/opiniao-nao-adianta-a-diretoria-tentar-disfarcar-vitor-pereira-e-flamengo-humilharam-o-corinthians\/\"]}]},{\"@type\":\"ImageObject\",\"inLanguage\":\"pt-BR\",\"@id\":\"https:\/\/www.gaveanews.com\/index.php\/2022\/12\/14\/opiniao-nao-adianta-a-diretoria-tentar-disfarcar-vitor-pereira-e-flamengo-humilharam-o-corinthians\/#primaryimage\",\"url\":\"https:\/\/www.gaveanews.com\/wp-content\/uploads\/vitor-pereira-comissao-tecnica-corinthians.webp\",\"contentUrl\":\"https:\/\/www.gaveanews.com\/wp-content\/uploads\/vitor-pereira-comissao-tecnica-corinthians.webp\",\"width\":640,\"height\":400,\"caption\":\"V\u00edtor Pereira e sua comiss\u00e3o t\u00e9cnica no Corinthians (Foto: Rodrigo Coca\/Ag. Corinthians)\"},{\"@type\":\"BreadcrumbList\",\"@id\":\"https:\/\/www.gaveanews.com\/index.php\/2022\/12\/14\/opiniao-nao-adianta-a-diretoria-tentar-disfarcar-vitor-pereira-e-flamengo-humilharam-o-corinthians\/#breadcrumb\",\"itemListElement\":[{\"@type\":\"ListItem\",\"position\":1,\"name\":\"Home\",\"item\":\"https:\/\/www.gaveanews.com\/\"},{\"@type\":\"ListItem\",\"position\":2,\"name\":\"Opini\u00e3o: N\u00e3o adianta a diretoria tentar disfar\u00e7ar, V\u00edtor Pereira e Flamengo humilharam o Corinthians\"}]},{\"@type\":\"WebSite\",\"@id\":\"https:\/\/www.gaveanews.com\/#website\",\"url\":\"https:\/\/www.gaveanews.com\/\",\"name\":\"G\u00e1vea News\",\"description\":\"Veja todas as not\u00edcias sobre o Flamengo: Contrata\u00e7\u00f5es, categorias de base, resultados das partidas, tabela de classifica\u00e7\u00e3o, pr\u00f3ximos jogos!\",\"potentialAction\":[{\"@type\":\"SearchAction\",\"target\":{\"@type\":\"EntryPoint\",\"urlTemplate\":\"https:\/\/www.gaveanews.com\/?s={search_term_string}\"},\"query-input\":{\"@type\":\"PropertyValueSpecification\",\"valueRequired\":true,\"valueName\":\"search_term_string\"}}],\"inLanguage\":\"pt-BR\"},{\"@type\":\"Person\",\"@id\":\"https:\/\/www.gaveanews.com\/#\/schema\/person\/2ec14f73fb96be2caf28f91afb14749d\",\"name\":\"Equipe G\u00e1vea News\",\"image\":{\"@type\":\"ImageObject\",\"inLanguage\":\"pt-BR\",\"@id\":\"https:\/\/www.gaveanews.com\/#\/schema\/person\/image\/\",\"url\":\"https:\/\/secure.gravatar.com\/avatar\/1e1956f1facbffd3f8fa53a326721950116b3b9dc9bd44939c01180fd4a745a9?s=96&d=mm&r=g\",\"contentUrl\":\"https:\/\/secure.gravatar.com\/avatar\/1e1956f1facbffd3f8fa53a326721950116b3b9dc9bd44939c01180fd4a745a9?s=96&d=mm&r=g\",\"caption\":\"Equipe G\u00e1vea News\"}}]}<\/script>\n<!-- \/ Yoast SEO Premium plugin. -->","yoast_head_json":{"title":"Opini\u00e3o: N\u00e3o adianta a diretoria tentar disfar\u00e7ar, V\u00edtor Pereira e Flamengo humilharam o Corinthians","robots":{"index":"index","follow":"follow","max-snippet":"max-snippet:-1","max-image-preview":"max-image-preview:large","max-video-preview":"max-video-preview:-1"},"canonical":"https:\/\/www.gaveanews.com\/index.php\/2022\/12\/14\/opiniao-nao-adianta-a-diretoria-tentar-disfarcar-vitor-pereira-e-flamengo-humilharam-o-corinthians\/","og_locale":"pt_BR","og_type":"article","og_title":"Opini\u00e3o: N\u00e3o adianta a diretoria tentar disfar\u00e7ar, V\u00edtor Pereira e Flamengo humilharam o Corinthians","og_description":"\u00c9 claro que todo mundo j\u00e1 esperava por essa confirma\u00e7\u00e3o. Mas ontem, via redes sociais, o Flamengo anunciou oficialmente que V\u00edtor Pereira treinar\u00e1 o clube da G\u00e1vea no ano que vem. Bem, e nos \u00faltimos dias vimos at\u00e9 entrevista de Andr\u00e9s Sanchez, ex-presidente do Corinthians, argumentando que a ida de VP ao Fla era algo [&hellip;]","og_url":"https:\/\/www.gaveanews.com\/index.php\/2022\/12\/14\/opiniao-nao-adianta-a-diretoria-tentar-disfarcar-vitor-pereira-e-flamengo-humilharam-o-corinthians\/","og_site_name":"G\u00e1vea News","article_publisher":"https:\/\/facebook.com\/gaveaNews\/","article_published_time":"2022-12-14T15:33:18+00:00","article_modified_time":"2022-12-14T15:33:21+00:00","og_image":[{"width":640,"height":400,"url":"https:\/\/www.gaveanews.com\/wp-content\/uploads\/vitor-pereira-comissao-tecnica-corinthians.webp","type":"image\/jpeg"}],"author":"Equipe G\u00e1vea News","twitter_card":"summary_large_image","twitter_misc":{"Escrito por":"Equipe G\u00e1vea News","Est. tempo de leitura":"2 minutos"},"schema":{"@context":"https:\/\/schema.org","@graph":[{"@type":"NewsArticle","@id":"https:\/\/www.gaveanews.com\/index.php\/2022\/12\/14\/opiniao-nao-adianta-a-diretoria-tentar-disfarcar-vitor-pereira-e-flamengo-humilharam-o-corinthians\/#article","isPartOf":{"@id":"https:\/\/www.gaveanews.com\/index.php\/2022\/12\/14\/opiniao-nao-adianta-a-diretoria-tentar-disfarcar-vitor-pereira-e-flamengo-humilharam-o-corinthians\/"},"author":{"name":"Equipe G\u00e1vea News","@id":"https:\/\/www.gaveanews.com\/#\/schema\/person\/2ec14f73fb96be2caf28f91afb14749d"},"headline":"Opini\u00e3o: N\u00e3o adianta a diretoria tentar disfar\u00e7ar, V\u00edtor Pereira e Flamengo humilharam o Corinthians","datePublished":"2022-12-14T15:33:18+00:00","dateModified":"2022-12-14T15:33:21+00:00","mainEntityOfPage":{"@id":"https:\/\/www.gaveanews.com\/index.php\/2022\/12\/14\/opiniao-nao-adianta-a-diretoria-tentar-disfarcar-vitor-pereira-e-flamengo-humilharam-o-corinthians\/"},"wordCount":215,"commentCount":0,"image":{"@id":"https:\/\/www.gaveanews.com\/index.php\/2022\/12\/14\/opiniao-nao-adianta-a-diretoria-tentar-disfarcar-vitor-pereira-e-flamengo-humilharam-o-corinthians\/#primaryimage"},"thumbnailUrl":"https:\/\/www.gaveanews.com\/wp-content\/uploads\/vitor-pereira-comissao-tecnica-corinthians.webp","articleSection":["Flamengo"],"inLanguage":"pt-BR","potentialAction":[{"@type":"CommentAction","name":"Comment","target":["https:\/\/www.gaveanews.com\/index.php\/2022\/12\/14\/opiniao-nao-adianta-a-diretoria-tentar-disfarcar-vitor-pereira-e-flamengo-humilharam-o-corinthians\/#respond"]}],"copyrightYear":"2022","copyrightHolder":{"@id":"https:\/\/www.gaveanews.com\/#organization"}},{"@type":"WebPage","@id":"https:\/\/www.gaveanews.com\/index.php\/2022\/12\/14\/opiniao-nao-adianta-a-diretoria-tentar-disfarcar-vitor-pereira-e-flamengo-humilharam-o-corinthians\/","url":"https:\/\/www.gaveanews.com\/index.php\/2022\/12\/14\/opiniao-nao-adianta-a-diretoria-tentar-disfarcar-vitor-pereira-e-flamengo-humilharam-o-corinthians\/","name":"Opini\u00e3o: N\u00e3o adianta a diretoria tentar disfar\u00e7ar, V\u00edtor Pereira e Flamengo humilharam o Corinthians","isPartOf":{"@id":"https:\/\/www.gaveanews.com\/#website"},"primaryImageOfPage":{"@id":"https:\/\/www.gaveanews.com\/index.php\/2022\/12\/14\/opiniao-nao-adianta-a-diretoria-tentar-disfarcar-vitor-pereira-e-flamengo-humilharam-o-corinthians\/#primaryimage"},"image":{"@id":"https:\/\/www.gaveanews.com\/index.php\/2022\/12\/14\/opiniao-nao-adianta-a-diretoria-tentar-disfarcar-vitor-pereira-e-flamengo-humilharam-o-corinthians\/#primaryimage"},"thumbnailUrl":"https:\/\/www.gaveanews.com\/wp-content\/uploads\/vitor-pereira-comissao-tecnica-corinthians.webp","datePublished":"2022-12-14T15:33:18+00:00","dateModified":"2022-12-14T15:33:21+00:00","author":{"@id":"https:\/\/www.gaveanews.com\/#\/schema\/person\/2ec14f73fb96be2caf28f91afb14749d"},"breadcrumb":{"@id":"https:\/\/www.gaveanews.com\/index.php\/2022\/12\/14\/opiniao-nao-adianta-a-diretoria-tentar-disfarcar-vitor-pereira-e-flamengo-humilharam-o-corinthians\/#breadcrumb"},"inLanguage":"pt-BR","potentialAction":[{"@type":"ReadAction","target":["https:\/\/www.gaveanews.com\/index.php\/2022\/12\/14\/opiniao-nao-adianta-a-diretoria-tentar-disfarcar-vitor-pereira-e-flamengo-humilharam-o-corinthians\/"]}]},{"@type":"ImageObject","inLanguage":"pt-BR","@id":"https:\/\/www.gaveanews.com\/index.php\/2022\/12\/14\/opiniao-nao-adianta-a-diretoria-tentar-disfarcar-vitor-pereira-e-flamengo-humilharam-o-corinthians\/#primaryimage","url":"https:\/\/www.gaveanews.com\/wp-content\/uploads\/vitor-pereira-comissao-tecnica-corinthians.webp","contentUrl":"https:\/\/www.gaveanews.com\/wp-content\/uploads\/vitor-pereira-comissao-tecnica-corinthians.webp","width":640,"height":400,"caption":"V\u00edtor Pereira e sua comiss\u00e3o t\u00e9cnica no Corinthians (Foto: Rodrigo Coca\/Ag. Corinthians)"},{"@type":"BreadcrumbList","@id":"https:\/\/www.gaveanews.com\/index.php\/2022\/12\/14\/opiniao-nao-adianta-a-diretoria-tentar-disfarcar-vitor-pereira-e-flamengo-humilharam-o-corinthians\/#breadcrumb","itemListElement":[{"@type":"ListItem","position":1,"name":"Home","item":"https:\/\/www.gaveanews.com\/"},{"@type":"ListItem","position":2,"name":"Opini\u00e3o: N\u00e3o adianta a diretoria tentar disfar\u00e7ar, V\u00edtor Pereira e Flamengo humilharam o Corinthians"}]},{"@type":"WebSite","@id":"https:\/\/www.gaveanews.com\/#website","url":"https:\/\/www.gaveanews.com\/","name":"G\u00e1vea News","description":"Veja todas as not\u00edcias sobre o Flamengo: Contrata\u00e7\u00f5es, categorias de base, resultados das partidas, tabela de classifica\u00e7\u00e3o, pr\u00f3ximos jogos!","potentialAction":[{"@type":"SearchAction","target":{"@type":"EntryPoint","urlTemplate":"https:\/\/www.gaveanews.com\/?s={search_term_string}"},"query-input":{"@type":"PropertyValueSpecification","valueRequired":true,"valueName":"search_term_string"}}],"inLanguage":"pt-BR"},{"@type":"Person","@id":"https:\/\/www.gaveanews.com\/#\/schema\/person\/2ec14f73fb96be2caf28f91afb14749d","name":"Equipe G\u00e1vea News","image":{"@type":"ImageObject","inLanguage":"pt-BR","@id":"https:\/\/www.gaveanews.com\/#\/schema\/person\/image\/","url":"https:\/\/secure.gravatar.com\/avatar\/1e1956f1facbffd3f8fa53a326721950116b3b9dc9bd44939c01180fd4a745a9?s=96&d=mm&r=g","contentUrl":"https:\/\/secure.gravatar.com\/avatar\/1e1956f1facbffd3f8fa53a326721950116b3b9dc9bd44939c01180fd4a745a9?s=96&d=mm&r=g","caption":"Equipe G\u00e1vea News"}}]}},"_links":{"self":[{"href":"https:\/\/www.gaveanews.com\/index.php\/wp-json\/wp\/v2\/posts\/92009","targetHints":{"allow":["GET"]}}],"collection":[{"href":"https:\/\/www.gaveanews.com\/index.php\/wp-json\/wp\/v2\/posts"}],"about":[{"href":"https:\/\/www.gaveanews.com\/index.php\/wp-json\/wp\/v2\/types\/post"}],"author":[{"embeddable":true,"href":"https:\/\/www.gaveanews.com\/index.php\/wp-json\/wp\/v2\/users\/1"}],"replies":[{"embeddable":true,"href":"https:\/\/www.gaveanews.com\/index.php\/wp-json\/wp\/v2\/comments?post=92009"}],"version-history":[{"count":0,"href":"https:\/\/www.gaveanews.com\/index.php\/wp-json\/wp\/v2\/posts\/92009\/revisions"}],"wp:featuredmedia":[{"embeddable":true,"href":"https:\/\/www.gaveanews.com\/index.php\/wp-json\/wp\/v2\/media\/91389"}],"wp:attachment":[{"href":"https:\/\/www.gaveanews.com\/index.php\/wp-json\/wp\/v2\/media?parent=92009"}],"wp:term":[{"taxonomy":"category","embeddable":true,"href":"https:\/\/www.gaveanews.com\/index.php\/wp-json\/wp\/v2\/categories?post=92009"},{"taxonomy":"post_tag","embeddable":true,"href":"https:\/\/www.gaveanews.com\/index.php\/wp-json\/wp\/v2\/tags?post=92009"}],"curies":[{"name":"wp","href":"https:\/\/api.w.org\/{rel}","templated":true}]}}