{"id":92011,"date":"2022-12-14T13:12:52","date_gmt":"2022-12-14T16:12:52","guid":{"rendered":"https:\/\/www.gaveanews.com\/?p=92011"},"modified":"2022-12-14T13:12:54","modified_gmt":"2022-12-14T16:12:54","slug":"destaque-do-sao-paulo-fecha-com-o-flamengo","status":"publish","type":"post","link":"https:\/\/www.gaveanews.com\/index.php\/2022\/12\/14\/destaque-do-sao-paulo-fecha-com-o-flamengo\/","title":{"rendered":"Destaque do S\u00e3o Paulo fecha com o Flamengo"},"content":{"rendered":"\n<p>O Flamengo segue no planejamento para a temporada em 2023. Isso vale tanto para o futebol masculino, quanto para o feminino. Nesse sentido, o elenco feminino rubro-negro ganhou mais um importante refor\u00e7o para o pr\u00f3ximo ano.<\/p>\n\n\n\n<p>O Flamengo acertou a contrata\u00e7\u00e3o da zagueira Tha\u00eds Regina, um dos destaques do bom time do S\u00e3o Paulo em 2022. Os valores da negocia\u00e7\u00e3o n\u00e3o foram revelados, mas a jogadora inclusive, j\u00e1 se despediu das companheiras e fez uma postagem nas redes sociais, agradecendo ao S\u00e3o Paulo e declarando um novo ciclo na carreira.<\/p>\n\n\n\n<h2 class=\"wp-block-heading\" id=\"h-veja-o-texto-completo-abaixo\">Veja o texto completo abaixo:<\/h2>\n\n\n\n<p><em>A vida \u00e9 feita de ciclos, e aqui no S\u00e3o Paulo eu vivi um dos mais lindos da minha vida!  Foram quatro anos de momentos inesquec\u00edveis, tanto felizes quanto tristes, mas sempre levando tudo como aprendizado. Eu cresci muito aqui, tanto pessoalmente quanto profissionalmente. Me descobri e redescobri diversas vezes.<\/em><\/p>\n\n\n\n<p><em>Ri, chorei, comemorei, questionei, me irritei\u2026 um turbilh\u00e3o de emo\u00e7\u00f5es ao mesmo tempo, afinal, estamos falando do S\u00e3o Paulo, um clube gigante que sempre me acolheu de portas abertas, e eu vivi cada momento com toda intensidade poss\u00edvel.<\/em><\/p>\n\n\n\n<p><em>Tricolor, voc\u00ea entrou para a minha hist\u00f3ria e est\u00e1 marcado para sempre em mim.<\/em><\/p>\n\n\n\n<p><em>Sou eternamente grata a todos que fizeram parte deste cap\u00edtulo: a diretoria, os funcion\u00e1rios do clube, minhas companheiras de time, minha fam\u00edlia, meus amigos, e principalmente, a torcida, que sempre me apoiou, me defendeu, me incentivou, torceu, gritou e me acolheu. A voc\u00eas, todo o meu amor e gratid\u00e3o.<\/em><\/p>\n\n\n\n<p><em>Est\u00e1 na hora de eu iniciar um novo cap\u00edtulo na minha vida e ver o que o futuro guarda para mim. Muito obrigada, S\u00e3o Paulo!<\/em><\/p>\n\n\n\n<p>Retirado de: Di\u00e1rio do Fla<\/p>\n","protected":false},"excerpt":{"rendered":"<p>O Flamengo segue no planejamento para a temporada em 2023. Isso vale tanto para o futebol masculino, quanto para o feminino. Nesse sentido, o elenco feminino rubro-negro ganhou mais um importante refor\u00e7o para o pr\u00f3ximo ano. O Flamengo acertou a contrata\u00e7\u00e3o da zagueira Tha\u00eds Regina, um dos destaques do bom time do S\u00e3o Paulo em [&hellip;]<\/p>\n","protected":false},"author":1,"featured_media":92012,"comment_status":"open","ping_status":"closed","sticky":false,"template":"","format":"standard","meta":{"footnotes":""},"categories":[48],"tags":[],"class_list":["post-92011","post","type-post","status-publish","format-standard","has-post-thumbnail","hentry","category-negociacoes"],"yoast_head":"<!-- This site is optimized with the Yoast SEO Premium plugin v24.2 (Yoast SEO v26.9) - https:\/\/yoast.com\/product\/yoast-seo-premium-wordpress\/ -->\n<title>Destaque do S\u00e3o Paulo fecha com o Flamengo<\/title>\n<meta name=\"description\" content=\"O Flamengo segue no planejamento para a temporada em 2023. Isso vale tanto para o futebol masculino, quanto para o feminino.\" \/>\n<meta name=\"robots\" content=\"index, follow, max-snippet:-1, max-image-preview:large, max-video-preview:-1\" \/>\n<link rel=\"canonical\" href=\"https:\/\/www.gaveanews.com\/index.php\/2022\/12\/14\/destaque-do-sao-paulo-fecha-com-o-flamengo\/\" \/>\n<meta property=\"og:locale\" content=\"pt_BR\" \/>\n<meta property=\"og:type\" content=\"article\" \/>\n<meta property=\"og:title\" content=\"Destaque do S\u00e3o Paulo fecha com o Flamengo\" \/>\n<meta property=\"og:description\" content=\"O Flamengo segue no planejamento para a temporada em 2023. Isso vale tanto para o futebol masculino, quanto para o feminino.\" \/>\n<meta property=\"og:url\" content=\"https:\/\/www.gaveanews.com\/index.php\/2022\/12\/14\/destaque-do-sao-paulo-fecha-com-o-flamengo\/\" \/>\n<meta property=\"og:site_name\" content=\"G\u00e1vea News\" \/>\n<meta property=\"article:publisher\" content=\"https:\/\/facebook.com\/gaveaNews\/\" \/>\n<meta property=\"article:published_time\" content=\"2022-12-14T16:12:52+00:00\" \/>\n<meta property=\"article:modified_time\" content=\"2022-12-14T16:12:54+00:00\" \/>\n<meta property=\"og:image\" content=\"https:\/\/www.gaveanews.com\/wp-content\/uploads\/Thais-Regina-durante-treino-do-Brasil.webp\" \/>\n\t<meta property=\"og:image:width\" content=\"1059\" \/>\n\t<meta property=\"og:image:height\" content=\"1365\" \/>\n\t<meta property=\"og:image:type\" content=\"image\/jpeg\" \/>\n<meta name=\"author\" content=\"Equipe G\u00e1vea News\" \/>\n<meta name=\"twitter:card\" content=\"summary_large_image\" \/>\n<meta name=\"twitter:label1\" content=\"Escrito por\" \/>\n\t<meta name=\"twitter:data1\" content=\"Equipe G\u00e1vea News\" \/>\n\t<meta name=\"twitter:label2\" content=\"Est. tempo de leitura\" \/>\n\t<meta name=\"twitter:data2\" content=\"2 minutos\" \/>\n<script type=\"application\/ld+json\" class=\"yoast-schema-graph\">{\"@context\":\"https:\/\/schema.org\",\"@graph\":[{\"@type\":\"NewsArticle\",\"@id\":\"https:\/\/www.gaveanews.com\/index.php\/2022\/12\/14\/destaque-do-sao-paulo-fecha-com-o-flamengo\/#article\",\"isPartOf\":{\"@id\":\"https:\/\/www.gaveanews.com\/index.php\/2022\/12\/14\/destaque-do-sao-paulo-fecha-com-o-flamengo\/\"},\"author\":{\"name\":\"Equipe G\u00e1vea News\",\"@id\":\"https:\/\/www.gaveanews.com\/#\/schema\/person\/2ec14f73fb96be2caf28f91afb14749d\"},\"headline\":\"Destaque do S\u00e3o Paulo fecha com o Flamengo\",\"datePublished\":\"2022-12-14T16:12:52+00:00\",\"dateModified\":\"2022-12-14T16:12:54+00:00\",\"mainEntityOfPage\":{\"@id\":\"https:\/\/www.gaveanews.com\/index.php\/2022\/12\/14\/destaque-do-sao-paulo-fecha-com-o-flamengo\/\"},\"wordCount\":305,\"commentCount\":0,\"image\":{\"@id\":\"https:\/\/www.gaveanews.com\/index.php\/2022\/12\/14\/destaque-do-sao-paulo-fecha-com-o-flamengo\/#primaryimage\"},\"thumbnailUrl\":\"https:\/\/www.gaveanews.com\/wp-content\/uploads\/Thais-Regina-durante-treino-do-Brasil.webp\",\"articleSection\":[\"Negocia\u00e7\u00f5es\"],\"inLanguage\":\"pt-BR\",\"potentialAction\":[{\"@type\":\"CommentAction\",\"name\":\"Comment\",\"target\":[\"https:\/\/www.gaveanews.com\/index.php\/2022\/12\/14\/destaque-do-sao-paulo-fecha-com-o-flamengo\/#respond\"]}],\"copyrightYear\":\"2022\",\"copyrightHolder\":{\"@id\":\"https:\/\/www.gaveanews.com\/#organization\"}},{\"@type\":\"WebPage\",\"@id\":\"https:\/\/www.gaveanews.com\/index.php\/2022\/12\/14\/destaque-do-sao-paulo-fecha-com-o-flamengo\/\",\"url\":\"https:\/\/www.gaveanews.com\/index.php\/2022\/12\/14\/destaque-do-sao-paulo-fecha-com-o-flamengo\/\",\"name\":\"Destaque do S\u00e3o Paulo fecha com o Flamengo\",\"isPartOf\":{\"@id\":\"https:\/\/www.gaveanews.com\/#website\"},\"primaryImageOfPage\":{\"@id\":\"https:\/\/www.gaveanews.com\/index.php\/2022\/12\/14\/destaque-do-sao-paulo-fecha-com-o-flamengo\/#primaryimage\"},\"image\":{\"@id\":\"https:\/\/www.gaveanews.com\/index.php\/2022\/12\/14\/destaque-do-sao-paulo-fecha-com-o-flamengo\/#primaryimage\"},\"thumbnailUrl\":\"https:\/\/www.gaveanews.com\/wp-content\/uploads\/Thais-Regina-durante-treino-do-Brasil.webp\",\"datePublished\":\"2022-12-14T16:12:52+00:00\",\"dateModified\":\"2022-12-14T16:12:54+00:00\",\"author\":{\"@id\":\"https:\/\/www.gaveanews.com\/#\/schema\/person\/2ec14f73fb96be2caf28f91afb14749d\"},\"description\":\"O Flamengo segue no planejamento para a temporada em 2023. Isso vale tanto para o futebol masculino, quanto para o feminino.\",\"breadcrumb\":{\"@id\":\"https:\/\/www.gaveanews.com\/index.php\/2022\/12\/14\/destaque-do-sao-paulo-fecha-com-o-flamengo\/#breadcrumb\"},\"inLanguage\":\"pt-BR\",\"potentialAction\":[{\"@type\":\"ReadAction\",\"target\":[\"https:\/\/www.gaveanews.com\/index.php\/2022\/12\/14\/destaque-do-sao-paulo-fecha-com-o-flamengo\/\"]}]},{\"@type\":\"ImageObject\",\"inLanguage\":\"pt-BR\",\"@id\":\"https:\/\/www.gaveanews.com\/index.php\/2022\/12\/14\/destaque-do-sao-paulo-fecha-com-o-flamengo\/#primaryimage\",\"url\":\"https:\/\/www.gaveanews.com\/wp-content\/uploads\/Thais-Regina-durante-treino-do-Brasil.webp\",\"contentUrl\":\"https:\/\/www.gaveanews.com\/wp-content\/uploads\/Thais-Regina-durante-treino-do-Brasil.webp\",\"width\":1059,\"height\":1365,\"caption\":\"Tha\u00eds Regina durante treino do Brasil (Foto: Lucas Figueiredo \/ CBF)\"},{\"@type\":\"BreadcrumbList\",\"@id\":\"https:\/\/www.gaveanews.com\/index.php\/2022\/12\/14\/destaque-do-sao-paulo-fecha-com-o-flamengo\/#breadcrumb\",\"itemListElement\":[{\"@type\":\"ListItem\",\"position\":1,\"name\":\"Home\",\"item\":\"https:\/\/www.gaveanews.com\/\"},{\"@type\":\"ListItem\",\"position\":2,\"name\":\"Destaque do S\u00e3o Paulo fecha com o Flamengo\"}]},{\"@type\":\"WebSite\",\"@id\":\"https:\/\/www.gaveanews.com\/#website\",\"url\":\"https:\/\/www.gaveanews.com\/\",\"name\":\"G\u00e1vea News\",\"description\":\"Veja todas as not\u00edcias sobre o Flamengo: Contrata\u00e7\u00f5es, categorias de base, resultados das partidas, tabela de classifica\u00e7\u00e3o, pr\u00f3ximos jogos!\",\"potentialAction\":[{\"@type\":\"SearchAction\",\"target\":{\"@type\":\"EntryPoint\",\"urlTemplate\":\"https:\/\/www.gaveanews.com\/?s={search_term_string}\"},\"query-input\":{\"@type\":\"PropertyValueSpecification\",\"valueRequired\":true,\"valueName\":\"search_term_string\"}}],\"inLanguage\":\"pt-BR\"},{\"@type\":\"Person\",\"@id\":\"https:\/\/www.gaveanews.com\/#\/schema\/person\/2ec14f73fb96be2caf28f91afb14749d\",\"name\":\"Equipe G\u00e1vea News\",\"image\":{\"@type\":\"ImageObject\",\"inLanguage\":\"pt-BR\",\"@id\":\"https:\/\/www.gaveanews.com\/#\/schema\/person\/image\/\",\"url\":\"https:\/\/secure.gravatar.com\/avatar\/1e1956f1facbffd3f8fa53a326721950116b3b9dc9bd44939c01180fd4a745a9?s=96&d=mm&r=g\",\"contentUrl\":\"https:\/\/secure.gravatar.com\/avatar\/1e1956f1facbffd3f8fa53a326721950116b3b9dc9bd44939c01180fd4a745a9?s=96&d=mm&r=g\",\"caption\":\"Equipe G\u00e1vea News\"}}]}<\/script>\n<!-- \/ Yoast SEO Premium plugin. -->","yoast_head_json":{"title":"Destaque do S\u00e3o Paulo fecha com o Flamengo","description":"O Flamengo segue no planejamento para a temporada em 2023. Isso vale tanto para o futebol masculino, quanto para o feminino.","robots":{"index":"index","follow":"follow","max-snippet":"max-snippet:-1","max-image-preview":"max-image-preview:large","max-video-preview":"max-video-preview:-1"},"canonical":"https:\/\/www.gaveanews.com\/index.php\/2022\/12\/14\/destaque-do-sao-paulo-fecha-com-o-flamengo\/","og_locale":"pt_BR","og_type":"article","og_title":"Destaque do S\u00e3o Paulo fecha com o Flamengo","og_description":"O Flamengo segue no planejamento para a temporada em 2023. Isso vale tanto para o futebol masculino, quanto para o feminino.","og_url":"https:\/\/www.gaveanews.com\/index.php\/2022\/12\/14\/destaque-do-sao-paulo-fecha-com-o-flamengo\/","og_site_name":"G\u00e1vea News","article_publisher":"https:\/\/facebook.com\/gaveaNews\/","article_published_time":"2022-12-14T16:12:52+00:00","article_modified_time":"2022-12-14T16:12:54+00:00","og_image":[{"width":1059,"height":1365,"url":"https:\/\/www.gaveanews.com\/wp-content\/uploads\/Thais-Regina-durante-treino-do-Brasil.webp","type":"image\/jpeg"}],"author":"Equipe G\u00e1vea News","twitter_card":"summary_large_image","twitter_misc":{"Escrito por":"Equipe G\u00e1vea News","Est. tempo de leitura":"2 minutos"},"schema":{"@context":"https:\/\/schema.org","@graph":[{"@type":"NewsArticle","@id":"https:\/\/www.gaveanews.com\/index.php\/2022\/12\/14\/destaque-do-sao-paulo-fecha-com-o-flamengo\/#article","isPartOf":{"@id":"https:\/\/www.gaveanews.com\/index.php\/2022\/12\/14\/destaque-do-sao-paulo-fecha-com-o-flamengo\/"},"author":{"name":"Equipe G\u00e1vea News","@id":"https:\/\/www.gaveanews.com\/#\/schema\/person\/2ec14f73fb96be2caf28f91afb14749d"},"headline":"Destaque do S\u00e3o Paulo fecha com o Flamengo","datePublished":"2022-12-14T16:12:52+00:00","dateModified":"2022-12-14T16:12:54+00:00","mainEntityOfPage":{"@id":"https:\/\/www.gaveanews.com\/index.php\/2022\/12\/14\/destaque-do-sao-paulo-fecha-com-o-flamengo\/"},"wordCount":305,"commentCount":0,"image":{"@id":"https:\/\/www.gaveanews.com\/index.php\/2022\/12\/14\/destaque-do-sao-paulo-fecha-com-o-flamengo\/#primaryimage"},"thumbnailUrl":"https:\/\/www.gaveanews.com\/wp-content\/uploads\/Thais-Regina-durante-treino-do-Brasil.webp","articleSection":["Negocia\u00e7\u00f5es"],"inLanguage":"pt-BR","potentialAction":[{"@type":"CommentAction","name":"Comment","target":["https:\/\/www.gaveanews.com\/index.php\/2022\/12\/14\/destaque-do-sao-paulo-fecha-com-o-flamengo\/#respond"]}],"copyrightYear":"2022","copyrightHolder":{"@id":"https:\/\/www.gaveanews.com\/#organization"}},{"@type":"WebPage","@id":"https:\/\/www.gaveanews.com\/index.php\/2022\/12\/14\/destaque-do-sao-paulo-fecha-com-o-flamengo\/","url":"https:\/\/www.gaveanews.com\/index.php\/2022\/12\/14\/destaque-do-sao-paulo-fecha-com-o-flamengo\/","name":"Destaque do S\u00e3o Paulo fecha com o Flamengo","isPartOf":{"@id":"https:\/\/www.gaveanews.com\/#website"},"primaryImageOfPage":{"@id":"https:\/\/www.gaveanews.com\/index.php\/2022\/12\/14\/destaque-do-sao-paulo-fecha-com-o-flamengo\/#primaryimage"},"image":{"@id":"https:\/\/www.gaveanews.com\/index.php\/2022\/12\/14\/destaque-do-sao-paulo-fecha-com-o-flamengo\/#primaryimage"},"thumbnailUrl":"https:\/\/www.gaveanews.com\/wp-content\/uploads\/Thais-Regina-durante-treino-do-Brasil.webp","datePublished":"2022-12-14T16:12:52+00:00","dateModified":"2022-12-14T16:12:54+00:00","author":{"@id":"https:\/\/www.gaveanews.com\/#\/schema\/person\/2ec14f73fb96be2caf28f91afb14749d"},"description":"O Flamengo segue no planejamento para a temporada em 2023. Isso vale tanto para o futebol masculino, quanto para o feminino.","breadcrumb":{"@id":"https:\/\/www.gaveanews.com\/index.php\/2022\/12\/14\/destaque-do-sao-paulo-fecha-com-o-flamengo\/#breadcrumb"},"inLanguage":"pt-BR","potentialAction":[{"@type":"ReadAction","target":["https:\/\/www.gaveanews.com\/index.php\/2022\/12\/14\/destaque-do-sao-paulo-fecha-com-o-flamengo\/"]}]},{"@type":"ImageObject","inLanguage":"pt-BR","@id":"https:\/\/www.gaveanews.com\/index.php\/2022\/12\/14\/destaque-do-sao-paulo-fecha-com-o-flamengo\/#primaryimage","url":"https:\/\/www.gaveanews.com\/wp-content\/uploads\/Thais-Regina-durante-treino-do-Brasil.webp","contentUrl":"https:\/\/www.gaveanews.com\/wp-content\/uploads\/Thais-Regina-durante-treino-do-Brasil.webp","width":1059,"height":1365,"caption":"Tha\u00eds Regina durante treino do Brasil (Foto: Lucas Figueiredo \/ CBF)"},{"@type":"BreadcrumbList","@id":"https:\/\/www.gaveanews.com\/index.php\/2022\/12\/14\/destaque-do-sao-paulo-fecha-com-o-flamengo\/#breadcrumb","itemListElement":[{"@type":"ListItem","position":1,"name":"Home","item":"https:\/\/www.gaveanews.com\/"},{"@type":"ListItem","position":2,"name":"Destaque do S\u00e3o Paulo fecha com o Flamengo"}]},{"@type":"WebSite","@id":"https:\/\/www.gaveanews.com\/#website","url":"https:\/\/www.gaveanews.com\/","name":"G\u00e1vea News","description":"Veja todas as not\u00edcias sobre o Flamengo: Contrata\u00e7\u00f5es, categorias de base, resultados das partidas, tabela de classifica\u00e7\u00e3o, pr\u00f3ximos jogos!","potentialAction":[{"@type":"SearchAction","target":{"@type":"EntryPoint","urlTemplate":"https:\/\/www.gaveanews.com\/?s={search_term_string}"},"query-input":{"@type":"PropertyValueSpecification","valueRequired":true,"valueName":"search_term_string"}}],"inLanguage":"pt-BR"},{"@type":"Person","@id":"https:\/\/www.gaveanews.com\/#\/schema\/person\/2ec14f73fb96be2caf28f91afb14749d","name":"Equipe G\u00e1vea News","image":{"@type":"ImageObject","inLanguage":"pt-BR","@id":"https:\/\/www.gaveanews.com\/#\/schema\/person\/image\/","url":"https:\/\/secure.gravatar.com\/avatar\/1e1956f1facbffd3f8fa53a326721950116b3b9dc9bd44939c01180fd4a745a9?s=96&d=mm&r=g","contentUrl":"https:\/\/secure.gravatar.com\/avatar\/1e1956f1facbffd3f8fa53a326721950116b3b9dc9bd44939c01180fd4a745a9?s=96&d=mm&r=g","caption":"Equipe G\u00e1vea News"}}]}},"_links":{"self":[{"href":"https:\/\/www.gaveanews.com\/index.php\/wp-json\/wp\/v2\/posts\/92011","targetHints":{"allow":["GET"]}}],"collection":[{"href":"https:\/\/www.gaveanews.com\/index.php\/wp-json\/wp\/v2\/posts"}],"about":[{"href":"https:\/\/www.gaveanews.com\/index.php\/wp-json\/wp\/v2\/types\/post"}],"author":[{"embeddable":true,"href":"https:\/\/www.gaveanews.com\/index.php\/wp-json\/wp\/v2\/users\/1"}],"replies":[{"embeddable":true,"href":"https:\/\/www.gaveanews.com\/index.php\/wp-json\/wp\/v2\/comments?post=92011"}],"version-history":[{"count":0,"href":"https:\/\/www.gaveanews.com\/index.php\/wp-json\/wp\/v2\/posts\/92011\/revisions"}],"wp:featuredmedia":[{"embeddable":true,"href":"https:\/\/www.gaveanews.com\/index.php\/wp-json\/wp\/v2\/media\/92012"}],"wp:attachment":[{"href":"https:\/\/www.gaveanews.com\/index.php\/wp-json\/wp\/v2\/media?parent=92011"}],"wp:term":[{"taxonomy":"category","embeddable":true,"href":"https:\/\/www.gaveanews.com\/index.php\/wp-json\/wp\/v2\/categories?post=92011"},{"taxonomy":"post_tag","embeddable":true,"href":"https:\/\/www.gaveanews.com\/index.php\/wp-json\/wp\/v2\/tags?post=92011"}],"curies":[{"name":"wp","href":"https:\/\/api.w.org\/{rel}","templated":true}]}}