{"id":92014,"date":"2022-12-14T14:06:42","date_gmt":"2022-12-14T17:06:42","guid":{"rendered":"https:\/\/www.gaveanews.com\/?p=92014"},"modified":"2022-12-14T14:06:54","modified_gmt":"2022-12-14T17:06:54","slug":"flamengo-lanca-novas-camisas-shorts-calca-pochete-e-chapeus-bucket-veja-fotos","status":"publish","type":"post","link":"https:\/\/www.gaveanews.com\/index.php\/2022\/12\/14\/flamengo-lanca-novas-camisas-shorts-calca-pochete-e-chapeus-bucket-veja-fotos\/","title":{"rendered":"Flamengo lan\u00e7a novas camisas, shorts, cal\u00e7a, pochete e chap\u00e9us bucket; veja fotos"},"content":{"rendered":"\n<p>Na tarde desta quarta-feira (14 de dezembro), o Flamengo lan\u00e7ou uma linha de produtos que inclu\u00ed duas camisas, dois shorts, uma cal\u00e7a, uma pochete e dois chap\u00e9us bucket. O lan\u00e7amento ocorreu em parceria com a empresa Thug Nine.<\/p>\n\n\n\n<p>Todos os produtos citados anteriormente s\u00e3o predominantemente pretos com detalhes em vermelho e branco. A \u00fanica exce\u00e7\u00e3o fica por conta de uma camisa que utiliza o branco como a sua principal cor. (veja abaixo as fotos). <\/p>\n\n\n\n<p>A respeito dos valores, veja os detalhes abaixo: <\/p>\n\n\n\n<ul class=\"wp-block-list\">\n<li>Camisa: R$ 199<\/li>\n\n\n\n<li>Cal\u00e7a: R$ 369,99<\/li>\n\n\n\n<li>Bucket: R$ 219,99<\/li>\n\n\n\n<li>Pochete: R$ 249,99<\/li>\n\n\n\n<li>Short: R$ 269,99 ou R$ 279,99<\/li>\n<\/ul>\n\n\n\n<figure class=\"wp-block-image size-large\"><img decoding=\"async\" src=\"https:\/\/pbs.twimg.com\/media\/Fj894ssXkAU-26T?format=png\" alt=\"\"\/><\/figure>\n\n\n\n<figure class=\"wp-block-image size-large\"><img decoding=\"async\" src=\"https:\/\/thugnine.fbitsstatic.net\/img\/p\/camiseta-remo-70617\/260034-2.webp\" alt=\"\"\/><\/figure>\n\n\n<div class=\"wp-block-image\">\n<figure class=\"aligncenter size-large\"><img decoding=\"async\" src=\"https:\/\/pbs.twimg.com\/media\/Fj899qQXEAEsgKX?format=png\" alt=\"\"\/><\/figure>\n<\/div>\n\n<div class=\"wp-block-image\">\n<figure class=\"aligncenter size-large\"><img decoding=\"async\" src=\"https:\/\/pbs.twimg.com\/media\/Fj8-AnXXEAAT951?format=png\" alt=\"\"\/><\/figure>\n<\/div>\n\n<div class=\"wp-block-image\">\n<figure class=\"aligncenter size-large\"><img decoding=\"async\" src=\"https:\/\/thugnine.fbitsstatic.net\/img\/p\/short-tn-crf-01-70620\/260056-2.webp\" alt=\"\"\/><\/figure>\n<\/div>\n\n<div class=\"wp-block-image\">\n<figure class=\"aligncenter size-large\"><img decoding=\"async\" src=\"https:\/\/pbs.twimg.com\/media\/Fj8-iAhXEAEf4O9?format=png\" alt=\"\"\/><\/figure>\n<\/div>\n\n<div class=\"wp-block-image\">\n<figure class=\"aligncenter size-large\"><img decoding=\"async\" src=\"https:\/\/thugnine.fbitsstatic.net\/img\/p\/bucket-flamengo-70618\/260049-2.webp\" alt=\"\"\/><\/figure>\n<\/div>\n\n\n<h2 class=\"wp-block-heading\" id=\"h-nova-camisa-lancada-pela-adidas\">Nova camisa lan\u00e7ada pela Adidas<\/h2>\n\n\n\n<p>Na noite da \u00faltima ter\u00e7a-feira (13 de dezembro), o portal\u00a0<em>Footy Headlines<\/em>\u00a0divulgou uma foto da nova camisa do\u00a0<a href=\"https:\/\/gaveanews.com\/?utm_source=SystemGaveaNews&amp;utm_medium=SystemGaveaNews&amp;utm_campaign=SystemGaveaNews\">Flamengo<\/a>. Pertencente a cole\u00e7\u00e3o\u00a0<em>Adidas Icon,<\/em>\u00a0o novo modelo n\u00e3o ser\u00e1 utilizado em nenhuma partida oficial.<\/p>\n\n\n\n<p>Predominantemente branca, a camisa contar\u00e1 com detalhes pretos nas extremidades das mangas, assim como no pesco\u00e7o. Sobre a logomarca da Adidas e o escudo do&nbsp;<a href=\"https:\/\/gaveanews.com\/?utm_source=SystemGaveaNews&amp;utm_medium=SystemGaveaNews&amp;utm_campaign=SystemGaveaNews\">Flamengo<\/a>, ambos ser\u00e3o exibidos de forma centralizada na cor vermelha. Por fim, mas n\u00e3o menos importante, haver\u00e3o tr\u00eas listras na altura das costelas com cores alternadas (2x vermelha e 1x preta).<\/p>\n\n\n\n<p>A respeito dos valores, nada foi divulgado at\u00e9 o momento. J\u00e1 em rela\u00e7\u00e3o ao lan\u00e7amento oficial ele acontecer\u00e1 nas primeiras semanas do pr\u00f3ximo ano.<\/p>\n\n\n\n<p><strong>Confira abaixo a foto da camisa e deixe a sua opini\u00e3o registradas nos coment\u00e1rios!<\/strong><\/p>\n\n\n\n<figure class=\"wp-block-image size-large\"><img decoding=\"async\" src=\"https:\/\/pbs.twimg.com\/media\/Fj47zXmXgAAMmQ7?format=png\" alt=\"\"\/><\/figure>\n","protected":false},"excerpt":{"rendered":"<p>Na tarde desta quarta-feira (14 de dezembro), o Flamengo lan\u00e7ou uma linha de produtos que inclu\u00ed duas camisas, dois shorts, uma cal\u00e7a, uma pochete e dois chap\u00e9us bucket. O lan\u00e7amento ocorreu em parceria com a empresa Thug Nine. Todos os produtos citados anteriormente s\u00e3o predominantemente pretos com detalhes em vermelho e branco. A \u00fanica exce\u00e7\u00e3o [&hellip;]<\/p>\n","protected":false},"author":2,"featured_media":16214,"comment_status":"open","ping_status":"closed","sticky":false,"template":"","format":"standard","meta":{"footnotes":""},"categories":[47],"tags":[],"class_list":["post-92014","post","type-post","status-publish","format-standard","has-post-thumbnail","hentry","category-destaques"],"yoast_head":"<!-- This site is optimized with the Yoast SEO Premium plugin v24.2 (Yoast SEO v26.9) - https:\/\/yoast.com\/product\/yoast-seo-premium-wordpress\/ -->\n<title>Flamengo lan\u00e7a novas camisas, shorts, cal\u00e7a, pochete e chap\u00e9us bucket; veja fotos<\/title>\n<meta name=\"robots\" content=\"index, follow, max-snippet:-1, max-image-preview:large, max-video-preview:-1\" \/>\n<link rel=\"canonical\" href=\"https:\/\/www.gaveanews.com\/index.php\/2022\/12\/14\/flamengo-lanca-novas-camisas-shorts-calca-pochete-e-chapeus-bucket-veja-fotos\/\" \/>\n<meta property=\"og:locale\" content=\"pt_BR\" \/>\n<meta property=\"og:type\" content=\"article\" \/>\n<meta property=\"og:title\" content=\"Flamengo lan\u00e7a novas camisas, shorts, cal\u00e7a, pochete e chap\u00e9us bucket; veja fotos\" \/>\n<meta property=\"og:description\" content=\"Na tarde desta quarta-feira (14 de dezembro), o Flamengo lan\u00e7ou uma linha de produtos que inclu\u00ed duas camisas, dois shorts, uma cal\u00e7a, uma pochete e dois chap\u00e9us bucket. O lan\u00e7amento ocorreu em parceria com a empresa Thug Nine. Todos os produtos citados anteriormente s\u00e3o predominantemente pretos com detalhes em vermelho e branco. A \u00fanica exce\u00e7\u00e3o [&hellip;]\" \/>\n<meta property=\"og:url\" content=\"https:\/\/www.gaveanews.com\/index.php\/2022\/12\/14\/flamengo-lanca-novas-camisas-shorts-calca-pochete-e-chapeus-bucket-veja-fotos\/\" \/>\n<meta property=\"og:site_name\" content=\"G\u00e1vea News\" \/>\n<meta property=\"article:publisher\" content=\"https:\/\/facebook.com\/gaveaNews\/\" \/>\n<meta property=\"article:published_time\" content=\"2022-12-14T17:06:42+00:00\" \/>\n<meta property=\"article:modified_time\" content=\"2022-12-14T17:06:54+00:00\" \/>\n<meta property=\"og:image\" content=\"https:\/\/www.gaveanews.com\/wp-content\/uploads\/2019\/03\/Logomarca-da-Adidas.webp\" \/>\n\t<meta property=\"og:image:width\" content=\"1200\" \/>\n\t<meta property=\"og:image:height\" content=\"600\" \/>\n\t<meta property=\"og:image:type\" content=\"image\/png\" \/>\n<meta name=\"author\" content=\"Hugo Nogueira\" \/>\n<meta name=\"twitter:card\" content=\"summary_large_image\" \/>\n<meta name=\"twitter:label1\" content=\"Escrito por\" \/>\n\t<meta name=\"twitter:data1\" content=\"Hugo Nogueira\" \/>\n\t<meta name=\"twitter:label2\" content=\"Est. tempo de leitura\" \/>\n\t<meta name=\"twitter:data2\" content=\"3 minutos\" \/>\n<script type=\"application\/ld+json\" class=\"yoast-schema-graph\">{\"@context\":\"https:\/\/schema.org\",\"@graph\":[{\"@type\":\"NewsArticle\",\"@id\":\"https:\/\/www.gaveanews.com\/index.php\/2022\/12\/14\/flamengo-lanca-novas-camisas-shorts-calca-pochete-e-chapeus-bucket-veja-fotos\/#article\",\"isPartOf\":{\"@id\":\"https:\/\/www.gaveanews.com\/index.php\/2022\/12\/14\/flamengo-lanca-novas-camisas-shorts-calca-pochete-e-chapeus-bucket-veja-fotos\/\"},\"author\":{\"name\":\"Hugo Nogueira\",\"@id\":\"https:\/\/www.gaveanews.com\/#\/schema\/person\/3a0372021fabaeec4e7e4242cfa27841\"},\"headline\":\"Flamengo lan\u00e7a novas camisas, shorts, cal\u00e7a, pochete e chap\u00e9us bucket; veja fotos\",\"datePublished\":\"2022-12-14T17:06:42+00:00\",\"dateModified\":\"2022-12-14T17:06:54+00:00\",\"mainEntityOfPage\":{\"@id\":\"https:\/\/www.gaveanews.com\/index.php\/2022\/12\/14\/flamengo-lanca-novas-camisas-shorts-calca-pochete-e-chapeus-bucket-veja-fotos\/\"},\"wordCount\":263,\"commentCount\":0,\"image\":{\"@id\":\"https:\/\/www.gaveanews.com\/index.php\/2022\/12\/14\/flamengo-lanca-novas-camisas-shorts-calca-pochete-e-chapeus-bucket-veja-fotos\/#primaryimage\"},\"thumbnailUrl\":\"https:\/\/www.gaveanews.com\/wp-content\/uploads\/2019\/03\/Logomarca-da-Adidas.webp\",\"articleSection\":[\"Destaques\"],\"inLanguage\":\"pt-BR\",\"potentialAction\":[{\"@type\":\"CommentAction\",\"name\":\"Comment\",\"target\":[\"https:\/\/www.gaveanews.com\/index.php\/2022\/12\/14\/flamengo-lanca-novas-camisas-shorts-calca-pochete-e-chapeus-bucket-veja-fotos\/#respond\"]}],\"copyrightYear\":\"2022\",\"copyrightHolder\":{\"@id\":\"https:\/\/www.gaveanews.com\/#organization\"}},{\"@type\":\"WebPage\",\"@id\":\"https:\/\/www.gaveanews.com\/index.php\/2022\/12\/14\/flamengo-lanca-novas-camisas-shorts-calca-pochete-e-chapeus-bucket-veja-fotos\/\",\"url\":\"https:\/\/www.gaveanews.com\/index.php\/2022\/12\/14\/flamengo-lanca-novas-camisas-shorts-calca-pochete-e-chapeus-bucket-veja-fotos\/\",\"name\":\"Flamengo lan\u00e7a novas camisas, shorts, cal\u00e7a, pochete e chap\u00e9us bucket; veja fotos\",\"isPartOf\":{\"@id\":\"https:\/\/www.gaveanews.com\/#website\"},\"primaryImageOfPage\":{\"@id\":\"https:\/\/www.gaveanews.com\/index.php\/2022\/12\/14\/flamengo-lanca-novas-camisas-shorts-calca-pochete-e-chapeus-bucket-veja-fotos\/#primaryimage\"},\"image\":{\"@id\":\"https:\/\/www.gaveanews.com\/index.php\/2022\/12\/14\/flamengo-lanca-novas-camisas-shorts-calca-pochete-e-chapeus-bucket-veja-fotos\/#primaryimage\"},\"thumbnailUrl\":\"https:\/\/www.gaveanews.com\/wp-content\/uploads\/2019\/03\/Logomarca-da-Adidas.webp\",\"datePublished\":\"2022-12-14T17:06:42+00:00\",\"dateModified\":\"2022-12-14T17:06:54+00:00\",\"author\":{\"@id\":\"https:\/\/www.gaveanews.com\/#\/schema\/person\/3a0372021fabaeec4e7e4242cfa27841\"},\"breadcrumb\":{\"@id\":\"https:\/\/www.gaveanews.com\/index.php\/2022\/12\/14\/flamengo-lanca-novas-camisas-shorts-calca-pochete-e-chapeus-bucket-veja-fotos\/#breadcrumb\"},\"inLanguage\":\"pt-BR\",\"potentialAction\":[{\"@type\":\"ReadAction\",\"target\":[\"https:\/\/www.gaveanews.com\/index.php\/2022\/12\/14\/flamengo-lanca-novas-camisas-shorts-calca-pochete-e-chapeus-bucket-veja-fotos\/\"]}]},{\"@type\":\"ImageObject\",\"inLanguage\":\"pt-BR\",\"@id\":\"https:\/\/www.gaveanews.com\/index.php\/2022\/12\/14\/flamengo-lanca-novas-camisas-shorts-calca-pochete-e-chapeus-bucket-veja-fotos\/#primaryimage\",\"url\":\"https:\/\/www.gaveanews.com\/wp-content\/uploads\/2019\/03\/Logomarca-da-Adidas.webp\",\"contentUrl\":\"https:\/\/www.gaveanews.com\/wp-content\/uploads\/2019\/03\/Logomarca-da-Adidas.webp\",\"width\":1200,\"height\":600,\"caption\":\"Logomarca da Adidas (Foto: Reprodu\u00e7\u00e3o)\"},{\"@type\":\"BreadcrumbList\",\"@id\":\"https:\/\/www.gaveanews.com\/index.php\/2022\/12\/14\/flamengo-lanca-novas-camisas-shorts-calca-pochete-e-chapeus-bucket-veja-fotos\/#breadcrumb\",\"itemListElement\":[{\"@type\":\"ListItem\",\"position\":1,\"name\":\"Home\",\"item\":\"https:\/\/www.gaveanews.com\/\"},{\"@type\":\"ListItem\",\"position\":2,\"name\":\"Flamengo lan\u00e7a novas camisas, shorts, cal\u00e7a, pochete e chap\u00e9us bucket; veja fotos\"}]},{\"@type\":\"WebSite\",\"@id\":\"https:\/\/www.gaveanews.com\/#website\",\"url\":\"https:\/\/www.gaveanews.com\/\",\"name\":\"G\u00e1vea News\",\"description\":\"Veja todas as not\u00edcias sobre o Flamengo: Contrata\u00e7\u00f5es, categorias de base, resultados das partidas, tabela de classifica\u00e7\u00e3o, pr\u00f3ximos jogos!\",\"potentialAction\":[{\"@type\":\"SearchAction\",\"target\":{\"@type\":\"EntryPoint\",\"urlTemplate\":\"https:\/\/www.gaveanews.com\/?s={search_term_string}\"},\"query-input\":{\"@type\":\"PropertyValueSpecification\",\"valueRequired\":true,\"valueName\":\"search_term_string\"}}],\"inLanguage\":\"pt-BR\"},{\"@type\":\"Person\",\"@id\":\"https:\/\/www.gaveanews.com\/#\/schema\/person\/3a0372021fabaeec4e7e4242cfa27841\",\"name\":\"Hugo Nogueira\",\"image\":{\"@type\":\"ImageObject\",\"inLanguage\":\"pt-BR\",\"@id\":\"https:\/\/www.gaveanews.com\/#\/schema\/person\/image\/\",\"url\":\"https:\/\/secure.gravatar.com\/avatar\/0cdd89f3b47bb55926c08eee2db992845cfdd53f84c9fdd47a49d89b3cd40c0a?s=96&d=mm&r=g\",\"contentUrl\":\"https:\/\/secure.gravatar.com\/avatar\/0cdd89f3b47bb55926c08eee2db992845cfdd53f84c9fdd47a49d89b3cd40c0a?s=96&d=mm&r=g\",\"caption\":\"Hugo Nogueira\"}}]}<\/script>\n<!-- \/ Yoast SEO Premium plugin. -->","yoast_head_json":{"title":"Flamengo lan\u00e7a novas camisas, shorts, cal\u00e7a, pochete e chap\u00e9us bucket; veja fotos","robots":{"index":"index","follow":"follow","max-snippet":"max-snippet:-1","max-image-preview":"max-image-preview:large","max-video-preview":"max-video-preview:-1"},"canonical":"https:\/\/www.gaveanews.com\/index.php\/2022\/12\/14\/flamengo-lanca-novas-camisas-shorts-calca-pochete-e-chapeus-bucket-veja-fotos\/","og_locale":"pt_BR","og_type":"article","og_title":"Flamengo lan\u00e7a novas camisas, shorts, cal\u00e7a, pochete e chap\u00e9us bucket; veja fotos","og_description":"Na tarde desta quarta-feira (14 de dezembro), o Flamengo lan\u00e7ou uma linha de produtos que inclu\u00ed duas camisas, dois shorts, uma cal\u00e7a, uma pochete e dois chap\u00e9us bucket. O lan\u00e7amento ocorreu em parceria com a empresa Thug Nine. Todos os produtos citados anteriormente s\u00e3o predominantemente pretos com detalhes em vermelho e branco. A \u00fanica exce\u00e7\u00e3o [&hellip;]","og_url":"https:\/\/www.gaveanews.com\/index.php\/2022\/12\/14\/flamengo-lanca-novas-camisas-shorts-calca-pochete-e-chapeus-bucket-veja-fotos\/","og_site_name":"G\u00e1vea News","article_publisher":"https:\/\/facebook.com\/gaveaNews\/","article_published_time":"2022-12-14T17:06:42+00:00","article_modified_time":"2022-12-14T17:06:54+00:00","og_image":[{"width":1200,"height":600,"url":"https:\/\/www.gaveanews.com\/wp-content\/uploads\/2019\/03\/Logomarca-da-Adidas.webp","type":"image\/png"}],"author":"Hugo Nogueira","twitter_card":"summary_large_image","twitter_misc":{"Escrito por":"Hugo Nogueira","Est. tempo de leitura":"3 minutos"},"schema":{"@context":"https:\/\/schema.org","@graph":[{"@type":"NewsArticle","@id":"https:\/\/www.gaveanews.com\/index.php\/2022\/12\/14\/flamengo-lanca-novas-camisas-shorts-calca-pochete-e-chapeus-bucket-veja-fotos\/#article","isPartOf":{"@id":"https:\/\/www.gaveanews.com\/index.php\/2022\/12\/14\/flamengo-lanca-novas-camisas-shorts-calca-pochete-e-chapeus-bucket-veja-fotos\/"},"author":{"name":"Hugo Nogueira","@id":"https:\/\/www.gaveanews.com\/#\/schema\/person\/3a0372021fabaeec4e7e4242cfa27841"},"headline":"Flamengo lan\u00e7a novas camisas, shorts, cal\u00e7a, pochete e chap\u00e9us bucket; veja fotos","datePublished":"2022-12-14T17:06:42+00:00","dateModified":"2022-12-14T17:06:54+00:00","mainEntityOfPage":{"@id":"https:\/\/www.gaveanews.com\/index.php\/2022\/12\/14\/flamengo-lanca-novas-camisas-shorts-calca-pochete-e-chapeus-bucket-veja-fotos\/"},"wordCount":263,"commentCount":0,"image":{"@id":"https:\/\/www.gaveanews.com\/index.php\/2022\/12\/14\/flamengo-lanca-novas-camisas-shorts-calca-pochete-e-chapeus-bucket-veja-fotos\/#primaryimage"},"thumbnailUrl":"https:\/\/www.gaveanews.com\/wp-content\/uploads\/2019\/03\/Logomarca-da-Adidas.webp","articleSection":["Destaques"],"inLanguage":"pt-BR","potentialAction":[{"@type":"CommentAction","name":"Comment","target":["https:\/\/www.gaveanews.com\/index.php\/2022\/12\/14\/flamengo-lanca-novas-camisas-shorts-calca-pochete-e-chapeus-bucket-veja-fotos\/#respond"]}],"copyrightYear":"2022","copyrightHolder":{"@id":"https:\/\/www.gaveanews.com\/#organization"}},{"@type":"WebPage","@id":"https:\/\/www.gaveanews.com\/index.php\/2022\/12\/14\/flamengo-lanca-novas-camisas-shorts-calca-pochete-e-chapeus-bucket-veja-fotos\/","url":"https:\/\/www.gaveanews.com\/index.php\/2022\/12\/14\/flamengo-lanca-novas-camisas-shorts-calca-pochete-e-chapeus-bucket-veja-fotos\/","name":"Flamengo lan\u00e7a novas camisas, shorts, cal\u00e7a, pochete e chap\u00e9us bucket; veja fotos","isPartOf":{"@id":"https:\/\/www.gaveanews.com\/#website"},"primaryImageOfPage":{"@id":"https:\/\/www.gaveanews.com\/index.php\/2022\/12\/14\/flamengo-lanca-novas-camisas-shorts-calca-pochete-e-chapeus-bucket-veja-fotos\/#primaryimage"},"image":{"@id":"https:\/\/www.gaveanews.com\/index.php\/2022\/12\/14\/flamengo-lanca-novas-camisas-shorts-calca-pochete-e-chapeus-bucket-veja-fotos\/#primaryimage"},"thumbnailUrl":"https:\/\/www.gaveanews.com\/wp-content\/uploads\/2019\/03\/Logomarca-da-Adidas.webp","datePublished":"2022-12-14T17:06:42+00:00","dateModified":"2022-12-14T17:06:54+00:00","author":{"@id":"https:\/\/www.gaveanews.com\/#\/schema\/person\/3a0372021fabaeec4e7e4242cfa27841"},"breadcrumb":{"@id":"https:\/\/www.gaveanews.com\/index.php\/2022\/12\/14\/flamengo-lanca-novas-camisas-shorts-calca-pochete-e-chapeus-bucket-veja-fotos\/#breadcrumb"},"inLanguage":"pt-BR","potentialAction":[{"@type":"ReadAction","target":["https:\/\/www.gaveanews.com\/index.php\/2022\/12\/14\/flamengo-lanca-novas-camisas-shorts-calca-pochete-e-chapeus-bucket-veja-fotos\/"]}]},{"@type":"ImageObject","inLanguage":"pt-BR","@id":"https:\/\/www.gaveanews.com\/index.php\/2022\/12\/14\/flamengo-lanca-novas-camisas-shorts-calca-pochete-e-chapeus-bucket-veja-fotos\/#primaryimage","url":"https:\/\/www.gaveanews.com\/wp-content\/uploads\/2019\/03\/Logomarca-da-Adidas.webp","contentUrl":"https:\/\/www.gaveanews.com\/wp-content\/uploads\/2019\/03\/Logomarca-da-Adidas.webp","width":1200,"height":600,"caption":"Logomarca da Adidas (Foto: Reprodu\u00e7\u00e3o)"},{"@type":"BreadcrumbList","@id":"https:\/\/www.gaveanews.com\/index.php\/2022\/12\/14\/flamengo-lanca-novas-camisas-shorts-calca-pochete-e-chapeus-bucket-veja-fotos\/#breadcrumb","itemListElement":[{"@type":"ListItem","position":1,"name":"Home","item":"https:\/\/www.gaveanews.com\/"},{"@type":"ListItem","position":2,"name":"Flamengo lan\u00e7a novas camisas, shorts, cal\u00e7a, pochete e chap\u00e9us bucket; veja fotos"}]},{"@type":"WebSite","@id":"https:\/\/www.gaveanews.com\/#website","url":"https:\/\/www.gaveanews.com\/","name":"G\u00e1vea News","description":"Veja todas as not\u00edcias sobre o Flamengo: Contrata\u00e7\u00f5es, categorias de base, resultados das partidas, tabela de classifica\u00e7\u00e3o, pr\u00f3ximos jogos!","potentialAction":[{"@type":"SearchAction","target":{"@type":"EntryPoint","urlTemplate":"https:\/\/www.gaveanews.com\/?s={search_term_string}"},"query-input":{"@type":"PropertyValueSpecification","valueRequired":true,"valueName":"search_term_string"}}],"inLanguage":"pt-BR"},{"@type":"Person","@id":"https:\/\/www.gaveanews.com\/#\/schema\/person\/3a0372021fabaeec4e7e4242cfa27841","name":"Hugo Nogueira","image":{"@type":"ImageObject","inLanguage":"pt-BR","@id":"https:\/\/www.gaveanews.com\/#\/schema\/person\/image\/","url":"https:\/\/secure.gravatar.com\/avatar\/0cdd89f3b47bb55926c08eee2db992845cfdd53f84c9fdd47a49d89b3cd40c0a?s=96&d=mm&r=g","contentUrl":"https:\/\/secure.gravatar.com\/avatar\/0cdd89f3b47bb55926c08eee2db992845cfdd53f84c9fdd47a49d89b3cd40c0a?s=96&d=mm&r=g","caption":"Hugo Nogueira"}}]}},"_links":{"self":[{"href":"https:\/\/www.gaveanews.com\/index.php\/wp-json\/wp\/v2\/posts\/92014","targetHints":{"allow":["GET"]}}],"collection":[{"href":"https:\/\/www.gaveanews.com\/index.php\/wp-json\/wp\/v2\/posts"}],"about":[{"href":"https:\/\/www.gaveanews.com\/index.php\/wp-json\/wp\/v2\/types\/post"}],"author":[{"embeddable":true,"href":"https:\/\/www.gaveanews.com\/index.php\/wp-json\/wp\/v2\/users\/2"}],"replies":[{"embeddable":true,"href":"https:\/\/www.gaveanews.com\/index.php\/wp-json\/wp\/v2\/comments?post=92014"}],"version-history":[{"count":0,"href":"https:\/\/www.gaveanews.com\/index.php\/wp-json\/wp\/v2\/posts\/92014\/revisions"}],"wp:featuredmedia":[{"embeddable":true,"href":"https:\/\/www.gaveanews.com\/index.php\/wp-json\/wp\/v2\/media\/16214"}],"wp:attachment":[{"href":"https:\/\/www.gaveanews.com\/index.php\/wp-json\/wp\/v2\/media?parent=92014"}],"wp:term":[{"taxonomy":"category","embeddable":true,"href":"https:\/\/www.gaveanews.com\/index.php\/wp-json\/wp\/v2\/categories?post=92014"},{"taxonomy":"post_tag","embeddable":true,"href":"https:\/\/www.gaveanews.com\/index.php\/wp-json\/wp\/v2\/tags?post=92014"}],"curies":[{"name":"wp","href":"https:\/\/api.w.org\/{rel}","templated":true}]}}