{"id":92048,"date":"2022-12-15T00:12:26","date_gmt":"2022-12-15T03:12:26","guid":{"rendered":"https:\/\/www.gaveanews.com\/?p=92048"},"modified":"2022-12-15T00:12:29","modified_gmt":"2022-12-15T03:12:29","slug":"apos-assinar-com-o-flamengo-volante-celebra-momento-unico","status":"publish","type":"post","link":"https:\/\/www.gaveanews.com\/index.php\/2022\/12\/15\/apos-assinar-com-o-flamengo-volante-celebra-momento-unico\/","title":{"rendered":"Ap\u00f3s assinar com o Flamengo, volante celebra: &#8220;Momento \u00fanico!&#8221;"},"content":{"rendered":"\n<p>Destaque das categorias de base do Flamengo, Khauan Schlickmann assinou seu primeiro contrato profissional. O novo v\u00ednculo \u00e9 v\u00e1lido por duas temporadas. O volante fez quest\u00e3o de celebrar este marco nas redes sociais.<\/p>\n\n\n\n<p><em>\u2014 N\u00f3s, atletas, sonhamos diariamente com esse momento. Nos meus maiores sonhos, eu tinha certeza sim, de que esse momento chegaria. Lutei, abdiquei de muita coisa para de fato viver isso. Foram dias de treinamento, foco, concentra\u00e7\u00e3o e, acima de tudo, de muita f\u00e9 e paci\u00eancia. Assinar esse contrato s\u00f3 traduz a busca di\u00e1ria do que me propus a fazer. Momento \u00fanico! Momento em que reflito tudo o que passei para que fosse poss\u00edvel viver essa sensa\u00e7\u00e3o<\/em> &#8211; publicou Khauan no Instagram:<\/p>\n\n\n\n<p><em>\u2014 N\u00e3o alcancei nada ainda, perto do quero alcan\u00e7ar. \u00c9 apenas mais um degrau, e ele merece ser comemorado. S\u00f3 eu sei o quanto foi duro chegar at\u00e9 aqui. Assinar esse contrato aos 16 anos, em um dos maiores clubes do mundo, \u00e9 sem d\u00favida alguma fant\u00e1stico. \u00c9 representar o sonho de uma imensid\u00e3o de meninos. \u00c9 ter ao meu lado uma na\u00e7\u00e3o contagiante. \u00c9 caminhar cercado dos melhores profissionais poss\u00edveis para minha evolu\u00e7\u00e3o. Ah, isso faz uma grande diferen\u00e7a! N\u00e3o poderia deixar de agradecer a todos que contribu\u00edram para que esse instante fosse poss\u00edvel. Queria nomear todos, mas \u00e9 imposs\u00edvel. Gratid\u00e3o primeiramente a Deus, a minha fam\u00edlia e aos meus amigos. Deixo aqui o meu agradecimento aos que estiveram comigo nessa caminhada<\/em> &#8211; completou.<\/p>\n\n\n\n<p>O volante foi contratado em abril do ano passado. Com seis t\u00edtulos conquistados em 69 jogos disputados, Khauan participou da Flamengo Adidas CUP e \u00e9 conhecido por sua t\u00e9cnica e versatilidade. <\/p>\n\n\n\n<figure class=\"wp-block-image size-large\"><img decoding=\"async\" src=\"https:\/\/www.lance.com.br\/files\/article_main\/uploads\/2022\/12\/13\/6398f6b8091d5.webp\" alt=\"\"\/><figcaption class=\"wp-element-caption\">Khauan assinou por duas temporadas (Reprodu\u00e7\u00e3o\/Instagram\/Khauan)<\/figcaption><\/figure>\n\n\n\n<p>Retirado de: Lance<\/p>\n","protected":false},"excerpt":{"rendered":"<p>Destaque das categorias de base do Flamengo, Khauan Schlickmann assinou seu primeiro contrato profissional. O novo v\u00ednculo \u00e9 v\u00e1lido por duas temporadas. O volante fez quest\u00e3o de celebrar este marco nas redes sociais. \u2014 N\u00f3s, atletas, sonhamos diariamente com esse momento. Nos meus maiores sonhos, eu tinha certeza sim, de que esse momento chegaria. Lutei, [&hellip;]<\/p>\n","protected":false},"author":1,"featured_media":85562,"comment_status":"open","ping_status":"closed","sticky":false,"template":"","format":"standard","meta":{"footnotes":""},"categories":[48],"tags":[],"class_list":["post-92048","post","type-post","status-publish","format-standard","has-post-thumbnail","hentry","category-negociacoes"],"yoast_head":"<!-- This site is optimized with the Yoast SEO Premium plugin v24.2 (Yoast SEO v26.9) - https:\/\/yoast.com\/product\/yoast-seo-premium-wordpress\/ -->\n<title>Ap\u00f3s assinar com o Flamengo, volante celebra: &quot;Momento \u00fanico!&quot;<\/title>\n<meta name=\"robots\" content=\"index, follow, max-snippet:-1, max-image-preview:large, max-video-preview:-1\" \/>\n<link rel=\"canonical\" href=\"https:\/\/www.gaveanews.com\/index.php\/2022\/12\/15\/apos-assinar-com-o-flamengo-volante-celebra-momento-unico\/\" \/>\n<meta property=\"og:locale\" content=\"pt_BR\" \/>\n<meta property=\"og:type\" content=\"article\" \/>\n<meta property=\"og:title\" content=\"Ap\u00f3s assinar com o Flamengo, volante celebra: &quot;Momento \u00fanico!&quot;\" \/>\n<meta property=\"og:description\" content=\"Destaque das categorias de base do Flamengo, Khauan Schlickmann assinou seu primeiro contrato profissional. O novo v\u00ednculo \u00e9 v\u00e1lido por duas temporadas. O volante fez quest\u00e3o de celebrar este marco nas redes sociais. \u2014 N\u00f3s, atletas, sonhamos diariamente com esse momento. Nos meus maiores sonhos, eu tinha certeza sim, de que esse momento chegaria. Lutei, [&hellip;]\" \/>\n<meta property=\"og:url\" content=\"https:\/\/www.gaveanews.com\/index.php\/2022\/12\/15\/apos-assinar-com-o-flamengo-volante-celebra-momento-unico\/\" \/>\n<meta property=\"og:site_name\" content=\"G\u00e1vea News\" \/>\n<meta property=\"article:publisher\" content=\"https:\/\/facebook.com\/gaveaNews\/\" \/>\n<meta property=\"article:published_time\" content=\"2022-12-15T03:12:26+00:00\" \/>\n<meta property=\"article:modified_time\" content=\"2022-12-15T03:12:29+00:00\" \/>\n<meta property=\"og:image\" content=\"https:\/\/www.gaveanews.com\/wp-content\/uploads\/Marcos-Braz-em-entrevista-no-CT-do-Flamengo-1.webp\" \/>\n\t<meta property=\"og:image:width\" content=\"799\" \/>\n\t<meta property=\"og:image:height\" content=\"533\" \/>\n\t<meta property=\"og:image:type\" content=\"image\/jpeg\" \/>\n<meta name=\"author\" content=\"Equipe G\u00e1vea News\" \/>\n<meta name=\"twitter:card\" content=\"summary_large_image\" \/>\n<meta name=\"twitter:label1\" content=\"Escrito por\" \/>\n\t<meta name=\"twitter:data1\" content=\"Equipe G\u00e1vea News\" \/>\n\t<meta name=\"twitter:label2\" content=\"Est. tempo de leitura\" \/>\n\t<meta name=\"twitter:data2\" content=\"2 minutos\" \/>\n<script type=\"application\/ld+json\" class=\"yoast-schema-graph\">{\"@context\":\"https:\/\/schema.org\",\"@graph\":[{\"@type\":\"NewsArticle\",\"@id\":\"https:\/\/www.gaveanews.com\/index.php\/2022\/12\/15\/apos-assinar-com-o-flamengo-volante-celebra-momento-unico\/#article\",\"isPartOf\":{\"@id\":\"https:\/\/www.gaveanews.com\/index.php\/2022\/12\/15\/apos-assinar-com-o-flamengo-volante-celebra-momento-unico\/\"},\"author\":{\"name\":\"Equipe G\u00e1vea News\",\"@id\":\"https:\/\/www.gaveanews.com\/#\/schema\/person\/2ec14f73fb96be2caf28f91afb14749d\"},\"headline\":\"Ap\u00f3s assinar com o Flamengo, volante celebra: &#8220;Momento \u00fanico!&#8221;\",\"datePublished\":\"2022-12-15T03:12:26+00:00\",\"dateModified\":\"2022-12-15T03:12:29+00:00\",\"mainEntityOfPage\":{\"@id\":\"https:\/\/www.gaveanews.com\/index.php\/2022\/12\/15\/apos-assinar-com-o-flamengo-volante-celebra-momento-unico\/\"},\"wordCount\":307,\"commentCount\":0,\"image\":{\"@id\":\"https:\/\/www.gaveanews.com\/index.php\/2022\/12\/15\/apos-assinar-com-o-flamengo-volante-celebra-momento-unico\/#primaryimage\"},\"thumbnailUrl\":\"https:\/\/www.gaveanews.com\/wp-content\/uploads\/Marcos-Braz-em-entrevista-no-CT-do-Flamengo-1.webp\",\"articleSection\":[\"Negocia\u00e7\u00f5es\"],\"inLanguage\":\"pt-BR\",\"potentialAction\":[{\"@type\":\"CommentAction\",\"name\":\"Comment\",\"target\":[\"https:\/\/www.gaveanews.com\/index.php\/2022\/12\/15\/apos-assinar-com-o-flamengo-volante-celebra-momento-unico\/#respond\"]}],\"copyrightYear\":\"2022\",\"copyrightHolder\":{\"@id\":\"https:\/\/www.gaveanews.com\/#organization\"}},{\"@type\":\"WebPage\",\"@id\":\"https:\/\/www.gaveanews.com\/index.php\/2022\/12\/15\/apos-assinar-com-o-flamengo-volante-celebra-momento-unico\/\",\"url\":\"https:\/\/www.gaveanews.com\/index.php\/2022\/12\/15\/apos-assinar-com-o-flamengo-volante-celebra-momento-unico\/\",\"name\":\"Ap\u00f3s assinar com o Flamengo, volante celebra: \\\"Momento \u00fanico!\\\"\",\"isPartOf\":{\"@id\":\"https:\/\/www.gaveanews.com\/#website\"},\"primaryImageOfPage\":{\"@id\":\"https:\/\/www.gaveanews.com\/index.php\/2022\/12\/15\/apos-assinar-com-o-flamengo-volante-celebra-momento-unico\/#primaryimage\"},\"image\":{\"@id\":\"https:\/\/www.gaveanews.com\/index.php\/2022\/12\/15\/apos-assinar-com-o-flamengo-volante-celebra-momento-unico\/#primaryimage\"},\"thumbnailUrl\":\"https:\/\/www.gaveanews.com\/wp-content\/uploads\/Marcos-Braz-em-entrevista-no-CT-do-Flamengo-1.webp\",\"datePublished\":\"2022-12-15T03:12:26+00:00\",\"dateModified\":\"2022-12-15T03:12:29+00:00\",\"author\":{\"@id\":\"https:\/\/www.gaveanews.com\/#\/schema\/person\/2ec14f73fb96be2caf28f91afb14749d\"},\"breadcrumb\":{\"@id\":\"https:\/\/www.gaveanews.com\/index.php\/2022\/12\/15\/apos-assinar-com-o-flamengo-volante-celebra-momento-unico\/#breadcrumb\"},\"inLanguage\":\"pt-BR\",\"potentialAction\":[{\"@type\":\"ReadAction\",\"target\":[\"https:\/\/www.gaveanews.com\/index.php\/2022\/12\/15\/apos-assinar-com-o-flamengo-volante-celebra-momento-unico\/\"]}]},{\"@type\":\"ImageObject\",\"inLanguage\":\"pt-BR\",\"@id\":\"https:\/\/www.gaveanews.com\/index.php\/2022\/12\/15\/apos-assinar-com-o-flamengo-volante-celebra-momento-unico\/#primaryimage\",\"url\":\"https:\/\/www.gaveanews.com\/wp-content\/uploads\/Marcos-Braz-em-entrevista-no-CT-do-Flamengo-1.webp\",\"contentUrl\":\"https:\/\/www.gaveanews.com\/wp-content\/uploads\/Marcos-Braz-em-entrevista-no-CT-do-Flamengo-1.webp\",\"width\":799,\"height\":533,\"caption\":\"Marcos Braz em entrevista no CT do Flamengo (Foto: Gilvan de Souza\/Flamengo)\"},{\"@type\":\"BreadcrumbList\",\"@id\":\"https:\/\/www.gaveanews.com\/index.php\/2022\/12\/15\/apos-assinar-com-o-flamengo-volante-celebra-momento-unico\/#breadcrumb\",\"itemListElement\":[{\"@type\":\"ListItem\",\"position\":1,\"name\":\"Home\",\"item\":\"https:\/\/www.gaveanews.com\/\"},{\"@type\":\"ListItem\",\"position\":2,\"name\":\"Ap\u00f3s assinar com o Flamengo, volante celebra: &#8220;Momento \u00fanico!&#8221;\"}]},{\"@type\":\"WebSite\",\"@id\":\"https:\/\/www.gaveanews.com\/#website\",\"url\":\"https:\/\/www.gaveanews.com\/\",\"name\":\"G\u00e1vea News\",\"description\":\"Veja todas as not\u00edcias sobre o Flamengo: Contrata\u00e7\u00f5es, categorias de base, resultados das partidas, tabela de classifica\u00e7\u00e3o, pr\u00f3ximos jogos!\",\"potentialAction\":[{\"@type\":\"SearchAction\",\"target\":{\"@type\":\"EntryPoint\",\"urlTemplate\":\"https:\/\/www.gaveanews.com\/?s={search_term_string}\"},\"query-input\":{\"@type\":\"PropertyValueSpecification\",\"valueRequired\":true,\"valueName\":\"search_term_string\"}}],\"inLanguage\":\"pt-BR\"},{\"@type\":\"Person\",\"@id\":\"https:\/\/www.gaveanews.com\/#\/schema\/person\/2ec14f73fb96be2caf28f91afb14749d\",\"name\":\"Equipe G\u00e1vea News\",\"image\":{\"@type\":\"ImageObject\",\"inLanguage\":\"pt-BR\",\"@id\":\"https:\/\/www.gaveanews.com\/#\/schema\/person\/image\/\",\"url\":\"https:\/\/secure.gravatar.com\/avatar\/1e1956f1facbffd3f8fa53a326721950116b3b9dc9bd44939c01180fd4a745a9?s=96&d=mm&r=g\",\"contentUrl\":\"https:\/\/secure.gravatar.com\/avatar\/1e1956f1facbffd3f8fa53a326721950116b3b9dc9bd44939c01180fd4a745a9?s=96&d=mm&r=g\",\"caption\":\"Equipe G\u00e1vea News\"}}]}<\/script>\n<!-- \/ Yoast SEO Premium plugin. -->","yoast_head_json":{"title":"Ap\u00f3s assinar com o Flamengo, volante celebra: \"Momento \u00fanico!\"","robots":{"index":"index","follow":"follow","max-snippet":"max-snippet:-1","max-image-preview":"max-image-preview:large","max-video-preview":"max-video-preview:-1"},"canonical":"https:\/\/www.gaveanews.com\/index.php\/2022\/12\/15\/apos-assinar-com-o-flamengo-volante-celebra-momento-unico\/","og_locale":"pt_BR","og_type":"article","og_title":"Ap\u00f3s assinar com o Flamengo, volante celebra: \"Momento \u00fanico!\"","og_description":"Destaque das categorias de base do Flamengo, Khauan Schlickmann assinou seu primeiro contrato profissional. O novo v\u00ednculo \u00e9 v\u00e1lido por duas temporadas. O volante fez quest\u00e3o de celebrar este marco nas redes sociais. \u2014 N\u00f3s, atletas, sonhamos diariamente com esse momento. Nos meus maiores sonhos, eu tinha certeza sim, de que esse momento chegaria. Lutei, [&hellip;]","og_url":"https:\/\/www.gaveanews.com\/index.php\/2022\/12\/15\/apos-assinar-com-o-flamengo-volante-celebra-momento-unico\/","og_site_name":"G\u00e1vea News","article_publisher":"https:\/\/facebook.com\/gaveaNews\/","article_published_time":"2022-12-15T03:12:26+00:00","article_modified_time":"2022-12-15T03:12:29+00:00","og_image":[{"width":799,"height":533,"url":"https:\/\/www.gaveanews.com\/wp-content\/uploads\/Marcos-Braz-em-entrevista-no-CT-do-Flamengo-1.webp","type":"image\/jpeg"}],"author":"Equipe G\u00e1vea News","twitter_card":"summary_large_image","twitter_misc":{"Escrito por":"Equipe G\u00e1vea News","Est. tempo de leitura":"2 minutos"},"schema":{"@context":"https:\/\/schema.org","@graph":[{"@type":"NewsArticle","@id":"https:\/\/www.gaveanews.com\/index.php\/2022\/12\/15\/apos-assinar-com-o-flamengo-volante-celebra-momento-unico\/#article","isPartOf":{"@id":"https:\/\/www.gaveanews.com\/index.php\/2022\/12\/15\/apos-assinar-com-o-flamengo-volante-celebra-momento-unico\/"},"author":{"name":"Equipe G\u00e1vea News","@id":"https:\/\/www.gaveanews.com\/#\/schema\/person\/2ec14f73fb96be2caf28f91afb14749d"},"headline":"Ap\u00f3s assinar com o Flamengo, volante celebra: &#8220;Momento \u00fanico!&#8221;","datePublished":"2022-12-15T03:12:26+00:00","dateModified":"2022-12-15T03:12:29+00:00","mainEntityOfPage":{"@id":"https:\/\/www.gaveanews.com\/index.php\/2022\/12\/15\/apos-assinar-com-o-flamengo-volante-celebra-momento-unico\/"},"wordCount":307,"commentCount":0,"image":{"@id":"https:\/\/www.gaveanews.com\/index.php\/2022\/12\/15\/apos-assinar-com-o-flamengo-volante-celebra-momento-unico\/#primaryimage"},"thumbnailUrl":"https:\/\/www.gaveanews.com\/wp-content\/uploads\/Marcos-Braz-em-entrevista-no-CT-do-Flamengo-1.webp","articleSection":["Negocia\u00e7\u00f5es"],"inLanguage":"pt-BR","potentialAction":[{"@type":"CommentAction","name":"Comment","target":["https:\/\/www.gaveanews.com\/index.php\/2022\/12\/15\/apos-assinar-com-o-flamengo-volante-celebra-momento-unico\/#respond"]}],"copyrightYear":"2022","copyrightHolder":{"@id":"https:\/\/www.gaveanews.com\/#organization"}},{"@type":"WebPage","@id":"https:\/\/www.gaveanews.com\/index.php\/2022\/12\/15\/apos-assinar-com-o-flamengo-volante-celebra-momento-unico\/","url":"https:\/\/www.gaveanews.com\/index.php\/2022\/12\/15\/apos-assinar-com-o-flamengo-volante-celebra-momento-unico\/","name":"Ap\u00f3s assinar com o Flamengo, volante celebra: \"Momento \u00fanico!\"","isPartOf":{"@id":"https:\/\/www.gaveanews.com\/#website"},"primaryImageOfPage":{"@id":"https:\/\/www.gaveanews.com\/index.php\/2022\/12\/15\/apos-assinar-com-o-flamengo-volante-celebra-momento-unico\/#primaryimage"},"image":{"@id":"https:\/\/www.gaveanews.com\/index.php\/2022\/12\/15\/apos-assinar-com-o-flamengo-volante-celebra-momento-unico\/#primaryimage"},"thumbnailUrl":"https:\/\/www.gaveanews.com\/wp-content\/uploads\/Marcos-Braz-em-entrevista-no-CT-do-Flamengo-1.webp","datePublished":"2022-12-15T03:12:26+00:00","dateModified":"2022-12-15T03:12:29+00:00","author":{"@id":"https:\/\/www.gaveanews.com\/#\/schema\/person\/2ec14f73fb96be2caf28f91afb14749d"},"breadcrumb":{"@id":"https:\/\/www.gaveanews.com\/index.php\/2022\/12\/15\/apos-assinar-com-o-flamengo-volante-celebra-momento-unico\/#breadcrumb"},"inLanguage":"pt-BR","potentialAction":[{"@type":"ReadAction","target":["https:\/\/www.gaveanews.com\/index.php\/2022\/12\/15\/apos-assinar-com-o-flamengo-volante-celebra-momento-unico\/"]}]},{"@type":"ImageObject","inLanguage":"pt-BR","@id":"https:\/\/www.gaveanews.com\/index.php\/2022\/12\/15\/apos-assinar-com-o-flamengo-volante-celebra-momento-unico\/#primaryimage","url":"https:\/\/www.gaveanews.com\/wp-content\/uploads\/Marcos-Braz-em-entrevista-no-CT-do-Flamengo-1.webp","contentUrl":"https:\/\/www.gaveanews.com\/wp-content\/uploads\/Marcos-Braz-em-entrevista-no-CT-do-Flamengo-1.webp","width":799,"height":533,"caption":"Marcos Braz em entrevista no CT do Flamengo (Foto: Gilvan de Souza\/Flamengo)"},{"@type":"BreadcrumbList","@id":"https:\/\/www.gaveanews.com\/index.php\/2022\/12\/15\/apos-assinar-com-o-flamengo-volante-celebra-momento-unico\/#breadcrumb","itemListElement":[{"@type":"ListItem","position":1,"name":"Home","item":"https:\/\/www.gaveanews.com\/"},{"@type":"ListItem","position":2,"name":"Ap\u00f3s assinar com o Flamengo, volante celebra: &#8220;Momento \u00fanico!&#8221;"}]},{"@type":"WebSite","@id":"https:\/\/www.gaveanews.com\/#website","url":"https:\/\/www.gaveanews.com\/","name":"G\u00e1vea News","description":"Veja todas as not\u00edcias sobre o Flamengo: Contrata\u00e7\u00f5es, categorias de base, resultados das partidas, tabela de classifica\u00e7\u00e3o, pr\u00f3ximos jogos!","potentialAction":[{"@type":"SearchAction","target":{"@type":"EntryPoint","urlTemplate":"https:\/\/www.gaveanews.com\/?s={search_term_string}"},"query-input":{"@type":"PropertyValueSpecification","valueRequired":true,"valueName":"search_term_string"}}],"inLanguage":"pt-BR"},{"@type":"Person","@id":"https:\/\/www.gaveanews.com\/#\/schema\/person\/2ec14f73fb96be2caf28f91afb14749d","name":"Equipe G\u00e1vea News","image":{"@type":"ImageObject","inLanguage":"pt-BR","@id":"https:\/\/www.gaveanews.com\/#\/schema\/person\/image\/","url":"https:\/\/secure.gravatar.com\/avatar\/1e1956f1facbffd3f8fa53a326721950116b3b9dc9bd44939c01180fd4a745a9?s=96&d=mm&r=g","contentUrl":"https:\/\/secure.gravatar.com\/avatar\/1e1956f1facbffd3f8fa53a326721950116b3b9dc9bd44939c01180fd4a745a9?s=96&d=mm&r=g","caption":"Equipe G\u00e1vea News"}}]}},"_links":{"self":[{"href":"https:\/\/www.gaveanews.com\/index.php\/wp-json\/wp\/v2\/posts\/92048","targetHints":{"allow":["GET"]}}],"collection":[{"href":"https:\/\/www.gaveanews.com\/index.php\/wp-json\/wp\/v2\/posts"}],"about":[{"href":"https:\/\/www.gaveanews.com\/index.php\/wp-json\/wp\/v2\/types\/post"}],"author":[{"embeddable":true,"href":"https:\/\/www.gaveanews.com\/index.php\/wp-json\/wp\/v2\/users\/1"}],"replies":[{"embeddable":true,"href":"https:\/\/www.gaveanews.com\/index.php\/wp-json\/wp\/v2\/comments?post=92048"}],"version-history":[{"count":0,"href":"https:\/\/www.gaveanews.com\/index.php\/wp-json\/wp\/v2\/posts\/92048\/revisions"}],"wp:featuredmedia":[{"embeddable":true,"href":"https:\/\/www.gaveanews.com\/index.php\/wp-json\/wp\/v2\/media\/85562"}],"wp:attachment":[{"href":"https:\/\/www.gaveanews.com\/index.php\/wp-json\/wp\/v2\/media?parent=92048"}],"wp:term":[{"taxonomy":"category","embeddable":true,"href":"https:\/\/www.gaveanews.com\/index.php\/wp-json\/wp\/v2\/categories?post=92048"},{"taxonomy":"post_tag","embeddable":true,"href":"https:\/\/www.gaveanews.com\/index.php\/wp-json\/wp\/v2\/tags?post=92048"}],"curies":[{"name":"wp","href":"https:\/\/api.w.org\/{rel}","templated":true}]}}