{"id":92052,"date":"2022-12-15T05:34:16","date_gmt":"2022-12-15T08:34:16","guid":{"rendered":"https:\/\/www.gaveanews.com\/?p=92052"},"modified":"2022-12-15T05:34:20","modified_gmt":"2022-12-15T08:34:20","slug":"empresario-ira-viajar-para-a-europa-para-selar-mais-uma-saida-do-flamengo-dezenas-de-sondagens-foram-realizadas","status":"publish","type":"post","link":"https:\/\/www.gaveanews.com\/index.php\/2022\/12\/15\/empresario-ira-viajar-para-a-europa-para-selar-mais-uma-saida-do-flamengo-dezenas-de-sondagens-foram-realizadas\/","title":{"rendered":"Empres\u00e1rio ir\u00e1 viajar para a Europa para selar mais uma sa\u00edda do Flamengo; dezenas de sondagens foram realizadas"},"content":{"rendered":"\n<p>A temporada de Hugo Souza chama a aten\u00e7\u00e3o pelos altos e baixos: titular absoluto da meta rubro-negra com Paulo Sousa e reserva com Dorival J\u00fanior, onde se tornou a segunda op\u00e7\u00e3o ap\u00f3s a chegada de Santos ao clube. Apesar disso, ele segue na mira de equipes europeias.<\/p>\n\n\n\n<p>O site &#8216;Torcedores&#8217; apurou que dezenas de sondagens chegam diariamente ao estafe do jogador, mas nenhuma oferta oficial chegou \u00e0s m\u00e3os do empres\u00e1rio do jogador, Andr\u00e9 Bahia, que tem grande entrada em alguns pa\u00edses da Europa.<\/p>\n\n\n\n<p>O agente viajar\u00e1 na pr\u00f3xima semana para se reunir com dois clubes e ouvir o que os interessados t\u00eam a oferecer ao jogador de 23 anos. Andr\u00e9 Bahia foi contatado por representares de equipes da Holanda.<\/p>\n\n\n\n<p>Embora a primeira parada de Andr\u00e9 Bahia seja nos Pa\u00edses Baixos, clubes da B\u00e9lgica, Bulg\u00e1ria, Pol\u00f4nia e Portugal demonstraram interesse em Hugo Souza. Os contatos preliminares foram feitos atrav\u00e9s de intermedi\u00e1rios que atuam naquela regi\u00e3o da Europa.<\/p>\n\n\n\n<figure class=\"wp-block-image size-full\"><img loading=\"lazy\" decoding=\"async\" width=\"799\" height=\"533\" src=\"https:\/\/www.gaveanews.com\/wp-content\/uploads\/Hugo-Souza-em-classico-do-Flamengo-contra-o-Fluminense.webp\" alt=\"\" class=\"wp-image-82391\" srcset=\"https:\/\/www.gaveanews.com\/wp-content\/uploads\/Hugo-Souza-em-classico-do-Flamengo-contra-o-Fluminense.webp 799w, https:\/\/www.gaveanews.com\/wp-content\/uploads\/Hugo-Souza-em-classico-do-Flamengo-contra-o-Fluminense-300x200.webp 300w, https:\/\/www.gaveanews.com\/wp-content\/uploads\/Hugo-Souza-em-classico-do-Flamengo-contra-o-Fluminense-768x512.webp 768w, https:\/\/www.gaveanews.com\/wp-content\/uploads\/Hugo-Souza-em-classico-do-Flamengo-contra-o-Fluminense-630x420.webp 630w, https:\/\/www.gaveanews.com\/wp-content\/uploads\/Hugo-Souza-em-classico-do-Flamengo-contra-o-Fluminense-640x427.webp 640w, https:\/\/www.gaveanews.com\/wp-content\/uploads\/Hugo-Souza-em-classico-do-Flamengo-contra-o-Fluminense-681x454.webp 681w, https:\/\/www.gaveanews.com\/wp-content\/uploads\/Hugo-Souza-em-classico-do-Flamengo-contra-o-Fluminense-100x67.webp 100w\" sizes=\"auto, (max-width: 799px) 100vw, 799px\" \/><figcaption class=\"wp-element-caption\">Hugo Souza em cl\u00e1ssico do Flamengo contra o Fluminense (Foto: Marcelo Cortes\/Flamengo)<\/figcaption><\/figure>\n\n\n\n<p>Ainda segundo apurou a reportagem, o AZ Alkammar e o Heereveen, ambos da Holanda, entraram em contato com Andr\u00e9 Bahia para sondar a possibilidade de o goleiro atuar em clubes que n\u00e3o tem tanta visibilidade na Europa.<\/p>\n\n\n\n<p>Entretanto, os clubes prometem sal\u00e1rios no mesmo n\u00edvel financeiro do que ele ganha atualmente no Flamengo. O arqueiro tem um sal\u00e1rio anual de R$ 1,4 milh\u00f5es, o que d\u00e1 R$ 120 mil por m\u00eas.<\/p>\n\n\n\n<p>O \u201cpacote\u201d inclui o sal\u00e1rio em CLT (Consolida\u00e7\u00e3o das Leis Trabalhistas), direitos de imagens e luvas. Al\u00e9m disso, o acordo prev\u00ea outros valores que constam no contrato como bonifica\u00e7\u00f5es por metas atingidas.<\/p>\n\n\n\n<p>O foco de Hugo Souza, nesse momento, est\u00e1 no in\u00edcio da pr\u00e9-temporada, com a possibilidade de come\u00e7ar o Campeonato Carioca como titular \u2013 Santos s\u00f3 deve entrar em campo na quarta rodada da competi\u00e7\u00e3o.<\/p>\n\n\n\n<p>Hugo Souza tem contrato com o Flamengo at\u00e9 dezembro de 2025. A multa rescis\u00f3ria est\u00e1 fixada em 70 milh\u00f5es de euros (R$ 225,1 milh\u00f5es, pela cota\u00e7\u00e3o atual). Apesar do alto valor, a diretoria rubro-negra espera negoci\u00e1-lo em definitivo no come\u00e7o de 2023.<\/p>\n\n\n\n<p>Al\u00e9m de ter sido procurado pelo AZ Alkmaar e Heereveen, Neneca tamb\u00e9m est\u00e1 na mira do Estoril Praia, de Portugal. No passado, ele j\u00e1 foi cobi\u00e7ado por gigantes do futebol europeu como Ajax, Barcelona, Benfica, Juventus, Milan e Manchester United.<\/p>\n\n\n\n<p>Retirado de: Torcedores <\/p>\n","protected":false},"excerpt":{"rendered":"<p>A temporada de Hugo Souza chama a aten\u00e7\u00e3o pelos altos e baixos: titular absoluto da meta rubro-negra com Paulo Sousa e reserva com Dorival J\u00fanior, onde se tornou a segunda op\u00e7\u00e3o ap\u00f3s a chegada de Santos ao clube. Apesar disso, ele segue na mira de equipes europeias. O site &#8216;Torcedores&#8217; apurou que dezenas de sondagens [&hellip;]<\/p>\n","protected":false},"author":1,"featured_media":85562,"comment_status":"open","ping_status":"closed","sticky":false,"template":"","format":"standard","meta":{"footnotes":""},"categories":[1],"tags":[],"class_list":["post-92052","post","type-post","status-publish","format-standard","has-post-thumbnail","hentry","category-flamengo"],"yoast_head":"<!-- This site is optimized with the Yoast SEO Premium plugin v24.2 (Yoast SEO v26.9) - https:\/\/yoast.com\/product\/yoast-seo-premium-wordpress\/ -->\n<title>Empres\u00e1rio ir\u00e1 viajar para a Europa para selar mais uma sa\u00edda do Flamengo; dezenas de sondagens foram realizadas<\/title>\n<meta name=\"description\" content=\"A diretoria do Flamengo segue trabalhando firme nos bastidores para alinhar o planejamento da pr\u00f3xima temporada.\" \/>\n<meta name=\"robots\" content=\"index, follow, max-snippet:-1, max-image-preview:large, max-video-preview:-1\" \/>\n<link rel=\"canonical\" href=\"https:\/\/www.gaveanews.com\/index.php\/2022\/12\/15\/empresario-ira-viajar-para-a-europa-para-selar-mais-uma-saida-do-flamengo-dezenas-de-sondagens-foram-realizadas\/\" \/>\n<meta property=\"og:locale\" content=\"pt_BR\" \/>\n<meta property=\"og:type\" content=\"article\" \/>\n<meta property=\"og:title\" content=\"Empres\u00e1rio ir\u00e1 viajar para a Europa para selar mais uma sa\u00edda do Flamengo; dezenas de sondagens foram realizadas\" \/>\n<meta property=\"og:description\" content=\"A diretoria do Flamengo segue trabalhando firme nos bastidores para alinhar o planejamento da pr\u00f3xima temporada.\" \/>\n<meta property=\"og:url\" content=\"https:\/\/www.gaveanews.com\/index.php\/2022\/12\/15\/empresario-ira-viajar-para-a-europa-para-selar-mais-uma-saida-do-flamengo-dezenas-de-sondagens-foram-realizadas\/\" \/>\n<meta property=\"og:site_name\" content=\"G\u00e1vea News\" \/>\n<meta property=\"article:publisher\" content=\"https:\/\/facebook.com\/gaveaNews\/\" \/>\n<meta property=\"article:published_time\" content=\"2022-12-15T08:34:16+00:00\" \/>\n<meta property=\"article:modified_time\" content=\"2022-12-15T08:34:20+00:00\" \/>\n<meta property=\"og:image\" content=\"https:\/\/www.gaveanews.com\/wp-content\/uploads\/Marcos-Braz-em-entrevista-no-CT-do-Flamengo-1.webp\" \/>\n\t<meta property=\"og:image:width\" content=\"799\" \/>\n\t<meta property=\"og:image:height\" content=\"533\" \/>\n\t<meta property=\"og:image:type\" content=\"image\/jpeg\" \/>\n<meta name=\"author\" content=\"Equipe G\u00e1vea News\" \/>\n<meta name=\"twitter:card\" content=\"summary_large_image\" \/>\n<meta name=\"twitter:label1\" content=\"Escrito por\" \/>\n\t<meta name=\"twitter:data1\" content=\"Equipe G\u00e1vea News\" \/>\n\t<meta name=\"twitter:label2\" content=\"Est. tempo de leitura\" \/>\n\t<meta name=\"twitter:data2\" content=\"3 minutos\" \/>\n<script type=\"application\/ld+json\" class=\"yoast-schema-graph\">{\"@context\":\"https:\/\/schema.org\",\"@graph\":[{\"@type\":\"NewsArticle\",\"@id\":\"https:\/\/www.gaveanews.com\/index.php\/2022\/12\/15\/empresario-ira-viajar-para-a-europa-para-selar-mais-uma-saida-do-flamengo-dezenas-de-sondagens-foram-realizadas\/#article\",\"isPartOf\":{\"@id\":\"https:\/\/www.gaveanews.com\/index.php\/2022\/12\/15\/empresario-ira-viajar-para-a-europa-para-selar-mais-uma-saida-do-flamengo-dezenas-de-sondagens-foram-realizadas\/\"},\"author\":{\"name\":\"Equipe G\u00e1vea News\",\"@id\":\"https:\/\/www.gaveanews.com\/#\/schema\/person\/2ec14f73fb96be2caf28f91afb14749d\"},\"headline\":\"Empres\u00e1rio ir\u00e1 viajar para a Europa para selar mais uma sa\u00edda do Flamengo; dezenas de sondagens foram realizadas\",\"datePublished\":\"2022-12-15T08:34:16+00:00\",\"dateModified\":\"2022-12-15T08:34:20+00:00\",\"mainEntityOfPage\":{\"@id\":\"https:\/\/www.gaveanews.com\/index.php\/2022\/12\/15\/empresario-ira-viajar-para-a-europa-para-selar-mais-uma-saida-do-flamengo-dezenas-de-sondagens-foram-realizadas\/\"},\"wordCount\":443,\"commentCount\":0,\"image\":{\"@id\":\"https:\/\/www.gaveanews.com\/index.php\/2022\/12\/15\/empresario-ira-viajar-para-a-europa-para-selar-mais-uma-saida-do-flamengo-dezenas-de-sondagens-foram-realizadas\/#primaryimage\"},\"thumbnailUrl\":\"https:\/\/www.gaveanews.com\/wp-content\/uploads\/Marcos-Braz-em-entrevista-no-CT-do-Flamengo-1.webp\",\"articleSection\":[\"Flamengo\"],\"inLanguage\":\"pt-BR\",\"potentialAction\":[{\"@type\":\"CommentAction\",\"name\":\"Comment\",\"target\":[\"https:\/\/www.gaveanews.com\/index.php\/2022\/12\/15\/empresario-ira-viajar-para-a-europa-para-selar-mais-uma-saida-do-flamengo-dezenas-de-sondagens-foram-realizadas\/#respond\"]}],\"copyrightYear\":\"2022\",\"copyrightHolder\":{\"@id\":\"https:\/\/www.gaveanews.com\/#organization\"}},{\"@type\":\"WebPage\",\"@id\":\"https:\/\/www.gaveanews.com\/index.php\/2022\/12\/15\/empresario-ira-viajar-para-a-europa-para-selar-mais-uma-saida-do-flamengo-dezenas-de-sondagens-foram-realizadas\/\",\"url\":\"https:\/\/www.gaveanews.com\/index.php\/2022\/12\/15\/empresario-ira-viajar-para-a-europa-para-selar-mais-uma-saida-do-flamengo-dezenas-de-sondagens-foram-realizadas\/\",\"name\":\"Empres\u00e1rio ir\u00e1 viajar para a Europa para selar mais uma sa\u00edda do Flamengo; dezenas de sondagens foram realizadas\",\"isPartOf\":{\"@id\":\"https:\/\/www.gaveanews.com\/#website\"},\"primaryImageOfPage\":{\"@id\":\"https:\/\/www.gaveanews.com\/index.php\/2022\/12\/15\/empresario-ira-viajar-para-a-europa-para-selar-mais-uma-saida-do-flamengo-dezenas-de-sondagens-foram-realizadas\/#primaryimage\"},\"image\":{\"@id\":\"https:\/\/www.gaveanews.com\/index.php\/2022\/12\/15\/empresario-ira-viajar-para-a-europa-para-selar-mais-uma-saida-do-flamengo-dezenas-de-sondagens-foram-realizadas\/#primaryimage\"},\"thumbnailUrl\":\"https:\/\/www.gaveanews.com\/wp-content\/uploads\/Marcos-Braz-em-entrevista-no-CT-do-Flamengo-1.webp\",\"datePublished\":\"2022-12-15T08:34:16+00:00\",\"dateModified\":\"2022-12-15T08:34:20+00:00\",\"author\":{\"@id\":\"https:\/\/www.gaveanews.com\/#\/schema\/person\/2ec14f73fb96be2caf28f91afb14749d\"},\"description\":\"A diretoria do Flamengo segue trabalhando firme nos bastidores para alinhar o planejamento da pr\u00f3xima temporada.\",\"breadcrumb\":{\"@id\":\"https:\/\/www.gaveanews.com\/index.php\/2022\/12\/15\/empresario-ira-viajar-para-a-europa-para-selar-mais-uma-saida-do-flamengo-dezenas-de-sondagens-foram-realizadas\/#breadcrumb\"},\"inLanguage\":\"pt-BR\",\"potentialAction\":[{\"@type\":\"ReadAction\",\"target\":[\"https:\/\/www.gaveanews.com\/index.php\/2022\/12\/15\/empresario-ira-viajar-para-a-europa-para-selar-mais-uma-saida-do-flamengo-dezenas-de-sondagens-foram-realizadas\/\"]}]},{\"@type\":\"ImageObject\",\"inLanguage\":\"pt-BR\",\"@id\":\"https:\/\/www.gaveanews.com\/index.php\/2022\/12\/15\/empresario-ira-viajar-para-a-europa-para-selar-mais-uma-saida-do-flamengo-dezenas-de-sondagens-foram-realizadas\/#primaryimage\",\"url\":\"https:\/\/www.gaveanews.com\/wp-content\/uploads\/Marcos-Braz-em-entrevista-no-CT-do-Flamengo-1.webp\",\"contentUrl\":\"https:\/\/www.gaveanews.com\/wp-content\/uploads\/Marcos-Braz-em-entrevista-no-CT-do-Flamengo-1.webp\",\"width\":799,\"height\":533,\"caption\":\"Marcos Braz em entrevista no CT do Flamengo (Foto: Gilvan de Souza\/Flamengo)\"},{\"@type\":\"BreadcrumbList\",\"@id\":\"https:\/\/www.gaveanews.com\/index.php\/2022\/12\/15\/empresario-ira-viajar-para-a-europa-para-selar-mais-uma-saida-do-flamengo-dezenas-de-sondagens-foram-realizadas\/#breadcrumb\",\"itemListElement\":[{\"@type\":\"ListItem\",\"position\":1,\"name\":\"Home\",\"item\":\"https:\/\/www.gaveanews.com\/\"},{\"@type\":\"ListItem\",\"position\":2,\"name\":\"Empres\u00e1rio ir\u00e1 viajar para a Europa para selar mais uma sa\u00edda do Flamengo; dezenas de sondagens foram realizadas\"}]},{\"@type\":\"WebSite\",\"@id\":\"https:\/\/www.gaveanews.com\/#website\",\"url\":\"https:\/\/www.gaveanews.com\/\",\"name\":\"G\u00e1vea News\",\"description\":\"Veja todas as not\u00edcias sobre o Flamengo: Contrata\u00e7\u00f5es, categorias de base, resultados das partidas, tabela de classifica\u00e7\u00e3o, pr\u00f3ximos jogos!\",\"potentialAction\":[{\"@type\":\"SearchAction\",\"target\":{\"@type\":\"EntryPoint\",\"urlTemplate\":\"https:\/\/www.gaveanews.com\/?s={search_term_string}\"},\"query-input\":{\"@type\":\"PropertyValueSpecification\",\"valueRequired\":true,\"valueName\":\"search_term_string\"}}],\"inLanguage\":\"pt-BR\"},{\"@type\":\"Person\",\"@id\":\"https:\/\/www.gaveanews.com\/#\/schema\/person\/2ec14f73fb96be2caf28f91afb14749d\",\"name\":\"Equipe G\u00e1vea News\",\"image\":{\"@type\":\"ImageObject\",\"inLanguage\":\"pt-BR\",\"@id\":\"https:\/\/www.gaveanews.com\/#\/schema\/person\/image\/\",\"url\":\"https:\/\/secure.gravatar.com\/avatar\/1e1956f1facbffd3f8fa53a326721950116b3b9dc9bd44939c01180fd4a745a9?s=96&d=mm&r=g\",\"contentUrl\":\"https:\/\/secure.gravatar.com\/avatar\/1e1956f1facbffd3f8fa53a326721950116b3b9dc9bd44939c01180fd4a745a9?s=96&d=mm&r=g\",\"caption\":\"Equipe G\u00e1vea News\"}}]}<\/script>\n<!-- \/ Yoast SEO Premium plugin. -->","yoast_head_json":{"title":"Empres\u00e1rio ir\u00e1 viajar para a Europa para selar mais uma sa\u00edda do Flamengo; dezenas de sondagens foram realizadas","description":"A diretoria do Flamengo segue trabalhando firme nos bastidores para alinhar o planejamento da pr\u00f3xima temporada.","robots":{"index":"index","follow":"follow","max-snippet":"max-snippet:-1","max-image-preview":"max-image-preview:large","max-video-preview":"max-video-preview:-1"},"canonical":"https:\/\/www.gaveanews.com\/index.php\/2022\/12\/15\/empresario-ira-viajar-para-a-europa-para-selar-mais-uma-saida-do-flamengo-dezenas-de-sondagens-foram-realizadas\/","og_locale":"pt_BR","og_type":"article","og_title":"Empres\u00e1rio ir\u00e1 viajar para a Europa para selar mais uma sa\u00edda do Flamengo; dezenas de sondagens foram realizadas","og_description":"A diretoria do Flamengo segue trabalhando firme nos bastidores para alinhar o planejamento da pr\u00f3xima temporada.","og_url":"https:\/\/www.gaveanews.com\/index.php\/2022\/12\/15\/empresario-ira-viajar-para-a-europa-para-selar-mais-uma-saida-do-flamengo-dezenas-de-sondagens-foram-realizadas\/","og_site_name":"G\u00e1vea News","article_publisher":"https:\/\/facebook.com\/gaveaNews\/","article_published_time":"2022-12-15T08:34:16+00:00","article_modified_time":"2022-12-15T08:34:20+00:00","og_image":[{"width":799,"height":533,"url":"https:\/\/www.gaveanews.com\/wp-content\/uploads\/Marcos-Braz-em-entrevista-no-CT-do-Flamengo-1.webp","type":"image\/jpeg"}],"author":"Equipe G\u00e1vea News","twitter_card":"summary_large_image","twitter_misc":{"Escrito por":"Equipe G\u00e1vea News","Est. tempo de leitura":"3 minutos"},"schema":{"@context":"https:\/\/schema.org","@graph":[{"@type":"NewsArticle","@id":"https:\/\/www.gaveanews.com\/index.php\/2022\/12\/15\/empresario-ira-viajar-para-a-europa-para-selar-mais-uma-saida-do-flamengo-dezenas-de-sondagens-foram-realizadas\/#article","isPartOf":{"@id":"https:\/\/www.gaveanews.com\/index.php\/2022\/12\/15\/empresario-ira-viajar-para-a-europa-para-selar-mais-uma-saida-do-flamengo-dezenas-de-sondagens-foram-realizadas\/"},"author":{"name":"Equipe G\u00e1vea News","@id":"https:\/\/www.gaveanews.com\/#\/schema\/person\/2ec14f73fb96be2caf28f91afb14749d"},"headline":"Empres\u00e1rio ir\u00e1 viajar para a Europa para selar mais uma sa\u00edda do Flamengo; dezenas de sondagens foram realizadas","datePublished":"2022-12-15T08:34:16+00:00","dateModified":"2022-12-15T08:34:20+00:00","mainEntityOfPage":{"@id":"https:\/\/www.gaveanews.com\/index.php\/2022\/12\/15\/empresario-ira-viajar-para-a-europa-para-selar-mais-uma-saida-do-flamengo-dezenas-de-sondagens-foram-realizadas\/"},"wordCount":443,"commentCount":0,"image":{"@id":"https:\/\/www.gaveanews.com\/index.php\/2022\/12\/15\/empresario-ira-viajar-para-a-europa-para-selar-mais-uma-saida-do-flamengo-dezenas-de-sondagens-foram-realizadas\/#primaryimage"},"thumbnailUrl":"https:\/\/www.gaveanews.com\/wp-content\/uploads\/Marcos-Braz-em-entrevista-no-CT-do-Flamengo-1.webp","articleSection":["Flamengo"],"inLanguage":"pt-BR","potentialAction":[{"@type":"CommentAction","name":"Comment","target":["https:\/\/www.gaveanews.com\/index.php\/2022\/12\/15\/empresario-ira-viajar-para-a-europa-para-selar-mais-uma-saida-do-flamengo-dezenas-de-sondagens-foram-realizadas\/#respond"]}],"copyrightYear":"2022","copyrightHolder":{"@id":"https:\/\/www.gaveanews.com\/#organization"}},{"@type":"WebPage","@id":"https:\/\/www.gaveanews.com\/index.php\/2022\/12\/15\/empresario-ira-viajar-para-a-europa-para-selar-mais-uma-saida-do-flamengo-dezenas-de-sondagens-foram-realizadas\/","url":"https:\/\/www.gaveanews.com\/index.php\/2022\/12\/15\/empresario-ira-viajar-para-a-europa-para-selar-mais-uma-saida-do-flamengo-dezenas-de-sondagens-foram-realizadas\/","name":"Empres\u00e1rio ir\u00e1 viajar para a Europa para selar mais uma sa\u00edda do Flamengo; dezenas de sondagens foram realizadas","isPartOf":{"@id":"https:\/\/www.gaveanews.com\/#website"},"primaryImageOfPage":{"@id":"https:\/\/www.gaveanews.com\/index.php\/2022\/12\/15\/empresario-ira-viajar-para-a-europa-para-selar-mais-uma-saida-do-flamengo-dezenas-de-sondagens-foram-realizadas\/#primaryimage"},"image":{"@id":"https:\/\/www.gaveanews.com\/index.php\/2022\/12\/15\/empresario-ira-viajar-para-a-europa-para-selar-mais-uma-saida-do-flamengo-dezenas-de-sondagens-foram-realizadas\/#primaryimage"},"thumbnailUrl":"https:\/\/www.gaveanews.com\/wp-content\/uploads\/Marcos-Braz-em-entrevista-no-CT-do-Flamengo-1.webp","datePublished":"2022-12-15T08:34:16+00:00","dateModified":"2022-12-15T08:34:20+00:00","author":{"@id":"https:\/\/www.gaveanews.com\/#\/schema\/person\/2ec14f73fb96be2caf28f91afb14749d"},"description":"A diretoria do Flamengo segue trabalhando firme nos bastidores para alinhar o planejamento da pr\u00f3xima temporada.","breadcrumb":{"@id":"https:\/\/www.gaveanews.com\/index.php\/2022\/12\/15\/empresario-ira-viajar-para-a-europa-para-selar-mais-uma-saida-do-flamengo-dezenas-de-sondagens-foram-realizadas\/#breadcrumb"},"inLanguage":"pt-BR","potentialAction":[{"@type":"ReadAction","target":["https:\/\/www.gaveanews.com\/index.php\/2022\/12\/15\/empresario-ira-viajar-para-a-europa-para-selar-mais-uma-saida-do-flamengo-dezenas-de-sondagens-foram-realizadas\/"]}]},{"@type":"ImageObject","inLanguage":"pt-BR","@id":"https:\/\/www.gaveanews.com\/index.php\/2022\/12\/15\/empresario-ira-viajar-para-a-europa-para-selar-mais-uma-saida-do-flamengo-dezenas-de-sondagens-foram-realizadas\/#primaryimage","url":"https:\/\/www.gaveanews.com\/wp-content\/uploads\/Marcos-Braz-em-entrevista-no-CT-do-Flamengo-1.webp","contentUrl":"https:\/\/www.gaveanews.com\/wp-content\/uploads\/Marcos-Braz-em-entrevista-no-CT-do-Flamengo-1.webp","width":799,"height":533,"caption":"Marcos Braz em entrevista no CT do Flamengo (Foto: Gilvan de Souza\/Flamengo)"},{"@type":"BreadcrumbList","@id":"https:\/\/www.gaveanews.com\/index.php\/2022\/12\/15\/empresario-ira-viajar-para-a-europa-para-selar-mais-uma-saida-do-flamengo-dezenas-de-sondagens-foram-realizadas\/#breadcrumb","itemListElement":[{"@type":"ListItem","position":1,"name":"Home","item":"https:\/\/www.gaveanews.com\/"},{"@type":"ListItem","position":2,"name":"Empres\u00e1rio ir\u00e1 viajar para a Europa para selar mais uma sa\u00edda do Flamengo; dezenas de sondagens foram realizadas"}]},{"@type":"WebSite","@id":"https:\/\/www.gaveanews.com\/#website","url":"https:\/\/www.gaveanews.com\/","name":"G\u00e1vea News","description":"Veja todas as not\u00edcias sobre o Flamengo: Contrata\u00e7\u00f5es, categorias de base, resultados das partidas, tabela de classifica\u00e7\u00e3o, pr\u00f3ximos jogos!","potentialAction":[{"@type":"SearchAction","target":{"@type":"EntryPoint","urlTemplate":"https:\/\/www.gaveanews.com\/?s={search_term_string}"},"query-input":{"@type":"PropertyValueSpecification","valueRequired":true,"valueName":"search_term_string"}}],"inLanguage":"pt-BR"},{"@type":"Person","@id":"https:\/\/www.gaveanews.com\/#\/schema\/person\/2ec14f73fb96be2caf28f91afb14749d","name":"Equipe G\u00e1vea News","image":{"@type":"ImageObject","inLanguage":"pt-BR","@id":"https:\/\/www.gaveanews.com\/#\/schema\/person\/image\/","url":"https:\/\/secure.gravatar.com\/avatar\/1e1956f1facbffd3f8fa53a326721950116b3b9dc9bd44939c01180fd4a745a9?s=96&d=mm&r=g","contentUrl":"https:\/\/secure.gravatar.com\/avatar\/1e1956f1facbffd3f8fa53a326721950116b3b9dc9bd44939c01180fd4a745a9?s=96&d=mm&r=g","caption":"Equipe G\u00e1vea News"}}]}},"_links":{"self":[{"href":"https:\/\/www.gaveanews.com\/index.php\/wp-json\/wp\/v2\/posts\/92052","targetHints":{"allow":["GET"]}}],"collection":[{"href":"https:\/\/www.gaveanews.com\/index.php\/wp-json\/wp\/v2\/posts"}],"about":[{"href":"https:\/\/www.gaveanews.com\/index.php\/wp-json\/wp\/v2\/types\/post"}],"author":[{"embeddable":true,"href":"https:\/\/www.gaveanews.com\/index.php\/wp-json\/wp\/v2\/users\/1"}],"replies":[{"embeddable":true,"href":"https:\/\/www.gaveanews.com\/index.php\/wp-json\/wp\/v2\/comments?post=92052"}],"version-history":[{"count":0,"href":"https:\/\/www.gaveanews.com\/index.php\/wp-json\/wp\/v2\/posts\/92052\/revisions"}],"wp:featuredmedia":[{"embeddable":true,"href":"https:\/\/www.gaveanews.com\/index.php\/wp-json\/wp\/v2\/media\/85562"}],"wp:attachment":[{"href":"https:\/\/www.gaveanews.com\/index.php\/wp-json\/wp\/v2\/media?parent=92052"}],"wp:term":[{"taxonomy":"category","embeddable":true,"href":"https:\/\/www.gaveanews.com\/index.php\/wp-json\/wp\/v2\/categories?post=92052"},{"taxonomy":"post_tag","embeddable":true,"href":"https:\/\/www.gaveanews.com\/index.php\/wp-json\/wp\/v2\/tags?post=92052"}],"curies":[{"name":"wp","href":"https:\/\/api.w.org\/{rel}","templated":true}]}}