{"id":92158,"date":"2022-12-17T22:29:15","date_gmt":"2022-12-18T01:29:15","guid":{"rendered":"https:\/\/www.gaveanews.com\/?p=92158"},"modified":"2022-12-17T22:29:17","modified_gmt":"2022-12-18T01:29:17","slug":"jornal-diz-que-gabigol-ficou-interessado-em-proposta-para-sair-do-flamengo","status":"publish","type":"post","link":"https:\/\/www.gaveanews.com\/index.php\/2022\/12\/17\/jornal-diz-que-gabigol-ficou-interessado-em-proposta-para-sair-do-flamengo\/","title":{"rendered":"Jornal diz que Gabigol ficou interessado em proposta para sair do Flamengo"},"content":{"rendered":"\n<p>Apesar do momento ser prop\u00edcio para que Pedro esteja mais cobi\u00e7ado, o Flamengo, em breve, tem chances de lidar com a possibilidade de perder Gabigol. De acordo com o jornal \u201cABC de Sevilla\u201d, o time de Jorge Sampaoli demonstrou interesse no atacante, que teve passagem apagada por Inter de Mil\u00e3o e Benfica. Sendo assim, \u00e9 relatado que houve contato com os representantes do jogador, que esperam \u201cnovas conversas para iniciar as negocia\u00e7\u00f5es\u201d com o clube carioca.<\/p>\n\n\n\n<p>Ap\u00f3s assumir o Sevilla, Jorge Sampaoli identificou uma car\u00eancia no setor ofensivo. Sendo assim, como Rafa Mir, Kasper Dolberg e En-Nesyri n\u00e3o agradaram ao treinador, a contrata\u00e7\u00e3o de Gabigol foi solicitada nos bastidores. Neste cen\u00e1rio, o novo camisa 10 do Flamengo voltaria ao futebol europeu com aval do argentino, cen\u00e1rio que n\u00e3o ocorreu no passado, j\u00e1 que amargou a reserva na Inter e Benfica, e foi bem avaliado nos bastidores.<\/p>\n\n\n\n<p><em>\u2014 O atacante mostrou-se interessado em regressar \u00e0 Europa pelas m\u00e3os de um clube como o Sevilla, onde gostaria de escrever um novo cap\u00edtulo no seu percurso pelo Velho Continente<\/em>, relatou o ve\u00edculo.<\/p>\n\n\n\n<p>No in\u00edcio de 2021, o West Ham quis contratar Gabigol, mas o modelo de empr\u00e9stimo com op\u00e7\u00e3o de compra n\u00e3o agradou aos dirigentes do Flamengo. Diante disso, a tend\u00eancia \u00e9 que apenas a multa rescis\u00f3ria, estabelecida em 33 milh\u00f5es de euros (R$ 185 milh\u00f5es), viabilize a libera\u00e7\u00e3o do atacante.<\/p>\n\n\n\n<p><em>\u2014 O Gabriel foi comprado por 16 milh\u00f5es de euros, e o Flamengo n\u00e3o quis nem sentar na mesa para conversar por 30 milh\u00f5es de euros<\/em>, revelou Marcos Braz, vice-presidente de futebol do clube, sobre a proposta de empr\u00e9stimo vinda da Premier League.<\/p>\n\n\n\n<p>Retirado de: Torcedores<\/p>\n","protected":false},"excerpt":{"rendered":"<p>Apesar do momento ser prop\u00edcio para que Pedro esteja mais cobi\u00e7ado, o Flamengo, em breve, tem chances de lidar com a possibilidade de perder Gabigol. De acordo com o jornal \u201cABC de Sevilla\u201d, o time de Jorge Sampaoli demonstrou interesse no atacante, que teve passagem apagada por Inter de Mil\u00e3o e Benfica. Sendo assim, \u00e9 [&hellip;]<\/p>\n","protected":false},"author":1,"featured_media":87660,"comment_status":"open","ping_status":"closed","sticky":false,"template":"","format":"standard","meta":{"footnotes":""},"categories":[48],"tags":[],"class_list":["post-92158","post","type-post","status-publish","format-standard","has-post-thumbnail","hentry","category-negociacoes"],"yoast_head":"<!-- This site is optimized with the Yoast SEO Premium plugin v24.2 (Yoast SEO v26.9) - https:\/\/yoast.com\/product\/yoast-seo-premium-wordpress\/ -->\n<title>Gabigol est\u00e1 interessado em proposta para sair do Flamengo<\/title>\n<meta name=\"robots\" content=\"index, follow, max-snippet:-1, max-image-preview:large, max-video-preview:-1\" \/>\n<link rel=\"canonical\" href=\"https:\/\/www.gaveanews.com\/index.php\/2022\/12\/17\/jornal-diz-que-gabigol-ficou-interessado-em-proposta-para-sair-do-flamengo\/\" \/>\n<meta property=\"og:locale\" content=\"pt_BR\" \/>\n<meta property=\"og:type\" content=\"article\" \/>\n<meta property=\"og:title\" content=\"Jornal diz que Gabigol ficou interessado em proposta para sair do Flamengo\" \/>\n<meta property=\"og:description\" content=\"Apesar do momento ser prop\u00edcio para que Pedro esteja mais cobi\u00e7ado, o Flamengo, em breve, tem chances de lidar com a possibilidade de perder Gabigol. De acordo com o jornal \u201cABC de Sevilla\u201d, o time de Jorge Sampaoli demonstrou interesse no atacante, que teve passagem apagada por Inter de Mil\u00e3o e Benfica. Sendo assim, \u00e9 [&hellip;]\" \/>\n<meta property=\"og:url\" content=\"https:\/\/www.gaveanews.com\/index.php\/2022\/12\/17\/jornal-diz-que-gabigol-ficou-interessado-em-proposta-para-sair-do-flamengo\/\" \/>\n<meta property=\"og:site_name\" content=\"G\u00e1vea News\" \/>\n<meta property=\"article:publisher\" content=\"https:\/\/facebook.com\/gaveaNews\/\" \/>\n<meta property=\"article:published_time\" content=\"2022-12-18T01:29:15+00:00\" \/>\n<meta property=\"article:modified_time\" content=\"2022-12-18T01:29:17+00:00\" \/>\n<meta property=\"og:image\" content=\"https:\/\/www.gaveanews.com\/wp-content\/uploads\/Gabigol-em-acao-pelo-Flamengo-durante-o-jogo-contra-o-Fluminense-pelo-Brasileirao-de-2022.webp\" \/>\n\t<meta property=\"og:image:width\" content=\"800\" \/>\n\t<meta property=\"og:image:height\" content=\"533\" \/>\n\t<meta property=\"og:image:type\" content=\"image\/jpeg\" \/>\n<meta name=\"author\" content=\"Equipe G\u00e1vea News\" \/>\n<meta name=\"twitter:card\" content=\"summary_large_image\" \/>\n<meta name=\"twitter:label1\" content=\"Escrito por\" \/>\n\t<meta name=\"twitter:data1\" content=\"Equipe G\u00e1vea News\" \/>\n\t<meta name=\"twitter:label2\" content=\"Est. tempo de leitura\" \/>\n\t<meta name=\"twitter:data2\" content=\"2 minutos\" \/>\n<script type=\"application\/ld+json\" class=\"yoast-schema-graph\">{\"@context\":\"https:\/\/schema.org\",\"@graph\":[{\"@type\":\"NewsArticle\",\"@id\":\"https:\/\/www.gaveanews.com\/index.php\/2022\/12\/17\/jornal-diz-que-gabigol-ficou-interessado-em-proposta-para-sair-do-flamengo\/#article\",\"isPartOf\":{\"@id\":\"https:\/\/www.gaveanews.com\/index.php\/2022\/12\/17\/jornal-diz-que-gabigol-ficou-interessado-em-proposta-para-sair-do-flamengo\/\"},\"author\":{\"name\":\"Equipe G\u00e1vea News\",\"@id\":\"https:\/\/www.gaveanews.com\/#\/schema\/person\/2ec14f73fb96be2caf28f91afb14749d\"},\"headline\":\"Jornal diz que Gabigol ficou interessado em proposta para sair do Flamengo\",\"datePublished\":\"2022-12-18T01:29:15+00:00\",\"dateModified\":\"2022-12-18T01:29:17+00:00\",\"mainEntityOfPage\":{\"@id\":\"https:\/\/www.gaveanews.com\/index.php\/2022\/12\/17\/jornal-diz-que-gabigol-ficou-interessado-em-proposta-para-sair-do-flamengo\/\"},\"wordCount\":302,\"commentCount\":0,\"image\":{\"@id\":\"https:\/\/www.gaveanews.com\/index.php\/2022\/12\/17\/jornal-diz-que-gabigol-ficou-interessado-em-proposta-para-sair-do-flamengo\/#primaryimage\"},\"thumbnailUrl\":\"https:\/\/www.gaveanews.com\/wp-content\/uploads\/Gabigol-em-acao-pelo-Flamengo-durante-o-jogo-contra-o-Fluminense-pelo-Brasileirao-de-2022.webp\",\"articleSection\":[\"Negocia\u00e7\u00f5es\"],\"inLanguage\":\"pt-BR\",\"potentialAction\":[{\"@type\":\"CommentAction\",\"name\":\"Comment\",\"target\":[\"https:\/\/www.gaveanews.com\/index.php\/2022\/12\/17\/jornal-diz-que-gabigol-ficou-interessado-em-proposta-para-sair-do-flamengo\/#respond\"]}],\"copyrightYear\":\"2022\",\"copyrightHolder\":{\"@id\":\"https:\/\/www.gaveanews.com\/#organization\"}},{\"@type\":\"WebPage\",\"@id\":\"https:\/\/www.gaveanews.com\/index.php\/2022\/12\/17\/jornal-diz-que-gabigol-ficou-interessado-em-proposta-para-sair-do-flamengo\/\",\"url\":\"https:\/\/www.gaveanews.com\/index.php\/2022\/12\/17\/jornal-diz-que-gabigol-ficou-interessado-em-proposta-para-sair-do-flamengo\/\",\"name\":\"Gabigol est\u00e1 interessado em proposta para sair do Flamengo\",\"isPartOf\":{\"@id\":\"https:\/\/www.gaveanews.com\/#website\"},\"primaryImageOfPage\":{\"@id\":\"https:\/\/www.gaveanews.com\/index.php\/2022\/12\/17\/jornal-diz-que-gabigol-ficou-interessado-em-proposta-para-sair-do-flamengo\/#primaryimage\"},\"image\":{\"@id\":\"https:\/\/www.gaveanews.com\/index.php\/2022\/12\/17\/jornal-diz-que-gabigol-ficou-interessado-em-proposta-para-sair-do-flamengo\/#primaryimage\"},\"thumbnailUrl\":\"https:\/\/www.gaveanews.com\/wp-content\/uploads\/Gabigol-em-acao-pelo-Flamengo-durante-o-jogo-contra-o-Fluminense-pelo-Brasileirao-de-2022.webp\",\"datePublished\":\"2022-12-18T01:29:15+00:00\",\"dateModified\":\"2022-12-18T01:29:17+00:00\",\"author\":{\"@id\":\"https:\/\/www.gaveanews.com\/#\/schema\/person\/2ec14f73fb96be2caf28f91afb14749d\"},\"breadcrumb\":{\"@id\":\"https:\/\/www.gaveanews.com\/index.php\/2022\/12\/17\/jornal-diz-que-gabigol-ficou-interessado-em-proposta-para-sair-do-flamengo\/#breadcrumb\"},\"inLanguage\":\"pt-BR\",\"potentialAction\":[{\"@type\":\"ReadAction\",\"target\":[\"https:\/\/www.gaveanews.com\/index.php\/2022\/12\/17\/jornal-diz-que-gabigol-ficou-interessado-em-proposta-para-sair-do-flamengo\/\"]}]},{\"@type\":\"ImageObject\",\"inLanguage\":\"pt-BR\",\"@id\":\"https:\/\/www.gaveanews.com\/index.php\/2022\/12\/17\/jornal-diz-que-gabigol-ficou-interessado-em-proposta-para-sair-do-flamengo\/#primaryimage\",\"url\":\"https:\/\/www.gaveanews.com\/wp-content\/uploads\/Gabigol-em-acao-pelo-Flamengo-durante-o-jogo-contra-o-Fluminense-pelo-Brasileirao-de-2022.webp\",\"contentUrl\":\"https:\/\/www.gaveanews.com\/wp-content\/uploads\/Gabigol-em-acao-pelo-Flamengo-durante-o-jogo-contra-o-Fluminense-pelo-Brasileirao-de-2022.webp\",\"width\":800,\"height\":533,\"caption\":\"Gabigol em a\u00e7\u00e3o pelo Flamengo durante o jogo contra o Fluminense pelo Brasileir\u00e3o de 2022 (Foto: Reprodu\u00e7\u00e3o\/Flamengo)\"},{\"@type\":\"BreadcrumbList\",\"@id\":\"https:\/\/www.gaveanews.com\/index.php\/2022\/12\/17\/jornal-diz-que-gabigol-ficou-interessado-em-proposta-para-sair-do-flamengo\/#breadcrumb\",\"itemListElement\":[{\"@type\":\"ListItem\",\"position\":1,\"name\":\"Home\",\"item\":\"https:\/\/www.gaveanews.com\/\"},{\"@type\":\"ListItem\",\"position\":2,\"name\":\"Jornal diz que Gabigol ficou interessado em proposta para sair do Flamengo\"}]},{\"@type\":\"WebSite\",\"@id\":\"https:\/\/www.gaveanews.com\/#website\",\"url\":\"https:\/\/www.gaveanews.com\/\",\"name\":\"G\u00e1vea News\",\"description\":\"Veja todas as not\u00edcias sobre o Flamengo: Contrata\u00e7\u00f5es, categorias de base, resultados das partidas, tabela de classifica\u00e7\u00e3o, pr\u00f3ximos jogos!\",\"potentialAction\":[{\"@type\":\"SearchAction\",\"target\":{\"@type\":\"EntryPoint\",\"urlTemplate\":\"https:\/\/www.gaveanews.com\/?s={search_term_string}\"},\"query-input\":{\"@type\":\"PropertyValueSpecification\",\"valueRequired\":true,\"valueName\":\"search_term_string\"}}],\"inLanguage\":\"pt-BR\"},{\"@type\":\"Person\",\"@id\":\"https:\/\/www.gaveanews.com\/#\/schema\/person\/2ec14f73fb96be2caf28f91afb14749d\",\"name\":\"Equipe G\u00e1vea News\",\"image\":{\"@type\":\"ImageObject\",\"inLanguage\":\"pt-BR\",\"@id\":\"https:\/\/www.gaveanews.com\/#\/schema\/person\/image\/\",\"url\":\"https:\/\/secure.gravatar.com\/avatar\/1e1956f1facbffd3f8fa53a326721950116b3b9dc9bd44939c01180fd4a745a9?s=96&d=mm&r=g\",\"contentUrl\":\"https:\/\/secure.gravatar.com\/avatar\/1e1956f1facbffd3f8fa53a326721950116b3b9dc9bd44939c01180fd4a745a9?s=96&d=mm&r=g\",\"caption\":\"Equipe G\u00e1vea News\"}}]}<\/script>\n<!-- \/ Yoast SEO Premium plugin. -->","yoast_head_json":{"title":"Gabigol est\u00e1 interessado em proposta para sair do Flamengo","robots":{"index":"index","follow":"follow","max-snippet":"max-snippet:-1","max-image-preview":"max-image-preview:large","max-video-preview":"max-video-preview:-1"},"canonical":"https:\/\/www.gaveanews.com\/index.php\/2022\/12\/17\/jornal-diz-que-gabigol-ficou-interessado-em-proposta-para-sair-do-flamengo\/","og_locale":"pt_BR","og_type":"article","og_title":"Jornal diz que Gabigol ficou interessado em proposta para sair do Flamengo","og_description":"Apesar do momento ser prop\u00edcio para que Pedro esteja mais cobi\u00e7ado, o Flamengo, em breve, tem chances de lidar com a possibilidade de perder Gabigol. De acordo com o jornal \u201cABC de Sevilla\u201d, o time de Jorge Sampaoli demonstrou interesse no atacante, que teve passagem apagada por Inter de Mil\u00e3o e Benfica. Sendo assim, \u00e9 [&hellip;]","og_url":"https:\/\/www.gaveanews.com\/index.php\/2022\/12\/17\/jornal-diz-que-gabigol-ficou-interessado-em-proposta-para-sair-do-flamengo\/","og_site_name":"G\u00e1vea News","article_publisher":"https:\/\/facebook.com\/gaveaNews\/","article_published_time":"2022-12-18T01:29:15+00:00","article_modified_time":"2022-12-18T01:29:17+00:00","og_image":[{"width":800,"height":533,"url":"https:\/\/www.gaveanews.com\/wp-content\/uploads\/Gabigol-em-acao-pelo-Flamengo-durante-o-jogo-contra-o-Fluminense-pelo-Brasileirao-de-2022.webp","type":"image\/jpeg"}],"author":"Equipe G\u00e1vea News","twitter_card":"summary_large_image","twitter_misc":{"Escrito por":"Equipe G\u00e1vea News","Est. tempo de leitura":"2 minutos"},"schema":{"@context":"https:\/\/schema.org","@graph":[{"@type":"NewsArticle","@id":"https:\/\/www.gaveanews.com\/index.php\/2022\/12\/17\/jornal-diz-que-gabigol-ficou-interessado-em-proposta-para-sair-do-flamengo\/#article","isPartOf":{"@id":"https:\/\/www.gaveanews.com\/index.php\/2022\/12\/17\/jornal-diz-que-gabigol-ficou-interessado-em-proposta-para-sair-do-flamengo\/"},"author":{"name":"Equipe G\u00e1vea News","@id":"https:\/\/www.gaveanews.com\/#\/schema\/person\/2ec14f73fb96be2caf28f91afb14749d"},"headline":"Jornal diz que Gabigol ficou interessado em proposta para sair do Flamengo","datePublished":"2022-12-18T01:29:15+00:00","dateModified":"2022-12-18T01:29:17+00:00","mainEntityOfPage":{"@id":"https:\/\/www.gaveanews.com\/index.php\/2022\/12\/17\/jornal-diz-que-gabigol-ficou-interessado-em-proposta-para-sair-do-flamengo\/"},"wordCount":302,"commentCount":0,"image":{"@id":"https:\/\/www.gaveanews.com\/index.php\/2022\/12\/17\/jornal-diz-que-gabigol-ficou-interessado-em-proposta-para-sair-do-flamengo\/#primaryimage"},"thumbnailUrl":"https:\/\/www.gaveanews.com\/wp-content\/uploads\/Gabigol-em-acao-pelo-Flamengo-durante-o-jogo-contra-o-Fluminense-pelo-Brasileirao-de-2022.webp","articleSection":["Negocia\u00e7\u00f5es"],"inLanguage":"pt-BR","potentialAction":[{"@type":"CommentAction","name":"Comment","target":["https:\/\/www.gaveanews.com\/index.php\/2022\/12\/17\/jornal-diz-que-gabigol-ficou-interessado-em-proposta-para-sair-do-flamengo\/#respond"]}],"copyrightYear":"2022","copyrightHolder":{"@id":"https:\/\/www.gaveanews.com\/#organization"}},{"@type":"WebPage","@id":"https:\/\/www.gaveanews.com\/index.php\/2022\/12\/17\/jornal-diz-que-gabigol-ficou-interessado-em-proposta-para-sair-do-flamengo\/","url":"https:\/\/www.gaveanews.com\/index.php\/2022\/12\/17\/jornal-diz-que-gabigol-ficou-interessado-em-proposta-para-sair-do-flamengo\/","name":"Gabigol est\u00e1 interessado em proposta para sair do Flamengo","isPartOf":{"@id":"https:\/\/www.gaveanews.com\/#website"},"primaryImageOfPage":{"@id":"https:\/\/www.gaveanews.com\/index.php\/2022\/12\/17\/jornal-diz-que-gabigol-ficou-interessado-em-proposta-para-sair-do-flamengo\/#primaryimage"},"image":{"@id":"https:\/\/www.gaveanews.com\/index.php\/2022\/12\/17\/jornal-diz-que-gabigol-ficou-interessado-em-proposta-para-sair-do-flamengo\/#primaryimage"},"thumbnailUrl":"https:\/\/www.gaveanews.com\/wp-content\/uploads\/Gabigol-em-acao-pelo-Flamengo-durante-o-jogo-contra-o-Fluminense-pelo-Brasileirao-de-2022.webp","datePublished":"2022-12-18T01:29:15+00:00","dateModified":"2022-12-18T01:29:17+00:00","author":{"@id":"https:\/\/www.gaveanews.com\/#\/schema\/person\/2ec14f73fb96be2caf28f91afb14749d"},"breadcrumb":{"@id":"https:\/\/www.gaveanews.com\/index.php\/2022\/12\/17\/jornal-diz-que-gabigol-ficou-interessado-em-proposta-para-sair-do-flamengo\/#breadcrumb"},"inLanguage":"pt-BR","potentialAction":[{"@type":"ReadAction","target":["https:\/\/www.gaveanews.com\/index.php\/2022\/12\/17\/jornal-diz-que-gabigol-ficou-interessado-em-proposta-para-sair-do-flamengo\/"]}]},{"@type":"ImageObject","inLanguage":"pt-BR","@id":"https:\/\/www.gaveanews.com\/index.php\/2022\/12\/17\/jornal-diz-que-gabigol-ficou-interessado-em-proposta-para-sair-do-flamengo\/#primaryimage","url":"https:\/\/www.gaveanews.com\/wp-content\/uploads\/Gabigol-em-acao-pelo-Flamengo-durante-o-jogo-contra-o-Fluminense-pelo-Brasileirao-de-2022.webp","contentUrl":"https:\/\/www.gaveanews.com\/wp-content\/uploads\/Gabigol-em-acao-pelo-Flamengo-durante-o-jogo-contra-o-Fluminense-pelo-Brasileirao-de-2022.webp","width":800,"height":533,"caption":"Gabigol em a\u00e7\u00e3o pelo Flamengo durante o jogo contra o Fluminense pelo Brasileir\u00e3o de 2022 (Foto: Reprodu\u00e7\u00e3o\/Flamengo)"},{"@type":"BreadcrumbList","@id":"https:\/\/www.gaveanews.com\/index.php\/2022\/12\/17\/jornal-diz-que-gabigol-ficou-interessado-em-proposta-para-sair-do-flamengo\/#breadcrumb","itemListElement":[{"@type":"ListItem","position":1,"name":"Home","item":"https:\/\/www.gaveanews.com\/"},{"@type":"ListItem","position":2,"name":"Jornal diz que Gabigol ficou interessado em proposta para sair do Flamengo"}]},{"@type":"WebSite","@id":"https:\/\/www.gaveanews.com\/#website","url":"https:\/\/www.gaveanews.com\/","name":"G\u00e1vea News","description":"Veja todas as not\u00edcias sobre o Flamengo: Contrata\u00e7\u00f5es, categorias de base, resultados das partidas, tabela de classifica\u00e7\u00e3o, pr\u00f3ximos jogos!","potentialAction":[{"@type":"SearchAction","target":{"@type":"EntryPoint","urlTemplate":"https:\/\/www.gaveanews.com\/?s={search_term_string}"},"query-input":{"@type":"PropertyValueSpecification","valueRequired":true,"valueName":"search_term_string"}}],"inLanguage":"pt-BR"},{"@type":"Person","@id":"https:\/\/www.gaveanews.com\/#\/schema\/person\/2ec14f73fb96be2caf28f91afb14749d","name":"Equipe G\u00e1vea News","image":{"@type":"ImageObject","inLanguage":"pt-BR","@id":"https:\/\/www.gaveanews.com\/#\/schema\/person\/image\/","url":"https:\/\/secure.gravatar.com\/avatar\/1e1956f1facbffd3f8fa53a326721950116b3b9dc9bd44939c01180fd4a745a9?s=96&d=mm&r=g","contentUrl":"https:\/\/secure.gravatar.com\/avatar\/1e1956f1facbffd3f8fa53a326721950116b3b9dc9bd44939c01180fd4a745a9?s=96&d=mm&r=g","caption":"Equipe G\u00e1vea News"}}]}},"_links":{"self":[{"href":"https:\/\/www.gaveanews.com\/index.php\/wp-json\/wp\/v2\/posts\/92158","targetHints":{"allow":["GET"]}}],"collection":[{"href":"https:\/\/www.gaveanews.com\/index.php\/wp-json\/wp\/v2\/posts"}],"about":[{"href":"https:\/\/www.gaveanews.com\/index.php\/wp-json\/wp\/v2\/types\/post"}],"author":[{"embeddable":true,"href":"https:\/\/www.gaveanews.com\/index.php\/wp-json\/wp\/v2\/users\/1"}],"replies":[{"embeddable":true,"href":"https:\/\/www.gaveanews.com\/index.php\/wp-json\/wp\/v2\/comments?post=92158"}],"version-history":[{"count":0,"href":"https:\/\/www.gaveanews.com\/index.php\/wp-json\/wp\/v2\/posts\/92158\/revisions"}],"wp:featuredmedia":[{"embeddable":true,"href":"https:\/\/www.gaveanews.com\/index.php\/wp-json\/wp\/v2\/media\/87660"}],"wp:attachment":[{"href":"https:\/\/www.gaveanews.com\/index.php\/wp-json\/wp\/v2\/media?parent=92158"}],"wp:term":[{"taxonomy":"category","embeddable":true,"href":"https:\/\/www.gaveanews.com\/index.php\/wp-json\/wp\/v2\/categories?post=92158"},{"taxonomy":"post_tag","embeddable":true,"href":"https:\/\/www.gaveanews.com\/index.php\/wp-json\/wp\/v2\/tags?post=92158"}],"curies":[{"name":"wp","href":"https:\/\/api.w.org\/{rel}","templated":true}]}}