{"id":92168,"date":"2022-12-18T15:36:58","date_gmt":"2022-12-18T18:36:58","guid":{"rendered":"https:\/\/www.gaveanews.com\/?p=92168"},"modified":"2022-12-18T15:37:00","modified_gmt":"2022-12-18T18:37:00","slug":"ex-flamengo-felipe-vizeu-acerta-seu-retorno-ao-brasil","status":"publish","type":"post","link":"https:\/\/www.gaveanews.com\/index.php\/2022\/12\/18\/ex-flamengo-felipe-vizeu-acerta-seu-retorno-ao-brasil\/","title":{"rendered":"Ex-Flamengo, Felipe Vizeu acerta seu retorno ao Brasil"},"content":{"rendered":"\n<p>O Atl\u00e9tico-GO anunciou mais uma contrata\u00e7\u00e3o importante para a disputa da S\u00e9rie B do Brasileir\u00e3o na temporada de 2023. Visando o setor de ataque, o time confirmou a chegada do atacante Felipe Vizeu, criado nas categorias de base do Flamengo, e que estava no Sheriff, time da primeira divis\u00e3o da Mold\u00e1via.<\/p>\n\n\n\n<p>A novidade foi compartilhada pelo Drag\u00e3o por meio dos seus canais de divulga\u00e7\u00e3o na internet. Nas imagens de divulga\u00e7\u00e3o utilizadas pelo clube, o jogador de 25 anos j\u00e1 aparece com o uniforme da equipe no ensaio preparado especialmente para a apresenta\u00e7\u00e3o do refor\u00e7o. O seu v\u00ednculo ter\u00e1 a dura\u00e7\u00e3o de um ano, ou seja, at\u00e9 dezembro.<\/p>\n\n\n\n<p>O amigo Antonio Carlos, ex-Palmeiras e hoje no Orlando City, desejou sucesso em mensagem publicadas nas m\u00eddias sociais: \u201cQue Deus aben\u00e7oe, irm\u00e3o. Torcendo por voc\u00ea sempre\u201d. J\u00e1 os torcedores aproveitaram a oportunidade para cutucar um atacante argentino que se despediu do elenco: \u201cMelhor que o [Diego] Chur\u00edn, garanto que ele \u00e9\u201d.<\/p>\n\n\n\n<p>A principal meta de Vizeu pelo Atl\u00e9tico-GO ser\u00e1 o acesso de volta ao Brasileir\u00e3o S\u00e9rie A depois da queda em 2022. Esta ser\u00e1, tamb\u00e9m, a oportunidade do jogador retomar o bom futebol, j\u00e1 que isso n\u00e3o foi poss\u00edvel na Mold\u00e1via, onde fez apenas dois gols em 10 jogos disputados nesta temporada do futebol europeu, ainda em andamento.<\/p>\n\n\n\n<p>A tentativa do Drag\u00e3o de firmar o seu lugar no mercado da bola \u00e9 uma resposta para a torcida, que cobrou a dire\u00e7\u00e3o por contrata\u00e7\u00f5es ao se deparar com a sa\u00edda de 13 atletas do antigo plantel. <\/p>\n\n\n\n<p>Retirado de: Torcedores<\/p>\n","protected":false},"excerpt":{"rendered":"<p>O Atl\u00e9tico-GO anunciou mais uma contrata\u00e7\u00e3o importante para a disputa da S\u00e9rie B do Brasileir\u00e3o na temporada de 2023. Visando o setor de ataque, o time confirmou a chegada do atacante Felipe Vizeu, criado nas categorias de base do Flamengo, e que estava no Sheriff, time da primeira divis\u00e3o da Mold\u00e1via. A novidade foi compartilhada [&hellip;]<\/p>\n","protected":false},"author":1,"featured_media":15271,"comment_status":"open","ping_status":"closed","sticky":false,"template":"","format":"standard","meta":{"footnotes":""},"categories":[1],"tags":[],"class_list":["post-92168","post","type-post","status-publish","format-standard","has-post-thumbnail","hentry","category-flamengo"],"yoast_head":"<!-- This site is optimized with the Yoast SEO Premium plugin v24.2 (Yoast SEO v26.9) - https:\/\/yoast.com\/product\/yoast-seo-premium-wordpress\/ -->\n<title>Ex-Flamengo, Felipe Vizeu acerta seu retorno ao Brasil<\/title>\n<meta name=\"description\" content=\"Ex-Flamengo, Felipe Vizeu compartilhou em seu perfil oficial no Instagram a sua nova casa para a pr\u00f3xima temporada.\" \/>\n<meta name=\"robots\" content=\"index, follow, max-snippet:-1, max-image-preview:large, max-video-preview:-1\" \/>\n<link rel=\"canonical\" href=\"https:\/\/www.gaveanews.com\/index.php\/2022\/12\/18\/ex-flamengo-felipe-vizeu-acerta-seu-retorno-ao-brasil\/\" \/>\n<meta property=\"og:locale\" content=\"pt_BR\" \/>\n<meta property=\"og:type\" content=\"article\" \/>\n<meta property=\"og:title\" content=\"Ex-Flamengo, Felipe Vizeu acerta seu retorno ao Brasil\" \/>\n<meta property=\"og:description\" content=\"Ex-Flamengo, Felipe Vizeu compartilhou em seu perfil oficial no Instagram a sua nova casa para a pr\u00f3xima temporada.\" \/>\n<meta property=\"og:url\" content=\"https:\/\/www.gaveanews.com\/index.php\/2022\/12\/18\/ex-flamengo-felipe-vizeu-acerta-seu-retorno-ao-brasil\/\" \/>\n<meta property=\"og:site_name\" content=\"G\u00e1vea News\" \/>\n<meta property=\"article:publisher\" content=\"https:\/\/facebook.com\/gaveaNews\/\" \/>\n<meta property=\"article:published_time\" content=\"2022-12-18T18:36:58+00:00\" \/>\n<meta property=\"article:modified_time\" content=\"2022-12-18T18:37:00+00:00\" \/>\n<meta property=\"og:image\" content=\"https:\/\/www.gaveanews.com\/wp-content\/uploads\/2019\/03\/Felipe-Vizeu-durante-treinamento-do-Flamengo.webp\" \/>\n\t<meta property=\"og:image:width\" content=\"880\" \/>\n\t<meta property=\"og:image:height\" content=\"587\" \/>\n\t<meta property=\"og:image:type\" content=\"image\/jpeg\" \/>\n<meta name=\"author\" content=\"Equipe G\u00e1vea News\" \/>\n<meta name=\"twitter:card\" content=\"summary_large_image\" \/>\n<meta name=\"twitter:label1\" content=\"Escrito por\" \/>\n\t<meta name=\"twitter:data1\" content=\"Equipe G\u00e1vea News\" \/>\n\t<meta name=\"twitter:label2\" content=\"Est. tempo de leitura\" \/>\n\t<meta name=\"twitter:data2\" content=\"2 minutos\" \/>\n<script type=\"application\/ld+json\" class=\"yoast-schema-graph\">{\"@context\":\"https:\/\/schema.org\",\"@graph\":[{\"@type\":\"NewsArticle\",\"@id\":\"https:\/\/www.gaveanews.com\/index.php\/2022\/12\/18\/ex-flamengo-felipe-vizeu-acerta-seu-retorno-ao-brasil\/#article\",\"isPartOf\":{\"@id\":\"https:\/\/www.gaveanews.com\/index.php\/2022\/12\/18\/ex-flamengo-felipe-vizeu-acerta-seu-retorno-ao-brasil\/\"},\"author\":{\"name\":\"Equipe G\u00e1vea News\",\"@id\":\"https:\/\/www.gaveanews.com\/#\/schema\/person\/2ec14f73fb96be2caf28f91afb14749d\"},\"headline\":\"Ex-Flamengo, Felipe Vizeu acerta seu retorno ao Brasil\",\"datePublished\":\"2022-12-18T18:36:58+00:00\",\"dateModified\":\"2022-12-18T18:37:00+00:00\",\"mainEntityOfPage\":{\"@id\":\"https:\/\/www.gaveanews.com\/index.php\/2022\/12\/18\/ex-flamengo-felipe-vizeu-acerta-seu-retorno-ao-brasil\/\"},\"wordCount\":284,\"commentCount\":0,\"image\":{\"@id\":\"https:\/\/www.gaveanews.com\/index.php\/2022\/12\/18\/ex-flamengo-felipe-vizeu-acerta-seu-retorno-ao-brasil\/#primaryimage\"},\"thumbnailUrl\":\"https:\/\/www.gaveanews.com\/wp-content\/uploads\/2019\/03\/Felipe-Vizeu-durante-treinamento-do-Flamengo.webp\",\"articleSection\":[\"Flamengo\"],\"inLanguage\":\"pt-BR\",\"potentialAction\":[{\"@type\":\"CommentAction\",\"name\":\"Comment\",\"target\":[\"https:\/\/www.gaveanews.com\/index.php\/2022\/12\/18\/ex-flamengo-felipe-vizeu-acerta-seu-retorno-ao-brasil\/#respond\"]}],\"copyrightYear\":\"2022\",\"copyrightHolder\":{\"@id\":\"https:\/\/www.gaveanews.com\/#organization\"}},{\"@type\":\"WebPage\",\"@id\":\"https:\/\/www.gaveanews.com\/index.php\/2022\/12\/18\/ex-flamengo-felipe-vizeu-acerta-seu-retorno-ao-brasil\/\",\"url\":\"https:\/\/www.gaveanews.com\/index.php\/2022\/12\/18\/ex-flamengo-felipe-vizeu-acerta-seu-retorno-ao-brasil\/\",\"name\":\"Ex-Flamengo, Felipe Vizeu acerta seu retorno ao Brasil\",\"isPartOf\":{\"@id\":\"https:\/\/www.gaveanews.com\/#website\"},\"primaryImageOfPage\":{\"@id\":\"https:\/\/www.gaveanews.com\/index.php\/2022\/12\/18\/ex-flamengo-felipe-vizeu-acerta-seu-retorno-ao-brasil\/#primaryimage\"},\"image\":{\"@id\":\"https:\/\/www.gaveanews.com\/index.php\/2022\/12\/18\/ex-flamengo-felipe-vizeu-acerta-seu-retorno-ao-brasil\/#primaryimage\"},\"thumbnailUrl\":\"https:\/\/www.gaveanews.com\/wp-content\/uploads\/2019\/03\/Felipe-Vizeu-durante-treinamento-do-Flamengo.webp\",\"datePublished\":\"2022-12-18T18:36:58+00:00\",\"dateModified\":\"2022-12-18T18:37:00+00:00\",\"author\":{\"@id\":\"https:\/\/www.gaveanews.com\/#\/schema\/person\/2ec14f73fb96be2caf28f91afb14749d\"},\"description\":\"Ex-Flamengo, Felipe Vizeu compartilhou em seu perfil oficial no Instagram a sua nova casa para a pr\u00f3xima temporada.\",\"breadcrumb\":{\"@id\":\"https:\/\/www.gaveanews.com\/index.php\/2022\/12\/18\/ex-flamengo-felipe-vizeu-acerta-seu-retorno-ao-brasil\/#breadcrumb\"},\"inLanguage\":\"pt-BR\",\"potentialAction\":[{\"@type\":\"ReadAction\",\"target\":[\"https:\/\/www.gaveanews.com\/index.php\/2022\/12\/18\/ex-flamengo-felipe-vizeu-acerta-seu-retorno-ao-brasil\/\"]}]},{\"@type\":\"ImageObject\",\"inLanguage\":\"pt-BR\",\"@id\":\"https:\/\/www.gaveanews.com\/index.php\/2022\/12\/18\/ex-flamengo-felipe-vizeu-acerta-seu-retorno-ao-brasil\/#primaryimage\",\"url\":\"https:\/\/www.gaveanews.com\/wp-content\/uploads\/2019\/03\/Felipe-Vizeu-durante-treinamento-do-Flamengo.webp\",\"contentUrl\":\"https:\/\/www.gaveanews.com\/wp-content\/uploads\/2019\/03\/Felipe-Vizeu-durante-treinamento-do-Flamengo.webp\",\"width\":880,\"height\":587,\"caption\":\"Felipe Vizeu durante treinamento do Flamengo (Foto: Jessica Santana\/Flamengo)\"},{\"@type\":\"BreadcrumbList\",\"@id\":\"https:\/\/www.gaveanews.com\/index.php\/2022\/12\/18\/ex-flamengo-felipe-vizeu-acerta-seu-retorno-ao-brasil\/#breadcrumb\",\"itemListElement\":[{\"@type\":\"ListItem\",\"position\":1,\"name\":\"Home\",\"item\":\"https:\/\/www.gaveanews.com\/\"},{\"@type\":\"ListItem\",\"position\":2,\"name\":\"Ex-Flamengo, Felipe Vizeu acerta seu retorno ao Brasil\"}]},{\"@type\":\"WebSite\",\"@id\":\"https:\/\/www.gaveanews.com\/#website\",\"url\":\"https:\/\/www.gaveanews.com\/\",\"name\":\"G\u00e1vea News\",\"description\":\"Veja todas as not\u00edcias sobre o Flamengo: Contrata\u00e7\u00f5es, categorias de base, resultados das partidas, tabela de classifica\u00e7\u00e3o, pr\u00f3ximos jogos!\",\"potentialAction\":[{\"@type\":\"SearchAction\",\"target\":{\"@type\":\"EntryPoint\",\"urlTemplate\":\"https:\/\/www.gaveanews.com\/?s={search_term_string}\"},\"query-input\":{\"@type\":\"PropertyValueSpecification\",\"valueRequired\":true,\"valueName\":\"search_term_string\"}}],\"inLanguage\":\"pt-BR\"},{\"@type\":\"Person\",\"@id\":\"https:\/\/www.gaveanews.com\/#\/schema\/person\/2ec14f73fb96be2caf28f91afb14749d\",\"name\":\"Equipe G\u00e1vea News\",\"image\":{\"@type\":\"ImageObject\",\"inLanguage\":\"pt-BR\",\"@id\":\"https:\/\/www.gaveanews.com\/#\/schema\/person\/image\/\",\"url\":\"https:\/\/secure.gravatar.com\/avatar\/1e1956f1facbffd3f8fa53a326721950116b3b9dc9bd44939c01180fd4a745a9?s=96&d=mm&r=g\",\"contentUrl\":\"https:\/\/secure.gravatar.com\/avatar\/1e1956f1facbffd3f8fa53a326721950116b3b9dc9bd44939c01180fd4a745a9?s=96&d=mm&r=g\",\"caption\":\"Equipe G\u00e1vea News\"}}]}<\/script>\n<!-- \/ Yoast SEO Premium plugin. -->","yoast_head_json":{"title":"Ex-Flamengo, Felipe Vizeu acerta seu retorno ao Brasil","description":"Ex-Flamengo, Felipe Vizeu compartilhou em seu perfil oficial no Instagram a sua nova casa para a pr\u00f3xima temporada.","robots":{"index":"index","follow":"follow","max-snippet":"max-snippet:-1","max-image-preview":"max-image-preview:large","max-video-preview":"max-video-preview:-1"},"canonical":"https:\/\/www.gaveanews.com\/index.php\/2022\/12\/18\/ex-flamengo-felipe-vizeu-acerta-seu-retorno-ao-brasil\/","og_locale":"pt_BR","og_type":"article","og_title":"Ex-Flamengo, Felipe Vizeu acerta seu retorno ao Brasil","og_description":"Ex-Flamengo, Felipe Vizeu compartilhou em seu perfil oficial no Instagram a sua nova casa para a pr\u00f3xima temporada.","og_url":"https:\/\/www.gaveanews.com\/index.php\/2022\/12\/18\/ex-flamengo-felipe-vizeu-acerta-seu-retorno-ao-brasil\/","og_site_name":"G\u00e1vea News","article_publisher":"https:\/\/facebook.com\/gaveaNews\/","article_published_time":"2022-12-18T18:36:58+00:00","article_modified_time":"2022-12-18T18:37:00+00:00","og_image":[{"width":880,"height":587,"url":"https:\/\/www.gaveanews.com\/wp-content\/uploads\/2019\/03\/Felipe-Vizeu-durante-treinamento-do-Flamengo.webp","type":"image\/jpeg"}],"author":"Equipe G\u00e1vea News","twitter_card":"summary_large_image","twitter_misc":{"Escrito por":"Equipe G\u00e1vea News","Est. tempo de leitura":"2 minutos"},"schema":{"@context":"https:\/\/schema.org","@graph":[{"@type":"NewsArticle","@id":"https:\/\/www.gaveanews.com\/index.php\/2022\/12\/18\/ex-flamengo-felipe-vizeu-acerta-seu-retorno-ao-brasil\/#article","isPartOf":{"@id":"https:\/\/www.gaveanews.com\/index.php\/2022\/12\/18\/ex-flamengo-felipe-vizeu-acerta-seu-retorno-ao-brasil\/"},"author":{"name":"Equipe G\u00e1vea News","@id":"https:\/\/www.gaveanews.com\/#\/schema\/person\/2ec14f73fb96be2caf28f91afb14749d"},"headline":"Ex-Flamengo, Felipe Vizeu acerta seu retorno ao Brasil","datePublished":"2022-12-18T18:36:58+00:00","dateModified":"2022-12-18T18:37:00+00:00","mainEntityOfPage":{"@id":"https:\/\/www.gaveanews.com\/index.php\/2022\/12\/18\/ex-flamengo-felipe-vizeu-acerta-seu-retorno-ao-brasil\/"},"wordCount":284,"commentCount":0,"image":{"@id":"https:\/\/www.gaveanews.com\/index.php\/2022\/12\/18\/ex-flamengo-felipe-vizeu-acerta-seu-retorno-ao-brasil\/#primaryimage"},"thumbnailUrl":"https:\/\/www.gaveanews.com\/wp-content\/uploads\/2019\/03\/Felipe-Vizeu-durante-treinamento-do-Flamengo.webp","articleSection":["Flamengo"],"inLanguage":"pt-BR","potentialAction":[{"@type":"CommentAction","name":"Comment","target":["https:\/\/www.gaveanews.com\/index.php\/2022\/12\/18\/ex-flamengo-felipe-vizeu-acerta-seu-retorno-ao-brasil\/#respond"]}],"copyrightYear":"2022","copyrightHolder":{"@id":"https:\/\/www.gaveanews.com\/#organization"}},{"@type":"WebPage","@id":"https:\/\/www.gaveanews.com\/index.php\/2022\/12\/18\/ex-flamengo-felipe-vizeu-acerta-seu-retorno-ao-brasil\/","url":"https:\/\/www.gaveanews.com\/index.php\/2022\/12\/18\/ex-flamengo-felipe-vizeu-acerta-seu-retorno-ao-brasil\/","name":"Ex-Flamengo, Felipe Vizeu acerta seu retorno ao Brasil","isPartOf":{"@id":"https:\/\/www.gaveanews.com\/#website"},"primaryImageOfPage":{"@id":"https:\/\/www.gaveanews.com\/index.php\/2022\/12\/18\/ex-flamengo-felipe-vizeu-acerta-seu-retorno-ao-brasil\/#primaryimage"},"image":{"@id":"https:\/\/www.gaveanews.com\/index.php\/2022\/12\/18\/ex-flamengo-felipe-vizeu-acerta-seu-retorno-ao-brasil\/#primaryimage"},"thumbnailUrl":"https:\/\/www.gaveanews.com\/wp-content\/uploads\/2019\/03\/Felipe-Vizeu-durante-treinamento-do-Flamengo.webp","datePublished":"2022-12-18T18:36:58+00:00","dateModified":"2022-12-18T18:37:00+00:00","author":{"@id":"https:\/\/www.gaveanews.com\/#\/schema\/person\/2ec14f73fb96be2caf28f91afb14749d"},"description":"Ex-Flamengo, Felipe Vizeu compartilhou em seu perfil oficial no Instagram a sua nova casa para a pr\u00f3xima temporada.","breadcrumb":{"@id":"https:\/\/www.gaveanews.com\/index.php\/2022\/12\/18\/ex-flamengo-felipe-vizeu-acerta-seu-retorno-ao-brasil\/#breadcrumb"},"inLanguage":"pt-BR","potentialAction":[{"@type":"ReadAction","target":["https:\/\/www.gaveanews.com\/index.php\/2022\/12\/18\/ex-flamengo-felipe-vizeu-acerta-seu-retorno-ao-brasil\/"]}]},{"@type":"ImageObject","inLanguage":"pt-BR","@id":"https:\/\/www.gaveanews.com\/index.php\/2022\/12\/18\/ex-flamengo-felipe-vizeu-acerta-seu-retorno-ao-brasil\/#primaryimage","url":"https:\/\/www.gaveanews.com\/wp-content\/uploads\/2019\/03\/Felipe-Vizeu-durante-treinamento-do-Flamengo.webp","contentUrl":"https:\/\/www.gaveanews.com\/wp-content\/uploads\/2019\/03\/Felipe-Vizeu-durante-treinamento-do-Flamengo.webp","width":880,"height":587,"caption":"Felipe Vizeu durante treinamento do Flamengo (Foto: Jessica Santana\/Flamengo)"},{"@type":"BreadcrumbList","@id":"https:\/\/www.gaveanews.com\/index.php\/2022\/12\/18\/ex-flamengo-felipe-vizeu-acerta-seu-retorno-ao-brasil\/#breadcrumb","itemListElement":[{"@type":"ListItem","position":1,"name":"Home","item":"https:\/\/www.gaveanews.com\/"},{"@type":"ListItem","position":2,"name":"Ex-Flamengo, Felipe Vizeu acerta seu retorno ao Brasil"}]},{"@type":"WebSite","@id":"https:\/\/www.gaveanews.com\/#website","url":"https:\/\/www.gaveanews.com\/","name":"G\u00e1vea News","description":"Veja todas as not\u00edcias sobre o Flamengo: Contrata\u00e7\u00f5es, categorias de base, resultados das partidas, tabela de classifica\u00e7\u00e3o, pr\u00f3ximos jogos!","potentialAction":[{"@type":"SearchAction","target":{"@type":"EntryPoint","urlTemplate":"https:\/\/www.gaveanews.com\/?s={search_term_string}"},"query-input":{"@type":"PropertyValueSpecification","valueRequired":true,"valueName":"search_term_string"}}],"inLanguage":"pt-BR"},{"@type":"Person","@id":"https:\/\/www.gaveanews.com\/#\/schema\/person\/2ec14f73fb96be2caf28f91afb14749d","name":"Equipe G\u00e1vea News","image":{"@type":"ImageObject","inLanguage":"pt-BR","@id":"https:\/\/www.gaveanews.com\/#\/schema\/person\/image\/","url":"https:\/\/secure.gravatar.com\/avatar\/1e1956f1facbffd3f8fa53a326721950116b3b9dc9bd44939c01180fd4a745a9?s=96&d=mm&r=g","contentUrl":"https:\/\/secure.gravatar.com\/avatar\/1e1956f1facbffd3f8fa53a326721950116b3b9dc9bd44939c01180fd4a745a9?s=96&d=mm&r=g","caption":"Equipe G\u00e1vea News"}}]}},"_links":{"self":[{"href":"https:\/\/www.gaveanews.com\/index.php\/wp-json\/wp\/v2\/posts\/92168","targetHints":{"allow":["GET"]}}],"collection":[{"href":"https:\/\/www.gaveanews.com\/index.php\/wp-json\/wp\/v2\/posts"}],"about":[{"href":"https:\/\/www.gaveanews.com\/index.php\/wp-json\/wp\/v2\/types\/post"}],"author":[{"embeddable":true,"href":"https:\/\/www.gaveanews.com\/index.php\/wp-json\/wp\/v2\/users\/1"}],"replies":[{"embeddable":true,"href":"https:\/\/www.gaveanews.com\/index.php\/wp-json\/wp\/v2\/comments?post=92168"}],"version-history":[{"count":0,"href":"https:\/\/www.gaveanews.com\/index.php\/wp-json\/wp\/v2\/posts\/92168\/revisions"}],"wp:featuredmedia":[{"embeddable":true,"href":"https:\/\/www.gaveanews.com\/index.php\/wp-json\/wp\/v2\/media\/15271"}],"wp:attachment":[{"href":"https:\/\/www.gaveanews.com\/index.php\/wp-json\/wp\/v2\/media?parent=92168"}],"wp:term":[{"taxonomy":"category","embeddable":true,"href":"https:\/\/www.gaveanews.com\/index.php\/wp-json\/wp\/v2\/categories?post=92168"},{"taxonomy":"post_tag","embeddable":true,"href":"https:\/\/www.gaveanews.com\/index.php\/wp-json\/wp\/v2\/tags?post=92168"}],"curies":[{"name":"wp","href":"https:\/\/api.w.org\/{rel}","templated":true}]}}