{"id":92170,"date":"2022-12-18T15:40:58","date_gmt":"2022-12-18T18:40:58","guid":{"rendered":"https:\/\/www.gaveanews.com\/?p=92170"},"modified":"2024-04-06T23:04:31","modified_gmt":"2024-04-07T02:04:31","slug":"mauro-cezar-pereira-revela-os-tres-alvos-do-flamengo-para-2023","status":"publish","type":"post","link":"https:\/\/www.gaveanews.com\/index.php\/2022\/12\/18\/mauro-cezar-pereira-revela-os-tres-alvos-do-flamengo-para-2023\/","title":{"rendered":"Mauro Cezar Pereira revela os tr\u00eas alvos do Flamengo para 2023"},"content":{"rendered":"\n<p>Ap\u00f3s anunciar as renova\u00e7\u00f5es de David Luiz e Ayrton Lucas, o Flamengo mira contratar nomes que agreguem ao plantel em 2023. Segundo o jornalista Mauro Cezar Pereira, tr\u00eas posi\u00e7\u00f5es possuem prioridade nos bastidores: goleiro, meio-campista e atacante de lado. Do grupo, dois alvos est\u00e3o estabelecidos: Rossi, do Boca Juniors, e Gerson, do Olympique de Marselha.<\/p>\n\n\n\n<p>Enquanto isso, inicialmente, a contrata\u00e7\u00e3o de um lateral-direito n\u00e3o est\u00e1 nos planos do Flamengo. Como o elenco possui Varela e Matheuzinho, os dois jogadores v\u00e3o disputar a titularidade na equipe de V\u00edtor Pereira.<\/p>\n\n\n\n<p><em>\u2014 S\u00e3o essas as posi\u00e7\u00f5es que o Flamengo vai atacar: atacante de lado, goleiro e meio-campo. Pode ser que venham mais jogadores, acho que at\u00e9 precisaria de mais um jogador para o meio-campo. Trouxe o Pulgar, mas \u00e9 uma posi\u00e7\u00e3o carente se pensar na sequ\u00eancia de jogos<\/em>, disse o jornalista em seu canal no Youtube.<\/p>\n\n\n\n<p><em>\u2014 Lateral-direito deve ser Matheuzinho e Varela. Flamengo n\u00e3o vai buscar jogadores para fun\u00e7\u00e3o<\/em>, completou.<\/p>\n\n\n\n<p>Detalhando as situa\u00e7\u00f5es de Gerson e Rossi, Mauro Cezar destacou que o Flamengo prega paci\u00eancia nas tratativas com o Olympique. Enquanto isso, existe o desejo em contratar o goleiro logo no in\u00edcio de 2023, tendo em vista o final do contrato com o Boca Juniors.<\/p>\n\n\n\n<p><em>\u2014 N\u00e3o tendo o Gerson, o Flamengo j\u00e1 estuda nomes para o meio-campo. Se o Flamengo traz o Gerson, vai investir um dinheiro alto, n\u00e3o s\u00e3o 20 milh\u00f5es (de euros), mas \u00e9 uma grana alta (\u2026) Flamengo vai tentar, em janeiro, um acordo com o Boca pelo Rossi. Essa \u00e9 a meta do Flamengo: ficar com o Rossi e o Santos<\/em>, informou.<\/p>\n\n\n\n<p>Retirado de: Torcedores<\/p>\n","protected":false},"excerpt":{"rendered":"<p>Ap\u00f3s anunciar as renova\u00e7\u00f5es de David Luiz e Ayrton Lucas, o Flamengo mira contratar nomes que agreguem ao plantel em 2023. Segundo o jornalista Mauro Cezar Pereira, tr\u00eas posi\u00e7\u00f5es possuem prioridade nos bastidores: goleiro, meio-campista e atacante de lado. Do grupo, dois alvos est\u00e3o estabelecidos: Rossi, do Boca Juniors, e Gerson, do Olympique de Marselha. [&hellip;]<\/p>\n","protected":false},"author":1,"featured_media":56367,"comment_status":"open","ping_status":"closed","sticky":false,"template":"","format":"standard","meta":{"footnotes":""},"categories":[48],"tags":[170],"class_list":["post-92170","post","type-post","status-publish","format-standard","has-post-thumbnail","hentry","category-negociacoes","tag-mauro-cezar-pereira"],"yoast_head":"<!-- This site is optimized with the Yoast SEO Premium plugin v24.2 (Yoast SEO v26.9) - https:\/\/yoast.com\/product\/yoast-seo-premium-wordpress\/ -->\n<title>Mauro Cezar Pereira revela os tr\u00eas alvos do Flamengo para 2023<\/title>\n<meta name=\"description\" content=\"Ap\u00f3s anunciar as renova\u00e7\u00f5es de David Luiz e Ayrton Lucas, o Flamengo mira contratar nomes que agreguem ao plantel em 2023.\" \/>\n<meta name=\"robots\" content=\"index, follow, max-snippet:-1, max-image-preview:large, max-video-preview:-1\" \/>\n<link rel=\"canonical\" href=\"https:\/\/www.gaveanews.com\/index.php\/2022\/12\/18\/mauro-cezar-pereira-revela-os-tres-alvos-do-flamengo-para-2023\/\" \/>\n<meta property=\"og:locale\" content=\"pt_BR\" \/>\n<meta property=\"og:type\" content=\"article\" \/>\n<meta property=\"og:title\" content=\"Mauro Cezar Pereira revela os tr\u00eas alvos do Flamengo para 2023\" \/>\n<meta property=\"og:description\" content=\"Ap\u00f3s anunciar as renova\u00e7\u00f5es de David Luiz e Ayrton Lucas, o Flamengo mira contratar nomes que agreguem ao plantel em 2023.\" \/>\n<meta property=\"og:url\" content=\"https:\/\/www.gaveanews.com\/index.php\/2022\/12\/18\/mauro-cezar-pereira-revela-os-tres-alvos-do-flamengo-para-2023\/\" \/>\n<meta property=\"og:site_name\" content=\"G\u00e1vea News\" \/>\n<meta property=\"article:publisher\" content=\"https:\/\/facebook.com\/gaveaNews\/\" \/>\n<meta property=\"article:published_time\" content=\"2022-12-18T18:40:58+00:00\" \/>\n<meta property=\"article:modified_time\" content=\"2024-04-07T02:04:31+00:00\" \/>\n<meta property=\"og:image\" content=\"https:\/\/www.gaveanews.com\/wp-content\/uploads\/Mauro-Cezar-em-participacao-na-Uol-Esporte.webp\" \/>\n\t<meta property=\"og:image:width\" content=\"900\" \/>\n\t<meta property=\"og:image:height\" content=\"506\" \/>\n\t<meta property=\"og:image:type\" content=\"image\/png\" \/>\n<meta name=\"author\" content=\"Equipe G\u00e1vea News\" \/>\n<meta name=\"twitter:card\" content=\"summary_large_image\" \/>\n<meta name=\"twitter:label1\" content=\"Escrito por\" \/>\n\t<meta name=\"twitter:data1\" content=\"Equipe G\u00e1vea News\" \/>\n\t<meta name=\"twitter:label2\" content=\"Est. tempo de leitura\" \/>\n\t<meta name=\"twitter:data2\" content=\"2 minutos\" \/>\n<script type=\"application\/ld+json\" class=\"yoast-schema-graph\">{\"@context\":\"https:\/\/schema.org\",\"@graph\":[{\"@type\":\"NewsArticle\",\"@id\":\"https:\/\/www.gaveanews.com\/index.php\/2022\/12\/18\/mauro-cezar-pereira-revela-os-tres-alvos-do-flamengo-para-2023\/#article\",\"isPartOf\":{\"@id\":\"https:\/\/www.gaveanews.com\/index.php\/2022\/12\/18\/mauro-cezar-pereira-revela-os-tres-alvos-do-flamengo-para-2023\/\"},\"author\":{\"name\":\"Equipe G\u00e1vea News\",\"@id\":\"https:\/\/www.gaveanews.com\/#\/schema\/person\/2ec14f73fb96be2caf28f91afb14749d\"},\"headline\":\"Mauro Cezar Pereira revela os tr\u00eas alvos do Flamengo para 2023\",\"datePublished\":\"2022-12-18T18:40:58+00:00\",\"dateModified\":\"2024-04-07T02:04:31+00:00\",\"mainEntityOfPage\":{\"@id\":\"https:\/\/www.gaveanews.com\/index.php\/2022\/12\/18\/mauro-cezar-pereira-revela-os-tres-alvos-do-flamengo-para-2023\/\"},\"wordCount\":291,\"commentCount\":0,\"image\":{\"@id\":\"https:\/\/www.gaveanews.com\/index.php\/2022\/12\/18\/mauro-cezar-pereira-revela-os-tres-alvos-do-flamengo-para-2023\/#primaryimage\"},\"thumbnailUrl\":\"https:\/\/www.gaveanews.com\/wp-content\/uploads\/Mauro-Cezar-em-participacao-na-Uol-Esporte.webp\",\"keywords\":[\"Mauro Cezar Pereira\"],\"articleSection\":[\"Negocia\u00e7\u00f5es\"],\"inLanguage\":\"pt-BR\",\"potentialAction\":[{\"@type\":\"CommentAction\",\"name\":\"Comment\",\"target\":[\"https:\/\/www.gaveanews.com\/index.php\/2022\/12\/18\/mauro-cezar-pereira-revela-os-tres-alvos-do-flamengo-para-2023\/#respond\"]}],\"copyrightYear\":\"2022\",\"copyrightHolder\":{\"@id\":\"https:\/\/www.gaveanews.com\/#organization\"}},{\"@type\":\"WebPage\",\"@id\":\"https:\/\/www.gaveanews.com\/index.php\/2022\/12\/18\/mauro-cezar-pereira-revela-os-tres-alvos-do-flamengo-para-2023\/\",\"url\":\"https:\/\/www.gaveanews.com\/index.php\/2022\/12\/18\/mauro-cezar-pereira-revela-os-tres-alvos-do-flamengo-para-2023\/\",\"name\":\"Mauro Cezar Pereira revela os tr\u00eas alvos do Flamengo para 2023\",\"isPartOf\":{\"@id\":\"https:\/\/www.gaveanews.com\/#website\"},\"primaryImageOfPage\":{\"@id\":\"https:\/\/www.gaveanews.com\/index.php\/2022\/12\/18\/mauro-cezar-pereira-revela-os-tres-alvos-do-flamengo-para-2023\/#primaryimage\"},\"image\":{\"@id\":\"https:\/\/www.gaveanews.com\/index.php\/2022\/12\/18\/mauro-cezar-pereira-revela-os-tres-alvos-do-flamengo-para-2023\/#primaryimage\"},\"thumbnailUrl\":\"https:\/\/www.gaveanews.com\/wp-content\/uploads\/Mauro-Cezar-em-participacao-na-Uol-Esporte.webp\",\"datePublished\":\"2022-12-18T18:40:58+00:00\",\"dateModified\":\"2024-04-07T02:04:31+00:00\",\"author\":{\"@id\":\"https:\/\/www.gaveanews.com\/#\/schema\/person\/2ec14f73fb96be2caf28f91afb14749d\"},\"description\":\"Ap\u00f3s anunciar as renova\u00e7\u00f5es de David Luiz e Ayrton Lucas, o Flamengo mira contratar nomes que agreguem ao plantel em 2023.\",\"breadcrumb\":{\"@id\":\"https:\/\/www.gaveanews.com\/index.php\/2022\/12\/18\/mauro-cezar-pereira-revela-os-tres-alvos-do-flamengo-para-2023\/#breadcrumb\"},\"inLanguage\":\"pt-BR\",\"potentialAction\":[{\"@type\":\"ReadAction\",\"target\":[\"https:\/\/www.gaveanews.com\/index.php\/2022\/12\/18\/mauro-cezar-pereira-revela-os-tres-alvos-do-flamengo-para-2023\/\"]}]},{\"@type\":\"ImageObject\",\"inLanguage\":\"pt-BR\",\"@id\":\"https:\/\/www.gaveanews.com\/index.php\/2022\/12\/18\/mauro-cezar-pereira-revela-os-tres-alvos-do-flamengo-para-2023\/#primaryimage\",\"url\":\"https:\/\/www.gaveanews.com\/wp-content\/uploads\/Mauro-Cezar-em-participacao-na-Uol-Esporte.webp\",\"contentUrl\":\"https:\/\/www.gaveanews.com\/wp-content\/uploads\/Mauro-Cezar-em-participacao-na-Uol-Esporte.webp\",\"width\":900,\"height\":506,\"caption\":\"Mauro Cezar, comentarista da UOL Esporte (Foto: Reprodu\u00e7\u00e3o\/UOL Esporte)\"},{\"@type\":\"BreadcrumbList\",\"@id\":\"https:\/\/www.gaveanews.com\/index.php\/2022\/12\/18\/mauro-cezar-pereira-revela-os-tres-alvos-do-flamengo-para-2023\/#breadcrumb\",\"itemListElement\":[{\"@type\":\"ListItem\",\"position\":1,\"name\":\"Home\",\"item\":\"https:\/\/www.gaveanews.com\/\"},{\"@type\":\"ListItem\",\"position\":2,\"name\":\"Mauro Cezar Pereira revela os tr\u00eas alvos do Flamengo para 2023\"}]},{\"@type\":\"WebSite\",\"@id\":\"https:\/\/www.gaveanews.com\/#website\",\"url\":\"https:\/\/www.gaveanews.com\/\",\"name\":\"G\u00e1vea News\",\"description\":\"Veja todas as not\u00edcias sobre o Flamengo: Contrata\u00e7\u00f5es, categorias de base, resultados das partidas, tabela de classifica\u00e7\u00e3o, pr\u00f3ximos jogos!\",\"potentialAction\":[{\"@type\":\"SearchAction\",\"target\":{\"@type\":\"EntryPoint\",\"urlTemplate\":\"https:\/\/www.gaveanews.com\/?s={search_term_string}\"},\"query-input\":{\"@type\":\"PropertyValueSpecification\",\"valueRequired\":true,\"valueName\":\"search_term_string\"}}],\"inLanguage\":\"pt-BR\"},{\"@type\":\"Person\",\"@id\":\"https:\/\/www.gaveanews.com\/#\/schema\/person\/2ec14f73fb96be2caf28f91afb14749d\",\"name\":\"Equipe G\u00e1vea News\",\"image\":{\"@type\":\"ImageObject\",\"inLanguage\":\"pt-BR\",\"@id\":\"https:\/\/www.gaveanews.com\/#\/schema\/person\/image\/\",\"url\":\"https:\/\/secure.gravatar.com\/avatar\/1e1956f1facbffd3f8fa53a326721950116b3b9dc9bd44939c01180fd4a745a9?s=96&d=mm&r=g\",\"contentUrl\":\"https:\/\/secure.gravatar.com\/avatar\/1e1956f1facbffd3f8fa53a326721950116b3b9dc9bd44939c01180fd4a745a9?s=96&d=mm&r=g\",\"caption\":\"Equipe G\u00e1vea News\"}}]}<\/script>\n<!-- \/ Yoast SEO Premium plugin. -->","yoast_head_json":{"title":"Mauro Cezar Pereira revela os tr\u00eas alvos do Flamengo para 2023","description":"Ap\u00f3s anunciar as renova\u00e7\u00f5es de David Luiz e Ayrton Lucas, o Flamengo mira contratar nomes que agreguem ao plantel em 2023.","robots":{"index":"index","follow":"follow","max-snippet":"max-snippet:-1","max-image-preview":"max-image-preview:large","max-video-preview":"max-video-preview:-1"},"canonical":"https:\/\/www.gaveanews.com\/index.php\/2022\/12\/18\/mauro-cezar-pereira-revela-os-tres-alvos-do-flamengo-para-2023\/","og_locale":"pt_BR","og_type":"article","og_title":"Mauro Cezar Pereira revela os tr\u00eas alvos do Flamengo para 2023","og_description":"Ap\u00f3s anunciar as renova\u00e7\u00f5es de David Luiz e Ayrton Lucas, o Flamengo mira contratar nomes que agreguem ao plantel em 2023.","og_url":"https:\/\/www.gaveanews.com\/index.php\/2022\/12\/18\/mauro-cezar-pereira-revela-os-tres-alvos-do-flamengo-para-2023\/","og_site_name":"G\u00e1vea News","article_publisher":"https:\/\/facebook.com\/gaveaNews\/","article_published_time":"2022-12-18T18:40:58+00:00","article_modified_time":"2024-04-07T02:04:31+00:00","og_image":[{"width":900,"height":506,"url":"https:\/\/www.gaveanews.com\/wp-content\/uploads\/Mauro-Cezar-em-participacao-na-Uol-Esporte.webp","type":"image\/png"}],"author":"Equipe G\u00e1vea News","twitter_card":"summary_large_image","twitter_misc":{"Escrito por":"Equipe G\u00e1vea News","Est. tempo de leitura":"2 minutos"},"schema":{"@context":"https:\/\/schema.org","@graph":[{"@type":"NewsArticle","@id":"https:\/\/www.gaveanews.com\/index.php\/2022\/12\/18\/mauro-cezar-pereira-revela-os-tres-alvos-do-flamengo-para-2023\/#article","isPartOf":{"@id":"https:\/\/www.gaveanews.com\/index.php\/2022\/12\/18\/mauro-cezar-pereira-revela-os-tres-alvos-do-flamengo-para-2023\/"},"author":{"name":"Equipe G\u00e1vea News","@id":"https:\/\/www.gaveanews.com\/#\/schema\/person\/2ec14f73fb96be2caf28f91afb14749d"},"headline":"Mauro Cezar Pereira revela os tr\u00eas alvos do Flamengo para 2023","datePublished":"2022-12-18T18:40:58+00:00","dateModified":"2024-04-07T02:04:31+00:00","mainEntityOfPage":{"@id":"https:\/\/www.gaveanews.com\/index.php\/2022\/12\/18\/mauro-cezar-pereira-revela-os-tres-alvos-do-flamengo-para-2023\/"},"wordCount":291,"commentCount":0,"image":{"@id":"https:\/\/www.gaveanews.com\/index.php\/2022\/12\/18\/mauro-cezar-pereira-revela-os-tres-alvos-do-flamengo-para-2023\/#primaryimage"},"thumbnailUrl":"https:\/\/www.gaveanews.com\/wp-content\/uploads\/Mauro-Cezar-em-participacao-na-Uol-Esporte.webp","keywords":["Mauro Cezar Pereira"],"articleSection":["Negocia\u00e7\u00f5es"],"inLanguage":"pt-BR","potentialAction":[{"@type":"CommentAction","name":"Comment","target":["https:\/\/www.gaveanews.com\/index.php\/2022\/12\/18\/mauro-cezar-pereira-revela-os-tres-alvos-do-flamengo-para-2023\/#respond"]}],"copyrightYear":"2022","copyrightHolder":{"@id":"https:\/\/www.gaveanews.com\/#organization"}},{"@type":"WebPage","@id":"https:\/\/www.gaveanews.com\/index.php\/2022\/12\/18\/mauro-cezar-pereira-revela-os-tres-alvos-do-flamengo-para-2023\/","url":"https:\/\/www.gaveanews.com\/index.php\/2022\/12\/18\/mauro-cezar-pereira-revela-os-tres-alvos-do-flamengo-para-2023\/","name":"Mauro Cezar Pereira revela os tr\u00eas alvos do Flamengo para 2023","isPartOf":{"@id":"https:\/\/www.gaveanews.com\/#website"},"primaryImageOfPage":{"@id":"https:\/\/www.gaveanews.com\/index.php\/2022\/12\/18\/mauro-cezar-pereira-revela-os-tres-alvos-do-flamengo-para-2023\/#primaryimage"},"image":{"@id":"https:\/\/www.gaveanews.com\/index.php\/2022\/12\/18\/mauro-cezar-pereira-revela-os-tres-alvos-do-flamengo-para-2023\/#primaryimage"},"thumbnailUrl":"https:\/\/www.gaveanews.com\/wp-content\/uploads\/Mauro-Cezar-em-participacao-na-Uol-Esporte.webp","datePublished":"2022-12-18T18:40:58+00:00","dateModified":"2024-04-07T02:04:31+00:00","author":{"@id":"https:\/\/www.gaveanews.com\/#\/schema\/person\/2ec14f73fb96be2caf28f91afb14749d"},"description":"Ap\u00f3s anunciar as renova\u00e7\u00f5es de David Luiz e Ayrton Lucas, o Flamengo mira contratar nomes que agreguem ao plantel em 2023.","breadcrumb":{"@id":"https:\/\/www.gaveanews.com\/index.php\/2022\/12\/18\/mauro-cezar-pereira-revela-os-tres-alvos-do-flamengo-para-2023\/#breadcrumb"},"inLanguage":"pt-BR","potentialAction":[{"@type":"ReadAction","target":["https:\/\/www.gaveanews.com\/index.php\/2022\/12\/18\/mauro-cezar-pereira-revela-os-tres-alvos-do-flamengo-para-2023\/"]}]},{"@type":"ImageObject","inLanguage":"pt-BR","@id":"https:\/\/www.gaveanews.com\/index.php\/2022\/12\/18\/mauro-cezar-pereira-revela-os-tres-alvos-do-flamengo-para-2023\/#primaryimage","url":"https:\/\/www.gaveanews.com\/wp-content\/uploads\/Mauro-Cezar-em-participacao-na-Uol-Esporte.webp","contentUrl":"https:\/\/www.gaveanews.com\/wp-content\/uploads\/Mauro-Cezar-em-participacao-na-Uol-Esporte.webp","width":900,"height":506,"caption":"Mauro Cezar, comentarista da UOL Esporte (Foto: Reprodu\u00e7\u00e3o\/UOL Esporte)"},{"@type":"BreadcrumbList","@id":"https:\/\/www.gaveanews.com\/index.php\/2022\/12\/18\/mauro-cezar-pereira-revela-os-tres-alvos-do-flamengo-para-2023\/#breadcrumb","itemListElement":[{"@type":"ListItem","position":1,"name":"Home","item":"https:\/\/www.gaveanews.com\/"},{"@type":"ListItem","position":2,"name":"Mauro Cezar Pereira revela os tr\u00eas alvos do Flamengo para 2023"}]},{"@type":"WebSite","@id":"https:\/\/www.gaveanews.com\/#website","url":"https:\/\/www.gaveanews.com\/","name":"G\u00e1vea News","description":"Veja todas as not\u00edcias sobre o Flamengo: Contrata\u00e7\u00f5es, categorias de base, resultados das partidas, tabela de classifica\u00e7\u00e3o, pr\u00f3ximos jogos!","potentialAction":[{"@type":"SearchAction","target":{"@type":"EntryPoint","urlTemplate":"https:\/\/www.gaveanews.com\/?s={search_term_string}"},"query-input":{"@type":"PropertyValueSpecification","valueRequired":true,"valueName":"search_term_string"}}],"inLanguage":"pt-BR"},{"@type":"Person","@id":"https:\/\/www.gaveanews.com\/#\/schema\/person\/2ec14f73fb96be2caf28f91afb14749d","name":"Equipe G\u00e1vea News","image":{"@type":"ImageObject","inLanguage":"pt-BR","@id":"https:\/\/www.gaveanews.com\/#\/schema\/person\/image\/","url":"https:\/\/secure.gravatar.com\/avatar\/1e1956f1facbffd3f8fa53a326721950116b3b9dc9bd44939c01180fd4a745a9?s=96&d=mm&r=g","contentUrl":"https:\/\/secure.gravatar.com\/avatar\/1e1956f1facbffd3f8fa53a326721950116b3b9dc9bd44939c01180fd4a745a9?s=96&d=mm&r=g","caption":"Equipe G\u00e1vea News"}}]}},"_links":{"self":[{"href":"https:\/\/www.gaveanews.com\/index.php\/wp-json\/wp\/v2\/posts\/92170","targetHints":{"allow":["GET"]}}],"collection":[{"href":"https:\/\/www.gaveanews.com\/index.php\/wp-json\/wp\/v2\/posts"}],"about":[{"href":"https:\/\/www.gaveanews.com\/index.php\/wp-json\/wp\/v2\/types\/post"}],"author":[{"embeddable":true,"href":"https:\/\/www.gaveanews.com\/index.php\/wp-json\/wp\/v2\/users\/1"}],"replies":[{"embeddable":true,"href":"https:\/\/www.gaveanews.com\/index.php\/wp-json\/wp\/v2\/comments?post=92170"}],"version-history":[{"count":1,"href":"https:\/\/www.gaveanews.com\/index.php\/wp-json\/wp\/v2\/posts\/92170\/revisions"}],"predecessor-version":[{"id":134535,"href":"https:\/\/www.gaveanews.com\/index.php\/wp-json\/wp\/v2\/posts\/92170\/revisions\/134535"}],"wp:featuredmedia":[{"embeddable":true,"href":"https:\/\/www.gaveanews.com\/index.php\/wp-json\/wp\/v2\/media\/56367"}],"wp:attachment":[{"href":"https:\/\/www.gaveanews.com\/index.php\/wp-json\/wp\/v2\/media?parent=92170"}],"wp:term":[{"taxonomy":"category","embeddable":true,"href":"https:\/\/www.gaveanews.com\/index.php\/wp-json\/wp\/v2\/categories?post=92170"},{"taxonomy":"post_tag","embeddable":true,"href":"https:\/\/www.gaveanews.com\/index.php\/wp-json\/wp\/v2\/tags?post=92170"}],"curies":[{"name":"wp","href":"https:\/\/api.w.org\/{rel}","templated":true}]}}