{"id":92263,"date":"2022-12-20T11:11:36","date_gmt":"2022-12-20T14:11:36","guid":{"rendered":"https:\/\/www.gaveanews.com\/?p=92263"},"modified":"2022-12-20T11:11:38","modified_gmt":"2022-12-20T14:11:38","slug":"meia-do-flamengo-e-alvo-de-dois-clubes-do-exterior","status":"publish","type":"post","link":"https:\/\/www.gaveanews.com\/index.php\/2022\/12\/20\/meia-do-flamengo-e-alvo-de-dois-clubes-do-exterior\/","title":{"rendered":"Meia do Flamengo \u00e9 alvo de dois clubes do exterior"},"content":{"rendered":"\n<p>Campe\u00e3o da Copa do Brasil e Libertadores, o elenco do Flamengo est\u00e1 bastante valorizado no mercado. No setor do meio-campo, por exemplo, n\u00e3o \u00e9 apenas Arrascaeta que atrai olhares do exterior. A bola da vez \u00e9 o volante Thiago Maia, titular do time rubro-negro.<\/p>\n\n\n\n<p>Segundo informa\u00e7\u00f5es de Ven\u00ea Casagrande, Al-Hilal e Al-Nasr seriam os interessados no atleta do Flamengo. Em seu canal, no YouTube, o jornalista conta em detalhes.<\/p>\n\n\n\n<p><em>\u2014 O Thiago Maia tem recebido sondagem de dois clubes da Ar\u00e1bia Saudita. Um detalhe importante, estas sondagens acontecem e est\u00e3o acontecendo atrav\u00e9s de empres\u00e1rios que n\u00e3o s\u00e3o representantes dele, s\u00e3o intermedi\u00e1rios brasileiros com boa entrada no mundo \u00e1rabe. Estes, entendem que o Thiago Maia seria um bom nome para estes dois clubes e, atrav\u00e9s deles que s\u00e3o feitas estas sondagens.<\/em><\/p>\n\n\n\n<p>Em janeiro deste ano, o Flamengo oficializou a compra de 50% dos direitos econ\u00f4micos do volante Thiago Maia junto ao Lille, da Fran\u00e7a, com um contrato v\u00e1lido at\u00e9 dezembro de 2026. S\u00e3o 4 milh\u00f5es de euros (cerca de R$ 25,5 milh\u00f5es), e os clubes acordaram que o pagamento seria feito em em tr\u00eas anos.<\/p>\n\n\n\n<p>Retirado de: Torcedores<\/p>\n","protected":false},"excerpt":{"rendered":"<p>Campe\u00e3o da Copa do Brasil e Libertadores, o elenco do Flamengo est\u00e1 bastante valorizado no mercado. No setor do meio-campo, por exemplo, n\u00e3o \u00e9 apenas Arrascaeta que atrai olhares do exterior. A bola da vez \u00e9 o volante Thiago Maia, titular do time rubro-negro. Segundo informa\u00e7\u00f5es de Ven\u00ea Casagrande, Al-Hilal e Al-Nasr seriam os interessados [&hellip;]<\/p>\n","protected":false},"author":1,"featured_media":66783,"comment_status":"open","ping_status":"closed","sticky":false,"template":"","format":"standard","meta":{"footnotes":""},"categories":[1],"tags":[],"class_list":["post-92263","post","type-post","status-publish","format-standard","has-post-thumbnail","hentry","category-flamengo"],"yoast_head":"<!-- This site is optimized with the Yoast SEO Premium plugin v24.2 (Yoast SEO v26.9) - https:\/\/yoast.com\/product\/yoast-seo-premium-wordpress\/ -->\n<title>Meia do Flamengo \u00e9 alvo de dois clubes do exterior<\/title>\n<meta name=\"robots\" content=\"index, follow, max-snippet:-1, max-image-preview:large, max-video-preview:-1\" \/>\n<link rel=\"canonical\" href=\"https:\/\/www.gaveanews.com\/index.php\/2022\/12\/20\/meia-do-flamengo-e-alvo-de-dois-clubes-do-exterior\/\" \/>\n<meta property=\"og:locale\" content=\"pt_BR\" \/>\n<meta property=\"og:type\" content=\"article\" \/>\n<meta property=\"og:title\" content=\"Meia do Flamengo \u00e9 alvo de dois clubes do exterior\" \/>\n<meta property=\"og:description\" content=\"Campe\u00e3o da Copa do Brasil e Libertadores, o elenco do Flamengo est\u00e1 bastante valorizado no mercado. No setor do meio-campo, por exemplo, n\u00e3o \u00e9 apenas Arrascaeta que atrai olhares do exterior. A bola da vez \u00e9 o volante Thiago Maia, titular do time rubro-negro. Segundo informa\u00e7\u00f5es de Ven\u00ea Casagrande, Al-Hilal e Al-Nasr seriam os interessados [&hellip;]\" \/>\n<meta property=\"og:url\" content=\"https:\/\/www.gaveanews.com\/index.php\/2022\/12\/20\/meia-do-flamengo-e-alvo-de-dois-clubes-do-exterior\/\" \/>\n<meta property=\"og:site_name\" content=\"G\u00e1vea News\" \/>\n<meta property=\"article:publisher\" content=\"https:\/\/facebook.com\/gaveaNews\/\" \/>\n<meta property=\"article:published_time\" content=\"2022-12-20T14:11:36+00:00\" \/>\n<meta property=\"article:modified_time\" content=\"2022-12-20T14:11:38+00:00\" \/>\n<meta property=\"og:image\" content=\"https:\/\/www.gaveanews.com\/wp-content\/uploads\/Marcos-Braz-em-entrevista-coletiva-no-Ninho-do-Urubu-1.webp\" \/>\n\t<meta property=\"og:image:width\" content=\"799\" \/>\n\t<meta property=\"og:image:height\" content=\"532\" \/>\n\t<meta property=\"og:image:type\" content=\"image\/jpeg\" \/>\n<meta name=\"author\" content=\"Equipe G\u00e1vea News\" \/>\n<meta name=\"twitter:card\" content=\"summary_large_image\" \/>\n<meta name=\"twitter:label1\" content=\"Escrito por\" \/>\n\t<meta name=\"twitter:data1\" content=\"Equipe G\u00e1vea News\" \/>\n\t<meta name=\"twitter:label2\" content=\"Est. tempo de leitura\" \/>\n\t<meta name=\"twitter:data2\" content=\"2 minutos\" \/>\n<script type=\"application\/ld+json\" class=\"yoast-schema-graph\">{\"@context\":\"https:\/\/schema.org\",\"@graph\":[{\"@type\":\"NewsArticle\",\"@id\":\"https:\/\/www.gaveanews.com\/index.php\/2022\/12\/20\/meia-do-flamengo-e-alvo-de-dois-clubes-do-exterior\/#article\",\"isPartOf\":{\"@id\":\"https:\/\/www.gaveanews.com\/index.php\/2022\/12\/20\/meia-do-flamengo-e-alvo-de-dois-clubes-do-exterior\/\"},\"author\":{\"name\":\"Equipe G\u00e1vea News\",\"@id\":\"https:\/\/www.gaveanews.com\/#\/schema\/person\/2ec14f73fb96be2caf28f91afb14749d\"},\"headline\":\"Meia do Flamengo \u00e9 alvo de dois clubes do exterior\",\"datePublished\":\"2022-12-20T14:11:36+00:00\",\"dateModified\":\"2022-12-20T14:11:38+00:00\",\"mainEntityOfPage\":{\"@id\":\"https:\/\/www.gaveanews.com\/index.php\/2022\/12\/20\/meia-do-flamengo-e-alvo-de-dois-clubes-do-exterior\/\"},\"wordCount\":209,\"commentCount\":0,\"image\":{\"@id\":\"https:\/\/www.gaveanews.com\/index.php\/2022\/12\/20\/meia-do-flamengo-e-alvo-de-dois-clubes-do-exterior\/#primaryimage\"},\"thumbnailUrl\":\"https:\/\/www.gaveanews.com\/wp-content\/uploads\/Marcos-Braz-em-entrevista-coletiva-no-Ninho-do-Urubu-1.webp\",\"articleSection\":[\"Flamengo\"],\"inLanguage\":\"pt-BR\",\"potentialAction\":[{\"@type\":\"CommentAction\",\"name\":\"Comment\",\"target\":[\"https:\/\/www.gaveanews.com\/index.php\/2022\/12\/20\/meia-do-flamengo-e-alvo-de-dois-clubes-do-exterior\/#respond\"]}],\"copyrightYear\":\"2022\",\"copyrightHolder\":{\"@id\":\"https:\/\/www.gaveanews.com\/#organization\"}},{\"@type\":\"WebPage\",\"@id\":\"https:\/\/www.gaveanews.com\/index.php\/2022\/12\/20\/meia-do-flamengo-e-alvo-de-dois-clubes-do-exterior\/\",\"url\":\"https:\/\/www.gaveanews.com\/index.php\/2022\/12\/20\/meia-do-flamengo-e-alvo-de-dois-clubes-do-exterior\/\",\"name\":\"Meia do Flamengo \u00e9 alvo de dois clubes do exterior\",\"isPartOf\":{\"@id\":\"https:\/\/www.gaveanews.com\/#website\"},\"primaryImageOfPage\":{\"@id\":\"https:\/\/www.gaveanews.com\/index.php\/2022\/12\/20\/meia-do-flamengo-e-alvo-de-dois-clubes-do-exterior\/#primaryimage\"},\"image\":{\"@id\":\"https:\/\/www.gaveanews.com\/index.php\/2022\/12\/20\/meia-do-flamengo-e-alvo-de-dois-clubes-do-exterior\/#primaryimage\"},\"thumbnailUrl\":\"https:\/\/www.gaveanews.com\/wp-content\/uploads\/Marcos-Braz-em-entrevista-coletiva-no-Ninho-do-Urubu-1.webp\",\"datePublished\":\"2022-12-20T14:11:36+00:00\",\"dateModified\":\"2022-12-20T14:11:38+00:00\",\"author\":{\"@id\":\"https:\/\/www.gaveanews.com\/#\/schema\/person\/2ec14f73fb96be2caf28f91afb14749d\"},\"breadcrumb\":{\"@id\":\"https:\/\/www.gaveanews.com\/index.php\/2022\/12\/20\/meia-do-flamengo-e-alvo-de-dois-clubes-do-exterior\/#breadcrumb\"},\"inLanguage\":\"pt-BR\",\"potentialAction\":[{\"@type\":\"ReadAction\",\"target\":[\"https:\/\/www.gaveanews.com\/index.php\/2022\/12\/20\/meia-do-flamengo-e-alvo-de-dois-clubes-do-exterior\/\"]}]},{\"@type\":\"ImageObject\",\"inLanguage\":\"pt-BR\",\"@id\":\"https:\/\/www.gaveanews.com\/index.php\/2022\/12\/20\/meia-do-flamengo-e-alvo-de-dois-clubes-do-exterior\/#primaryimage\",\"url\":\"https:\/\/www.gaveanews.com\/wp-content\/uploads\/Marcos-Braz-em-entrevista-coletiva-no-Ninho-do-Urubu-1.webp\",\"contentUrl\":\"https:\/\/www.gaveanews.com\/wp-content\/uploads\/Marcos-Braz-em-entrevista-coletiva-no-Ninho-do-Urubu-1.webp\",\"width\":799,\"height\":532,\"caption\":\"Marcos Braz em entrevista coletiva no Ninho do Urubu (Foto: Alexandre Vidal\/Flamengo)\"},{\"@type\":\"BreadcrumbList\",\"@id\":\"https:\/\/www.gaveanews.com\/index.php\/2022\/12\/20\/meia-do-flamengo-e-alvo-de-dois-clubes-do-exterior\/#breadcrumb\",\"itemListElement\":[{\"@type\":\"ListItem\",\"position\":1,\"name\":\"Home\",\"item\":\"https:\/\/www.gaveanews.com\/\"},{\"@type\":\"ListItem\",\"position\":2,\"name\":\"Meia do Flamengo \u00e9 alvo de dois clubes do exterior\"}]},{\"@type\":\"WebSite\",\"@id\":\"https:\/\/www.gaveanews.com\/#website\",\"url\":\"https:\/\/www.gaveanews.com\/\",\"name\":\"G\u00e1vea News\",\"description\":\"Veja todas as not\u00edcias sobre o Flamengo: Contrata\u00e7\u00f5es, categorias de base, resultados das partidas, tabela de classifica\u00e7\u00e3o, pr\u00f3ximos jogos!\",\"potentialAction\":[{\"@type\":\"SearchAction\",\"target\":{\"@type\":\"EntryPoint\",\"urlTemplate\":\"https:\/\/www.gaveanews.com\/?s={search_term_string}\"},\"query-input\":{\"@type\":\"PropertyValueSpecification\",\"valueRequired\":true,\"valueName\":\"search_term_string\"}}],\"inLanguage\":\"pt-BR\"},{\"@type\":\"Person\",\"@id\":\"https:\/\/www.gaveanews.com\/#\/schema\/person\/2ec14f73fb96be2caf28f91afb14749d\",\"name\":\"Equipe G\u00e1vea News\",\"image\":{\"@type\":\"ImageObject\",\"inLanguage\":\"pt-BR\",\"@id\":\"https:\/\/www.gaveanews.com\/#\/schema\/person\/image\/\",\"url\":\"https:\/\/secure.gravatar.com\/avatar\/1e1956f1facbffd3f8fa53a326721950116b3b9dc9bd44939c01180fd4a745a9?s=96&d=mm&r=g\",\"contentUrl\":\"https:\/\/secure.gravatar.com\/avatar\/1e1956f1facbffd3f8fa53a326721950116b3b9dc9bd44939c01180fd4a745a9?s=96&d=mm&r=g\",\"caption\":\"Equipe G\u00e1vea News\"}}]}<\/script>\n<!-- \/ Yoast SEO Premium plugin. -->","yoast_head_json":{"title":"Meia do Flamengo \u00e9 alvo de dois clubes do exterior","robots":{"index":"index","follow":"follow","max-snippet":"max-snippet:-1","max-image-preview":"max-image-preview:large","max-video-preview":"max-video-preview:-1"},"canonical":"https:\/\/www.gaveanews.com\/index.php\/2022\/12\/20\/meia-do-flamengo-e-alvo-de-dois-clubes-do-exterior\/","og_locale":"pt_BR","og_type":"article","og_title":"Meia do Flamengo \u00e9 alvo de dois clubes do exterior","og_description":"Campe\u00e3o da Copa do Brasil e Libertadores, o elenco do Flamengo est\u00e1 bastante valorizado no mercado. No setor do meio-campo, por exemplo, n\u00e3o \u00e9 apenas Arrascaeta que atrai olhares do exterior. A bola da vez \u00e9 o volante Thiago Maia, titular do time rubro-negro. Segundo informa\u00e7\u00f5es de Ven\u00ea Casagrande, Al-Hilal e Al-Nasr seriam os interessados [&hellip;]","og_url":"https:\/\/www.gaveanews.com\/index.php\/2022\/12\/20\/meia-do-flamengo-e-alvo-de-dois-clubes-do-exterior\/","og_site_name":"G\u00e1vea News","article_publisher":"https:\/\/facebook.com\/gaveaNews\/","article_published_time":"2022-12-20T14:11:36+00:00","article_modified_time":"2022-12-20T14:11:38+00:00","og_image":[{"width":799,"height":532,"url":"https:\/\/www.gaveanews.com\/wp-content\/uploads\/Marcos-Braz-em-entrevista-coletiva-no-Ninho-do-Urubu-1.webp","type":"image\/jpeg"}],"author":"Equipe G\u00e1vea News","twitter_card":"summary_large_image","twitter_misc":{"Escrito por":"Equipe G\u00e1vea News","Est. tempo de leitura":"2 minutos"},"schema":{"@context":"https:\/\/schema.org","@graph":[{"@type":"NewsArticle","@id":"https:\/\/www.gaveanews.com\/index.php\/2022\/12\/20\/meia-do-flamengo-e-alvo-de-dois-clubes-do-exterior\/#article","isPartOf":{"@id":"https:\/\/www.gaveanews.com\/index.php\/2022\/12\/20\/meia-do-flamengo-e-alvo-de-dois-clubes-do-exterior\/"},"author":{"name":"Equipe G\u00e1vea News","@id":"https:\/\/www.gaveanews.com\/#\/schema\/person\/2ec14f73fb96be2caf28f91afb14749d"},"headline":"Meia do Flamengo \u00e9 alvo de dois clubes do exterior","datePublished":"2022-12-20T14:11:36+00:00","dateModified":"2022-12-20T14:11:38+00:00","mainEntityOfPage":{"@id":"https:\/\/www.gaveanews.com\/index.php\/2022\/12\/20\/meia-do-flamengo-e-alvo-de-dois-clubes-do-exterior\/"},"wordCount":209,"commentCount":0,"image":{"@id":"https:\/\/www.gaveanews.com\/index.php\/2022\/12\/20\/meia-do-flamengo-e-alvo-de-dois-clubes-do-exterior\/#primaryimage"},"thumbnailUrl":"https:\/\/www.gaveanews.com\/wp-content\/uploads\/Marcos-Braz-em-entrevista-coletiva-no-Ninho-do-Urubu-1.webp","articleSection":["Flamengo"],"inLanguage":"pt-BR","potentialAction":[{"@type":"CommentAction","name":"Comment","target":["https:\/\/www.gaveanews.com\/index.php\/2022\/12\/20\/meia-do-flamengo-e-alvo-de-dois-clubes-do-exterior\/#respond"]}],"copyrightYear":"2022","copyrightHolder":{"@id":"https:\/\/www.gaveanews.com\/#organization"}},{"@type":"WebPage","@id":"https:\/\/www.gaveanews.com\/index.php\/2022\/12\/20\/meia-do-flamengo-e-alvo-de-dois-clubes-do-exterior\/","url":"https:\/\/www.gaveanews.com\/index.php\/2022\/12\/20\/meia-do-flamengo-e-alvo-de-dois-clubes-do-exterior\/","name":"Meia do Flamengo \u00e9 alvo de dois clubes do exterior","isPartOf":{"@id":"https:\/\/www.gaveanews.com\/#website"},"primaryImageOfPage":{"@id":"https:\/\/www.gaveanews.com\/index.php\/2022\/12\/20\/meia-do-flamengo-e-alvo-de-dois-clubes-do-exterior\/#primaryimage"},"image":{"@id":"https:\/\/www.gaveanews.com\/index.php\/2022\/12\/20\/meia-do-flamengo-e-alvo-de-dois-clubes-do-exterior\/#primaryimage"},"thumbnailUrl":"https:\/\/www.gaveanews.com\/wp-content\/uploads\/Marcos-Braz-em-entrevista-coletiva-no-Ninho-do-Urubu-1.webp","datePublished":"2022-12-20T14:11:36+00:00","dateModified":"2022-12-20T14:11:38+00:00","author":{"@id":"https:\/\/www.gaveanews.com\/#\/schema\/person\/2ec14f73fb96be2caf28f91afb14749d"},"breadcrumb":{"@id":"https:\/\/www.gaveanews.com\/index.php\/2022\/12\/20\/meia-do-flamengo-e-alvo-de-dois-clubes-do-exterior\/#breadcrumb"},"inLanguage":"pt-BR","potentialAction":[{"@type":"ReadAction","target":["https:\/\/www.gaveanews.com\/index.php\/2022\/12\/20\/meia-do-flamengo-e-alvo-de-dois-clubes-do-exterior\/"]}]},{"@type":"ImageObject","inLanguage":"pt-BR","@id":"https:\/\/www.gaveanews.com\/index.php\/2022\/12\/20\/meia-do-flamengo-e-alvo-de-dois-clubes-do-exterior\/#primaryimage","url":"https:\/\/www.gaveanews.com\/wp-content\/uploads\/Marcos-Braz-em-entrevista-coletiva-no-Ninho-do-Urubu-1.webp","contentUrl":"https:\/\/www.gaveanews.com\/wp-content\/uploads\/Marcos-Braz-em-entrevista-coletiva-no-Ninho-do-Urubu-1.webp","width":799,"height":532,"caption":"Marcos Braz em entrevista coletiva no Ninho do Urubu (Foto: Alexandre Vidal\/Flamengo)"},{"@type":"BreadcrumbList","@id":"https:\/\/www.gaveanews.com\/index.php\/2022\/12\/20\/meia-do-flamengo-e-alvo-de-dois-clubes-do-exterior\/#breadcrumb","itemListElement":[{"@type":"ListItem","position":1,"name":"Home","item":"https:\/\/www.gaveanews.com\/"},{"@type":"ListItem","position":2,"name":"Meia do Flamengo \u00e9 alvo de dois clubes do exterior"}]},{"@type":"WebSite","@id":"https:\/\/www.gaveanews.com\/#website","url":"https:\/\/www.gaveanews.com\/","name":"G\u00e1vea News","description":"Veja todas as not\u00edcias sobre o Flamengo: Contrata\u00e7\u00f5es, categorias de base, resultados das partidas, tabela de classifica\u00e7\u00e3o, pr\u00f3ximos jogos!","potentialAction":[{"@type":"SearchAction","target":{"@type":"EntryPoint","urlTemplate":"https:\/\/www.gaveanews.com\/?s={search_term_string}"},"query-input":{"@type":"PropertyValueSpecification","valueRequired":true,"valueName":"search_term_string"}}],"inLanguage":"pt-BR"},{"@type":"Person","@id":"https:\/\/www.gaveanews.com\/#\/schema\/person\/2ec14f73fb96be2caf28f91afb14749d","name":"Equipe G\u00e1vea News","image":{"@type":"ImageObject","inLanguage":"pt-BR","@id":"https:\/\/www.gaveanews.com\/#\/schema\/person\/image\/","url":"https:\/\/secure.gravatar.com\/avatar\/1e1956f1facbffd3f8fa53a326721950116b3b9dc9bd44939c01180fd4a745a9?s=96&d=mm&r=g","contentUrl":"https:\/\/secure.gravatar.com\/avatar\/1e1956f1facbffd3f8fa53a326721950116b3b9dc9bd44939c01180fd4a745a9?s=96&d=mm&r=g","caption":"Equipe G\u00e1vea News"}}]}},"_links":{"self":[{"href":"https:\/\/www.gaveanews.com\/index.php\/wp-json\/wp\/v2\/posts\/92263","targetHints":{"allow":["GET"]}}],"collection":[{"href":"https:\/\/www.gaveanews.com\/index.php\/wp-json\/wp\/v2\/posts"}],"about":[{"href":"https:\/\/www.gaveanews.com\/index.php\/wp-json\/wp\/v2\/types\/post"}],"author":[{"embeddable":true,"href":"https:\/\/www.gaveanews.com\/index.php\/wp-json\/wp\/v2\/users\/1"}],"replies":[{"embeddable":true,"href":"https:\/\/www.gaveanews.com\/index.php\/wp-json\/wp\/v2\/comments?post=92263"}],"version-history":[{"count":0,"href":"https:\/\/www.gaveanews.com\/index.php\/wp-json\/wp\/v2\/posts\/92263\/revisions"}],"wp:featuredmedia":[{"embeddable":true,"href":"https:\/\/www.gaveanews.com\/index.php\/wp-json\/wp\/v2\/media\/66783"}],"wp:attachment":[{"href":"https:\/\/www.gaveanews.com\/index.php\/wp-json\/wp\/v2\/media?parent=92263"}],"wp:term":[{"taxonomy":"category","embeddable":true,"href":"https:\/\/www.gaveanews.com\/index.php\/wp-json\/wp\/v2\/categories?post=92263"},{"taxonomy":"post_tag","embeddable":true,"href":"https:\/\/www.gaveanews.com\/index.php\/wp-json\/wp\/v2\/tags?post=92263"}],"curies":[{"name":"wp","href":"https:\/\/api.w.org\/{rel}","templated":true}]}}